{"id":127378,"date":"2015-04-27T20:10:32","date_gmt":"2015-04-27T18:10:32","guid":{"rendered":"https:\/\/sandzakpress.net\/arhiva\/?p=127378"},"modified":"2015-04-27T20:10:32","modified_gmt":"2015-04-27T18:10:32","slug":"da-se-ne-zaboravi-ovako-su-cetnici-klali","status":"publish","type":"post","link":"https:\/\/sandzakpress.net\/arhiva\/da-se-ne-zaboravi-ovako-su-cetnici-klali\/","title":{"rendered":"DA SE NE ZABORAVI: Ovako su \u010detnici klali"},"content":{"rendered":"<p><strong><img decoding=\"async\" class=\" aligncenter\" src=\"http:\/\/www.sandzacke.rs\/wp-content\/uploads\/2015\/04\/cetnici-klanje.jpg\" alt=\"cetnici klanje\" \/><\/strong><\/p>\n<p><strong>U leksikonu \u010detni\u010dkog pokreta, poznatog i kao Ravnogorski pokret, izraz \u201cstavljanja pod slovo Z\u201d kori\u0161\u0107en je kao eufemizam za djelo klanja kori\u0161\u0107enjem kame.<\/strong><\/p>\n<p>\u010cetnici su tokom Drugog svjetskog rata klali ljude na teritorijama svih biv\u0161ih (u tom trenutku budu\u0107ih) jugoslovenskih republika, a \u017ertve su bile politi\u010dki, ideolo\u0161ki, ekonomski i etni\u010dki neprijatelji.<\/p>\n<p>U svrhu ovoga formirane su zloglasne crne trojke koje su imale jedan jedini zadatak, a to je bila eliminacija svih onih koje bi Vrhovna komanda \u201cstavila pod slovo Z\u201d.<\/p>\n<p>Dra\u017ea Mihailovi\u0107 se na su\u0111enju branio da \u201cz\u201d dolazi od \u201czapla\u0161iti\u201d, a ne \u201czaklati\u201d, me\u0111utim, dokazi nisu i\u0161li u prilog tome.<\/p>\n<p>Pokolj Bo\u0161njaka u pljevaljskom kraju\u00a0bio je najmasovniji \u010detni\u010dki zlo\u010din tokom Drugog svjetskog rata.<\/p>\n<p>U ovoj operaciji uni\u0161tenja ubijeno je vi\u0161e hiljada \u017eitelja pljevaljskog, \u010dajni\u010dkog i fo\u010danskog kraja. Prema posleratnim popisima stradalo je oko 3.000 civila.<\/p>\n<p>Struktura \u017ertava je ono \u0161to u\u017easava. Na osnovu dostupnog spiska \u017ertava op\u0107ine Pljevlja, vidimo da je samo u toj op\u0161tini tada ubijeno 1.370 ljudi, najvi\u0161e male djece.<\/p>\n<p>Pokolj neja\u010di i odoj\u010dadi u oblasti Pljevalja, \u010cajni\u010da i Fo\u010de je jedno od najradikalnijih ispoljavanja zla u novijoj historiji Balkana.<\/p>\n<p>&nbsp;<\/p>\n<p><img loading=\"lazy\" decoding=\"async\" class=\"\" src=\"https:\/\/bosniangenocide.files.wordpress.com\/2012\/03\/ostaci-muslimanskih-c5bertava-u-foc48di-c5beene-i-deca-nakon-c48detnic48dkog-pokolja-u-februaru-1943-izvor-zbornik-dokumenata-i-podataka-o-narodnooslobodilac48dkom-ratu-vojnoistorijsk.png\" alt=\"\" width=\"667\" height=\"560\" \/><\/p>\n<p><img decoding=\"async\" src=\"http:\/\/cdn.tf.rs\/2015\/03\/08\/Cetnici-kolju-coveka-negde-u-Srbiji-670x997.jpg\" alt=\"\" \/><\/p>\n<p><img loading=\"lazy\" decoding=\"async\" class=\"\" src=\"http:\/\/www.bosnjaci.net\/foto\/380_cetnicki_zlocini33.jpg\" alt=\"\" width=\"620\" height=\"475\" \/><\/p>\n<p><img decoding=\"async\" src=\"http:\/\/cdn.tf.rs\/2015\/03\/08\/Cetnici-se-vezbaju-u-klanju-670x977.jpg\" alt=\"\" \/><\/p>\n<p><img decoding=\"async\" src=\"http:\/\/cdn.tf.rs\/2015\/03\/08\/Cetnici-batinaju-pripadnika-NOP-u-Topoli-1943.-godine.-Posle-su-se-uloge-obrnule-670x452.jpg\" alt=\"\" \/><\/p>\n<p><img decoding=\"async\" src=\"http:\/\/cdn.tf.rs\/2015\/03\/08\/Cetnici-partizanu-u-Sumadiji-nakon-klanja-vade-srce-670x1064.jpg\" alt=\"\" \/><\/p>\n<p>Izvor: <strong>telegraf.rs<\/strong><\/p>\n","protected":false},"excerpt":{"rendered":"<p>U leksikonu \u010detni\u010dkog pokreta, poznatog i kao Ravnogorski pokret, izraz \u201cstavljanja pod slovo Z\u201d kori\u0161\u0107en je kao eufemizam za djelo klanja kori\u0161\u0107enjem kame. \u010cetnici su tokom Drugog svjetskog rata klali ljude na teritorijama svih biv\u0161ih (u tom trenutku budu\u0107ih) jugoslovenskih republika, a \u017ertve su bile politi\u010dki, ideolo\u0161ki, ekonomski i etni\u010dki neprijatelji. U svrhu ovoga formirane [&hellip;]<\/p>\n","protected":false},"author":125,"featured_media":127379,"comment_status":"open","ping_status":"open","sticky":false,"template":"","format":"standard","meta":{"footnotes":""},"categories":[14],"tags":[],"class_list":{"0":"post-127378","1":"post","2":"type-post","3":"status-publish","4":"format-standard","5":"has-post-thumbnail","7":"category-sandzak-historija"},"yoast_head":"<!-- This site is optimized with the Yoast SEO Premium plugin v23.1 (Yoast SEO v24.9) - https:\/\/yoast.com\/wordpress\/plugins\/seo\/ -->\n<title>DA SE NE ZABORAVI: Ovako su \u010detnici klali<\/title>\n<meta name=\"robots\" content=\"index, follow, max-snippet:-1, max-image-preview:large, max-video-preview:-1\" \/>\n<link rel=\"canonical\" href=\"https:\/\/sandzakpress.net\/arhiva\/da-se-ne-zaboravi-ovako-su-cetnici-klali\/\" \/>\n<meta property=\"og:locale\" content=\"bs_BA\" \/>\n<meta property=\"og:type\" content=\"article\" \/>\n<meta property=\"og:title\" content=\"DA SE NE ZABORAVI: Ovako su \u010detnici klali\" \/>\n<meta property=\"og:description\" content=\"U leksikonu \u010detni\u010dkog pokreta, poznatog i kao Ravnogorski pokret, izraz \u201cstavljanja pod slovo Z\u201d kori\u0161\u0107en je kao eufemizam za djelo klanja kori\u0161\u0107enjem kame. \u010cetnici su tokom Drugog svjetskog rata klali ljude na teritorijama svih biv\u0161ih (u tom trenutku budu\u0107ih) jugoslovenskih republika, a \u017ertve su bile politi\u010dki, ideolo\u0161ki, ekonomski i etni\u010dki neprijatelji. U svrhu ovoga formirane [&hellip;]\" \/>\n<meta property=\"og:url\" content=\"https:\/\/sandzakpress.net\/arhiva\/da-se-ne-zaboravi-ovako-su-cetnici-klali\/\" \/>\n<meta property=\"og:site_name\" content=\"Sand\u017eak PRESS\" \/>\n<meta property=\"article:published_time\" content=\"2015-04-27T18:10:32+00:00\" \/>\n<meta property=\"og:image\" content=\"https:\/\/sandzakpress.net\/arhiva\/wp-content\/uploads\/2015\/04\/cetnici-klanje.jpg\" \/>\n\t<meta property=\"og:image:width\" content=\"620\" \/>\n\t<meta property=\"og:image:height\" content=\"400\" \/>\n\t<meta property=\"og:image:type\" content=\"image\/jpeg\" \/>\n<meta name=\"author\" content=\"Korektor\" \/>\n<meta name=\"twitter:card\" content=\"summary_large_image\" \/>\n<meta name=\"twitter:label1\" content=\"Written by\" \/>\n\t<meta name=\"twitter:data1\" content=\"Korektor\" \/>\n\t<meta name=\"twitter:label2\" content=\"Est. reading time\" \/>\n\t<meta name=\"twitter:data2\" content=\"1 minuta\" \/>\n<script type=\"application\/ld+json\" class=\"yoast-schema-graph\">{\"@context\":\"https:\/\/schema.org\",\"@graph\":[{\"@type\":\"Article\",\"@id\":\"https:\/\/sandzakpress.net\/arhiva\/da-se-ne-zaboravi-ovako-su-cetnici-klali\/#article\",\"isPartOf\":{\"@id\":\"https:\/\/sandzakpress.net\/arhiva\/da-se-ne-zaboravi-ovako-su-cetnici-klali\/\"},\"author\":{\"name\":\"Korektor\",\"@id\":\"https:\/\/sandzakpress.net\/arhiva\/#\/schema\/person\/b71f9565a8a6ce38c0200f1cf59c368c\"},\"headline\":\"DA SE NE ZABORAVI: Ovako su \u010detnici klali\",\"datePublished\":\"2015-04-27T18:10:32+00:00\",\"mainEntityOfPage\":{\"@id\":\"https:\/\/sandzakpress.net\/arhiva\/da-se-ne-zaboravi-ovako-su-cetnici-klali\/\"},\"wordCount\":222,\"commentCount\":25,\"publisher\":{\"@id\":\"https:\/\/sandzakpress.net\/arhiva\/#\/schema\/person\/6e72b67d6e51910a1117b3b483ba20bd\"},\"image\":{\"@id\":\"https:\/\/sandzakpress.net\/arhiva\/da-se-ne-zaboravi-ovako-su-cetnici-klali\/#primaryimage\"},\"thumbnailUrl\":\"https:\/\/sandzakpress.net\/arhiva\/wp-content\/uploads\/2015\/04\/cetnici-klanje.jpg\",\"articleSection\":[\"Sand\u017eak HISTORIJA\"],\"inLanguage\":\"bs-BA\",\"potentialAction\":[{\"@type\":\"CommentAction\",\"name\":\"Comment\",\"target\":[\"https:\/\/sandzakpress.net\/arhiva\/da-se-ne-zaboravi-ovako-su-cetnici-klali\/#respond\"]}]},{\"@type\":\"WebPage\",\"@id\":\"https:\/\/sandzakpress.net\/arhiva\/da-se-ne-zaboravi-ovako-su-cetnici-klali\/\",\"url\":\"https:\/\/sandzakpress.net\/arhiva\/da-se-ne-zaboravi-ovako-su-cetnici-klali\/\",\"name\":\"DA SE NE ZABORAVI: Ovako su \u010detnici klali\",\"isPartOf\":{\"@id\":\"https:\/\/sandzakpress.net\/arhiva\/#website\"},\"primaryImageOfPage\":{\"@id\":\"https:\/\/sandzakpress.net\/arhiva\/da-se-ne-zaboravi-ovako-su-cetnici-klali\/#primaryimage\"},\"image\":{\"@id\":\"https:\/\/sandzakpress.net\/arhiva\/da-se-ne-zaboravi-ovako-su-cetnici-klali\/#primaryimage\"},\"thumbnailUrl\":\"https:\/\/sandzakpress.net\/arhiva\/wp-content\/uploads\/2015\/04\/cetnici-klanje.jpg\",\"datePublished\":\"2015-04-27T18:10:32+00:00\",\"breadcrumb\":{\"@id\":\"https:\/\/sandzakpress.net\/arhiva\/da-se-ne-zaboravi-ovako-su-cetnici-klali\/#breadcrumb\"},\"inLanguage\":\"bs-BA\",\"potentialAction\":[{\"@type\":\"ReadAction\",\"target\":[\"https:\/\/sandzakpress.net\/arhiva\/da-se-ne-zaboravi-ovako-su-cetnici-klali\/\"]}]},{\"@type\":\"ImageObject\",\"inLanguage\":\"bs-BA\",\"@id\":\"https:\/\/sandzakpress.net\/arhiva\/da-se-ne-zaboravi-ovako-su-cetnici-klali\/#primaryimage\",\"url\":\"https:\/\/sandzakpress.net\/arhiva\/wp-content\/uploads\/2015\/04\/cetnici-klanje.jpg\",\"contentUrl\":\"https:\/\/sandzakpress.net\/arhiva\/wp-content\/uploads\/2015\/04\/cetnici-klanje.jpg\",\"width\":620,\"height\":400},{\"@type\":\"BreadcrumbList\",\"@id\":\"https:\/\/sandzakpress.net\/arhiva\/da-se-ne-zaboravi-ovako-su-cetnici-klali\/#breadcrumb\",\"itemListElement\":[{\"@type\":\"ListItem\",\"position\":1,\"name\":\"Home\",\"item\":\"https:\/\/sandzakpress.net\/arhiva\/\"},{\"@type\":\"ListItem\",\"position\":2,\"name\":\"DA SE NE ZABORAVI: Ovako su \u010detnici klali\"}]},{\"@type\":\"WebSite\",\"@id\":\"https:\/\/sandzakpress.net\/arhiva\/#website\",\"url\":\"https:\/\/sandzakpress.net\/arhiva\/\",\"name\":\"Sand\u017eak PRESS\",\"description\":\"Prve elektronske novine u Sand\u017eaku\",\"publisher\":{\"@id\":\"https:\/\/sandzakpress.net\/arhiva\/#\/schema\/person\/6e72b67d6e51910a1117b3b483ba20bd\"},\"potentialAction\":[{\"@type\":\"SearchAction\",\"target\":{\"@type\":\"EntryPoint\",\"urlTemplate\":\"https:\/\/sandzakpress.net\/arhiva\/?s={search_term_string}\"},\"query-input\":{\"@type\":\"PropertyValueSpecification\",\"valueRequired\":true,\"valueName\":\"search_term_string\"}}],\"inLanguage\":\"bs-BA\"},{\"@type\":[\"Person\",\"Organization\"],\"@id\":\"https:\/\/sandzakpress.net\/arhiva\/#\/schema\/person\/6e72b67d6e51910a1117b3b483ba20bd\",\"name\":\"Kul\",\"image\":{\"@type\":\"ImageObject\",\"inLanguage\":\"bs-BA\",\"@id\":\"https:\/\/sandzakpress.net\/arhiva\/#\/schema\/person\/image\/\",\"url\":\"https:\/\/secure.gravatar.com\/avatar\/42263f39aa27ac04c43cab85c280eb2e?s=96&d=mm&r=pg\",\"contentUrl\":\"https:\/\/secure.gravatar.com\/avatar\/42263f39aa27ac04c43cab85c280eb2e?s=96&d=mm&r=pg\",\"caption\":\"Kul\"},\"logo\":{\"@id\":\"https:\/\/sandzakpress.net\/arhiva\/#\/schema\/person\/image\/\"}},{\"@type\":\"Person\",\"@id\":\"https:\/\/sandzakpress.net\/arhiva\/#\/schema\/person\/b71f9565a8a6ce38c0200f1cf59c368c\",\"name\":\"Korektor\",\"image\":{\"@type\":\"ImageObject\",\"inLanguage\":\"bs-BA\",\"@id\":\"https:\/\/sandzakpress.net\/arhiva\/#\/schema\/person\/image\/\",\"url\":\"https:\/\/secure.gravatar.com\/avatar\/ae3388ff9b8eb74e0751a069466905f6?s=96&d=mm&r=pg\",\"contentUrl\":\"https:\/\/secure.gravatar.com\/avatar\/ae3388ff9b8eb74e0751a069466905f6?s=96&d=mm&r=pg\",\"caption\":\"Korektor\"},\"url\":\"https:\/\/sandzakpress.net\/arhiva\/author\/korektor\/\"}]}<\/script>\n<!-- \/ Yoast SEO Premium plugin. -->","yoast_head_json":{"title":"DA SE NE ZABORAVI: Ovako su \u010detnici klali","robots":{"index":"index","follow":"follow","max-snippet":"max-snippet:-1","max-image-preview":"max-image-preview:large","max-video-preview":"max-video-preview:-1"},"canonical":"https:\/\/sandzakpress.net\/arhiva\/da-se-ne-zaboravi-ovako-su-cetnici-klali\/","og_locale":"bs_BA","og_type":"article","og_title":"DA SE NE ZABORAVI: Ovako su \u010detnici klali","og_description":"U leksikonu \u010detni\u010dkog pokreta, poznatog i kao Ravnogorski pokret, izraz \u201cstavljanja pod slovo Z\u201d kori\u0161\u0107en je kao eufemizam za djelo klanja kori\u0161\u0107enjem kame. \u010cetnici su tokom Drugog svjetskog rata klali ljude na teritorijama svih biv\u0161ih (u tom trenutku budu\u0107ih) jugoslovenskih republika, a \u017ertve su bile politi\u010dki, ideolo\u0161ki, ekonomski i etni\u010dki neprijatelji. U svrhu ovoga formirane [&hellip;]","og_url":"https:\/\/sandzakpress.net\/arhiva\/da-se-ne-zaboravi-ovako-su-cetnici-klali\/","og_site_name":"Sand\u017eak PRESS","article_published_time":"2015-04-27T18:10:32+00:00","og_image":[{"width":620,"height":400,"url":"https:\/\/sandzakpress.net\/arhiva\/wp-content\/uploads\/2015\/04\/cetnici-klanje.jpg","type":"image\/jpeg"}],"author":"Korektor","twitter_card":"summary_large_image","twitter_misc":{"Written by":"Korektor","Est. reading time":"1 minuta"},"schema":{"@context":"https:\/\/schema.org","@graph":[{"@type":"Article","@id":"https:\/\/sandzakpress.net\/arhiva\/da-se-ne-zaboravi-ovako-su-cetnici-klali\/#article","isPartOf":{"@id":"https:\/\/sandzakpress.net\/arhiva\/da-se-ne-zaboravi-ovako-su-cetnici-klali\/"},"author":{"name":"Korektor","@id":"https:\/\/sandzakpress.net\/arhiva\/#\/schema\/person\/b71f9565a8a6ce38c0200f1cf59c368c"},"headline":"DA SE NE ZABORAVI: Ovako su \u010detnici klali","datePublished":"2015-04-27T18:10:32+00:00","mainEntityOfPage":{"@id":"https:\/\/sandzakpress.net\/arhiva\/da-se-ne-zaboravi-ovako-su-cetnici-klali\/"},"wordCount":222,"commentCount":25,"publisher":{"@id":"https:\/\/sandzakpress.net\/arhiva\/#\/schema\/person\/6e72b67d6e51910a1117b3b483ba20bd"},"image":{"@id":"https:\/\/sandzakpress.net\/arhiva\/da-se-ne-zaboravi-ovako-su-cetnici-klali\/#primaryimage"},"thumbnailUrl":"https:\/\/sandzakpress.net\/arhiva\/wp-content\/uploads\/2015\/04\/cetnici-klanje.jpg","articleSection":["Sand\u017eak HISTORIJA"],"inLanguage":"bs-BA","potentialAction":[{"@type":"CommentAction","name":"Comment","target":["https:\/\/sandzakpress.net\/arhiva\/da-se-ne-zaboravi-ovako-su-cetnici-klali\/#respond"]}]},{"@type":"WebPage","@id":"https:\/\/sandzakpress.net\/arhiva\/da-se-ne-zaboravi-ovako-su-cetnici-klali\/","url":"https:\/\/sandzakpress.net\/arhiva\/da-se-ne-zaboravi-ovako-su-cetnici-klali\/","name":"DA SE NE ZABORAVI: Ovako su \u010detnici klali","isPartOf":{"@id":"https:\/\/sandzakpress.net\/arhiva\/#website"},"primaryImageOfPage":{"@id":"https:\/\/sandzakpress.net\/arhiva\/da-se-ne-zaboravi-ovako-su-cetnici-klali\/#primaryimage"},"image":{"@id":"https:\/\/sandzakpress.net\/arhiva\/da-se-ne-zaboravi-ovako-su-cetnici-klali\/#primaryimage"},"thumbnailUrl":"https:\/\/sandzakpress.net\/arhiva\/wp-content\/uploads\/2015\/04\/cetnici-klanje.jpg","datePublished":"2015-04-27T18:10:32+00:00","breadcrumb":{"@id":"https:\/\/sandzakpress.net\/arhiva\/da-se-ne-zaboravi-ovako-su-cetnici-klali\/#breadcrumb"},"inLanguage":"bs-BA","potentialAction":[{"@type":"ReadAction","target":["https:\/\/sandzakpress.net\/arhiva\/da-se-ne-zaboravi-ovako-su-cetnici-klali\/"]}]},{"@type":"ImageObject","inLanguage":"bs-BA","@id":"https:\/\/sandzakpress.net\/arhiva\/da-se-ne-zaboravi-ovako-su-cetnici-klali\/#primaryimage","url":"https:\/\/sandzakpress.net\/arhiva\/wp-content\/uploads\/2015\/04\/cetnici-klanje.jpg","contentUrl":"https:\/\/sandzakpress.net\/arhiva\/wp-content\/uploads\/2015\/04\/cetnici-klanje.jpg","width":620,"height":400},{"@type":"BreadcrumbList","@id":"https:\/\/sandzakpress.net\/arhiva\/da-se-ne-zaboravi-ovako-su-cetnici-klali\/#breadcrumb","itemListElement":[{"@type":"ListItem","position":1,"name":"Home","item":"https:\/\/sandzakpress.net\/arhiva\/"},{"@type":"ListItem","position":2,"name":"DA SE NE ZABORAVI: Ovako su \u010detnici klali"}]},{"@type":"WebSite","@id":"https:\/\/sandzakpress.net\/arhiva\/#website","url":"https:\/\/sandzakpress.net\/arhiva\/","name":"Sand\u017eak PRESS","description":"Prve elektronske novine u Sand\u017eaku","publisher":{"@id":"https:\/\/sandzakpress.net\/arhiva\/#\/schema\/person\/6e72b67d6e51910a1117b3b483ba20bd"},"potentialAction":[{"@type":"SearchAction","target":{"@type":"EntryPoint","urlTemplate":"https:\/\/sandzakpress.net\/arhiva\/?s={search_term_string}"},"query-input":{"@type":"PropertyValueSpecification","valueRequired":true,"valueName":"search_term_string"}}],"inLanguage":"bs-BA"},{"@type":["Person","Organization"],"@id":"https:\/\/sandzakpress.net\/arhiva\/#\/schema\/person\/6e72b67d6e51910a1117b3b483ba20bd","name":"Kul","image":{"@type":"ImageObject","inLanguage":"bs-BA","@id":"https:\/\/sandzakpress.net\/arhiva\/#\/schema\/person\/image\/","url":"https:\/\/secure.gravatar.com\/avatar\/42263f39aa27ac04c43cab85c280eb2e?s=96&d=mm&r=pg","contentUrl":"https:\/\/secure.gravatar.com\/avatar\/42263f39aa27ac04c43cab85c280eb2e?s=96&d=mm&r=pg","caption":"Kul"},"logo":{"@id":"https:\/\/sandzakpress.net\/arhiva\/#\/schema\/person\/image\/"}},{"@type":"Person","@id":"https:\/\/sandzakpress.net\/arhiva\/#\/schema\/person\/b71f9565a8a6ce38c0200f1cf59c368c","name":"Korektor","image":{"@type":"ImageObject","inLanguage":"bs-BA","@id":"https:\/\/sandzakpress.net\/arhiva\/#\/schema\/person\/image\/","url":"https:\/\/secure.gravatar.com\/avatar\/ae3388ff9b8eb74e0751a069466905f6?s=96&d=mm&r=pg","contentUrl":"https:\/\/secure.gravatar.com\/avatar\/ae3388ff9b8eb74e0751a069466905f6?s=96&d=mm&r=pg","caption":"Korektor"},"url":"https:\/\/sandzakpress.net\/arhiva\/author\/korektor\/"}]}},"_links":{"self":[{"href":"https:\/\/sandzakpress.net\/arhiva\/wp-json\/wp\/v2\/posts\/127378"}],"collection":[{"href":"https:\/\/sandzakpress.net\/arhiva\/wp-json\/wp\/v2\/posts"}],"about":[{"href":"https:\/\/sandzakpress.net\/arhiva\/wp-json\/wp\/v2\/types\/post"}],"author":[{"embeddable":true,"href":"https:\/\/sandzakpress.net\/arhiva\/wp-json\/wp\/v2\/users\/125"}],"replies":[{"embeddable":true,"href":"https:\/\/sandzakpress.net\/arhiva\/wp-json\/wp\/v2\/comments?post=127378"}],"version-history":[{"count":0,"href":"https:\/\/sandzakpress.net\/arhiva\/wp-json\/wp\/v2\/posts\/127378\/revisions"}],"wp:featuredmedia":[{"embeddable":true,"href":"https:\/\/sandzakpress.net\/arhiva\/wp-json\/wp\/v2\/media\/127379"}],"wp:attachment":[{"href":"https:\/\/sandzakpress.net\/arhiva\/wp-json\/wp\/v2\/media?parent=127378"}],"wp:term":[{"taxonomy":"category","embeddable":true,"href":"https:\/\/sandzakpress.net\/arhiva\/wp-json\/wp\/v2\/categories?post=127378"},{"taxonomy":"post_tag","embeddable":true,"href":"https:\/\/sandzakpress.net\/arhiva\/wp-json\/wp\/v2\/tags?post=127378"}],"curies":[{"name":"wp","href":"https:\/\/api.w.org\/{rel}","templated":true}]}}