{"id":127241,"date":"2015-04-24T10:02:30","date_gmt":"2015-04-24T08:02:30","guid":{"rendered":"https:\/\/sandzakpress.net\/arhiva\/?p=127241"},"modified":"2015-04-24T10:02:30","modified_gmt":"2015-04-24T08:02:30","slug":"obiljezavanje-godisnjice-bitke-na-galipolju","status":"publish","type":"post","link":"https:\/\/sandzakpress.net\/arhiva\/obiljezavanje-godisnjice-bitke-na-galipolju\/","title":{"rendered":"Obilje\u017eavanje godi\u0161njice Bitke na Galipolju"},"content":{"rendered":"<p class=\"standfirst\"><strong><a href=\"https:\/\/sandzakpress.net\/arhiva\/wp-content\/uploads\/2015\/04\/galipolje_main.jpg\"><img loading=\"lazy\" decoding=\"async\" class=\" size-full wp-image-127242 aligncenter\" src=\"https:\/\/sandzakpress.net\/arhiva\/wp-content\/uploads\/2015\/04\/galipolje_main.jpg\" alt=\"galipolje_main\" width=\"600\" height=\"401\" \/><\/a>Turska &#8211; Erdogan ka\u017ee da svi vojnici koji su sudjelovali u toj bitki zaslu\u017euju da ih se ljudi sjete s po\u0161tovanjem.<\/strong><\/p>\n<p>Danas \u0107e dvadesetak \u010delnika iz cijelog svijeta do\u0107i u Tursku, me\u0111u kojima i princ Charles te premijeri Australije Tony Abbott i Novog Zelanda John Key na niz manifestacija obilje\u017eavanja stote godi\u0161njice Bitke kod Galipolja 1915, jedne od najkrvavijih i naj\u017ee\u0161\u0107ih bitaka u Prvom svjetskom ratu, a prema mnogim pokazateljima i ratovanja uop\u0161te.<\/p>\n<p>Na Galipolju su se Australci i Novozelan\u0111ani prvi put borili pod nacionalnom zastavom.<\/p>\n<p>Turski \u010delnici su ve\u0107 u \u010detvrtak odali po\u010dast &#8220;juna\u0161tvu&#8221; saveznika koje su pobijedile osmanske jedinice, u okviru stote godi\u0161njice Bitke kod Galipolja 1915.<\/p>\n<p><strong>Retorika mr\u017enje<\/strong><\/p>\n<p>&#8220;Svi vojnici koji su sudjelovali u toj bitki zaslu\u017euju da ih se sjetimo s po\u0161tovanjem&#8221;, rekao je predsjednik Turske Recep Tayyip Erodgan tokom Samita za mir, organizovanog tim povodom u \u010detvrtak u Istanbulu.<\/p>\n<p>Premijer Ahmet Davutoglu je rekao da su prije sto godina ratovali, ali da su se okupili kako bi zajedno izgradili mir i odbacili retoriku mr\u017enje.<\/p>\n<p>Tako\u0111er je pozvao okupljene da poka\u017eu novim generacijama da rat mo\u017ee proizvesti mir.<\/p>\n<p>Predsjednik Erdogan je u govoru u \u010detvrtak naglasio da su sukobi na Bliskom istoku rezultat granica koje su pobjednici Prvog svjetskog rata iscrtali lenjirom.<\/p>\n<p>&#8220;Te su granice izvor sukoba i nisu poslu\u017eile postizanju mira&#8221;, zaklju\u010dio je.<\/p>\n<p><em>Izvor: Agencije<\/em><\/p>\n","protected":false},"excerpt":{"rendered":"<p>Turska &#8211; Erdogan ka\u017ee da svi vojnici koji su sudjelovali u toj bitki zaslu\u017euju da ih se ljudi sjete s po\u0161tovanjem. Danas \u0107e dvadesetak \u010delnika iz cijelog svijeta do\u0107i u Tursku, me\u0111u kojima i princ Charles te premijeri Australije Tony Abbott i Novog Zelanda John Key na niz manifestacija obilje\u017eavanja stote godi\u0161njice Bitke kod Galipolja [&hellip;]<\/p>\n","protected":false},"author":83,"featured_media":127242,"comment_status":"open","ping_status":"open","sticky":false,"template":"","format":"standard","meta":{"footnotes":""},"categories":[9,798,2692],"tags":[],"class_list":{"0":"post-127241","1":"post","2":"type-post","3":"status-publish","4":"format-standard","5":"has-post-thumbnail","7":"category-svijet","8":"category-teme","9":"category-turska-gradovi"},"yoast_head":"<!-- This site is optimized with the Yoast SEO Premium plugin v23.1 (Yoast SEO v24.9) - https:\/\/yoast.com\/wordpress\/plugins\/seo\/ -->\n<title>Obilje\u017eavanje godi\u0161njice Bitke na Galipolju<\/title>\n<meta name=\"robots\" content=\"index, follow, max-snippet:-1, max-image-preview:large, max-video-preview:-1\" \/>\n<link rel=\"canonical\" href=\"https:\/\/sandzakpress.net\/arhiva\/obiljezavanje-godisnjice-bitke-na-galipolju\/\" \/>\n<meta property=\"og:locale\" content=\"bs_BA\" \/>\n<meta property=\"og:type\" content=\"article\" \/>\n<meta property=\"og:title\" content=\"Obilje\u017eavanje godi\u0161njice Bitke na Galipolju\" \/>\n<meta property=\"og:description\" content=\"Turska &#8211; Erdogan ka\u017ee da svi vojnici koji su sudjelovali u toj bitki zaslu\u017euju da ih se ljudi sjete s po\u0161tovanjem. Danas \u0107e dvadesetak \u010delnika iz cijelog svijeta do\u0107i u Tursku, me\u0111u kojima i princ Charles te premijeri Australije Tony Abbott i Novog Zelanda John Key na niz manifestacija obilje\u017eavanja stote godi\u0161njice Bitke kod Galipolja [&hellip;]\" \/>\n<meta property=\"og:url\" content=\"https:\/\/sandzakpress.net\/arhiva\/obiljezavanje-godisnjice-bitke-na-galipolju\/\" \/>\n<meta property=\"og:site_name\" content=\"Sand\u017eak PRESS\" \/>\n<meta property=\"article:published_time\" content=\"2015-04-24T08:02:30+00:00\" \/>\n<meta property=\"og:image\" content=\"https:\/\/sandzakpress.net\/arhiva\/wp-content\/uploads\/2015\/04\/galipolje_main.jpg\" \/>\n\t<meta property=\"og:image:width\" content=\"600\" \/>\n\t<meta property=\"og:image:height\" content=\"401\" \/>\n\t<meta property=\"og:image:type\" content=\"image\/jpeg\" \/>\n<meta name=\"author\" content=\"bosniak\" \/>\n<meta name=\"twitter:card\" content=\"summary_large_image\" \/>\n<meta name=\"twitter:label1\" content=\"Written by\" \/>\n\t<meta name=\"twitter:data1\" content=\"bosniak\" \/>\n\t<meta name=\"twitter:label2\" content=\"Est. reading time\" \/>\n\t<meta name=\"twitter:data2\" content=\"1 minuta\" \/>\n<script type=\"application\/ld+json\" class=\"yoast-schema-graph\">{\"@context\":\"https:\/\/schema.org\",\"@graph\":[{\"@type\":\"Article\",\"@id\":\"https:\/\/sandzakpress.net\/arhiva\/obiljezavanje-godisnjice-bitke-na-galipolju\/#article\",\"isPartOf\":{\"@id\":\"https:\/\/sandzakpress.net\/arhiva\/obiljezavanje-godisnjice-bitke-na-galipolju\/\"},\"author\":{\"name\":\"bosniak\",\"@id\":\"https:\/\/sandzakpress.net\/arhiva\/#\/schema\/person\/c8baee722073534b583ea7bdb2e36c02\"},\"headline\":\"Obilje\u017eavanje godi\u0161njice Bitke na Galipolju\",\"datePublished\":\"2015-04-24T08:02:30+00:00\",\"mainEntityOfPage\":{\"@id\":\"https:\/\/sandzakpress.net\/arhiva\/obiljezavanje-godisnjice-bitke-na-galipolju\/\"},\"wordCount\":248,\"commentCount\":5,\"publisher\":{\"@id\":\"https:\/\/sandzakpress.net\/arhiva\/#\/schema\/person\/6e72b67d6e51910a1117b3b483ba20bd\"},\"image\":{\"@id\":\"https:\/\/sandzakpress.net\/arhiva\/obiljezavanje-godisnjice-bitke-na-galipolju\/#primaryimage\"},\"thumbnailUrl\":\"https:\/\/sandzakpress.net\/arhiva\/wp-content\/uploads\/2015\/04\/galipolje_main.jpg\",\"articleSection\":[\"Svijet\",\"NAJNOVIJE\",\"Turska\"],\"inLanguage\":\"bs-BA\",\"potentialAction\":[{\"@type\":\"CommentAction\",\"name\":\"Comment\",\"target\":[\"https:\/\/sandzakpress.net\/arhiva\/obiljezavanje-godisnjice-bitke-na-galipolju\/#respond\"]}]},{\"@type\":\"WebPage\",\"@id\":\"https:\/\/sandzakpress.net\/arhiva\/obiljezavanje-godisnjice-bitke-na-galipolju\/\",\"url\":\"https:\/\/sandzakpress.net\/arhiva\/obiljezavanje-godisnjice-bitke-na-galipolju\/\",\"name\":\"Obilje\u017eavanje godi\u0161njice Bitke na Galipolju\",\"isPartOf\":{\"@id\":\"https:\/\/sandzakpress.net\/arhiva\/#website\"},\"primaryImageOfPage\":{\"@id\":\"https:\/\/sandzakpress.net\/arhiva\/obiljezavanje-godisnjice-bitke-na-galipolju\/#primaryimage\"},\"image\":{\"@id\":\"https:\/\/sandzakpress.net\/arhiva\/obiljezavanje-godisnjice-bitke-na-galipolju\/#primaryimage\"},\"thumbnailUrl\":\"https:\/\/sandzakpress.net\/arhiva\/wp-content\/uploads\/2015\/04\/galipolje_main.jpg\",\"datePublished\":\"2015-04-24T08:02:30+00:00\",\"breadcrumb\":{\"@id\":\"https:\/\/sandzakpress.net\/arhiva\/obiljezavanje-godisnjice-bitke-na-galipolju\/#breadcrumb\"},\"inLanguage\":\"bs-BA\",\"potentialAction\":[{\"@type\":\"ReadAction\",\"target\":[\"https:\/\/sandzakpress.net\/arhiva\/obiljezavanje-godisnjice-bitke-na-galipolju\/\"]}]},{\"@type\":\"ImageObject\",\"inLanguage\":\"bs-BA\",\"@id\":\"https:\/\/sandzakpress.net\/arhiva\/obiljezavanje-godisnjice-bitke-na-galipolju\/#primaryimage\",\"url\":\"https:\/\/sandzakpress.net\/arhiva\/wp-content\/uploads\/2015\/04\/galipolje_main.jpg\",\"contentUrl\":\"https:\/\/sandzakpress.net\/arhiva\/wp-content\/uploads\/2015\/04\/galipolje_main.jpg\",\"width\":600,\"height\":401},{\"@type\":\"BreadcrumbList\",\"@id\":\"https:\/\/sandzakpress.net\/arhiva\/obiljezavanje-godisnjice-bitke-na-galipolju\/#breadcrumb\",\"itemListElement\":[{\"@type\":\"ListItem\",\"position\":1,\"name\":\"Home\",\"item\":\"https:\/\/sandzakpress.net\/arhiva\/\"},{\"@type\":\"ListItem\",\"position\":2,\"name\":\"Obilje\u017eavanje godi\u0161njice Bitke na Galipolju\"}]},{\"@type\":\"WebSite\",\"@id\":\"https:\/\/sandzakpress.net\/arhiva\/#website\",\"url\":\"https:\/\/sandzakpress.net\/arhiva\/\",\"name\":\"Sand\u017eak PRESS\",\"description\":\"Prve elektronske novine u Sand\u017eaku\",\"publisher\":{\"@id\":\"https:\/\/sandzakpress.net\/arhiva\/#\/schema\/person\/6e72b67d6e51910a1117b3b483ba20bd\"},\"potentialAction\":[{\"@type\":\"SearchAction\",\"target\":{\"@type\":\"EntryPoint\",\"urlTemplate\":\"https:\/\/sandzakpress.net\/arhiva\/?s={search_term_string}\"},\"query-input\":{\"@type\":\"PropertyValueSpecification\",\"valueRequired\":true,\"valueName\":\"search_term_string\"}}],\"inLanguage\":\"bs-BA\"},{\"@type\":[\"Person\",\"Organization\"],\"@id\":\"https:\/\/sandzakpress.net\/arhiva\/#\/schema\/person\/6e72b67d6e51910a1117b3b483ba20bd\",\"name\":\"Kul\",\"image\":{\"@type\":\"ImageObject\",\"inLanguage\":\"bs-BA\",\"@id\":\"https:\/\/sandzakpress.net\/arhiva\/#\/schema\/person\/image\/\",\"url\":\"https:\/\/secure.gravatar.com\/avatar\/42263f39aa27ac04c43cab85c280eb2e?s=96&d=mm&r=pg\",\"contentUrl\":\"https:\/\/secure.gravatar.com\/avatar\/42263f39aa27ac04c43cab85c280eb2e?s=96&d=mm&r=pg\",\"caption\":\"Kul\"},\"logo\":{\"@id\":\"https:\/\/sandzakpress.net\/arhiva\/#\/schema\/person\/image\/\"}},{\"@type\":\"Person\",\"@id\":\"https:\/\/sandzakpress.net\/arhiva\/#\/schema\/person\/c8baee722073534b583ea7bdb2e36c02\",\"name\":\"bosniak\",\"image\":{\"@type\":\"ImageObject\",\"inLanguage\":\"bs-BA\",\"@id\":\"https:\/\/sandzakpress.net\/arhiva\/#\/schema\/person\/image\/\",\"url\":\"https:\/\/secure.gravatar.com\/avatar\/a04fd330bfe3a36a72a0ad4a6d89fca7?s=96&d=mm&r=pg\",\"contentUrl\":\"https:\/\/secure.gravatar.com\/avatar\/a04fd330bfe3a36a72a0ad4a6d89fca7?s=96&d=mm&r=pg\",\"caption\":\"bosniak\"},\"url\":\"https:\/\/sandzakpress.net\/arhiva\/author\/bosniak\/\"}]}<\/script>\n<!-- \/ Yoast SEO Premium plugin. -->","yoast_head_json":{"title":"Obilje\u017eavanje godi\u0161njice Bitke na Galipolju","robots":{"index":"index","follow":"follow","max-snippet":"max-snippet:-1","max-image-preview":"max-image-preview:large","max-video-preview":"max-video-preview:-1"},"canonical":"https:\/\/sandzakpress.net\/arhiva\/obiljezavanje-godisnjice-bitke-na-galipolju\/","og_locale":"bs_BA","og_type":"article","og_title":"Obilje\u017eavanje godi\u0161njice Bitke na Galipolju","og_description":"Turska &#8211; Erdogan ka\u017ee da svi vojnici koji su sudjelovali u toj bitki zaslu\u017euju da ih se ljudi sjete s po\u0161tovanjem. Danas \u0107e dvadesetak \u010delnika iz cijelog svijeta do\u0107i u Tursku, me\u0111u kojima i princ Charles te premijeri Australije Tony Abbott i Novog Zelanda John Key na niz manifestacija obilje\u017eavanja stote godi\u0161njice Bitke kod Galipolja [&hellip;]","og_url":"https:\/\/sandzakpress.net\/arhiva\/obiljezavanje-godisnjice-bitke-na-galipolju\/","og_site_name":"Sand\u017eak PRESS","article_published_time":"2015-04-24T08:02:30+00:00","og_image":[{"width":600,"height":401,"url":"https:\/\/sandzakpress.net\/arhiva\/wp-content\/uploads\/2015\/04\/galipolje_main.jpg","type":"image\/jpeg"}],"author":"bosniak","twitter_card":"summary_large_image","twitter_misc":{"Written by":"bosniak","Est. reading time":"1 minuta"},"schema":{"@context":"https:\/\/schema.org","@graph":[{"@type":"Article","@id":"https:\/\/sandzakpress.net\/arhiva\/obiljezavanje-godisnjice-bitke-na-galipolju\/#article","isPartOf":{"@id":"https:\/\/sandzakpress.net\/arhiva\/obiljezavanje-godisnjice-bitke-na-galipolju\/"},"author":{"name":"bosniak","@id":"https:\/\/sandzakpress.net\/arhiva\/#\/schema\/person\/c8baee722073534b583ea7bdb2e36c02"},"headline":"Obilje\u017eavanje godi\u0161njice Bitke na Galipolju","datePublished":"2015-04-24T08:02:30+00:00","mainEntityOfPage":{"@id":"https:\/\/sandzakpress.net\/arhiva\/obiljezavanje-godisnjice-bitke-na-galipolju\/"},"wordCount":248,"commentCount":5,"publisher":{"@id":"https:\/\/sandzakpress.net\/arhiva\/#\/schema\/person\/6e72b67d6e51910a1117b3b483ba20bd"},"image":{"@id":"https:\/\/sandzakpress.net\/arhiva\/obiljezavanje-godisnjice-bitke-na-galipolju\/#primaryimage"},"thumbnailUrl":"https:\/\/sandzakpress.net\/arhiva\/wp-content\/uploads\/2015\/04\/galipolje_main.jpg","articleSection":["Svijet","NAJNOVIJE","Turska"],"inLanguage":"bs-BA","potentialAction":[{"@type":"CommentAction","name":"Comment","target":["https:\/\/sandzakpress.net\/arhiva\/obiljezavanje-godisnjice-bitke-na-galipolju\/#respond"]}]},{"@type":"WebPage","@id":"https:\/\/sandzakpress.net\/arhiva\/obiljezavanje-godisnjice-bitke-na-galipolju\/","url":"https:\/\/sandzakpress.net\/arhiva\/obiljezavanje-godisnjice-bitke-na-galipolju\/","name":"Obilje\u017eavanje godi\u0161njice Bitke na Galipolju","isPartOf":{"@id":"https:\/\/sandzakpress.net\/arhiva\/#website"},"primaryImageOfPage":{"@id":"https:\/\/sandzakpress.net\/arhiva\/obiljezavanje-godisnjice-bitke-na-galipolju\/#primaryimage"},"image":{"@id":"https:\/\/sandzakpress.net\/arhiva\/obiljezavanje-godisnjice-bitke-na-galipolju\/#primaryimage"},"thumbnailUrl":"https:\/\/sandzakpress.net\/arhiva\/wp-content\/uploads\/2015\/04\/galipolje_main.jpg","datePublished":"2015-04-24T08:02:30+00:00","breadcrumb":{"@id":"https:\/\/sandzakpress.net\/arhiva\/obiljezavanje-godisnjice-bitke-na-galipolju\/#breadcrumb"},"inLanguage":"bs-BA","potentialAction":[{"@type":"ReadAction","target":["https:\/\/sandzakpress.net\/arhiva\/obiljezavanje-godisnjice-bitke-na-galipolju\/"]}]},{"@type":"ImageObject","inLanguage":"bs-BA","@id":"https:\/\/sandzakpress.net\/arhiva\/obiljezavanje-godisnjice-bitke-na-galipolju\/#primaryimage","url":"https:\/\/sandzakpress.net\/arhiva\/wp-content\/uploads\/2015\/04\/galipolje_main.jpg","contentUrl":"https:\/\/sandzakpress.net\/arhiva\/wp-content\/uploads\/2015\/04\/galipolje_main.jpg","width":600,"height":401},{"@type":"BreadcrumbList","@id":"https:\/\/sandzakpress.net\/arhiva\/obiljezavanje-godisnjice-bitke-na-galipolju\/#breadcrumb","itemListElement":[{"@type":"ListItem","position":1,"name":"Home","item":"https:\/\/sandzakpress.net\/arhiva\/"},{"@type":"ListItem","position":2,"name":"Obilje\u017eavanje godi\u0161njice Bitke na Galipolju"}]},{"@type":"WebSite","@id":"https:\/\/sandzakpress.net\/arhiva\/#website","url":"https:\/\/sandzakpress.net\/arhiva\/","name":"Sand\u017eak PRESS","description":"Prve elektronske novine u Sand\u017eaku","publisher":{"@id":"https:\/\/sandzakpress.net\/arhiva\/#\/schema\/person\/6e72b67d6e51910a1117b3b483ba20bd"},"potentialAction":[{"@type":"SearchAction","target":{"@type":"EntryPoint","urlTemplate":"https:\/\/sandzakpress.net\/arhiva\/?s={search_term_string}"},"query-input":{"@type":"PropertyValueSpecification","valueRequired":true,"valueName":"search_term_string"}}],"inLanguage":"bs-BA"},{"@type":["Person","Organization"],"@id":"https:\/\/sandzakpress.net\/arhiva\/#\/schema\/person\/6e72b67d6e51910a1117b3b483ba20bd","name":"Kul","image":{"@type":"ImageObject","inLanguage":"bs-BA","@id":"https:\/\/sandzakpress.net\/arhiva\/#\/schema\/person\/image\/","url":"https:\/\/secure.gravatar.com\/avatar\/42263f39aa27ac04c43cab85c280eb2e?s=96&d=mm&r=pg","contentUrl":"https:\/\/secure.gravatar.com\/avatar\/42263f39aa27ac04c43cab85c280eb2e?s=96&d=mm&r=pg","caption":"Kul"},"logo":{"@id":"https:\/\/sandzakpress.net\/arhiva\/#\/schema\/person\/image\/"}},{"@type":"Person","@id":"https:\/\/sandzakpress.net\/arhiva\/#\/schema\/person\/c8baee722073534b583ea7bdb2e36c02","name":"bosniak","image":{"@type":"ImageObject","inLanguage":"bs-BA","@id":"https:\/\/sandzakpress.net\/arhiva\/#\/schema\/person\/image\/","url":"https:\/\/secure.gravatar.com\/avatar\/a04fd330bfe3a36a72a0ad4a6d89fca7?s=96&d=mm&r=pg","contentUrl":"https:\/\/secure.gravatar.com\/avatar\/a04fd330bfe3a36a72a0ad4a6d89fca7?s=96&d=mm&r=pg","caption":"bosniak"},"url":"https:\/\/sandzakpress.net\/arhiva\/author\/bosniak\/"}]}},"_links":{"self":[{"href":"https:\/\/sandzakpress.net\/arhiva\/wp-json\/wp\/v2\/posts\/127241"}],"collection":[{"href":"https:\/\/sandzakpress.net\/arhiva\/wp-json\/wp\/v2\/posts"}],"about":[{"href":"https:\/\/sandzakpress.net\/arhiva\/wp-json\/wp\/v2\/types\/post"}],"author":[{"embeddable":true,"href":"https:\/\/sandzakpress.net\/arhiva\/wp-json\/wp\/v2\/users\/83"}],"replies":[{"embeddable":true,"href":"https:\/\/sandzakpress.net\/arhiva\/wp-json\/wp\/v2\/comments?post=127241"}],"version-history":[{"count":0,"href":"https:\/\/sandzakpress.net\/arhiva\/wp-json\/wp\/v2\/posts\/127241\/revisions"}],"wp:featuredmedia":[{"embeddable":true,"href":"https:\/\/sandzakpress.net\/arhiva\/wp-json\/wp\/v2\/media\/127242"}],"wp:attachment":[{"href":"https:\/\/sandzakpress.net\/arhiva\/wp-json\/wp\/v2\/media?parent=127241"}],"wp:term":[{"taxonomy":"category","embeddable":true,"href":"https:\/\/sandzakpress.net\/arhiva\/wp-json\/wp\/v2\/categories?post=127241"},{"taxonomy":"post_tag","embeddable":true,"href":"https:\/\/sandzakpress.net\/arhiva\/wp-json\/wp\/v2\/tags?post=127241"}],"curies":[{"name":"wp","href":"https:\/\/api.w.org\/{rel}","templated":true}]}}