{"id":127232,"date":"2015-04-24T09:37:23","date_gmt":"2015-04-24T07:37:23","guid":{"rendered":"https:\/\/sandzakpress.net\/arhiva\/?p=127232"},"modified":"2015-04-24T09:37:23","modified_gmt":"2015-04-24T07:37:23","slug":"voz-pregazio-14-migranata-u-makedoniji","status":"publish","type":"post","link":"https:\/\/sandzakpress.net\/arhiva\/voz-pregazio-14-migranata-u-makedoniji\/","title":{"rendered":"Voz pregazio 14 migranata u Makedoniji"},"content":{"rendered":"<p><a href=\"https:\/\/sandzakpress.net\/arhiva\/wp-content\/uploads\/2015\/04\/makedonija1.jpg\"><img loading=\"lazy\" decoding=\"async\" class=\" size-full wp-image-127233 aligncenter\" src=\"https:\/\/sandzakpress.net\/arhiva\/wp-content\/uploads\/2015\/04\/makedonija1.jpg\" alt=\"makedonija\" width=\"600\" height=\"276\" \/><\/a><\/p>\n<p><strong>Makedonija &#8211; Najmanje 14 imigranata poginulo je kasno sino\u0107 kada ih je pregazio voz na pruzi Veles \u2013 Skoplje, prenosemakedonski mediji navode Ministarstva unutra\u0161njih poslova ove dr\u017eave i dodaju kako ta\u010dna cifra poginulih i povrije\u0111enih u ovom incidentu nije poznata.<\/strong><\/p>\n<p>Kako se navodi, prema do sada dostupnim informacijama, me\u0111unarodni voz koji saobra\u0107a na liniji Solun \u2013 Beograd, udario grupu imigranata koji su i\u0161li ka makedonskoj prijestolnici.<\/p>\n<p>Ilegalni migranti \u010desto koriste prugu kao putokaz na nepoznatom terenu.<\/p>\n<div>Mediji javljaju kako je rije\u010d o grupi od 50 migranata koji su prugom i\u0161li za Beograd. Nesre\u0107a se desila na uskom terenu gdje nije bilo mogu\u0107nosti da se svi sklone.<\/div>\n<p><strong>Pruga kao putokaz<\/strong><\/p>\n<p>Kada je voz nai\u0161ao, oni su odmarali na pruzi, ma\u0161inovo\u0111a je poku\u0161ao ko\u010diti, koristio je sirenu, ali nije uspio na vrijeme da zako\u010di, navode iz MUP-a.<\/p>\n<p>Me\u0111unarodni voz koji saobra\u0107a na liniji Solun \u2013 Beograd, udario grupu imigranata koji su i\u0161li ka makedonskoj prijestolnici.<\/p>\n<p>Nesre\u0107a se desila blizu stanice P\u010dinja. Na mjestu nesre\u0107e zate\u010deno je jo\u0161 osam migranata koji su privedeni.<\/p>\n<p>Ilegalni migranti \u010desto koriste prugu kao putokaz na nepoznatom terenu.<\/p>\n<p>Izvor: Agencije<\/p>\n","protected":false},"excerpt":{"rendered":"<p>Makedonija &#8211; Najmanje 14 imigranata poginulo je kasno sino\u0107 kada ih je pregazio voz na pruzi Veles \u2013 Skoplje, prenosemakedonski mediji navode Ministarstva unutra\u0161njih poslova ove dr\u017eave i dodaju kako ta\u010dna cifra poginulih i povrije\u0111enih u ovom incidentu nije poznata. Kako se navodi, prema do sada dostupnim informacijama, me\u0111unarodni voz koji saobra\u0107a na liniji Solun [&hellip;]<\/p>\n","protected":false},"author":83,"featured_media":127233,"comment_status":"open","ping_status":"open","sticky":false,"template":"","format":"standard","meta":{"footnotes":""},"categories":[2691,9,798],"tags":[],"class_list":{"0":"post-127232","1":"post","2":"type-post","3":"status-publish","4":"format-standard","5":"has-post-thumbnail","7":"category-makedonija","8":"category-svijet","9":"category-teme"},"yoast_head":"<!-- This site is optimized with the Yoast SEO Premium plugin v23.1 (Yoast SEO v24.9) - https:\/\/yoast.com\/wordpress\/plugins\/seo\/ -->\n<title>Voz pregazio 14 migranata u Makedoniji<\/title>\n<meta name=\"robots\" content=\"index, follow, max-snippet:-1, max-image-preview:large, max-video-preview:-1\" \/>\n<link rel=\"canonical\" href=\"https:\/\/sandzakpress.net\/arhiva\/voz-pregazio-14-migranata-u-makedoniji\/\" \/>\n<meta property=\"og:locale\" content=\"bs_BA\" \/>\n<meta property=\"og:type\" content=\"article\" \/>\n<meta property=\"og:title\" content=\"Voz pregazio 14 migranata u Makedoniji\" \/>\n<meta property=\"og:description\" content=\"Makedonija &#8211; Najmanje 14 imigranata poginulo je kasno sino\u0107 kada ih je pregazio voz na pruzi Veles \u2013 Skoplje, prenosemakedonski mediji navode Ministarstva unutra\u0161njih poslova ove dr\u017eave i dodaju kako ta\u010dna cifra poginulih i povrije\u0111enih u ovom incidentu nije poznata. Kako se navodi, prema do sada dostupnim informacijama, me\u0111unarodni voz koji saobra\u0107a na liniji Solun [&hellip;]\" \/>\n<meta property=\"og:url\" content=\"https:\/\/sandzakpress.net\/arhiva\/voz-pregazio-14-migranata-u-makedoniji\/\" \/>\n<meta property=\"og:site_name\" content=\"Sand\u017eak PRESS\" \/>\n<meta property=\"article:published_time\" content=\"2015-04-24T07:37:23+00:00\" \/>\n<meta property=\"og:image\" content=\"https:\/\/sandzakpress.net\/arhiva\/wp-content\/uploads\/2015\/04\/makedonija1.jpg\" \/>\n\t<meta property=\"og:image:width\" content=\"600\" \/>\n\t<meta property=\"og:image:height\" content=\"276\" \/>\n\t<meta property=\"og:image:type\" content=\"image\/jpeg\" \/>\n<meta name=\"author\" content=\"bosniak\" \/>\n<meta name=\"twitter:card\" content=\"summary_large_image\" \/>\n<meta name=\"twitter:label1\" content=\"Written by\" \/>\n\t<meta name=\"twitter:data1\" content=\"bosniak\" \/>\n\t<meta name=\"twitter:label2\" content=\"Est. reading time\" \/>\n\t<meta name=\"twitter:data2\" content=\"1 minuta\" \/>\n<script type=\"application\/ld+json\" class=\"yoast-schema-graph\">{\"@context\":\"https:\/\/schema.org\",\"@graph\":[{\"@type\":\"Article\",\"@id\":\"https:\/\/sandzakpress.net\/arhiva\/voz-pregazio-14-migranata-u-makedoniji\/#article\",\"isPartOf\":{\"@id\":\"https:\/\/sandzakpress.net\/arhiva\/voz-pregazio-14-migranata-u-makedoniji\/\"},\"author\":{\"name\":\"bosniak\",\"@id\":\"https:\/\/sandzakpress.net\/arhiva\/#\/schema\/person\/c8baee722073534b583ea7bdb2e36c02\"},\"headline\":\"Voz pregazio 14 migranata u Makedoniji\",\"datePublished\":\"2015-04-24T07:37:23+00:00\",\"mainEntityOfPage\":{\"@id\":\"https:\/\/sandzakpress.net\/arhiva\/voz-pregazio-14-migranata-u-makedoniji\/\"},\"wordCount\":205,\"commentCount\":0,\"publisher\":{\"@id\":\"https:\/\/sandzakpress.net\/arhiva\/#\/schema\/person\/6e72b67d6e51910a1117b3b483ba20bd\"},\"image\":{\"@id\":\"https:\/\/sandzakpress.net\/arhiva\/voz-pregazio-14-migranata-u-makedoniji\/#primaryimage\"},\"thumbnailUrl\":\"https:\/\/sandzakpress.net\/arhiva\/wp-content\/uploads\/2015\/04\/makedonija1.jpg\",\"articleSection\":[\"Makedonija\",\"Svijet\",\"NAJNOVIJE\"],\"inLanguage\":\"bs-BA\",\"potentialAction\":[{\"@type\":\"CommentAction\",\"name\":\"Comment\",\"target\":[\"https:\/\/sandzakpress.net\/arhiva\/voz-pregazio-14-migranata-u-makedoniji\/#respond\"]}]},{\"@type\":\"WebPage\",\"@id\":\"https:\/\/sandzakpress.net\/arhiva\/voz-pregazio-14-migranata-u-makedoniji\/\",\"url\":\"https:\/\/sandzakpress.net\/arhiva\/voz-pregazio-14-migranata-u-makedoniji\/\",\"name\":\"Voz pregazio 14 migranata u Makedoniji\",\"isPartOf\":{\"@id\":\"https:\/\/sandzakpress.net\/arhiva\/#website\"},\"primaryImageOfPage\":{\"@id\":\"https:\/\/sandzakpress.net\/arhiva\/voz-pregazio-14-migranata-u-makedoniji\/#primaryimage\"},\"image\":{\"@id\":\"https:\/\/sandzakpress.net\/arhiva\/voz-pregazio-14-migranata-u-makedoniji\/#primaryimage\"},\"thumbnailUrl\":\"https:\/\/sandzakpress.net\/arhiva\/wp-content\/uploads\/2015\/04\/makedonija1.jpg\",\"datePublished\":\"2015-04-24T07:37:23+00:00\",\"breadcrumb\":{\"@id\":\"https:\/\/sandzakpress.net\/arhiva\/voz-pregazio-14-migranata-u-makedoniji\/#breadcrumb\"},\"inLanguage\":\"bs-BA\",\"potentialAction\":[{\"@type\":\"ReadAction\",\"target\":[\"https:\/\/sandzakpress.net\/arhiva\/voz-pregazio-14-migranata-u-makedoniji\/\"]}]},{\"@type\":\"ImageObject\",\"inLanguage\":\"bs-BA\",\"@id\":\"https:\/\/sandzakpress.net\/arhiva\/voz-pregazio-14-migranata-u-makedoniji\/#primaryimage\",\"url\":\"https:\/\/sandzakpress.net\/arhiva\/wp-content\/uploads\/2015\/04\/makedonija1.jpg\",\"contentUrl\":\"https:\/\/sandzakpress.net\/arhiva\/wp-content\/uploads\/2015\/04\/makedonija1.jpg\",\"width\":600,\"height\":276},{\"@type\":\"BreadcrumbList\",\"@id\":\"https:\/\/sandzakpress.net\/arhiva\/voz-pregazio-14-migranata-u-makedoniji\/#breadcrumb\",\"itemListElement\":[{\"@type\":\"ListItem\",\"position\":1,\"name\":\"Home\",\"item\":\"https:\/\/sandzakpress.net\/arhiva\/\"},{\"@type\":\"ListItem\",\"position\":2,\"name\":\"Voz pregazio 14 migranata u Makedoniji\"}]},{\"@type\":\"WebSite\",\"@id\":\"https:\/\/sandzakpress.net\/arhiva\/#website\",\"url\":\"https:\/\/sandzakpress.net\/arhiva\/\",\"name\":\"Sand\u017eak PRESS\",\"description\":\"Prve elektronske novine u Sand\u017eaku\",\"publisher\":{\"@id\":\"https:\/\/sandzakpress.net\/arhiva\/#\/schema\/person\/6e72b67d6e51910a1117b3b483ba20bd\"},\"potentialAction\":[{\"@type\":\"SearchAction\",\"target\":{\"@type\":\"EntryPoint\",\"urlTemplate\":\"https:\/\/sandzakpress.net\/arhiva\/?s={search_term_string}\"},\"query-input\":{\"@type\":\"PropertyValueSpecification\",\"valueRequired\":true,\"valueName\":\"search_term_string\"}}],\"inLanguage\":\"bs-BA\"},{\"@type\":[\"Person\",\"Organization\"],\"@id\":\"https:\/\/sandzakpress.net\/arhiva\/#\/schema\/person\/6e72b67d6e51910a1117b3b483ba20bd\",\"name\":\"Kul\",\"image\":{\"@type\":\"ImageObject\",\"inLanguage\":\"bs-BA\",\"@id\":\"https:\/\/sandzakpress.net\/arhiva\/#\/schema\/person\/image\/\",\"url\":\"https:\/\/secure.gravatar.com\/avatar\/42263f39aa27ac04c43cab85c280eb2e?s=96&d=mm&r=pg\",\"contentUrl\":\"https:\/\/secure.gravatar.com\/avatar\/42263f39aa27ac04c43cab85c280eb2e?s=96&d=mm&r=pg\",\"caption\":\"Kul\"},\"logo\":{\"@id\":\"https:\/\/sandzakpress.net\/arhiva\/#\/schema\/person\/image\/\"}},{\"@type\":\"Person\",\"@id\":\"https:\/\/sandzakpress.net\/arhiva\/#\/schema\/person\/c8baee722073534b583ea7bdb2e36c02\",\"name\":\"bosniak\",\"image\":{\"@type\":\"ImageObject\",\"inLanguage\":\"bs-BA\",\"@id\":\"https:\/\/sandzakpress.net\/arhiva\/#\/schema\/person\/image\/\",\"url\":\"https:\/\/secure.gravatar.com\/avatar\/a04fd330bfe3a36a72a0ad4a6d89fca7?s=96&d=mm&r=pg\",\"contentUrl\":\"https:\/\/secure.gravatar.com\/avatar\/a04fd330bfe3a36a72a0ad4a6d89fca7?s=96&d=mm&r=pg\",\"caption\":\"bosniak\"},\"url\":\"https:\/\/sandzakpress.net\/arhiva\/author\/bosniak\/\"}]}<\/script>\n<!-- \/ Yoast SEO Premium plugin. -->","yoast_head_json":{"title":"Voz pregazio 14 migranata u Makedoniji","robots":{"index":"index","follow":"follow","max-snippet":"max-snippet:-1","max-image-preview":"max-image-preview:large","max-video-preview":"max-video-preview:-1"},"canonical":"https:\/\/sandzakpress.net\/arhiva\/voz-pregazio-14-migranata-u-makedoniji\/","og_locale":"bs_BA","og_type":"article","og_title":"Voz pregazio 14 migranata u Makedoniji","og_description":"Makedonija &#8211; Najmanje 14 imigranata poginulo je kasno sino\u0107 kada ih je pregazio voz na pruzi Veles \u2013 Skoplje, prenosemakedonski mediji navode Ministarstva unutra\u0161njih poslova ove dr\u017eave i dodaju kako ta\u010dna cifra poginulih i povrije\u0111enih u ovom incidentu nije poznata. Kako se navodi, prema do sada dostupnim informacijama, me\u0111unarodni voz koji saobra\u0107a na liniji Solun [&hellip;]","og_url":"https:\/\/sandzakpress.net\/arhiva\/voz-pregazio-14-migranata-u-makedoniji\/","og_site_name":"Sand\u017eak PRESS","article_published_time":"2015-04-24T07:37:23+00:00","og_image":[{"width":600,"height":276,"url":"https:\/\/sandzakpress.net\/arhiva\/wp-content\/uploads\/2015\/04\/makedonija1.jpg","type":"image\/jpeg"}],"author":"bosniak","twitter_card":"summary_large_image","twitter_misc":{"Written by":"bosniak","Est. reading time":"1 minuta"},"schema":{"@context":"https:\/\/schema.org","@graph":[{"@type":"Article","@id":"https:\/\/sandzakpress.net\/arhiva\/voz-pregazio-14-migranata-u-makedoniji\/#article","isPartOf":{"@id":"https:\/\/sandzakpress.net\/arhiva\/voz-pregazio-14-migranata-u-makedoniji\/"},"author":{"name":"bosniak","@id":"https:\/\/sandzakpress.net\/arhiva\/#\/schema\/person\/c8baee722073534b583ea7bdb2e36c02"},"headline":"Voz pregazio 14 migranata u Makedoniji","datePublished":"2015-04-24T07:37:23+00:00","mainEntityOfPage":{"@id":"https:\/\/sandzakpress.net\/arhiva\/voz-pregazio-14-migranata-u-makedoniji\/"},"wordCount":205,"commentCount":0,"publisher":{"@id":"https:\/\/sandzakpress.net\/arhiva\/#\/schema\/person\/6e72b67d6e51910a1117b3b483ba20bd"},"image":{"@id":"https:\/\/sandzakpress.net\/arhiva\/voz-pregazio-14-migranata-u-makedoniji\/#primaryimage"},"thumbnailUrl":"https:\/\/sandzakpress.net\/arhiva\/wp-content\/uploads\/2015\/04\/makedonija1.jpg","articleSection":["Makedonija","Svijet","NAJNOVIJE"],"inLanguage":"bs-BA","potentialAction":[{"@type":"CommentAction","name":"Comment","target":["https:\/\/sandzakpress.net\/arhiva\/voz-pregazio-14-migranata-u-makedoniji\/#respond"]}]},{"@type":"WebPage","@id":"https:\/\/sandzakpress.net\/arhiva\/voz-pregazio-14-migranata-u-makedoniji\/","url":"https:\/\/sandzakpress.net\/arhiva\/voz-pregazio-14-migranata-u-makedoniji\/","name":"Voz pregazio 14 migranata u Makedoniji","isPartOf":{"@id":"https:\/\/sandzakpress.net\/arhiva\/#website"},"primaryImageOfPage":{"@id":"https:\/\/sandzakpress.net\/arhiva\/voz-pregazio-14-migranata-u-makedoniji\/#primaryimage"},"image":{"@id":"https:\/\/sandzakpress.net\/arhiva\/voz-pregazio-14-migranata-u-makedoniji\/#primaryimage"},"thumbnailUrl":"https:\/\/sandzakpress.net\/arhiva\/wp-content\/uploads\/2015\/04\/makedonija1.jpg","datePublished":"2015-04-24T07:37:23+00:00","breadcrumb":{"@id":"https:\/\/sandzakpress.net\/arhiva\/voz-pregazio-14-migranata-u-makedoniji\/#breadcrumb"},"inLanguage":"bs-BA","potentialAction":[{"@type":"ReadAction","target":["https:\/\/sandzakpress.net\/arhiva\/voz-pregazio-14-migranata-u-makedoniji\/"]}]},{"@type":"ImageObject","inLanguage":"bs-BA","@id":"https:\/\/sandzakpress.net\/arhiva\/voz-pregazio-14-migranata-u-makedoniji\/#primaryimage","url":"https:\/\/sandzakpress.net\/arhiva\/wp-content\/uploads\/2015\/04\/makedonija1.jpg","contentUrl":"https:\/\/sandzakpress.net\/arhiva\/wp-content\/uploads\/2015\/04\/makedonija1.jpg","width":600,"height":276},{"@type":"BreadcrumbList","@id":"https:\/\/sandzakpress.net\/arhiva\/voz-pregazio-14-migranata-u-makedoniji\/#breadcrumb","itemListElement":[{"@type":"ListItem","position":1,"name":"Home","item":"https:\/\/sandzakpress.net\/arhiva\/"},{"@type":"ListItem","position":2,"name":"Voz pregazio 14 migranata u Makedoniji"}]},{"@type":"WebSite","@id":"https:\/\/sandzakpress.net\/arhiva\/#website","url":"https:\/\/sandzakpress.net\/arhiva\/","name":"Sand\u017eak PRESS","description":"Prve elektronske novine u Sand\u017eaku","publisher":{"@id":"https:\/\/sandzakpress.net\/arhiva\/#\/schema\/person\/6e72b67d6e51910a1117b3b483ba20bd"},"potentialAction":[{"@type":"SearchAction","target":{"@type":"EntryPoint","urlTemplate":"https:\/\/sandzakpress.net\/arhiva\/?s={search_term_string}"},"query-input":{"@type":"PropertyValueSpecification","valueRequired":true,"valueName":"search_term_string"}}],"inLanguage":"bs-BA"},{"@type":["Person","Organization"],"@id":"https:\/\/sandzakpress.net\/arhiva\/#\/schema\/person\/6e72b67d6e51910a1117b3b483ba20bd","name":"Kul","image":{"@type":"ImageObject","inLanguage":"bs-BA","@id":"https:\/\/sandzakpress.net\/arhiva\/#\/schema\/person\/image\/","url":"https:\/\/secure.gravatar.com\/avatar\/42263f39aa27ac04c43cab85c280eb2e?s=96&d=mm&r=pg","contentUrl":"https:\/\/secure.gravatar.com\/avatar\/42263f39aa27ac04c43cab85c280eb2e?s=96&d=mm&r=pg","caption":"Kul"},"logo":{"@id":"https:\/\/sandzakpress.net\/arhiva\/#\/schema\/person\/image\/"}},{"@type":"Person","@id":"https:\/\/sandzakpress.net\/arhiva\/#\/schema\/person\/c8baee722073534b583ea7bdb2e36c02","name":"bosniak","image":{"@type":"ImageObject","inLanguage":"bs-BA","@id":"https:\/\/sandzakpress.net\/arhiva\/#\/schema\/person\/image\/","url":"https:\/\/secure.gravatar.com\/avatar\/a04fd330bfe3a36a72a0ad4a6d89fca7?s=96&d=mm&r=pg","contentUrl":"https:\/\/secure.gravatar.com\/avatar\/a04fd330bfe3a36a72a0ad4a6d89fca7?s=96&d=mm&r=pg","caption":"bosniak"},"url":"https:\/\/sandzakpress.net\/arhiva\/author\/bosniak\/"}]}},"_links":{"self":[{"href":"https:\/\/sandzakpress.net\/arhiva\/wp-json\/wp\/v2\/posts\/127232"}],"collection":[{"href":"https:\/\/sandzakpress.net\/arhiva\/wp-json\/wp\/v2\/posts"}],"about":[{"href":"https:\/\/sandzakpress.net\/arhiva\/wp-json\/wp\/v2\/types\/post"}],"author":[{"embeddable":true,"href":"https:\/\/sandzakpress.net\/arhiva\/wp-json\/wp\/v2\/users\/83"}],"replies":[{"embeddable":true,"href":"https:\/\/sandzakpress.net\/arhiva\/wp-json\/wp\/v2\/comments?post=127232"}],"version-history":[{"count":0,"href":"https:\/\/sandzakpress.net\/arhiva\/wp-json\/wp\/v2\/posts\/127232\/revisions"}],"wp:featuredmedia":[{"embeddable":true,"href":"https:\/\/sandzakpress.net\/arhiva\/wp-json\/wp\/v2\/media\/127233"}],"wp:attachment":[{"href":"https:\/\/sandzakpress.net\/arhiva\/wp-json\/wp\/v2\/media?parent=127232"}],"wp:term":[{"taxonomy":"category","embeddable":true,"href":"https:\/\/sandzakpress.net\/arhiva\/wp-json\/wp\/v2\/categories?post=127232"},{"taxonomy":"post_tag","embeddable":true,"href":"https:\/\/sandzakpress.net\/arhiva\/wp-json\/wp\/v2\/tags?post=127232"}],"curies":[{"name":"wp","href":"https:\/\/api.w.org\/{rel}","templated":true}]}}