{"id":127204,"date":"2015-04-23T16:37:11","date_gmt":"2015-04-23T14:37:11","guid":{"rendered":"https:\/\/sandzakpress.net\/arhiva\/?p=127204"},"modified":"2015-04-23T16:37:11","modified_gmt":"2015-04-23T14:37:11","slug":"porodica-gegic-evakuisana-iz-jemena","status":"publish","type":"post","link":"https:\/\/sandzakpress.net\/arhiva\/porodica-gegic-evakuisana-iz-jemena\/","title":{"rendered":"Porodica Gegi\u0107 evakuisana iz Jemena"},"content":{"rendered":"<p><img decoding=\"async\" src=\"http:\/\/radiostoplus.com\/images\/clanci\/LICNOSTI\/muhedin_gegic_1.jpg\" alt=\"\" \/><\/p>\n<p><strong>Tutin &#8211; Dr\u017eavljanin Srbije Muhedin Gegi\u0107, koji je s porodicom bio zarobljen u ratom zahva\u0107enom Jemenu, evakuisan je iz Sane i o\u010dekuje se da \u0107e ve\u010deras sti\u0107i u Srbiju, saop\u0161tilo je danas Ministarstvo spoljnih poslova Srbije.<\/strong><\/p>\n<p>&#8220;Posle vi\u0161enedeljnih napora, uz pomo\u0107 ambasada Srbije u Ujedinjenim Arapskim Emiratima i Ruskoj Federaciji, priveden je kraju proces evakuacije Muhedina Gegi\u0107a i \u010dlanova njegove porodice iz Jemena&#8221;, navodi se u saop\u0161tenju, koje prenosi agencija Beta.\u00a0Gegi\u0107 je s porodicom avionom ruske vlade u srijedu prevezen iz Sane u Moskvu, i trenutno se nalazi u srpskoj ambasadi u Moskvi.<\/p>\n<p>Njihov dolazak u Beograd se o\u010dekuje u ve\u010dernjim \u010dasovima, saop\u0161tilo je ministarstvo.<\/p>\n<p>Izvor: <a href=\"http:\/\/radiostoplus.com\/item\/16602\">Radio100+<\/a><\/p>\n","protected":false},"excerpt":{"rendered":"<p>Tutin &#8211; Dr\u017eavljanin Srbije Muhedin Gegi\u0107, koji je s porodicom bio zarobljen u ratom zahva\u0107enom Jemenu, evakuisan je iz Sane i o\u010dekuje se da \u0107e ve\u010deras sti\u0107i u Srbiju, saop\u0161tilo je danas Ministarstvo spoljnih poslova Srbije. &#8220;Posle vi\u0161enedeljnih napora, uz pomo\u0107 ambasada Srbije u Ujedinjenim Arapskim Emiratima i Ruskoj Federaciji, priveden je kraju proces evakuacije [&hellip;]<\/p>\n","protected":false},"author":83,"featured_media":127205,"comment_status":"open","ping_status":"open","sticky":false,"template":"","format":"standard","meta":{"footnotes":""},"categories":[327,801,8957,798],"tags":[],"class_list":{"0":"post-127204","1":"post","2":"type-post","3":"status-publish","4":"format-standard","5":"has-post-thumbnail","7":"category-tutin","8":"category-crna_hronika","9":"category-vijesti-dana","10":"category-teme"},"yoast_head":"<!-- This site is optimized with the Yoast SEO Premium plugin v23.1 (Yoast SEO v24.9) - https:\/\/yoast.com\/wordpress\/plugins\/seo\/ -->\n<title>Porodica Gegi\u0107 evakuisana iz Jemena<\/title>\n<meta name=\"robots\" content=\"index, follow, max-snippet:-1, max-image-preview:large, max-video-preview:-1\" \/>\n<link rel=\"canonical\" href=\"https:\/\/sandzakpress.net\/arhiva\/porodica-gegic-evakuisana-iz-jemena\/\" \/>\n<meta property=\"og:locale\" content=\"bs_BA\" \/>\n<meta property=\"og:type\" content=\"article\" \/>\n<meta property=\"og:title\" content=\"Porodica Gegi\u0107 evakuisana iz Jemena\" \/>\n<meta property=\"og:description\" content=\"Tutin &#8211; Dr\u017eavljanin Srbije Muhedin Gegi\u0107, koji je s porodicom bio zarobljen u ratom zahva\u0107enom Jemenu, evakuisan je iz Sane i o\u010dekuje se da \u0107e ve\u010deras sti\u0107i u Srbiju, saop\u0161tilo je danas Ministarstvo spoljnih poslova Srbije. &#8220;Posle vi\u0161enedeljnih napora, uz pomo\u0107 ambasada Srbije u Ujedinjenim Arapskim Emiratima i Ruskoj Federaciji, priveden je kraju proces evakuacije [&hellip;]\" \/>\n<meta property=\"og:url\" content=\"https:\/\/sandzakpress.net\/arhiva\/porodica-gegic-evakuisana-iz-jemena\/\" \/>\n<meta property=\"og:site_name\" content=\"Sand\u017eak PRESS\" \/>\n<meta property=\"article:published_time\" content=\"2015-04-23T14:37:11+00:00\" \/>\n<meta property=\"og:image\" content=\"https:\/\/sandzakpress.net\/arhiva\/wp-content\/uploads\/2015\/04\/muhedin_gegic_1.jpg\" \/>\n\t<meta property=\"og:image:width\" content=\"500\" \/>\n\t<meta property=\"og:image:height\" content=\"288\" \/>\n\t<meta property=\"og:image:type\" content=\"image\/jpeg\" \/>\n<meta name=\"author\" content=\"bosniak\" \/>\n<meta name=\"twitter:card\" content=\"summary_large_image\" \/>\n<meta name=\"twitter:label1\" content=\"Written by\" \/>\n\t<meta name=\"twitter:data1\" content=\"bosniak\" \/>\n\t<meta name=\"twitter:label2\" content=\"Est. reading time\" \/>\n\t<meta name=\"twitter:data2\" content=\"1 minuta\" \/>\n<script type=\"application\/ld+json\" class=\"yoast-schema-graph\">{\"@context\":\"https:\/\/schema.org\",\"@graph\":[{\"@type\":\"Article\",\"@id\":\"https:\/\/sandzakpress.net\/arhiva\/porodica-gegic-evakuisana-iz-jemena\/#article\",\"isPartOf\":{\"@id\":\"https:\/\/sandzakpress.net\/arhiva\/porodica-gegic-evakuisana-iz-jemena\/\"},\"author\":{\"name\":\"bosniak\",\"@id\":\"https:\/\/sandzakpress.net\/arhiva\/#\/schema\/person\/c8baee722073534b583ea7bdb2e36c02\"},\"headline\":\"Porodica Gegi\u0107 evakuisana iz Jemena\",\"datePublished\":\"2015-04-23T14:37:11+00:00\",\"mainEntityOfPage\":{\"@id\":\"https:\/\/sandzakpress.net\/arhiva\/porodica-gegic-evakuisana-iz-jemena\/\"},\"wordCount\":125,\"commentCount\":35,\"publisher\":{\"@id\":\"https:\/\/sandzakpress.net\/arhiva\/#\/schema\/person\/6e72b67d6e51910a1117b3b483ba20bd\"},\"image\":{\"@id\":\"https:\/\/sandzakpress.net\/arhiva\/porodica-gegic-evakuisana-iz-jemena\/#primaryimage\"},\"thumbnailUrl\":\"https:\/\/sandzakpress.net\/arhiva\/wp-content\/uploads\/2015\/04\/muhedin_gegic_1.jpg\",\"articleSection\":[\"Tutin\",\"Hronika\",\"VIJESTI DANA\",\"NAJNOVIJE\"],\"inLanguage\":\"bs-BA\",\"potentialAction\":[{\"@type\":\"CommentAction\",\"name\":\"Comment\",\"target\":[\"https:\/\/sandzakpress.net\/arhiva\/porodica-gegic-evakuisana-iz-jemena\/#respond\"]}]},{\"@type\":\"WebPage\",\"@id\":\"https:\/\/sandzakpress.net\/arhiva\/porodica-gegic-evakuisana-iz-jemena\/\",\"url\":\"https:\/\/sandzakpress.net\/arhiva\/porodica-gegic-evakuisana-iz-jemena\/\",\"name\":\"Porodica Gegi\u0107 evakuisana iz Jemena\",\"isPartOf\":{\"@id\":\"https:\/\/sandzakpress.net\/arhiva\/#website\"},\"primaryImageOfPage\":{\"@id\":\"https:\/\/sandzakpress.net\/arhiva\/porodica-gegic-evakuisana-iz-jemena\/#primaryimage\"},\"image\":{\"@id\":\"https:\/\/sandzakpress.net\/arhiva\/porodica-gegic-evakuisana-iz-jemena\/#primaryimage\"},\"thumbnailUrl\":\"https:\/\/sandzakpress.net\/arhiva\/wp-content\/uploads\/2015\/04\/muhedin_gegic_1.jpg\",\"datePublished\":\"2015-04-23T14:37:11+00:00\",\"breadcrumb\":{\"@id\":\"https:\/\/sandzakpress.net\/arhiva\/porodica-gegic-evakuisana-iz-jemena\/#breadcrumb\"},\"inLanguage\":\"bs-BA\",\"potentialAction\":[{\"@type\":\"ReadAction\",\"target\":[\"https:\/\/sandzakpress.net\/arhiva\/porodica-gegic-evakuisana-iz-jemena\/\"]}]},{\"@type\":\"ImageObject\",\"inLanguage\":\"bs-BA\",\"@id\":\"https:\/\/sandzakpress.net\/arhiva\/porodica-gegic-evakuisana-iz-jemena\/#primaryimage\",\"url\":\"https:\/\/sandzakpress.net\/arhiva\/wp-content\/uploads\/2015\/04\/muhedin_gegic_1.jpg\",\"contentUrl\":\"https:\/\/sandzakpress.net\/arhiva\/wp-content\/uploads\/2015\/04\/muhedin_gegic_1.jpg\",\"width\":500,\"height\":288},{\"@type\":\"BreadcrumbList\",\"@id\":\"https:\/\/sandzakpress.net\/arhiva\/porodica-gegic-evakuisana-iz-jemena\/#breadcrumb\",\"itemListElement\":[{\"@type\":\"ListItem\",\"position\":1,\"name\":\"Home\",\"item\":\"https:\/\/sandzakpress.net\/arhiva\/\"},{\"@type\":\"ListItem\",\"position\":2,\"name\":\"Porodica Gegi\u0107 evakuisana iz Jemena\"}]},{\"@type\":\"WebSite\",\"@id\":\"https:\/\/sandzakpress.net\/arhiva\/#website\",\"url\":\"https:\/\/sandzakpress.net\/arhiva\/\",\"name\":\"Sand\u017eak PRESS\",\"description\":\"Prve elektronske novine u Sand\u017eaku\",\"publisher\":{\"@id\":\"https:\/\/sandzakpress.net\/arhiva\/#\/schema\/person\/6e72b67d6e51910a1117b3b483ba20bd\"},\"potentialAction\":[{\"@type\":\"SearchAction\",\"target\":{\"@type\":\"EntryPoint\",\"urlTemplate\":\"https:\/\/sandzakpress.net\/arhiva\/?s={search_term_string}\"},\"query-input\":{\"@type\":\"PropertyValueSpecification\",\"valueRequired\":true,\"valueName\":\"search_term_string\"}}],\"inLanguage\":\"bs-BA\"},{\"@type\":[\"Person\",\"Organization\"],\"@id\":\"https:\/\/sandzakpress.net\/arhiva\/#\/schema\/person\/6e72b67d6e51910a1117b3b483ba20bd\",\"name\":\"Kul\",\"image\":{\"@type\":\"ImageObject\",\"inLanguage\":\"bs-BA\",\"@id\":\"https:\/\/sandzakpress.net\/arhiva\/#\/schema\/person\/image\/\",\"url\":\"https:\/\/secure.gravatar.com\/avatar\/42263f39aa27ac04c43cab85c280eb2e?s=96&d=mm&r=pg\",\"contentUrl\":\"https:\/\/secure.gravatar.com\/avatar\/42263f39aa27ac04c43cab85c280eb2e?s=96&d=mm&r=pg\",\"caption\":\"Kul\"},\"logo\":{\"@id\":\"https:\/\/sandzakpress.net\/arhiva\/#\/schema\/person\/image\/\"}},{\"@type\":\"Person\",\"@id\":\"https:\/\/sandzakpress.net\/arhiva\/#\/schema\/person\/c8baee722073534b583ea7bdb2e36c02\",\"name\":\"bosniak\",\"image\":{\"@type\":\"ImageObject\",\"inLanguage\":\"bs-BA\",\"@id\":\"https:\/\/sandzakpress.net\/arhiva\/#\/schema\/person\/image\/\",\"url\":\"https:\/\/secure.gravatar.com\/avatar\/a04fd330bfe3a36a72a0ad4a6d89fca7?s=96&d=mm&r=pg\",\"contentUrl\":\"https:\/\/secure.gravatar.com\/avatar\/a04fd330bfe3a36a72a0ad4a6d89fca7?s=96&d=mm&r=pg\",\"caption\":\"bosniak\"},\"url\":\"https:\/\/sandzakpress.net\/arhiva\/author\/bosniak\/\"}]}<\/script>\n<!-- \/ Yoast SEO Premium plugin. -->","yoast_head_json":{"title":"Porodica Gegi\u0107 evakuisana iz Jemena","robots":{"index":"index","follow":"follow","max-snippet":"max-snippet:-1","max-image-preview":"max-image-preview:large","max-video-preview":"max-video-preview:-1"},"canonical":"https:\/\/sandzakpress.net\/arhiva\/porodica-gegic-evakuisana-iz-jemena\/","og_locale":"bs_BA","og_type":"article","og_title":"Porodica Gegi\u0107 evakuisana iz Jemena","og_description":"Tutin &#8211; Dr\u017eavljanin Srbije Muhedin Gegi\u0107, koji je s porodicom bio zarobljen u ratom zahva\u0107enom Jemenu, evakuisan je iz Sane i o\u010dekuje se da \u0107e ve\u010deras sti\u0107i u Srbiju, saop\u0161tilo je danas Ministarstvo spoljnih poslova Srbije. &#8220;Posle vi\u0161enedeljnih napora, uz pomo\u0107 ambasada Srbije u Ujedinjenim Arapskim Emiratima i Ruskoj Federaciji, priveden je kraju proces evakuacije [&hellip;]","og_url":"https:\/\/sandzakpress.net\/arhiva\/porodica-gegic-evakuisana-iz-jemena\/","og_site_name":"Sand\u017eak PRESS","article_published_time":"2015-04-23T14:37:11+00:00","og_image":[{"width":500,"height":288,"url":"https:\/\/sandzakpress.net\/arhiva\/wp-content\/uploads\/2015\/04\/muhedin_gegic_1.jpg","type":"image\/jpeg"}],"author":"bosniak","twitter_card":"summary_large_image","twitter_misc":{"Written by":"bosniak","Est. reading time":"1 minuta"},"schema":{"@context":"https:\/\/schema.org","@graph":[{"@type":"Article","@id":"https:\/\/sandzakpress.net\/arhiva\/porodica-gegic-evakuisana-iz-jemena\/#article","isPartOf":{"@id":"https:\/\/sandzakpress.net\/arhiva\/porodica-gegic-evakuisana-iz-jemena\/"},"author":{"name":"bosniak","@id":"https:\/\/sandzakpress.net\/arhiva\/#\/schema\/person\/c8baee722073534b583ea7bdb2e36c02"},"headline":"Porodica Gegi\u0107 evakuisana iz Jemena","datePublished":"2015-04-23T14:37:11+00:00","mainEntityOfPage":{"@id":"https:\/\/sandzakpress.net\/arhiva\/porodica-gegic-evakuisana-iz-jemena\/"},"wordCount":125,"commentCount":35,"publisher":{"@id":"https:\/\/sandzakpress.net\/arhiva\/#\/schema\/person\/6e72b67d6e51910a1117b3b483ba20bd"},"image":{"@id":"https:\/\/sandzakpress.net\/arhiva\/porodica-gegic-evakuisana-iz-jemena\/#primaryimage"},"thumbnailUrl":"https:\/\/sandzakpress.net\/arhiva\/wp-content\/uploads\/2015\/04\/muhedin_gegic_1.jpg","articleSection":["Tutin","Hronika","VIJESTI DANA","NAJNOVIJE"],"inLanguage":"bs-BA","potentialAction":[{"@type":"CommentAction","name":"Comment","target":["https:\/\/sandzakpress.net\/arhiva\/porodica-gegic-evakuisana-iz-jemena\/#respond"]}]},{"@type":"WebPage","@id":"https:\/\/sandzakpress.net\/arhiva\/porodica-gegic-evakuisana-iz-jemena\/","url":"https:\/\/sandzakpress.net\/arhiva\/porodica-gegic-evakuisana-iz-jemena\/","name":"Porodica Gegi\u0107 evakuisana iz Jemena","isPartOf":{"@id":"https:\/\/sandzakpress.net\/arhiva\/#website"},"primaryImageOfPage":{"@id":"https:\/\/sandzakpress.net\/arhiva\/porodica-gegic-evakuisana-iz-jemena\/#primaryimage"},"image":{"@id":"https:\/\/sandzakpress.net\/arhiva\/porodica-gegic-evakuisana-iz-jemena\/#primaryimage"},"thumbnailUrl":"https:\/\/sandzakpress.net\/arhiva\/wp-content\/uploads\/2015\/04\/muhedin_gegic_1.jpg","datePublished":"2015-04-23T14:37:11+00:00","breadcrumb":{"@id":"https:\/\/sandzakpress.net\/arhiva\/porodica-gegic-evakuisana-iz-jemena\/#breadcrumb"},"inLanguage":"bs-BA","potentialAction":[{"@type":"ReadAction","target":["https:\/\/sandzakpress.net\/arhiva\/porodica-gegic-evakuisana-iz-jemena\/"]}]},{"@type":"ImageObject","inLanguage":"bs-BA","@id":"https:\/\/sandzakpress.net\/arhiva\/porodica-gegic-evakuisana-iz-jemena\/#primaryimage","url":"https:\/\/sandzakpress.net\/arhiva\/wp-content\/uploads\/2015\/04\/muhedin_gegic_1.jpg","contentUrl":"https:\/\/sandzakpress.net\/arhiva\/wp-content\/uploads\/2015\/04\/muhedin_gegic_1.jpg","width":500,"height":288},{"@type":"BreadcrumbList","@id":"https:\/\/sandzakpress.net\/arhiva\/porodica-gegic-evakuisana-iz-jemena\/#breadcrumb","itemListElement":[{"@type":"ListItem","position":1,"name":"Home","item":"https:\/\/sandzakpress.net\/arhiva\/"},{"@type":"ListItem","position":2,"name":"Porodica Gegi\u0107 evakuisana iz Jemena"}]},{"@type":"WebSite","@id":"https:\/\/sandzakpress.net\/arhiva\/#website","url":"https:\/\/sandzakpress.net\/arhiva\/","name":"Sand\u017eak PRESS","description":"Prve elektronske novine u Sand\u017eaku","publisher":{"@id":"https:\/\/sandzakpress.net\/arhiva\/#\/schema\/person\/6e72b67d6e51910a1117b3b483ba20bd"},"potentialAction":[{"@type":"SearchAction","target":{"@type":"EntryPoint","urlTemplate":"https:\/\/sandzakpress.net\/arhiva\/?s={search_term_string}"},"query-input":{"@type":"PropertyValueSpecification","valueRequired":true,"valueName":"search_term_string"}}],"inLanguage":"bs-BA"},{"@type":["Person","Organization"],"@id":"https:\/\/sandzakpress.net\/arhiva\/#\/schema\/person\/6e72b67d6e51910a1117b3b483ba20bd","name":"Kul","image":{"@type":"ImageObject","inLanguage":"bs-BA","@id":"https:\/\/sandzakpress.net\/arhiva\/#\/schema\/person\/image\/","url":"https:\/\/secure.gravatar.com\/avatar\/42263f39aa27ac04c43cab85c280eb2e?s=96&d=mm&r=pg","contentUrl":"https:\/\/secure.gravatar.com\/avatar\/42263f39aa27ac04c43cab85c280eb2e?s=96&d=mm&r=pg","caption":"Kul"},"logo":{"@id":"https:\/\/sandzakpress.net\/arhiva\/#\/schema\/person\/image\/"}},{"@type":"Person","@id":"https:\/\/sandzakpress.net\/arhiva\/#\/schema\/person\/c8baee722073534b583ea7bdb2e36c02","name":"bosniak","image":{"@type":"ImageObject","inLanguage":"bs-BA","@id":"https:\/\/sandzakpress.net\/arhiva\/#\/schema\/person\/image\/","url":"https:\/\/secure.gravatar.com\/avatar\/a04fd330bfe3a36a72a0ad4a6d89fca7?s=96&d=mm&r=pg","contentUrl":"https:\/\/secure.gravatar.com\/avatar\/a04fd330bfe3a36a72a0ad4a6d89fca7?s=96&d=mm&r=pg","caption":"bosniak"},"url":"https:\/\/sandzakpress.net\/arhiva\/author\/bosniak\/"}]}},"_links":{"self":[{"href":"https:\/\/sandzakpress.net\/arhiva\/wp-json\/wp\/v2\/posts\/127204"}],"collection":[{"href":"https:\/\/sandzakpress.net\/arhiva\/wp-json\/wp\/v2\/posts"}],"about":[{"href":"https:\/\/sandzakpress.net\/arhiva\/wp-json\/wp\/v2\/types\/post"}],"author":[{"embeddable":true,"href":"https:\/\/sandzakpress.net\/arhiva\/wp-json\/wp\/v2\/users\/83"}],"replies":[{"embeddable":true,"href":"https:\/\/sandzakpress.net\/arhiva\/wp-json\/wp\/v2\/comments?post=127204"}],"version-history":[{"count":0,"href":"https:\/\/sandzakpress.net\/arhiva\/wp-json\/wp\/v2\/posts\/127204\/revisions"}],"wp:featuredmedia":[{"embeddable":true,"href":"https:\/\/sandzakpress.net\/arhiva\/wp-json\/wp\/v2\/media\/127205"}],"wp:attachment":[{"href":"https:\/\/sandzakpress.net\/arhiva\/wp-json\/wp\/v2\/media?parent=127204"}],"wp:term":[{"taxonomy":"category","embeddable":true,"href":"https:\/\/sandzakpress.net\/arhiva\/wp-json\/wp\/v2\/categories?post=127204"},{"taxonomy":"post_tag","embeddable":true,"href":"https:\/\/sandzakpress.net\/arhiva\/wp-json\/wp\/v2\/tags?post=127204"}],"curies":[{"name":"wp","href":"https:\/\/api.w.org\/{rel}","templated":true}]}}