{"id":127178,"date":"2015-04-23T10:37:02","date_gmt":"2015-04-23T08:37:02","guid":{"rendered":"https:\/\/sandzakpress.net\/arhiva\/?p=127178"},"modified":"2015-04-23T11:44:59","modified_gmt":"2015-04-23T09:44:59","slug":"turska-povukla-ambasadora-iz-austrije","status":"publish","type":"post","link":"https:\/\/sandzakpress.net\/arhiva\/turska-povukla-ambasadora-iz-austrije\/","title":{"rendered":"Turska povukla ambasadora iz Austrije"},"content":{"rendered":"<p class=\"standfirst\"><strong><a href=\"https:\/\/sandzakpress.net\/arhiva\/wp-content\/uploads\/2015\/04\/austrija.jpg\"><img loading=\"lazy\" decoding=\"async\" class=\" size-full wp-image-127179 aligncenter\" src=\"https:\/\/sandzakpress.net\/arhiva\/wp-content\/uploads\/2015\/04\/austrija.jpg\" alt=\"austrija\" width=\"600\" height=\"400\" \/><\/a>Turska &#8211; Turska je povukla ambasadora iz Austrije nakon \u0161to su zastupnici te dr\u017eave proglasili masakr Armenaca genocidom<\/strong><\/p>\n<p>Turska je povukla ambasadora iz Austrije nakon \u0161to su zastupnici te dr\u017eave proglasili masakr Armenacau posljednjim godinama Osmanskog carstva genocidom.<\/p>\n<p>Austrijski parlamentarci u utorak su objavili deklaraciju kojom se taj masakr naziva genocidom, prenosi Hina.<\/p>\n<p>&#8220;O\u010digledno je da \u0107e ta deklaracija austrijskog parlamenta ostaviti trajne mrlje na tursko-austrijskom prijateljstvu&#8221;, napisalo je tursko ministarstvo vanjskih poslova u priop\u0107enju.<\/p>\n<p>&#8220;Treba znati da Turska i turski narod ne\u0107e zaboraviti takvo vrije\u0111anje njezine historije&#8221;.<\/p>\n<p><strong>&#8216;\u017drtva manipulatora&#8217;<\/strong><\/p>\n<p>Ministarstvo je objavilo kako se \u010dini da je Austrija &#8220;postala \u017ertvom napora nekih krugova koji su odlu\u010dni manipulirati percepcijama&#8221; dok istodobno ignorira turske humanitarne inicijative.<\/p>\n<p>Ministarstvo tako\u0111er smatra uvredljivim \u0161to deklaracija ne spominje istovremena stradanja muslimana.<\/p>\n<p>Austrijski parlament nije izglasao formalnu rezoluciju ali je \u0161est odbora zajedni\u010dki objavilo taj tekst.<\/p>\n<p>Nekoliko evropskih zemalja, Evropski parlament, Kanada i zemlje Latinske Amerike taj zlo\u010din smatraju genocidom.<\/p>\n<p><em>Izvor: Agencije<\/em><\/p>\n","protected":false},"excerpt":{"rendered":"<p>Turska &#8211; Turska je povukla ambasadora iz Austrije nakon \u0161to su zastupnici te dr\u017eave proglasili masakr Armenaca genocidom Turska je povukla ambasadora iz Austrije nakon \u0161to su zastupnici te dr\u017eave proglasili masakr Armenacau posljednjim godinama Osmanskog carstva genocidom. Austrijski parlamentarci u utorak su objavili deklaraciju kojom se taj masakr naziva genocidom, prenosi Hina. &#8220;O\u010digledno je [&hellip;]<\/p>\n","protected":false},"author":83,"featured_media":127179,"comment_status":"open","ping_status":"open","sticky":false,"template":"","format":"standard","meta":{"footnotes":""},"categories":[9,8957,798,2692],"tags":[],"class_list":{"0":"post-127178","1":"post","2":"type-post","3":"status-publish","4":"format-standard","5":"has-post-thumbnail","7":"category-svijet","8":"category-vijesti-dana","9":"category-teme","10":"category-turska-gradovi"},"yoast_head":"<!-- This site is optimized with the Yoast SEO Premium plugin v23.1 (Yoast SEO v24.9) - https:\/\/yoast.com\/wordpress\/plugins\/seo\/ -->\n<title>Turska povukla ambasadora iz Austrije<\/title>\n<meta name=\"robots\" content=\"index, follow, max-snippet:-1, max-image-preview:large, max-video-preview:-1\" \/>\n<link rel=\"canonical\" href=\"https:\/\/sandzakpress.net\/arhiva\/turska-povukla-ambasadora-iz-austrije\/\" \/>\n<meta property=\"og:locale\" content=\"bs_BA\" \/>\n<meta property=\"og:type\" content=\"article\" \/>\n<meta property=\"og:title\" content=\"Turska povukla ambasadora iz Austrije\" \/>\n<meta property=\"og:description\" content=\"Turska &#8211; Turska je povukla ambasadora iz Austrije nakon \u0161to su zastupnici te dr\u017eave proglasili masakr Armenaca genocidom Turska je povukla ambasadora iz Austrije nakon \u0161to su zastupnici te dr\u017eave proglasili masakr Armenacau posljednjim godinama Osmanskog carstva genocidom. Austrijski parlamentarci u utorak su objavili deklaraciju kojom se taj masakr naziva genocidom, prenosi Hina. &#8220;O\u010digledno je [&hellip;]\" \/>\n<meta property=\"og:url\" content=\"https:\/\/sandzakpress.net\/arhiva\/turska-povukla-ambasadora-iz-austrije\/\" \/>\n<meta property=\"og:site_name\" content=\"Sand\u017eak PRESS\" \/>\n<meta property=\"article:published_time\" content=\"2015-04-23T08:37:02+00:00\" \/>\n<meta property=\"article:modified_time\" content=\"2015-04-23T09:44:59+00:00\" \/>\n<meta property=\"og:image\" content=\"https:\/\/sandzakpress.net\/arhiva\/wp-content\/uploads\/2015\/04\/austrija.jpg\" \/>\n\t<meta property=\"og:image:width\" content=\"600\" \/>\n\t<meta property=\"og:image:height\" content=\"400\" \/>\n\t<meta property=\"og:image:type\" content=\"image\/jpeg\" \/>\n<meta name=\"author\" content=\"bosniak\" \/>\n<meta name=\"twitter:card\" content=\"summary_large_image\" \/>\n<meta name=\"twitter:label1\" content=\"Written by\" \/>\n\t<meta name=\"twitter:data1\" content=\"bosniak\" \/>\n\t<meta name=\"twitter:label2\" content=\"Est. reading time\" \/>\n\t<meta name=\"twitter:data2\" content=\"1 minuta\" \/>\n<script type=\"application\/ld+json\" class=\"yoast-schema-graph\">{\"@context\":\"https:\/\/schema.org\",\"@graph\":[{\"@type\":\"Article\",\"@id\":\"https:\/\/sandzakpress.net\/arhiva\/turska-povukla-ambasadora-iz-austrije\/#article\",\"isPartOf\":{\"@id\":\"https:\/\/sandzakpress.net\/arhiva\/turska-povukla-ambasadora-iz-austrije\/\"},\"author\":{\"name\":\"bosniak\",\"@id\":\"https:\/\/sandzakpress.net\/arhiva\/#\/schema\/person\/c8baee722073534b583ea7bdb2e36c02\"},\"headline\":\"Turska povukla ambasadora iz Austrije\",\"datePublished\":\"2015-04-23T08:37:02+00:00\",\"dateModified\":\"2015-04-23T09:44:59+00:00\",\"mainEntityOfPage\":{\"@id\":\"https:\/\/sandzakpress.net\/arhiva\/turska-povukla-ambasadora-iz-austrije\/\"},\"wordCount\":171,\"commentCount\":12,\"publisher\":{\"@id\":\"https:\/\/sandzakpress.net\/arhiva\/#\/schema\/person\/6e72b67d6e51910a1117b3b483ba20bd\"},\"image\":{\"@id\":\"https:\/\/sandzakpress.net\/arhiva\/turska-povukla-ambasadora-iz-austrije\/#primaryimage\"},\"thumbnailUrl\":\"https:\/\/sandzakpress.net\/arhiva\/wp-content\/uploads\/2015\/04\/austrija.jpg\",\"articleSection\":[\"Svijet\",\"VIJESTI DANA\",\"NAJNOVIJE\",\"Turska\"],\"inLanguage\":\"bs-BA\",\"potentialAction\":[{\"@type\":\"CommentAction\",\"name\":\"Comment\",\"target\":[\"https:\/\/sandzakpress.net\/arhiva\/turska-povukla-ambasadora-iz-austrije\/#respond\"]}]},{\"@type\":\"WebPage\",\"@id\":\"https:\/\/sandzakpress.net\/arhiva\/turska-povukla-ambasadora-iz-austrije\/\",\"url\":\"https:\/\/sandzakpress.net\/arhiva\/turska-povukla-ambasadora-iz-austrije\/\",\"name\":\"Turska povukla ambasadora iz Austrije\",\"isPartOf\":{\"@id\":\"https:\/\/sandzakpress.net\/arhiva\/#website\"},\"primaryImageOfPage\":{\"@id\":\"https:\/\/sandzakpress.net\/arhiva\/turska-povukla-ambasadora-iz-austrije\/#primaryimage\"},\"image\":{\"@id\":\"https:\/\/sandzakpress.net\/arhiva\/turska-povukla-ambasadora-iz-austrije\/#primaryimage\"},\"thumbnailUrl\":\"https:\/\/sandzakpress.net\/arhiva\/wp-content\/uploads\/2015\/04\/austrija.jpg\",\"datePublished\":\"2015-04-23T08:37:02+00:00\",\"dateModified\":\"2015-04-23T09:44:59+00:00\",\"breadcrumb\":{\"@id\":\"https:\/\/sandzakpress.net\/arhiva\/turska-povukla-ambasadora-iz-austrije\/#breadcrumb\"},\"inLanguage\":\"bs-BA\",\"potentialAction\":[{\"@type\":\"ReadAction\",\"target\":[\"https:\/\/sandzakpress.net\/arhiva\/turska-povukla-ambasadora-iz-austrije\/\"]}]},{\"@type\":\"ImageObject\",\"inLanguage\":\"bs-BA\",\"@id\":\"https:\/\/sandzakpress.net\/arhiva\/turska-povukla-ambasadora-iz-austrije\/#primaryimage\",\"url\":\"https:\/\/sandzakpress.net\/arhiva\/wp-content\/uploads\/2015\/04\/austrija.jpg\",\"contentUrl\":\"https:\/\/sandzakpress.net\/arhiva\/wp-content\/uploads\/2015\/04\/austrija.jpg\",\"width\":600,\"height\":400},{\"@type\":\"BreadcrumbList\",\"@id\":\"https:\/\/sandzakpress.net\/arhiva\/turska-povukla-ambasadora-iz-austrije\/#breadcrumb\",\"itemListElement\":[{\"@type\":\"ListItem\",\"position\":1,\"name\":\"Home\",\"item\":\"https:\/\/sandzakpress.net\/arhiva\/\"},{\"@type\":\"ListItem\",\"position\":2,\"name\":\"Turska povukla ambasadora iz Austrije\"}]},{\"@type\":\"WebSite\",\"@id\":\"https:\/\/sandzakpress.net\/arhiva\/#website\",\"url\":\"https:\/\/sandzakpress.net\/arhiva\/\",\"name\":\"Sand\u017eak PRESS\",\"description\":\"Prve elektronske novine u Sand\u017eaku\",\"publisher\":{\"@id\":\"https:\/\/sandzakpress.net\/arhiva\/#\/schema\/person\/6e72b67d6e51910a1117b3b483ba20bd\"},\"potentialAction\":[{\"@type\":\"SearchAction\",\"target\":{\"@type\":\"EntryPoint\",\"urlTemplate\":\"https:\/\/sandzakpress.net\/arhiva\/?s={search_term_string}\"},\"query-input\":{\"@type\":\"PropertyValueSpecification\",\"valueRequired\":true,\"valueName\":\"search_term_string\"}}],\"inLanguage\":\"bs-BA\"},{\"@type\":[\"Person\",\"Organization\"],\"@id\":\"https:\/\/sandzakpress.net\/arhiva\/#\/schema\/person\/6e72b67d6e51910a1117b3b483ba20bd\",\"name\":\"Kul\",\"image\":{\"@type\":\"ImageObject\",\"inLanguage\":\"bs-BA\",\"@id\":\"https:\/\/sandzakpress.net\/arhiva\/#\/schema\/person\/image\/\",\"url\":\"https:\/\/secure.gravatar.com\/avatar\/42263f39aa27ac04c43cab85c280eb2e?s=96&d=mm&r=pg\",\"contentUrl\":\"https:\/\/secure.gravatar.com\/avatar\/42263f39aa27ac04c43cab85c280eb2e?s=96&d=mm&r=pg\",\"caption\":\"Kul\"},\"logo\":{\"@id\":\"https:\/\/sandzakpress.net\/arhiva\/#\/schema\/person\/image\/\"}},{\"@type\":\"Person\",\"@id\":\"https:\/\/sandzakpress.net\/arhiva\/#\/schema\/person\/c8baee722073534b583ea7bdb2e36c02\",\"name\":\"bosniak\",\"image\":{\"@type\":\"ImageObject\",\"inLanguage\":\"bs-BA\",\"@id\":\"https:\/\/sandzakpress.net\/arhiva\/#\/schema\/person\/image\/\",\"url\":\"https:\/\/secure.gravatar.com\/avatar\/a04fd330bfe3a36a72a0ad4a6d89fca7?s=96&d=mm&r=pg\",\"contentUrl\":\"https:\/\/secure.gravatar.com\/avatar\/a04fd330bfe3a36a72a0ad4a6d89fca7?s=96&d=mm&r=pg\",\"caption\":\"bosniak\"},\"url\":\"https:\/\/sandzakpress.net\/arhiva\/author\/bosniak\/\"}]}<\/script>\n<!-- \/ Yoast SEO Premium plugin. -->","yoast_head_json":{"title":"Turska povukla ambasadora iz Austrije","robots":{"index":"index","follow":"follow","max-snippet":"max-snippet:-1","max-image-preview":"max-image-preview:large","max-video-preview":"max-video-preview:-1"},"canonical":"https:\/\/sandzakpress.net\/arhiva\/turska-povukla-ambasadora-iz-austrije\/","og_locale":"bs_BA","og_type":"article","og_title":"Turska povukla ambasadora iz Austrije","og_description":"Turska &#8211; Turska je povukla ambasadora iz Austrije nakon \u0161to su zastupnici te dr\u017eave proglasili masakr Armenaca genocidom Turska je povukla ambasadora iz Austrije nakon \u0161to su zastupnici te dr\u017eave proglasili masakr Armenacau posljednjim godinama Osmanskog carstva genocidom. Austrijski parlamentarci u utorak su objavili deklaraciju kojom se taj masakr naziva genocidom, prenosi Hina. &#8220;O\u010digledno je [&hellip;]","og_url":"https:\/\/sandzakpress.net\/arhiva\/turska-povukla-ambasadora-iz-austrije\/","og_site_name":"Sand\u017eak PRESS","article_published_time":"2015-04-23T08:37:02+00:00","article_modified_time":"2015-04-23T09:44:59+00:00","og_image":[{"width":600,"height":400,"url":"https:\/\/sandzakpress.net\/arhiva\/wp-content\/uploads\/2015\/04\/austrija.jpg","type":"image\/jpeg"}],"author":"bosniak","twitter_card":"summary_large_image","twitter_misc":{"Written by":"bosniak","Est. reading time":"1 minuta"},"schema":{"@context":"https:\/\/schema.org","@graph":[{"@type":"Article","@id":"https:\/\/sandzakpress.net\/arhiva\/turska-povukla-ambasadora-iz-austrije\/#article","isPartOf":{"@id":"https:\/\/sandzakpress.net\/arhiva\/turska-povukla-ambasadora-iz-austrije\/"},"author":{"name":"bosniak","@id":"https:\/\/sandzakpress.net\/arhiva\/#\/schema\/person\/c8baee722073534b583ea7bdb2e36c02"},"headline":"Turska povukla ambasadora iz Austrije","datePublished":"2015-04-23T08:37:02+00:00","dateModified":"2015-04-23T09:44:59+00:00","mainEntityOfPage":{"@id":"https:\/\/sandzakpress.net\/arhiva\/turska-povukla-ambasadora-iz-austrije\/"},"wordCount":171,"commentCount":12,"publisher":{"@id":"https:\/\/sandzakpress.net\/arhiva\/#\/schema\/person\/6e72b67d6e51910a1117b3b483ba20bd"},"image":{"@id":"https:\/\/sandzakpress.net\/arhiva\/turska-povukla-ambasadora-iz-austrije\/#primaryimage"},"thumbnailUrl":"https:\/\/sandzakpress.net\/arhiva\/wp-content\/uploads\/2015\/04\/austrija.jpg","articleSection":["Svijet","VIJESTI DANA","NAJNOVIJE","Turska"],"inLanguage":"bs-BA","potentialAction":[{"@type":"CommentAction","name":"Comment","target":["https:\/\/sandzakpress.net\/arhiva\/turska-povukla-ambasadora-iz-austrije\/#respond"]}]},{"@type":"WebPage","@id":"https:\/\/sandzakpress.net\/arhiva\/turska-povukla-ambasadora-iz-austrije\/","url":"https:\/\/sandzakpress.net\/arhiva\/turska-povukla-ambasadora-iz-austrije\/","name":"Turska povukla ambasadora iz Austrije","isPartOf":{"@id":"https:\/\/sandzakpress.net\/arhiva\/#website"},"primaryImageOfPage":{"@id":"https:\/\/sandzakpress.net\/arhiva\/turska-povukla-ambasadora-iz-austrije\/#primaryimage"},"image":{"@id":"https:\/\/sandzakpress.net\/arhiva\/turska-povukla-ambasadora-iz-austrije\/#primaryimage"},"thumbnailUrl":"https:\/\/sandzakpress.net\/arhiva\/wp-content\/uploads\/2015\/04\/austrija.jpg","datePublished":"2015-04-23T08:37:02+00:00","dateModified":"2015-04-23T09:44:59+00:00","breadcrumb":{"@id":"https:\/\/sandzakpress.net\/arhiva\/turska-povukla-ambasadora-iz-austrije\/#breadcrumb"},"inLanguage":"bs-BA","potentialAction":[{"@type":"ReadAction","target":["https:\/\/sandzakpress.net\/arhiva\/turska-povukla-ambasadora-iz-austrije\/"]}]},{"@type":"ImageObject","inLanguage":"bs-BA","@id":"https:\/\/sandzakpress.net\/arhiva\/turska-povukla-ambasadora-iz-austrije\/#primaryimage","url":"https:\/\/sandzakpress.net\/arhiva\/wp-content\/uploads\/2015\/04\/austrija.jpg","contentUrl":"https:\/\/sandzakpress.net\/arhiva\/wp-content\/uploads\/2015\/04\/austrija.jpg","width":600,"height":400},{"@type":"BreadcrumbList","@id":"https:\/\/sandzakpress.net\/arhiva\/turska-povukla-ambasadora-iz-austrije\/#breadcrumb","itemListElement":[{"@type":"ListItem","position":1,"name":"Home","item":"https:\/\/sandzakpress.net\/arhiva\/"},{"@type":"ListItem","position":2,"name":"Turska povukla ambasadora iz Austrije"}]},{"@type":"WebSite","@id":"https:\/\/sandzakpress.net\/arhiva\/#website","url":"https:\/\/sandzakpress.net\/arhiva\/","name":"Sand\u017eak PRESS","description":"Prve elektronske novine u Sand\u017eaku","publisher":{"@id":"https:\/\/sandzakpress.net\/arhiva\/#\/schema\/person\/6e72b67d6e51910a1117b3b483ba20bd"},"potentialAction":[{"@type":"SearchAction","target":{"@type":"EntryPoint","urlTemplate":"https:\/\/sandzakpress.net\/arhiva\/?s={search_term_string}"},"query-input":{"@type":"PropertyValueSpecification","valueRequired":true,"valueName":"search_term_string"}}],"inLanguage":"bs-BA"},{"@type":["Person","Organization"],"@id":"https:\/\/sandzakpress.net\/arhiva\/#\/schema\/person\/6e72b67d6e51910a1117b3b483ba20bd","name":"Kul","image":{"@type":"ImageObject","inLanguage":"bs-BA","@id":"https:\/\/sandzakpress.net\/arhiva\/#\/schema\/person\/image\/","url":"https:\/\/secure.gravatar.com\/avatar\/42263f39aa27ac04c43cab85c280eb2e?s=96&d=mm&r=pg","contentUrl":"https:\/\/secure.gravatar.com\/avatar\/42263f39aa27ac04c43cab85c280eb2e?s=96&d=mm&r=pg","caption":"Kul"},"logo":{"@id":"https:\/\/sandzakpress.net\/arhiva\/#\/schema\/person\/image\/"}},{"@type":"Person","@id":"https:\/\/sandzakpress.net\/arhiva\/#\/schema\/person\/c8baee722073534b583ea7bdb2e36c02","name":"bosniak","image":{"@type":"ImageObject","inLanguage":"bs-BA","@id":"https:\/\/sandzakpress.net\/arhiva\/#\/schema\/person\/image\/","url":"https:\/\/secure.gravatar.com\/avatar\/a04fd330bfe3a36a72a0ad4a6d89fca7?s=96&d=mm&r=pg","contentUrl":"https:\/\/secure.gravatar.com\/avatar\/a04fd330bfe3a36a72a0ad4a6d89fca7?s=96&d=mm&r=pg","caption":"bosniak"},"url":"https:\/\/sandzakpress.net\/arhiva\/author\/bosniak\/"}]}},"_links":{"self":[{"href":"https:\/\/sandzakpress.net\/arhiva\/wp-json\/wp\/v2\/posts\/127178"}],"collection":[{"href":"https:\/\/sandzakpress.net\/arhiva\/wp-json\/wp\/v2\/posts"}],"about":[{"href":"https:\/\/sandzakpress.net\/arhiva\/wp-json\/wp\/v2\/types\/post"}],"author":[{"embeddable":true,"href":"https:\/\/sandzakpress.net\/arhiva\/wp-json\/wp\/v2\/users\/83"}],"replies":[{"embeddable":true,"href":"https:\/\/sandzakpress.net\/arhiva\/wp-json\/wp\/v2\/comments?post=127178"}],"version-history":[{"count":0,"href":"https:\/\/sandzakpress.net\/arhiva\/wp-json\/wp\/v2\/posts\/127178\/revisions"}],"wp:featuredmedia":[{"embeddable":true,"href":"https:\/\/sandzakpress.net\/arhiva\/wp-json\/wp\/v2\/media\/127179"}],"wp:attachment":[{"href":"https:\/\/sandzakpress.net\/arhiva\/wp-json\/wp\/v2\/media?parent=127178"}],"wp:term":[{"taxonomy":"category","embeddable":true,"href":"https:\/\/sandzakpress.net\/arhiva\/wp-json\/wp\/v2\/categories?post=127178"},{"taxonomy":"post_tag","embeddable":true,"href":"https:\/\/sandzakpress.net\/arhiva\/wp-json\/wp\/v2\/tags?post=127178"}],"curies":[{"name":"wp","href":"https:\/\/api.w.org\/{rel}","templated":true}]}}