{"id":127100,"date":"2015-04-21T13:49:00","date_gmt":"2015-04-21T11:49:00","guid":{"rendered":"https:\/\/sandzakpress.net\/arhiva\/?p=127100"},"modified":"2015-04-21T14:04:19","modified_gmt":"2015-04-21T12:04:19","slug":"cavusoglu-predsjednici-erdogan-i-obama-ce-svecano-otvoriti-dzamiju-u-sad-u","status":"publish","type":"post","link":"https:\/\/sandzakpress.net\/arhiva\/erdogan-i-obama-csde-svecano-otvoriti-dzamiju-u-sad-u","title":{"rendered":"Erdogan i Obama sve\u010dano otvaraju d\u017eamiju u SAD-u"},"content":{"rendered":"<div><img decoding=\"async\" src=\"http:\/\/saznajemo.net\/wp-content\/uploads\/2015\/04\/IMG_1847-640x512.jpg\" alt=\"\" \/><\/div>\n<div><strong>Amerika &#8211; Predsjednici Turske i Sjedinjenih Ameri\u010dkih Dr\u017eava sve\u010dano \u0107e otvoriti Centar tursko-ameri\u010dke kulture i civilizacije u Marylandu, najavio je turski ministar vanjskih poslova, Mevlut \u010cavu\u0161oglu. U sklopu tog centra je i manja d\u017eamija.<\/strong><\/div>\n<div>\u00a0<\/div>\n<div>\u010cavu\u0161oglu je izvijestio da je predsjednik Recep Tayyip Erdogan zatra\u017eio od ameri\u010dkog predsjednika Baracka Obame da mu se pridru\u017ei u otvaranju pomenutog Centra i d\u017eamije, na \u0161to je Obama \u201cu principu\u201d pristao. Ukoliko mu to njegove obaveze dozvole, Obama \u0107e se pridru\u017eiti Erdoganu.<\/div>\n<div>\u00a0<\/div>\n<div>Kompleks je izgra\u0111en na velikoj povr\u0161ini, a \u010dine ga kahved\u017einica, prodavnice suvenira, kulturni centar, amfiteatar i izlo\u017ebena dvorana, kompjuterska sala, biblioteka, gostinjska ku\u0107a i hamam \u2013 tursko kupatilo.\u00a0<\/div>\n<div>\u00a0<\/div>\n<div>Centar je izgra\u0111en na mjestu gdje svi muslimani iz SAD-a mogu do\u0107i i dru\u017eiti se i moliti u miru. Muslimani \u0161irom svijeta su suo\u010deni sa brojnim izazovima, naro\u010dito onim uzrokovanim islamofobijom.<\/div>\n<div>\u00a0<\/div>\n<div>\u201cNa\u0161a du\u017enost je da govorimo o istinskom islamu, kao vjeri mira. Islam ne toleri\u0161e terorizam. Na\u017ealost, teroristi\u010dke grupe poput el-Kaide i ISIS-a su naru\u0161ile tu sliku,\u201d kazao je ministar na sastanku sa predstavnicima muslimanske zajednice, skre\u0107u\u0107i pa\u017enju na sve u\u010destalije izljeve islamofobije. Kazao je kako ISIS nije ni islamska niti je dr\u017eava.<\/div>\n<div>\u00a0<\/div>\n<div>\u010cavu\u0161oglu je podsjetio da je Turska doprinijela izgradnji sli\u010dnih centara u Somaliji, D\u017eibutiju i Mijanmaru.<\/div>\n<div>\u00a0<\/div>\n<div>(AA)<\/div>\n","protected":false},"excerpt":{"rendered":"<p>Amerika &#8211; Predsjednici Turske i Sjedinjenih Ameri\u010dkih Dr\u017eava sve\u010dano \u0107e otvoriti Centar tursko-ameri\u010dke kulture i civilizacije u Marylandu, najavio je turski ministar vanjskih poslova, Mevlut \u010cavu\u0161oglu. U sklopu tog centra je i manja d\u017eamija. \u00a0 \u010cavu\u0161oglu je izvijestio da je predsjednik Recep Tayyip Erdogan zatra\u017eio od ameri\u010dkog predsjednika Baracka Obame da mu se pridru\u017ei u [&hellip;]<\/p>\n","protected":false},"author":83,"featured_media":127101,"comment_status":"open","ping_status":"open","sticky":false,"template":"","format":"standard","meta":{"footnotes":""},"categories":[3012,9,2692],"tags":[],"class_list":{"0":"post-127100","1":"post","2":"type-post","3":"status-publish","4":"format-standard","5":"has-post-thumbnail","7":"category-amerika-gradovi","8":"category-svijet","9":"category-turska-gradovi"},"yoast_head":"<!-- This site is optimized with the Yoast SEO Premium plugin v23.1 (Yoast SEO v24.9) - https:\/\/yoast.com\/wordpress\/plugins\/seo\/ -->\n<title>Erdogan i Obama sve\u010dano otvaraju d\u017eamiju u SAD-u<\/title>\n<meta name=\"robots\" content=\"index, follow, max-snippet:-1, max-image-preview:large, max-video-preview:-1\" \/>\n<link rel=\"canonical\" href=\"https:\/\/sandzakpress.net\/arhiva\/erdogan-i-obama-csde-svecano-otvoriti-dzamiju-u-sad-u\/\" \/>\n<meta property=\"og:locale\" content=\"bs_BA\" \/>\n<meta property=\"og:type\" content=\"article\" \/>\n<meta property=\"og:title\" content=\"Erdogan i Obama sve\u010dano otvaraju d\u017eamiju u SAD-u\" \/>\n<meta property=\"og:description\" content=\"Amerika &#8211; Predsjednici Turske i Sjedinjenih Ameri\u010dkih Dr\u017eava sve\u010dano \u0107e otvoriti Centar tursko-ameri\u010dke kulture i civilizacije u Marylandu, najavio je turski ministar vanjskih poslova, Mevlut \u010cavu\u0161oglu. U sklopu tog centra je i manja d\u017eamija. \u00a0 \u010cavu\u0161oglu je izvijestio da je predsjednik Recep Tayyip Erdogan zatra\u017eio od ameri\u010dkog predsjednika Baracka Obame da mu se pridru\u017ei u [&hellip;]\" \/>\n<meta property=\"og:url\" content=\"https:\/\/sandzakpress.net\/arhiva\/erdogan-i-obama-csde-svecano-otvoriti-dzamiju-u-sad-u\/\" \/>\n<meta property=\"og:site_name\" content=\"Sand\u017eak PRESS\" \/>\n<meta property=\"article:published_time\" content=\"2015-04-21T11:49:00+00:00\" \/>\n<meta property=\"article:modified_time\" content=\"2015-04-21T12:04:19+00:00\" \/>\n<meta property=\"og:image\" content=\"https:\/\/sandzakpress.net\/arhiva\/wp-content\/uploads\/2015\/04\/IMG_1847-640x512.jpg\" \/>\n\t<meta property=\"og:image:width\" content=\"640\" \/>\n\t<meta property=\"og:image:height\" content=\"512\" \/>\n\t<meta property=\"og:image:type\" content=\"image\/jpeg\" \/>\n<meta name=\"author\" content=\"bosniak\" \/>\n<meta name=\"twitter:card\" content=\"summary_large_image\" \/>\n<meta name=\"twitter:label1\" content=\"Written by\" \/>\n\t<meta name=\"twitter:data1\" content=\"bosniak\" \/>\n\t<meta name=\"twitter:label2\" content=\"Est. reading time\" \/>\n\t<meta name=\"twitter:data2\" content=\"1 minuta\" \/>\n<script type=\"application\/ld+json\" class=\"yoast-schema-graph\">{\"@context\":\"https:\/\/schema.org\",\"@graph\":[{\"@type\":\"Article\",\"@id\":\"https:\/\/sandzakpress.net\/arhiva\/erdogan-i-obama-csde-svecano-otvoriti-dzamiju-u-sad-u\/#article\",\"isPartOf\":{\"@id\":\"https:\/\/sandzakpress.net\/arhiva\/erdogan-i-obama-csde-svecano-otvoriti-dzamiju-u-sad-u\/\"},\"author\":{\"name\":\"bosniak\",\"@id\":\"https:\/\/sandzakpress.net\/arhiva\/#\/schema\/person\/c8baee722073534b583ea7bdb2e36c02\"},\"headline\":\"Erdogan i Obama sve\u010dano otvaraju d\u017eamiju u SAD-u\",\"datePublished\":\"2015-04-21T11:49:00+00:00\",\"dateModified\":\"2015-04-21T12:04:19+00:00\",\"mainEntityOfPage\":{\"@id\":\"https:\/\/sandzakpress.net\/arhiva\/erdogan-i-obama-csde-svecano-otvoriti-dzamiju-u-sad-u\/\"},\"wordCount\":249,\"commentCount\":12,\"publisher\":{\"@id\":\"https:\/\/sandzakpress.net\/arhiva\/#\/schema\/person\/6e72b67d6e51910a1117b3b483ba20bd\"},\"image\":{\"@id\":\"https:\/\/sandzakpress.net\/arhiva\/erdogan-i-obama-csde-svecano-otvoriti-dzamiju-u-sad-u\/#primaryimage\"},\"thumbnailUrl\":\"https:\/\/sandzakpress.net\/arhiva\/wp-content\/uploads\/2015\/04\/IMG_1847-640x512.jpg\",\"articleSection\":[\"Amerika\",\"Svijet\",\"Turska\"],\"inLanguage\":\"bs-BA\",\"potentialAction\":[{\"@type\":\"CommentAction\",\"name\":\"Comment\",\"target\":[\"https:\/\/sandzakpress.net\/arhiva\/erdogan-i-obama-csde-svecano-otvoriti-dzamiju-u-sad-u\/#respond\"]}]},{\"@type\":\"WebPage\",\"@id\":\"https:\/\/sandzakpress.net\/arhiva\/erdogan-i-obama-csde-svecano-otvoriti-dzamiju-u-sad-u\/\",\"url\":\"https:\/\/sandzakpress.net\/arhiva\/erdogan-i-obama-csde-svecano-otvoriti-dzamiju-u-sad-u\/\",\"name\":\"Erdogan i Obama sve\u010dano otvaraju d\u017eamiju u SAD-u\",\"isPartOf\":{\"@id\":\"https:\/\/sandzakpress.net\/arhiva\/#website\"},\"primaryImageOfPage\":{\"@id\":\"https:\/\/sandzakpress.net\/arhiva\/erdogan-i-obama-csde-svecano-otvoriti-dzamiju-u-sad-u\/#primaryimage\"},\"image\":{\"@id\":\"https:\/\/sandzakpress.net\/arhiva\/erdogan-i-obama-csde-svecano-otvoriti-dzamiju-u-sad-u\/#primaryimage\"},\"thumbnailUrl\":\"https:\/\/sandzakpress.net\/arhiva\/wp-content\/uploads\/2015\/04\/IMG_1847-640x512.jpg\",\"datePublished\":\"2015-04-21T11:49:00+00:00\",\"dateModified\":\"2015-04-21T12:04:19+00:00\",\"breadcrumb\":{\"@id\":\"https:\/\/sandzakpress.net\/arhiva\/erdogan-i-obama-csde-svecano-otvoriti-dzamiju-u-sad-u\/#breadcrumb\"},\"inLanguage\":\"bs-BA\",\"potentialAction\":[{\"@type\":\"ReadAction\",\"target\":[\"https:\/\/sandzakpress.net\/arhiva\/erdogan-i-obama-csde-svecano-otvoriti-dzamiju-u-sad-u\/\"]}]},{\"@type\":\"ImageObject\",\"inLanguage\":\"bs-BA\",\"@id\":\"https:\/\/sandzakpress.net\/arhiva\/erdogan-i-obama-csde-svecano-otvoriti-dzamiju-u-sad-u\/#primaryimage\",\"url\":\"https:\/\/sandzakpress.net\/arhiva\/wp-content\/uploads\/2015\/04\/IMG_1847-640x512.jpg\",\"contentUrl\":\"https:\/\/sandzakpress.net\/arhiva\/wp-content\/uploads\/2015\/04\/IMG_1847-640x512.jpg\",\"width\":640,\"height\":512},{\"@type\":\"BreadcrumbList\",\"@id\":\"https:\/\/sandzakpress.net\/arhiva\/erdogan-i-obama-csde-svecano-otvoriti-dzamiju-u-sad-u\/#breadcrumb\",\"itemListElement\":[{\"@type\":\"ListItem\",\"position\":1,\"name\":\"Home\",\"item\":\"https:\/\/sandzakpress.net\/arhiva\/\"},{\"@type\":\"ListItem\",\"position\":2,\"name\":\"Erdogan i Obama sve\u010dano otvaraju d\u017eamiju u SAD-u\"}]},{\"@type\":\"WebSite\",\"@id\":\"https:\/\/sandzakpress.net\/arhiva\/#website\",\"url\":\"https:\/\/sandzakpress.net\/arhiva\/\",\"name\":\"Sand\u017eak PRESS\",\"description\":\"Prve elektronske novine u Sand\u017eaku\",\"publisher\":{\"@id\":\"https:\/\/sandzakpress.net\/arhiva\/#\/schema\/person\/6e72b67d6e51910a1117b3b483ba20bd\"},\"potentialAction\":[{\"@type\":\"SearchAction\",\"target\":{\"@type\":\"EntryPoint\",\"urlTemplate\":\"https:\/\/sandzakpress.net\/arhiva\/?s={search_term_string}\"},\"query-input\":{\"@type\":\"PropertyValueSpecification\",\"valueRequired\":true,\"valueName\":\"search_term_string\"}}],\"inLanguage\":\"bs-BA\"},{\"@type\":[\"Person\",\"Organization\"],\"@id\":\"https:\/\/sandzakpress.net\/arhiva\/#\/schema\/person\/6e72b67d6e51910a1117b3b483ba20bd\",\"name\":\"Kul\",\"image\":{\"@type\":\"ImageObject\",\"inLanguage\":\"bs-BA\",\"@id\":\"https:\/\/sandzakpress.net\/arhiva\/#\/schema\/person\/image\/\",\"url\":\"https:\/\/secure.gravatar.com\/avatar\/42263f39aa27ac04c43cab85c280eb2e?s=96&d=mm&r=pg\",\"contentUrl\":\"https:\/\/secure.gravatar.com\/avatar\/42263f39aa27ac04c43cab85c280eb2e?s=96&d=mm&r=pg\",\"caption\":\"Kul\"},\"logo\":{\"@id\":\"https:\/\/sandzakpress.net\/arhiva\/#\/schema\/person\/image\/\"}},{\"@type\":\"Person\",\"@id\":\"https:\/\/sandzakpress.net\/arhiva\/#\/schema\/person\/c8baee722073534b583ea7bdb2e36c02\",\"name\":\"bosniak\",\"image\":{\"@type\":\"ImageObject\",\"inLanguage\":\"bs-BA\",\"@id\":\"https:\/\/sandzakpress.net\/arhiva\/#\/schema\/person\/image\/\",\"url\":\"https:\/\/secure.gravatar.com\/avatar\/a04fd330bfe3a36a72a0ad4a6d89fca7?s=96&d=mm&r=pg\",\"contentUrl\":\"https:\/\/secure.gravatar.com\/avatar\/a04fd330bfe3a36a72a0ad4a6d89fca7?s=96&d=mm&r=pg\",\"caption\":\"bosniak\"},\"url\":\"https:\/\/sandzakpress.net\/arhiva\/author\/bosniak\/\"}]}<\/script>\n<!-- \/ Yoast SEO Premium plugin. -->","yoast_head_json":{"title":"Erdogan i Obama sve\u010dano otvaraju d\u017eamiju u SAD-u","robots":{"index":"index","follow":"follow","max-snippet":"max-snippet:-1","max-image-preview":"max-image-preview:large","max-video-preview":"max-video-preview:-1"},"canonical":"https:\/\/sandzakpress.net\/arhiva\/erdogan-i-obama-csde-svecano-otvoriti-dzamiju-u-sad-u\/","og_locale":"bs_BA","og_type":"article","og_title":"Erdogan i Obama sve\u010dano otvaraju d\u017eamiju u SAD-u","og_description":"Amerika &#8211; Predsjednici Turske i Sjedinjenih Ameri\u010dkih Dr\u017eava sve\u010dano \u0107e otvoriti Centar tursko-ameri\u010dke kulture i civilizacije u Marylandu, najavio je turski ministar vanjskih poslova, Mevlut \u010cavu\u0161oglu. U sklopu tog centra je i manja d\u017eamija. \u00a0 \u010cavu\u0161oglu je izvijestio da je predsjednik Recep Tayyip Erdogan zatra\u017eio od ameri\u010dkog predsjednika Baracka Obame da mu se pridru\u017ei u [&hellip;]","og_url":"https:\/\/sandzakpress.net\/arhiva\/erdogan-i-obama-csde-svecano-otvoriti-dzamiju-u-sad-u\/","og_site_name":"Sand\u017eak PRESS","article_published_time":"2015-04-21T11:49:00+00:00","article_modified_time":"2015-04-21T12:04:19+00:00","og_image":[{"width":640,"height":512,"url":"https:\/\/sandzakpress.net\/arhiva\/wp-content\/uploads\/2015\/04\/IMG_1847-640x512.jpg","type":"image\/jpeg"}],"author":"bosniak","twitter_card":"summary_large_image","twitter_misc":{"Written by":"bosniak","Est. reading time":"1 minuta"},"schema":{"@context":"https:\/\/schema.org","@graph":[{"@type":"Article","@id":"https:\/\/sandzakpress.net\/arhiva\/erdogan-i-obama-csde-svecano-otvoriti-dzamiju-u-sad-u\/#article","isPartOf":{"@id":"https:\/\/sandzakpress.net\/arhiva\/erdogan-i-obama-csde-svecano-otvoriti-dzamiju-u-sad-u\/"},"author":{"name":"bosniak","@id":"https:\/\/sandzakpress.net\/arhiva\/#\/schema\/person\/c8baee722073534b583ea7bdb2e36c02"},"headline":"Erdogan i Obama sve\u010dano otvaraju d\u017eamiju u SAD-u","datePublished":"2015-04-21T11:49:00+00:00","dateModified":"2015-04-21T12:04:19+00:00","mainEntityOfPage":{"@id":"https:\/\/sandzakpress.net\/arhiva\/erdogan-i-obama-csde-svecano-otvoriti-dzamiju-u-sad-u\/"},"wordCount":249,"commentCount":12,"publisher":{"@id":"https:\/\/sandzakpress.net\/arhiva\/#\/schema\/person\/6e72b67d6e51910a1117b3b483ba20bd"},"image":{"@id":"https:\/\/sandzakpress.net\/arhiva\/erdogan-i-obama-csde-svecano-otvoriti-dzamiju-u-sad-u\/#primaryimage"},"thumbnailUrl":"https:\/\/sandzakpress.net\/arhiva\/wp-content\/uploads\/2015\/04\/IMG_1847-640x512.jpg","articleSection":["Amerika","Svijet","Turska"],"inLanguage":"bs-BA","potentialAction":[{"@type":"CommentAction","name":"Comment","target":["https:\/\/sandzakpress.net\/arhiva\/erdogan-i-obama-csde-svecano-otvoriti-dzamiju-u-sad-u\/#respond"]}]},{"@type":"WebPage","@id":"https:\/\/sandzakpress.net\/arhiva\/erdogan-i-obama-csde-svecano-otvoriti-dzamiju-u-sad-u\/","url":"https:\/\/sandzakpress.net\/arhiva\/erdogan-i-obama-csde-svecano-otvoriti-dzamiju-u-sad-u\/","name":"Erdogan i Obama sve\u010dano otvaraju d\u017eamiju u SAD-u","isPartOf":{"@id":"https:\/\/sandzakpress.net\/arhiva\/#website"},"primaryImageOfPage":{"@id":"https:\/\/sandzakpress.net\/arhiva\/erdogan-i-obama-csde-svecano-otvoriti-dzamiju-u-sad-u\/#primaryimage"},"image":{"@id":"https:\/\/sandzakpress.net\/arhiva\/erdogan-i-obama-csde-svecano-otvoriti-dzamiju-u-sad-u\/#primaryimage"},"thumbnailUrl":"https:\/\/sandzakpress.net\/arhiva\/wp-content\/uploads\/2015\/04\/IMG_1847-640x512.jpg","datePublished":"2015-04-21T11:49:00+00:00","dateModified":"2015-04-21T12:04:19+00:00","breadcrumb":{"@id":"https:\/\/sandzakpress.net\/arhiva\/erdogan-i-obama-csde-svecano-otvoriti-dzamiju-u-sad-u\/#breadcrumb"},"inLanguage":"bs-BA","potentialAction":[{"@type":"ReadAction","target":["https:\/\/sandzakpress.net\/arhiva\/erdogan-i-obama-csde-svecano-otvoriti-dzamiju-u-sad-u\/"]}]},{"@type":"ImageObject","inLanguage":"bs-BA","@id":"https:\/\/sandzakpress.net\/arhiva\/erdogan-i-obama-csde-svecano-otvoriti-dzamiju-u-sad-u\/#primaryimage","url":"https:\/\/sandzakpress.net\/arhiva\/wp-content\/uploads\/2015\/04\/IMG_1847-640x512.jpg","contentUrl":"https:\/\/sandzakpress.net\/arhiva\/wp-content\/uploads\/2015\/04\/IMG_1847-640x512.jpg","width":640,"height":512},{"@type":"BreadcrumbList","@id":"https:\/\/sandzakpress.net\/arhiva\/erdogan-i-obama-csde-svecano-otvoriti-dzamiju-u-sad-u\/#breadcrumb","itemListElement":[{"@type":"ListItem","position":1,"name":"Home","item":"https:\/\/sandzakpress.net\/arhiva\/"},{"@type":"ListItem","position":2,"name":"Erdogan i Obama sve\u010dano otvaraju d\u017eamiju u SAD-u"}]},{"@type":"WebSite","@id":"https:\/\/sandzakpress.net\/arhiva\/#website","url":"https:\/\/sandzakpress.net\/arhiva\/","name":"Sand\u017eak PRESS","description":"Prve elektronske novine u Sand\u017eaku","publisher":{"@id":"https:\/\/sandzakpress.net\/arhiva\/#\/schema\/person\/6e72b67d6e51910a1117b3b483ba20bd"},"potentialAction":[{"@type":"SearchAction","target":{"@type":"EntryPoint","urlTemplate":"https:\/\/sandzakpress.net\/arhiva\/?s={search_term_string}"},"query-input":{"@type":"PropertyValueSpecification","valueRequired":true,"valueName":"search_term_string"}}],"inLanguage":"bs-BA"},{"@type":["Person","Organization"],"@id":"https:\/\/sandzakpress.net\/arhiva\/#\/schema\/person\/6e72b67d6e51910a1117b3b483ba20bd","name":"Kul","image":{"@type":"ImageObject","inLanguage":"bs-BA","@id":"https:\/\/sandzakpress.net\/arhiva\/#\/schema\/person\/image\/","url":"https:\/\/secure.gravatar.com\/avatar\/42263f39aa27ac04c43cab85c280eb2e?s=96&d=mm&r=pg","contentUrl":"https:\/\/secure.gravatar.com\/avatar\/42263f39aa27ac04c43cab85c280eb2e?s=96&d=mm&r=pg","caption":"Kul"},"logo":{"@id":"https:\/\/sandzakpress.net\/arhiva\/#\/schema\/person\/image\/"}},{"@type":"Person","@id":"https:\/\/sandzakpress.net\/arhiva\/#\/schema\/person\/c8baee722073534b583ea7bdb2e36c02","name":"bosniak","image":{"@type":"ImageObject","inLanguage":"bs-BA","@id":"https:\/\/sandzakpress.net\/arhiva\/#\/schema\/person\/image\/","url":"https:\/\/secure.gravatar.com\/avatar\/a04fd330bfe3a36a72a0ad4a6d89fca7?s=96&d=mm&r=pg","contentUrl":"https:\/\/secure.gravatar.com\/avatar\/a04fd330bfe3a36a72a0ad4a6d89fca7?s=96&d=mm&r=pg","caption":"bosniak"},"url":"https:\/\/sandzakpress.net\/arhiva\/author\/bosniak\/"}]}},"_links":{"self":[{"href":"https:\/\/sandzakpress.net\/arhiva\/wp-json\/wp\/v2\/posts\/127100"}],"collection":[{"href":"https:\/\/sandzakpress.net\/arhiva\/wp-json\/wp\/v2\/posts"}],"about":[{"href":"https:\/\/sandzakpress.net\/arhiva\/wp-json\/wp\/v2\/types\/post"}],"author":[{"embeddable":true,"href":"https:\/\/sandzakpress.net\/arhiva\/wp-json\/wp\/v2\/users\/83"}],"replies":[{"embeddable":true,"href":"https:\/\/sandzakpress.net\/arhiva\/wp-json\/wp\/v2\/comments?post=127100"}],"version-history":[{"count":0,"href":"https:\/\/sandzakpress.net\/arhiva\/wp-json\/wp\/v2\/posts\/127100\/revisions"}],"wp:featuredmedia":[{"embeddable":true,"href":"https:\/\/sandzakpress.net\/arhiva\/wp-json\/wp\/v2\/media\/127101"}],"wp:attachment":[{"href":"https:\/\/sandzakpress.net\/arhiva\/wp-json\/wp\/v2\/media?parent=127100"}],"wp:term":[{"taxonomy":"category","embeddable":true,"href":"https:\/\/sandzakpress.net\/arhiva\/wp-json\/wp\/v2\/categories?post=127100"},{"taxonomy":"post_tag","embeddable":true,"href":"https:\/\/sandzakpress.net\/arhiva\/wp-json\/wp\/v2\/tags?post=127100"}],"curies":[{"name":"wp","href":"https:\/\/api.w.org\/{rel}","templated":true}]}}