{"id":126871,"date":"2015-04-17T11:50:18","date_gmt":"2015-04-17T09:50:18","guid":{"rendered":"https:\/\/sandzakpress.net\/arhiva\/?p=126871"},"modified":"2015-04-17T11:50:18","modified_gmt":"2015-04-17T09:50:18","slug":"pogledajte-radoncicev-govor-o-islamu-i-bosnjacima-koji-bi-rado-potisali-kradzic-i-mladic","status":"publish","type":"post","link":"https:\/\/sandzakpress.net\/arhiva\/pogledajte-radoncicev-govor-o-islamu-i-bosnjacima-koji-bi-rado-potisali-kradzic-i-mladic\/","title":{"rendered":"Pogledajte Radon\u010di\u0107ev govor o islamu i Bo\u0161njacima koji bi rado potisali Krad\u017ei\u0107 i Mladi\u0107"},"content":{"rendered":"<p><img loading=\"lazy\" decoding=\"async\" class=\"\" src=\"http:\/\/i2.wp.com\/bosnjaci.agency\/wp-content\/uploads\/2015\/01\/IMG_1074.jpg?resize=470%2C260\" alt=\"Pogledajte Radon\u010di\u0107ev govor o islamu i Bo\u0161njacima koji bi rado potpisali Karad\u017ei\u0107 i Mladi\u0107\" width=\"647\" height=\"358\" \/><\/p>\n<p><strong>BiH &#8211; Iz intervjua Fahrudina Radon\u010di\u0107a u \u201eZabranjenom forumu\u201c TV Pink<\/strong><\/p>\n<p>Predsjednik SBB-a Fahrudin Radon\u010di\u0107 gostovao je u \u201eBrifingu\u201c emisije \u201eZabranjeni forum\u201c Televizije Pink. Tokom intervjua Radon\u010di\u0107 je pokazao da svoju politi\u010dku karijeru gradi na \u0161irenju islamofobi\u010dne mr\u017enje prema Bo\u0161njacima. \u010cak je optu\u017eio Bo\u0161njake da su 1992.godine poku\u0161ali od BiH osnovati muslimansku dr\u017eavu, \u010dime je amnestirao velikosrsku agresiju na BiH. Ovaj skandalozni govor Fahrudina Radon\u010di\u0107a rado bi potpisali Radovan Karad\u017ei\u0107 i Ratko Mladi\u0107. Kuda ide ovaj \u010dovjek?<\/p>\n<p>https:\/\/www.youtube.com\/watch?v=0VOBo4dH0XY<\/p>\n<p>(Bosnjaci)<\/p>\n","protected":false},"excerpt":{"rendered":"<p>BiH &#8211; Iz intervjua Fahrudina Radon\u010di\u0107a u \u201eZabranjenom forumu\u201c TV Pink Predsjednik SBB-a Fahrudin Radon\u010di\u0107 gostovao je u \u201eBrifingu\u201c emisije \u201eZabranjeni forum\u201c Televizije Pink. Tokom intervjua Radon\u010di\u0107 je pokazao da svoju politi\u010dku karijeru gradi na \u0161irenju islamofobi\u010dne mr\u017enje prema Bo\u0161njacima. \u010cak je optu\u017eio Bo\u0161njake da su 1992.godine poku\u0161ali od BiH osnovati muslimansku dr\u017eavu, \u010dime je [&hellip;]<\/p>\n","protected":false},"author":83,"featured_media":126872,"comment_status":"open","ping_status":"open","sticky":false,"template":"","format":"standard","meta":{"footnotes":""},"categories":[2860,1,798],"tags":[],"class_list":{"0":"post-126871","1":"post","2":"type-post","3":"status-publish","4":"format-standard","5":"has-post-thumbnail","7":"category-bosna-i-hercegovina-gradovi","8":"category-politika","9":"category-teme"},"yoast_head":"<!-- This site is optimized with the Yoast SEO Premium plugin v23.1 (Yoast SEO v24.9) - https:\/\/yoast.com\/wordpress\/plugins\/seo\/ -->\n<title>Pogledajte Radon\u010di\u0107ev govor o islamu i Bo\u0161njacima koji bi rado potisali Krad\u017ei\u0107 i Mladi\u0107<\/title>\n<meta name=\"robots\" content=\"index, follow, max-snippet:-1, max-image-preview:large, max-video-preview:-1\" \/>\n<link rel=\"canonical\" href=\"https:\/\/sandzakpress.net\/arhiva\/pogledajte-radoncicev-govor-o-islamu-i-bosnjacima-koji-bi-rado-potisali-kradzic-i-mladic\/\" \/>\n<meta property=\"og:locale\" content=\"bs_BA\" \/>\n<meta property=\"og:type\" content=\"article\" \/>\n<meta property=\"og:title\" content=\"Pogledajte Radon\u010di\u0107ev govor o islamu i Bo\u0161njacima koji bi rado potisali Krad\u017ei\u0107 i Mladi\u0107\" \/>\n<meta property=\"og:description\" content=\"BiH &#8211; Iz intervjua Fahrudina Radon\u010di\u0107a u \u201eZabranjenom forumu\u201c TV Pink Predsjednik SBB-a Fahrudin Radon\u010di\u0107 gostovao je u \u201eBrifingu\u201c emisije \u201eZabranjeni forum\u201c Televizije Pink. Tokom intervjua Radon\u010di\u0107 je pokazao da svoju politi\u010dku karijeru gradi na \u0161irenju islamofobi\u010dne mr\u017enje prema Bo\u0161njacima. \u010cak je optu\u017eio Bo\u0161njake da su 1992.godine poku\u0161ali od BiH osnovati muslimansku dr\u017eavu, \u010dime je [&hellip;]\" \/>\n<meta property=\"og:url\" content=\"https:\/\/sandzakpress.net\/arhiva\/pogledajte-radoncicev-govor-o-islamu-i-bosnjacima-koji-bi-rado-potisali-kradzic-i-mladic\/\" \/>\n<meta property=\"og:site_name\" content=\"Sand\u017eak PRESS\" \/>\n<meta property=\"article:published_time\" content=\"2015-04-17T09:50:18+00:00\" \/>\n<meta property=\"og:image\" content=\"https:\/\/sandzakpress.net\/arhiva\/wp-content\/uploads\/2015\/04\/IMG_1074.jpg\" \/>\n\t<meta property=\"og:image:width\" content=\"470\" \/>\n\t<meta property=\"og:image:height\" content=\"260\" \/>\n\t<meta property=\"og:image:type\" content=\"image\/jpeg\" \/>\n<meta name=\"author\" content=\"bosniak\" \/>\n<meta name=\"twitter:card\" content=\"summary_large_image\" \/>\n<meta name=\"twitter:label1\" content=\"Written by\" \/>\n\t<meta name=\"twitter:data1\" content=\"bosniak\" \/>\n\t<meta name=\"twitter:label2\" content=\"Est. reading time\" \/>\n\t<meta name=\"twitter:data2\" content=\"1 minuta\" \/>\n<script type=\"application\/ld+json\" class=\"yoast-schema-graph\">{\"@context\":\"https:\/\/schema.org\",\"@graph\":[{\"@type\":\"Article\",\"@id\":\"https:\/\/sandzakpress.net\/arhiva\/pogledajte-radoncicev-govor-o-islamu-i-bosnjacima-koji-bi-rado-potisali-kradzic-i-mladic\/#article\",\"isPartOf\":{\"@id\":\"https:\/\/sandzakpress.net\/arhiva\/pogledajte-radoncicev-govor-o-islamu-i-bosnjacima-koji-bi-rado-potisali-kradzic-i-mladic\/\"},\"author\":{\"name\":\"bosniak\",\"@id\":\"https:\/\/sandzakpress.net\/arhiva\/#\/schema\/person\/c8baee722073534b583ea7bdb2e36c02\"},\"headline\":\"Pogledajte Radon\u010di\u0107ev govor o islamu i Bo\u0161njacima koji bi rado potisali Krad\u017ei\u0107 i Mladi\u0107\",\"datePublished\":\"2015-04-17T09:50:18+00:00\",\"mainEntityOfPage\":{\"@id\":\"https:\/\/sandzakpress.net\/arhiva\/pogledajte-radoncicev-govor-o-islamu-i-bosnjacima-koji-bi-rado-potisali-kradzic-i-mladic\/\"},\"wordCount\":120,\"commentCount\":66,\"publisher\":{\"@id\":\"https:\/\/sandzakpress.net\/arhiva\/#\/schema\/person\/6e72b67d6e51910a1117b3b483ba20bd\"},\"image\":{\"@id\":\"https:\/\/sandzakpress.net\/arhiva\/pogledajte-radoncicev-govor-o-islamu-i-bosnjacima-koji-bi-rado-potisali-kradzic-i-mladic\/#primaryimage\"},\"thumbnailUrl\":\"https:\/\/sandzakpress.net\/arhiva\/wp-content\/uploads\/2015\/04\/IMG_1074.jpg\",\"articleSection\":[\"Bosna i Hercegovina\",\"Politika\",\"NAJNOVIJE\"],\"inLanguage\":\"bs-BA\",\"potentialAction\":[{\"@type\":\"CommentAction\",\"name\":\"Comment\",\"target\":[\"https:\/\/sandzakpress.net\/arhiva\/pogledajte-radoncicev-govor-o-islamu-i-bosnjacima-koji-bi-rado-potisali-kradzic-i-mladic\/#respond\"]}]},{\"@type\":\"WebPage\",\"@id\":\"https:\/\/sandzakpress.net\/arhiva\/pogledajte-radoncicev-govor-o-islamu-i-bosnjacima-koji-bi-rado-potisali-kradzic-i-mladic\/\",\"url\":\"https:\/\/sandzakpress.net\/arhiva\/pogledajte-radoncicev-govor-o-islamu-i-bosnjacima-koji-bi-rado-potisali-kradzic-i-mladic\/\",\"name\":\"Pogledajte Radon\u010di\u0107ev govor o islamu i Bo\u0161njacima koji bi rado potisali Krad\u017ei\u0107 i Mladi\u0107\",\"isPartOf\":{\"@id\":\"https:\/\/sandzakpress.net\/arhiva\/#website\"},\"primaryImageOfPage\":{\"@id\":\"https:\/\/sandzakpress.net\/arhiva\/pogledajte-radoncicev-govor-o-islamu-i-bosnjacima-koji-bi-rado-potisali-kradzic-i-mladic\/#primaryimage\"},\"image\":{\"@id\":\"https:\/\/sandzakpress.net\/arhiva\/pogledajte-radoncicev-govor-o-islamu-i-bosnjacima-koji-bi-rado-potisali-kradzic-i-mladic\/#primaryimage\"},\"thumbnailUrl\":\"https:\/\/sandzakpress.net\/arhiva\/wp-content\/uploads\/2015\/04\/IMG_1074.jpg\",\"datePublished\":\"2015-04-17T09:50:18+00:00\",\"breadcrumb\":{\"@id\":\"https:\/\/sandzakpress.net\/arhiva\/pogledajte-radoncicev-govor-o-islamu-i-bosnjacima-koji-bi-rado-potisali-kradzic-i-mladic\/#breadcrumb\"},\"inLanguage\":\"bs-BA\",\"potentialAction\":[{\"@type\":\"ReadAction\",\"target\":[\"https:\/\/sandzakpress.net\/arhiva\/pogledajte-radoncicev-govor-o-islamu-i-bosnjacima-koji-bi-rado-potisali-kradzic-i-mladic\/\"]}]},{\"@type\":\"ImageObject\",\"inLanguage\":\"bs-BA\",\"@id\":\"https:\/\/sandzakpress.net\/arhiva\/pogledajte-radoncicev-govor-o-islamu-i-bosnjacima-koji-bi-rado-potisali-kradzic-i-mladic\/#primaryimage\",\"url\":\"https:\/\/sandzakpress.net\/arhiva\/wp-content\/uploads\/2015\/04\/IMG_1074.jpg\",\"contentUrl\":\"https:\/\/sandzakpress.net\/arhiva\/wp-content\/uploads\/2015\/04\/IMG_1074.jpg\",\"width\":470,\"height\":260},{\"@type\":\"BreadcrumbList\",\"@id\":\"https:\/\/sandzakpress.net\/arhiva\/pogledajte-radoncicev-govor-o-islamu-i-bosnjacima-koji-bi-rado-potisali-kradzic-i-mladic\/#breadcrumb\",\"itemListElement\":[{\"@type\":\"ListItem\",\"position\":1,\"name\":\"Home\",\"item\":\"https:\/\/sandzakpress.net\/arhiva\/\"},{\"@type\":\"ListItem\",\"position\":2,\"name\":\"Pogledajte Radon\u010di\u0107ev govor o islamu i Bo\u0161njacima koji bi rado potisali Krad\u017ei\u0107 i Mladi\u0107\"}]},{\"@type\":\"WebSite\",\"@id\":\"https:\/\/sandzakpress.net\/arhiva\/#website\",\"url\":\"https:\/\/sandzakpress.net\/arhiva\/\",\"name\":\"Sand\u017eak PRESS\",\"description\":\"Prve elektronske novine u Sand\u017eaku\",\"publisher\":{\"@id\":\"https:\/\/sandzakpress.net\/arhiva\/#\/schema\/person\/6e72b67d6e51910a1117b3b483ba20bd\"},\"potentialAction\":[{\"@type\":\"SearchAction\",\"target\":{\"@type\":\"EntryPoint\",\"urlTemplate\":\"https:\/\/sandzakpress.net\/arhiva\/?s={search_term_string}\"},\"query-input\":{\"@type\":\"PropertyValueSpecification\",\"valueRequired\":true,\"valueName\":\"search_term_string\"}}],\"inLanguage\":\"bs-BA\"},{\"@type\":[\"Person\",\"Organization\"],\"@id\":\"https:\/\/sandzakpress.net\/arhiva\/#\/schema\/person\/6e72b67d6e51910a1117b3b483ba20bd\",\"name\":\"Kul\",\"image\":{\"@type\":\"ImageObject\",\"inLanguage\":\"bs-BA\",\"@id\":\"https:\/\/sandzakpress.net\/arhiva\/#\/schema\/person\/image\/\",\"url\":\"https:\/\/secure.gravatar.com\/avatar\/42263f39aa27ac04c43cab85c280eb2e?s=96&d=mm&r=pg\",\"contentUrl\":\"https:\/\/secure.gravatar.com\/avatar\/42263f39aa27ac04c43cab85c280eb2e?s=96&d=mm&r=pg\",\"caption\":\"Kul\"},\"logo\":{\"@id\":\"https:\/\/sandzakpress.net\/arhiva\/#\/schema\/person\/image\/\"}},{\"@type\":\"Person\",\"@id\":\"https:\/\/sandzakpress.net\/arhiva\/#\/schema\/person\/c8baee722073534b583ea7bdb2e36c02\",\"name\":\"bosniak\",\"image\":{\"@type\":\"ImageObject\",\"inLanguage\":\"bs-BA\",\"@id\":\"https:\/\/sandzakpress.net\/arhiva\/#\/schema\/person\/image\/\",\"url\":\"https:\/\/secure.gravatar.com\/avatar\/a04fd330bfe3a36a72a0ad4a6d89fca7?s=96&d=mm&r=pg\",\"contentUrl\":\"https:\/\/secure.gravatar.com\/avatar\/a04fd330bfe3a36a72a0ad4a6d89fca7?s=96&d=mm&r=pg\",\"caption\":\"bosniak\"},\"url\":\"https:\/\/sandzakpress.net\/arhiva\/author\/bosniak\/\"}]}<\/script>\n<!-- \/ Yoast SEO Premium plugin. -->","yoast_head_json":{"title":"Pogledajte Radon\u010di\u0107ev govor o islamu i Bo\u0161njacima koji bi rado potisali Krad\u017ei\u0107 i Mladi\u0107","robots":{"index":"index","follow":"follow","max-snippet":"max-snippet:-1","max-image-preview":"max-image-preview:large","max-video-preview":"max-video-preview:-1"},"canonical":"https:\/\/sandzakpress.net\/arhiva\/pogledajte-radoncicev-govor-o-islamu-i-bosnjacima-koji-bi-rado-potisali-kradzic-i-mladic\/","og_locale":"bs_BA","og_type":"article","og_title":"Pogledajte Radon\u010di\u0107ev govor o islamu i Bo\u0161njacima koji bi rado potisali Krad\u017ei\u0107 i Mladi\u0107","og_description":"BiH &#8211; Iz intervjua Fahrudina Radon\u010di\u0107a u \u201eZabranjenom forumu\u201c TV Pink Predsjednik SBB-a Fahrudin Radon\u010di\u0107 gostovao je u \u201eBrifingu\u201c emisije \u201eZabranjeni forum\u201c Televizije Pink. Tokom intervjua Radon\u010di\u0107 je pokazao da svoju politi\u010dku karijeru gradi na \u0161irenju islamofobi\u010dne mr\u017enje prema Bo\u0161njacima. \u010cak je optu\u017eio Bo\u0161njake da su 1992.godine poku\u0161ali od BiH osnovati muslimansku dr\u017eavu, \u010dime je [&hellip;]","og_url":"https:\/\/sandzakpress.net\/arhiva\/pogledajte-radoncicev-govor-o-islamu-i-bosnjacima-koji-bi-rado-potisali-kradzic-i-mladic\/","og_site_name":"Sand\u017eak PRESS","article_published_time":"2015-04-17T09:50:18+00:00","og_image":[{"width":470,"height":260,"url":"https:\/\/sandzakpress.net\/arhiva\/wp-content\/uploads\/2015\/04\/IMG_1074.jpg","type":"image\/jpeg"}],"author":"bosniak","twitter_card":"summary_large_image","twitter_misc":{"Written by":"bosniak","Est. reading time":"1 minuta"},"schema":{"@context":"https:\/\/schema.org","@graph":[{"@type":"Article","@id":"https:\/\/sandzakpress.net\/arhiva\/pogledajte-radoncicev-govor-o-islamu-i-bosnjacima-koji-bi-rado-potisali-kradzic-i-mladic\/#article","isPartOf":{"@id":"https:\/\/sandzakpress.net\/arhiva\/pogledajte-radoncicev-govor-o-islamu-i-bosnjacima-koji-bi-rado-potisali-kradzic-i-mladic\/"},"author":{"name":"bosniak","@id":"https:\/\/sandzakpress.net\/arhiva\/#\/schema\/person\/c8baee722073534b583ea7bdb2e36c02"},"headline":"Pogledajte Radon\u010di\u0107ev govor o islamu i Bo\u0161njacima koji bi rado potisali Krad\u017ei\u0107 i Mladi\u0107","datePublished":"2015-04-17T09:50:18+00:00","mainEntityOfPage":{"@id":"https:\/\/sandzakpress.net\/arhiva\/pogledajte-radoncicev-govor-o-islamu-i-bosnjacima-koji-bi-rado-potisali-kradzic-i-mladic\/"},"wordCount":120,"commentCount":66,"publisher":{"@id":"https:\/\/sandzakpress.net\/arhiva\/#\/schema\/person\/6e72b67d6e51910a1117b3b483ba20bd"},"image":{"@id":"https:\/\/sandzakpress.net\/arhiva\/pogledajte-radoncicev-govor-o-islamu-i-bosnjacima-koji-bi-rado-potisali-kradzic-i-mladic\/#primaryimage"},"thumbnailUrl":"https:\/\/sandzakpress.net\/arhiva\/wp-content\/uploads\/2015\/04\/IMG_1074.jpg","articleSection":["Bosna i Hercegovina","Politika","NAJNOVIJE"],"inLanguage":"bs-BA","potentialAction":[{"@type":"CommentAction","name":"Comment","target":["https:\/\/sandzakpress.net\/arhiva\/pogledajte-radoncicev-govor-o-islamu-i-bosnjacima-koji-bi-rado-potisali-kradzic-i-mladic\/#respond"]}]},{"@type":"WebPage","@id":"https:\/\/sandzakpress.net\/arhiva\/pogledajte-radoncicev-govor-o-islamu-i-bosnjacima-koji-bi-rado-potisali-kradzic-i-mladic\/","url":"https:\/\/sandzakpress.net\/arhiva\/pogledajte-radoncicev-govor-o-islamu-i-bosnjacima-koji-bi-rado-potisali-kradzic-i-mladic\/","name":"Pogledajte Radon\u010di\u0107ev govor o islamu i Bo\u0161njacima koji bi rado potisali Krad\u017ei\u0107 i Mladi\u0107","isPartOf":{"@id":"https:\/\/sandzakpress.net\/arhiva\/#website"},"primaryImageOfPage":{"@id":"https:\/\/sandzakpress.net\/arhiva\/pogledajte-radoncicev-govor-o-islamu-i-bosnjacima-koji-bi-rado-potisali-kradzic-i-mladic\/#primaryimage"},"image":{"@id":"https:\/\/sandzakpress.net\/arhiva\/pogledajte-radoncicev-govor-o-islamu-i-bosnjacima-koji-bi-rado-potisali-kradzic-i-mladic\/#primaryimage"},"thumbnailUrl":"https:\/\/sandzakpress.net\/arhiva\/wp-content\/uploads\/2015\/04\/IMG_1074.jpg","datePublished":"2015-04-17T09:50:18+00:00","breadcrumb":{"@id":"https:\/\/sandzakpress.net\/arhiva\/pogledajte-radoncicev-govor-o-islamu-i-bosnjacima-koji-bi-rado-potisali-kradzic-i-mladic\/#breadcrumb"},"inLanguage":"bs-BA","potentialAction":[{"@type":"ReadAction","target":["https:\/\/sandzakpress.net\/arhiva\/pogledajte-radoncicev-govor-o-islamu-i-bosnjacima-koji-bi-rado-potisali-kradzic-i-mladic\/"]}]},{"@type":"ImageObject","inLanguage":"bs-BA","@id":"https:\/\/sandzakpress.net\/arhiva\/pogledajte-radoncicev-govor-o-islamu-i-bosnjacima-koji-bi-rado-potisali-kradzic-i-mladic\/#primaryimage","url":"https:\/\/sandzakpress.net\/arhiva\/wp-content\/uploads\/2015\/04\/IMG_1074.jpg","contentUrl":"https:\/\/sandzakpress.net\/arhiva\/wp-content\/uploads\/2015\/04\/IMG_1074.jpg","width":470,"height":260},{"@type":"BreadcrumbList","@id":"https:\/\/sandzakpress.net\/arhiva\/pogledajte-radoncicev-govor-o-islamu-i-bosnjacima-koji-bi-rado-potisali-kradzic-i-mladic\/#breadcrumb","itemListElement":[{"@type":"ListItem","position":1,"name":"Home","item":"https:\/\/sandzakpress.net\/arhiva\/"},{"@type":"ListItem","position":2,"name":"Pogledajte Radon\u010di\u0107ev govor o islamu i Bo\u0161njacima koji bi rado potisali Krad\u017ei\u0107 i Mladi\u0107"}]},{"@type":"WebSite","@id":"https:\/\/sandzakpress.net\/arhiva\/#website","url":"https:\/\/sandzakpress.net\/arhiva\/","name":"Sand\u017eak PRESS","description":"Prve elektronske novine u Sand\u017eaku","publisher":{"@id":"https:\/\/sandzakpress.net\/arhiva\/#\/schema\/person\/6e72b67d6e51910a1117b3b483ba20bd"},"potentialAction":[{"@type":"SearchAction","target":{"@type":"EntryPoint","urlTemplate":"https:\/\/sandzakpress.net\/arhiva\/?s={search_term_string}"},"query-input":{"@type":"PropertyValueSpecification","valueRequired":true,"valueName":"search_term_string"}}],"inLanguage":"bs-BA"},{"@type":["Person","Organization"],"@id":"https:\/\/sandzakpress.net\/arhiva\/#\/schema\/person\/6e72b67d6e51910a1117b3b483ba20bd","name":"Kul","image":{"@type":"ImageObject","inLanguage":"bs-BA","@id":"https:\/\/sandzakpress.net\/arhiva\/#\/schema\/person\/image\/","url":"https:\/\/secure.gravatar.com\/avatar\/42263f39aa27ac04c43cab85c280eb2e?s=96&d=mm&r=pg","contentUrl":"https:\/\/secure.gravatar.com\/avatar\/42263f39aa27ac04c43cab85c280eb2e?s=96&d=mm&r=pg","caption":"Kul"},"logo":{"@id":"https:\/\/sandzakpress.net\/arhiva\/#\/schema\/person\/image\/"}},{"@type":"Person","@id":"https:\/\/sandzakpress.net\/arhiva\/#\/schema\/person\/c8baee722073534b583ea7bdb2e36c02","name":"bosniak","image":{"@type":"ImageObject","inLanguage":"bs-BA","@id":"https:\/\/sandzakpress.net\/arhiva\/#\/schema\/person\/image\/","url":"https:\/\/secure.gravatar.com\/avatar\/a04fd330bfe3a36a72a0ad4a6d89fca7?s=96&d=mm&r=pg","contentUrl":"https:\/\/secure.gravatar.com\/avatar\/a04fd330bfe3a36a72a0ad4a6d89fca7?s=96&d=mm&r=pg","caption":"bosniak"},"url":"https:\/\/sandzakpress.net\/arhiva\/author\/bosniak\/"}]}},"_links":{"self":[{"href":"https:\/\/sandzakpress.net\/arhiva\/wp-json\/wp\/v2\/posts\/126871"}],"collection":[{"href":"https:\/\/sandzakpress.net\/arhiva\/wp-json\/wp\/v2\/posts"}],"about":[{"href":"https:\/\/sandzakpress.net\/arhiva\/wp-json\/wp\/v2\/types\/post"}],"author":[{"embeddable":true,"href":"https:\/\/sandzakpress.net\/arhiva\/wp-json\/wp\/v2\/users\/83"}],"replies":[{"embeddable":true,"href":"https:\/\/sandzakpress.net\/arhiva\/wp-json\/wp\/v2\/comments?post=126871"}],"version-history":[{"count":0,"href":"https:\/\/sandzakpress.net\/arhiva\/wp-json\/wp\/v2\/posts\/126871\/revisions"}],"wp:featuredmedia":[{"embeddable":true,"href":"https:\/\/sandzakpress.net\/arhiva\/wp-json\/wp\/v2\/media\/126872"}],"wp:attachment":[{"href":"https:\/\/sandzakpress.net\/arhiva\/wp-json\/wp\/v2\/media?parent=126871"}],"wp:term":[{"taxonomy":"category","embeddable":true,"href":"https:\/\/sandzakpress.net\/arhiva\/wp-json\/wp\/v2\/categories?post=126871"},{"taxonomy":"post_tag","embeddable":true,"href":"https:\/\/sandzakpress.net\/arhiva\/wp-json\/wp\/v2\/tags?post=126871"}],"curies":[{"name":"wp","href":"https:\/\/api.w.org\/{rel}","templated":true}]}}