{"id":126790,"date":"2015-04-15T22:29:00","date_gmt":"2015-04-15T20:29:00","guid":{"rendered":"https:\/\/sandzakpress.net\/arhiva\/?p=126790"},"modified":"2015-04-15T22:29:00","modified_gmt":"2015-04-15T20:29:00","slug":"muatez-bilah-heroj-koji-je-pokorio-cetnike-na-vozucmoj","status":"publish","type":"post","link":"https:\/\/sandzakpress.net\/arhiva\/muatez-bilah-heroj-koji-je-pokorio-cetnike-na-vozucmoj\/","title":{"rendered":"Muatez Bilah: Heroj koji je pokorio \u010detnike na Vozu\u0107Moj"},"content":{"rendered":"<p><strong><a href=\"https:\/\/sandzakpress.net\/arhiva\/wp-content\/uploads\/2015\/04\/images_slike_muatezzz-461x250.jpg\"><img loading=\"lazy\" decoding=\"async\" class=\" size-full wp-image-126791 aligncenter\" src=\"https:\/\/sandzakpress.net\/arhiva\/wp-content\/uploads\/2015\/04\/images_slike_muatezzz-461x250.jpg\" alt=\"images_slike_muatezzz-461x250\" width=\"600\" height=\"325\" \/><\/a>BIH &#8211; U zavr\u0161nom dijelu osloba\u0111anja Vozu\u0107e na Ozrenu je od tenkovske granate poginuo Muatez Bilah, vojni komandant Odreda \u201cEl-Mud\u017eahidina\u201d i \u010dovjek koji je najzaslu\u017eniji za vojne uspjehe Odreda, odnosno \u010dovjek koji je osmislio i predvodio operacije osloba\u0111anja Vozu\u0107e. <\/strong><\/p>\n<p>Rahmetli Muatez je bio veoma cijenjen me\u0111u svima koji su imali priliku upoznati ovog heroja. \u201cZadovoljstvo je bilo sara\u0111ivati sa Muatezom. To je bio pravi vjernik, pravi vojnik, \u010dovjek koji je do\u0161ao da pomogne na\u0161em narodu. Uvijek je bio u borbi, bio je prvi i uvijek me\u0111u svojim mud\u017eahidima\u201d, ka\u017ee general Sakib Mahmuljin. Muatez je poginuo dok je predvodio u\u017eurbane pripreme za napad na Doboj. Umjesto u Doboj Muatez je, ako Bog da, oti\u0161ao put Dzenneta, u susret svome Gospodaru.<\/p>\n<p><a href=\"https:\/\/sandzakpress.net\/arhiva\/wp-content\/uploads\/2015\/04\/images_slike_12.jpg\"><img loading=\"lazy\" decoding=\"async\" class=\" size-full wp-image-126792 aligncenter\" src=\"https:\/\/sandzakpress.net\/arhiva\/wp-content\/uploads\/2015\/04\/images_slike_12.jpg\" alt=\"images_slike_12\" width=\"600\" height=\"423\" \/><\/a><\/p>\n<p>&nbsp;<\/p>\n<p>(saff)<\/p>\n","protected":false},"excerpt":{"rendered":"<p>BIH &#8211; U zavr\u0161nom dijelu osloba\u0111anja Vozu\u0107e na Ozrenu je od tenkovske granate poginuo Muatez Bilah, vojni komandant Odreda \u201cEl-Mud\u017eahidina\u201d i \u010dovjek koji je najzaslu\u017eniji za vojne uspjehe Odreda, odnosno \u010dovjek koji je osmislio i predvodio operacije osloba\u0111anja Vozu\u0107e. Rahmetli Muatez je bio veoma cijenjen me\u0111u svima koji su imali priliku upoznati ovog heroja. \u201cZadovoljstvo [&hellip;]<\/p>\n","protected":false},"author":83,"featured_media":126791,"comment_status":"open","ping_status":"open","sticky":false,"template":"","format":"standard","meta":{"footnotes":""},"categories":[800,2860,798,10429],"tags":[],"class_list":{"0":"post-126790","1":"post","2":"type-post","3":"status-publish","4":"format-standard","5":"has-post-thumbnail","7":"category-nacija","8":"category-bosna-i-hercegovina-gradovi","9":"category-teme","10":"category-vazno"},"yoast_head":"<!-- This site is optimized with the Yoast SEO Premium plugin v23.1 (Yoast SEO v24.9) - https:\/\/yoast.com\/wordpress\/plugins\/seo\/ -->\n<title>Muatez Bilah: Heroj koji je pokorio \u010detnike na Vozu\u0107Moj<\/title>\n<meta name=\"robots\" content=\"index, follow, max-snippet:-1, max-image-preview:large, max-video-preview:-1\" \/>\n<link rel=\"canonical\" href=\"https:\/\/sandzakpress.net\/arhiva\/muatez-bilah-heroj-koji-je-pokorio-cetnike-na-vozucmoj\/\" \/>\n<meta property=\"og:locale\" content=\"bs_BA\" \/>\n<meta property=\"og:type\" content=\"article\" \/>\n<meta property=\"og:title\" content=\"Muatez Bilah: Heroj koji je pokorio \u010detnike na Vozu\u0107Moj\" \/>\n<meta property=\"og:description\" content=\"BIH &#8211; U zavr\u0161nom dijelu osloba\u0111anja Vozu\u0107e na Ozrenu je od tenkovske granate poginuo Muatez Bilah, vojni komandant Odreda \u201cEl-Mud\u017eahidina\u201d i \u010dovjek koji je najzaslu\u017eniji za vojne uspjehe Odreda, odnosno \u010dovjek koji je osmislio i predvodio operacije osloba\u0111anja Vozu\u0107e. Rahmetli Muatez je bio veoma cijenjen me\u0111u svima koji su imali priliku upoznati ovog heroja. \u201cZadovoljstvo [&hellip;]\" \/>\n<meta property=\"og:url\" content=\"https:\/\/sandzakpress.net\/arhiva\/muatez-bilah-heroj-koji-je-pokorio-cetnike-na-vozucmoj\/\" \/>\n<meta property=\"og:site_name\" content=\"Sand\u017eak PRESS\" \/>\n<meta property=\"article:published_time\" content=\"2015-04-15T20:29:00+00:00\" \/>\n<meta property=\"og:image\" content=\"https:\/\/sandzakpress.net\/arhiva\/wp-content\/uploads\/2015\/04\/images_slike_muatezzz-461x250.jpg\" \/>\n\t<meta property=\"og:image:width\" content=\"600\" \/>\n\t<meta property=\"og:image:height\" content=\"325\" \/>\n\t<meta property=\"og:image:type\" content=\"image\/jpeg\" \/>\n<meta name=\"author\" content=\"bosniak\" \/>\n<meta name=\"twitter:card\" content=\"summary_large_image\" \/>\n<meta name=\"twitter:label1\" content=\"Written by\" \/>\n\t<meta name=\"twitter:data1\" content=\"bosniak\" \/>\n\t<meta name=\"twitter:label2\" content=\"Est. reading time\" \/>\n\t<meta name=\"twitter:data2\" content=\"1 minuta\" \/>\n<script type=\"application\/ld+json\" class=\"yoast-schema-graph\">{\"@context\":\"https:\/\/schema.org\",\"@graph\":[{\"@type\":\"Article\",\"@id\":\"https:\/\/sandzakpress.net\/arhiva\/muatez-bilah-heroj-koji-je-pokorio-cetnike-na-vozucmoj\/#article\",\"isPartOf\":{\"@id\":\"https:\/\/sandzakpress.net\/arhiva\/muatez-bilah-heroj-koji-je-pokorio-cetnike-na-vozucmoj\/\"},\"author\":{\"name\":\"bosniak\",\"@id\":\"https:\/\/sandzakpress.net\/arhiva\/#\/schema\/person\/c8baee722073534b583ea7bdb2e36c02\"},\"headline\":\"Muatez Bilah: Heroj koji je pokorio \u010detnike na Vozu\u0107Moj\",\"datePublished\":\"2015-04-15T20:29:00+00:00\",\"mainEntityOfPage\":{\"@id\":\"https:\/\/sandzakpress.net\/arhiva\/muatez-bilah-heroj-koji-je-pokorio-cetnike-na-vozucmoj\/\"},\"wordCount\":147,\"commentCount\":43,\"publisher\":{\"@id\":\"https:\/\/sandzakpress.net\/arhiva\/#\/schema\/person\/6e72b67d6e51910a1117b3b483ba20bd\"},\"image\":{\"@id\":\"https:\/\/sandzakpress.net\/arhiva\/muatez-bilah-heroj-koji-je-pokorio-cetnike-na-vozucmoj\/#primaryimage\"},\"thumbnailUrl\":\"https:\/\/sandzakpress.net\/arhiva\/wp-content\/uploads\/2015\/04\/images_slike_muatezzz-461x250.jpg\",\"articleSection\":[\"Nacija\",\"Bosna i Hercegovina\",\"NAJNOVIJE\",\"VA\u017dNO!\"],\"inLanguage\":\"bs-BA\",\"potentialAction\":[{\"@type\":\"CommentAction\",\"name\":\"Comment\",\"target\":[\"https:\/\/sandzakpress.net\/arhiva\/muatez-bilah-heroj-koji-je-pokorio-cetnike-na-vozucmoj\/#respond\"]}]},{\"@type\":\"WebPage\",\"@id\":\"https:\/\/sandzakpress.net\/arhiva\/muatez-bilah-heroj-koji-je-pokorio-cetnike-na-vozucmoj\/\",\"url\":\"https:\/\/sandzakpress.net\/arhiva\/muatez-bilah-heroj-koji-je-pokorio-cetnike-na-vozucmoj\/\",\"name\":\"Muatez Bilah: Heroj koji je pokorio \u010detnike na Vozu\u0107Moj\",\"isPartOf\":{\"@id\":\"https:\/\/sandzakpress.net\/arhiva\/#website\"},\"primaryImageOfPage\":{\"@id\":\"https:\/\/sandzakpress.net\/arhiva\/muatez-bilah-heroj-koji-je-pokorio-cetnike-na-vozucmoj\/#primaryimage\"},\"image\":{\"@id\":\"https:\/\/sandzakpress.net\/arhiva\/muatez-bilah-heroj-koji-je-pokorio-cetnike-na-vozucmoj\/#primaryimage\"},\"thumbnailUrl\":\"https:\/\/sandzakpress.net\/arhiva\/wp-content\/uploads\/2015\/04\/images_slike_muatezzz-461x250.jpg\",\"datePublished\":\"2015-04-15T20:29:00+00:00\",\"breadcrumb\":{\"@id\":\"https:\/\/sandzakpress.net\/arhiva\/muatez-bilah-heroj-koji-je-pokorio-cetnike-na-vozucmoj\/#breadcrumb\"},\"inLanguage\":\"bs-BA\",\"potentialAction\":[{\"@type\":\"ReadAction\",\"target\":[\"https:\/\/sandzakpress.net\/arhiva\/muatez-bilah-heroj-koji-je-pokorio-cetnike-na-vozucmoj\/\"]}]},{\"@type\":\"ImageObject\",\"inLanguage\":\"bs-BA\",\"@id\":\"https:\/\/sandzakpress.net\/arhiva\/muatez-bilah-heroj-koji-je-pokorio-cetnike-na-vozucmoj\/#primaryimage\",\"url\":\"https:\/\/sandzakpress.net\/arhiva\/wp-content\/uploads\/2015\/04\/images_slike_muatezzz-461x250.jpg\",\"contentUrl\":\"https:\/\/sandzakpress.net\/arhiva\/wp-content\/uploads\/2015\/04\/images_slike_muatezzz-461x250.jpg\",\"width\":600,\"height\":325},{\"@type\":\"BreadcrumbList\",\"@id\":\"https:\/\/sandzakpress.net\/arhiva\/muatez-bilah-heroj-koji-je-pokorio-cetnike-na-vozucmoj\/#breadcrumb\",\"itemListElement\":[{\"@type\":\"ListItem\",\"position\":1,\"name\":\"Home\",\"item\":\"https:\/\/sandzakpress.net\/arhiva\/\"},{\"@type\":\"ListItem\",\"position\":2,\"name\":\"Muatez Bilah: Heroj koji je pokorio \u010detnike na Vozu\u0107Moj\"}]},{\"@type\":\"WebSite\",\"@id\":\"https:\/\/sandzakpress.net\/arhiva\/#website\",\"url\":\"https:\/\/sandzakpress.net\/arhiva\/\",\"name\":\"Sand\u017eak PRESS\",\"description\":\"Prve elektronske novine u Sand\u017eaku\",\"publisher\":{\"@id\":\"https:\/\/sandzakpress.net\/arhiva\/#\/schema\/person\/6e72b67d6e51910a1117b3b483ba20bd\"},\"potentialAction\":[{\"@type\":\"SearchAction\",\"target\":{\"@type\":\"EntryPoint\",\"urlTemplate\":\"https:\/\/sandzakpress.net\/arhiva\/?s={search_term_string}\"},\"query-input\":{\"@type\":\"PropertyValueSpecification\",\"valueRequired\":true,\"valueName\":\"search_term_string\"}}],\"inLanguage\":\"bs-BA\"},{\"@type\":[\"Person\",\"Organization\"],\"@id\":\"https:\/\/sandzakpress.net\/arhiva\/#\/schema\/person\/6e72b67d6e51910a1117b3b483ba20bd\",\"name\":\"Kul\",\"image\":{\"@type\":\"ImageObject\",\"inLanguage\":\"bs-BA\",\"@id\":\"https:\/\/sandzakpress.net\/arhiva\/#\/schema\/person\/image\/\",\"url\":\"https:\/\/secure.gravatar.com\/avatar\/42263f39aa27ac04c43cab85c280eb2e?s=96&d=mm&r=pg\",\"contentUrl\":\"https:\/\/secure.gravatar.com\/avatar\/42263f39aa27ac04c43cab85c280eb2e?s=96&d=mm&r=pg\",\"caption\":\"Kul\"},\"logo\":{\"@id\":\"https:\/\/sandzakpress.net\/arhiva\/#\/schema\/person\/image\/\"}},{\"@type\":\"Person\",\"@id\":\"https:\/\/sandzakpress.net\/arhiva\/#\/schema\/person\/c8baee722073534b583ea7bdb2e36c02\",\"name\":\"bosniak\",\"image\":{\"@type\":\"ImageObject\",\"inLanguage\":\"bs-BA\",\"@id\":\"https:\/\/sandzakpress.net\/arhiva\/#\/schema\/person\/image\/\",\"url\":\"https:\/\/secure.gravatar.com\/avatar\/a04fd330bfe3a36a72a0ad4a6d89fca7?s=96&d=mm&r=pg\",\"contentUrl\":\"https:\/\/secure.gravatar.com\/avatar\/a04fd330bfe3a36a72a0ad4a6d89fca7?s=96&d=mm&r=pg\",\"caption\":\"bosniak\"},\"url\":\"https:\/\/sandzakpress.net\/arhiva\/author\/bosniak\/\"}]}<\/script>\n<!-- \/ Yoast SEO Premium plugin. -->","yoast_head_json":{"title":"Muatez Bilah: Heroj koji je pokorio \u010detnike na Vozu\u0107Moj","robots":{"index":"index","follow":"follow","max-snippet":"max-snippet:-1","max-image-preview":"max-image-preview:large","max-video-preview":"max-video-preview:-1"},"canonical":"https:\/\/sandzakpress.net\/arhiva\/muatez-bilah-heroj-koji-je-pokorio-cetnike-na-vozucmoj\/","og_locale":"bs_BA","og_type":"article","og_title":"Muatez Bilah: Heroj koji je pokorio \u010detnike na Vozu\u0107Moj","og_description":"BIH &#8211; U zavr\u0161nom dijelu osloba\u0111anja Vozu\u0107e na Ozrenu je od tenkovske granate poginuo Muatez Bilah, vojni komandant Odreda \u201cEl-Mud\u017eahidina\u201d i \u010dovjek koji je najzaslu\u017eniji za vojne uspjehe Odreda, odnosno \u010dovjek koji je osmislio i predvodio operacije osloba\u0111anja Vozu\u0107e. Rahmetli Muatez je bio veoma cijenjen me\u0111u svima koji su imali priliku upoznati ovog heroja. \u201cZadovoljstvo [&hellip;]","og_url":"https:\/\/sandzakpress.net\/arhiva\/muatez-bilah-heroj-koji-je-pokorio-cetnike-na-vozucmoj\/","og_site_name":"Sand\u017eak PRESS","article_published_time":"2015-04-15T20:29:00+00:00","og_image":[{"width":600,"height":325,"url":"https:\/\/sandzakpress.net\/arhiva\/wp-content\/uploads\/2015\/04\/images_slike_muatezzz-461x250.jpg","type":"image\/jpeg"}],"author":"bosniak","twitter_card":"summary_large_image","twitter_misc":{"Written by":"bosniak","Est. reading time":"1 minuta"},"schema":{"@context":"https:\/\/schema.org","@graph":[{"@type":"Article","@id":"https:\/\/sandzakpress.net\/arhiva\/muatez-bilah-heroj-koji-je-pokorio-cetnike-na-vozucmoj\/#article","isPartOf":{"@id":"https:\/\/sandzakpress.net\/arhiva\/muatez-bilah-heroj-koji-je-pokorio-cetnike-na-vozucmoj\/"},"author":{"name":"bosniak","@id":"https:\/\/sandzakpress.net\/arhiva\/#\/schema\/person\/c8baee722073534b583ea7bdb2e36c02"},"headline":"Muatez Bilah: Heroj koji je pokorio \u010detnike na Vozu\u0107Moj","datePublished":"2015-04-15T20:29:00+00:00","mainEntityOfPage":{"@id":"https:\/\/sandzakpress.net\/arhiva\/muatez-bilah-heroj-koji-je-pokorio-cetnike-na-vozucmoj\/"},"wordCount":147,"commentCount":43,"publisher":{"@id":"https:\/\/sandzakpress.net\/arhiva\/#\/schema\/person\/6e72b67d6e51910a1117b3b483ba20bd"},"image":{"@id":"https:\/\/sandzakpress.net\/arhiva\/muatez-bilah-heroj-koji-je-pokorio-cetnike-na-vozucmoj\/#primaryimage"},"thumbnailUrl":"https:\/\/sandzakpress.net\/arhiva\/wp-content\/uploads\/2015\/04\/images_slike_muatezzz-461x250.jpg","articleSection":["Nacija","Bosna i Hercegovina","NAJNOVIJE","VA\u017dNO!"],"inLanguage":"bs-BA","potentialAction":[{"@type":"CommentAction","name":"Comment","target":["https:\/\/sandzakpress.net\/arhiva\/muatez-bilah-heroj-koji-je-pokorio-cetnike-na-vozucmoj\/#respond"]}]},{"@type":"WebPage","@id":"https:\/\/sandzakpress.net\/arhiva\/muatez-bilah-heroj-koji-je-pokorio-cetnike-na-vozucmoj\/","url":"https:\/\/sandzakpress.net\/arhiva\/muatez-bilah-heroj-koji-je-pokorio-cetnike-na-vozucmoj\/","name":"Muatez Bilah: Heroj koji je pokorio \u010detnike na Vozu\u0107Moj","isPartOf":{"@id":"https:\/\/sandzakpress.net\/arhiva\/#website"},"primaryImageOfPage":{"@id":"https:\/\/sandzakpress.net\/arhiva\/muatez-bilah-heroj-koji-je-pokorio-cetnike-na-vozucmoj\/#primaryimage"},"image":{"@id":"https:\/\/sandzakpress.net\/arhiva\/muatez-bilah-heroj-koji-je-pokorio-cetnike-na-vozucmoj\/#primaryimage"},"thumbnailUrl":"https:\/\/sandzakpress.net\/arhiva\/wp-content\/uploads\/2015\/04\/images_slike_muatezzz-461x250.jpg","datePublished":"2015-04-15T20:29:00+00:00","breadcrumb":{"@id":"https:\/\/sandzakpress.net\/arhiva\/muatez-bilah-heroj-koji-je-pokorio-cetnike-na-vozucmoj\/#breadcrumb"},"inLanguage":"bs-BA","potentialAction":[{"@type":"ReadAction","target":["https:\/\/sandzakpress.net\/arhiva\/muatez-bilah-heroj-koji-je-pokorio-cetnike-na-vozucmoj\/"]}]},{"@type":"ImageObject","inLanguage":"bs-BA","@id":"https:\/\/sandzakpress.net\/arhiva\/muatez-bilah-heroj-koji-je-pokorio-cetnike-na-vozucmoj\/#primaryimage","url":"https:\/\/sandzakpress.net\/arhiva\/wp-content\/uploads\/2015\/04\/images_slike_muatezzz-461x250.jpg","contentUrl":"https:\/\/sandzakpress.net\/arhiva\/wp-content\/uploads\/2015\/04\/images_slike_muatezzz-461x250.jpg","width":600,"height":325},{"@type":"BreadcrumbList","@id":"https:\/\/sandzakpress.net\/arhiva\/muatez-bilah-heroj-koji-je-pokorio-cetnike-na-vozucmoj\/#breadcrumb","itemListElement":[{"@type":"ListItem","position":1,"name":"Home","item":"https:\/\/sandzakpress.net\/arhiva\/"},{"@type":"ListItem","position":2,"name":"Muatez Bilah: Heroj koji je pokorio \u010detnike na Vozu\u0107Moj"}]},{"@type":"WebSite","@id":"https:\/\/sandzakpress.net\/arhiva\/#website","url":"https:\/\/sandzakpress.net\/arhiva\/","name":"Sand\u017eak PRESS","description":"Prve elektronske novine u Sand\u017eaku","publisher":{"@id":"https:\/\/sandzakpress.net\/arhiva\/#\/schema\/person\/6e72b67d6e51910a1117b3b483ba20bd"},"potentialAction":[{"@type":"SearchAction","target":{"@type":"EntryPoint","urlTemplate":"https:\/\/sandzakpress.net\/arhiva\/?s={search_term_string}"},"query-input":{"@type":"PropertyValueSpecification","valueRequired":true,"valueName":"search_term_string"}}],"inLanguage":"bs-BA"},{"@type":["Person","Organization"],"@id":"https:\/\/sandzakpress.net\/arhiva\/#\/schema\/person\/6e72b67d6e51910a1117b3b483ba20bd","name":"Kul","image":{"@type":"ImageObject","inLanguage":"bs-BA","@id":"https:\/\/sandzakpress.net\/arhiva\/#\/schema\/person\/image\/","url":"https:\/\/secure.gravatar.com\/avatar\/42263f39aa27ac04c43cab85c280eb2e?s=96&d=mm&r=pg","contentUrl":"https:\/\/secure.gravatar.com\/avatar\/42263f39aa27ac04c43cab85c280eb2e?s=96&d=mm&r=pg","caption":"Kul"},"logo":{"@id":"https:\/\/sandzakpress.net\/arhiva\/#\/schema\/person\/image\/"}},{"@type":"Person","@id":"https:\/\/sandzakpress.net\/arhiva\/#\/schema\/person\/c8baee722073534b583ea7bdb2e36c02","name":"bosniak","image":{"@type":"ImageObject","inLanguage":"bs-BA","@id":"https:\/\/sandzakpress.net\/arhiva\/#\/schema\/person\/image\/","url":"https:\/\/secure.gravatar.com\/avatar\/a04fd330bfe3a36a72a0ad4a6d89fca7?s=96&d=mm&r=pg","contentUrl":"https:\/\/secure.gravatar.com\/avatar\/a04fd330bfe3a36a72a0ad4a6d89fca7?s=96&d=mm&r=pg","caption":"bosniak"},"url":"https:\/\/sandzakpress.net\/arhiva\/author\/bosniak\/"}]}},"_links":{"self":[{"href":"https:\/\/sandzakpress.net\/arhiva\/wp-json\/wp\/v2\/posts\/126790"}],"collection":[{"href":"https:\/\/sandzakpress.net\/arhiva\/wp-json\/wp\/v2\/posts"}],"about":[{"href":"https:\/\/sandzakpress.net\/arhiva\/wp-json\/wp\/v2\/types\/post"}],"author":[{"embeddable":true,"href":"https:\/\/sandzakpress.net\/arhiva\/wp-json\/wp\/v2\/users\/83"}],"replies":[{"embeddable":true,"href":"https:\/\/sandzakpress.net\/arhiva\/wp-json\/wp\/v2\/comments?post=126790"}],"version-history":[{"count":0,"href":"https:\/\/sandzakpress.net\/arhiva\/wp-json\/wp\/v2\/posts\/126790\/revisions"}],"wp:featuredmedia":[{"embeddable":true,"href":"https:\/\/sandzakpress.net\/arhiva\/wp-json\/wp\/v2\/media\/126791"}],"wp:attachment":[{"href":"https:\/\/sandzakpress.net\/arhiva\/wp-json\/wp\/v2\/media?parent=126790"}],"wp:term":[{"taxonomy":"category","embeddable":true,"href":"https:\/\/sandzakpress.net\/arhiva\/wp-json\/wp\/v2\/categories?post=126790"},{"taxonomy":"post_tag","embeddable":true,"href":"https:\/\/sandzakpress.net\/arhiva\/wp-json\/wp\/v2\/tags?post=126790"}],"curies":[{"name":"wp","href":"https:\/\/api.w.org\/{rel}","templated":true}]}}