{"id":126788,"date":"2015-04-15T22:17:43","date_gmt":"2015-04-15T20:17:43","guid":{"rendered":"https:\/\/sandzakpress.net\/arhiva\/?p=126788"},"modified":"2015-04-15T22:17:43","modified_gmt":"2015-04-15T20:17:43","slug":"bosnjaci-su-elitni-narod","status":"publish","type":"post","link":"https:\/\/sandzakpress.net\/arhiva\/bosnjaci-su-elitni-narod\/","title":{"rendered":"Bo\u0161njaci su elitni narod"},"content":{"rendered":"<p>Korijen rije\u010di \u201delita\u201d nalazi se u latinskom jeziku sa zna\u010denjem \u201dizabrani\u201d. Elita je najbolji dio dru\u0161tva, najodabraniji sloj. Da bi neko bio odabran, on ne smije u svom genetskom kodu imati sklonost prema \u010dinjenju zla.<\/p>\n<p>Moj narod je odabrani narod, zato \u0161to u svom genetskom kodu nema sklonosti ka \u010dinjenju zla. Povijesno gledano Bo\u0161njaci nikad ni prema kome nisu po\u010dinili zlo. I uprkos tome ispostavilo se da su drugima, iz nekog nerazumljivog razloga, bili trn u oku. Pripadnost islamu koja je identitetska karakteristika Bo\u0161njaka muslimana je ne\u0161to \u010dime se Bo\u0161njak musliman, najvi\u0161e od svega, ponosi.<\/p>\n<h2>Kazna Bo\u0161njacima zbog osvete Turcima<\/h2>\n<p>Zbog \u010dega je onda licemjerna Evropa pred po\u010detak dvadeset prvog stolje\u0107a dozvolila pohlepnim politikama u regionu da po\u0161alju izvr\u0161itelje zlo\u010dina genocida u bo\u0161nja\u010dku Srebrenicu, Fo\u010du, Prijedor i druga mjesta da bi se tamo, po rije\u010dima samih genocidnih zlo\u010dinaca, \u2018svetili Turcima&#8217;? Je li licemjerna Evropa tada znala da su Bo\u0161njaci i Turci, iako iste vjere, povijesti i kulture, dva razli\u010dita naroda?<\/p>\n<p>Zbog \u010dega su mom narodu decenijama uskra\u0107ivana prava na vlastiti identitet? Moj bo\u0161nja\u010dki narod, moj elitni narod, ima svoj vlastiti identitet! Zbog \u010dega se decenijama prema mom narodu u ovoj licemjernoj Evropi postupa na na\u010din na koji zli barbari postupaju sa lijepom djevojkom kad joj u svojoj zluradoj pohlepi prijete: ,,Ili \u0107e\u0161 biti na\u0161a ili \u0107e te nestati sa lica zemlje!\u201d<\/p>\n<p>Bo\u0161njaci koji su se libili svog identiteta i koji su svojoj djeci nadijevali neka me\u0111unarodna imena ili imena iz tu\u0111ih kultura, u vr\u0161enju zlo\u010dina genocida nad njima, ni\u0161ta bolje nisu pro\u0161li od Bo\u0161njaka koji su cijenili svoje etni\u010dke vrijednosti. Pune su masovne grobnice slu\u010dajeva gdje Bo\u0161njaci Jasenko, Plamenko ili Zlatko le\u017ee pored Muhameda, Hasana, Omera\u2026<\/p>\n<h2>Poruka Bo\u0161njaku<\/h2>\n<p>Osim \u0161to moj narod ima \u010diste ruke od zlo\u010dina, \u0161to je miroljubiv i vrijedan narod, moj narod je autohton na ovim prostorima. On je \u2018svoj na svome\u2019 na balkanskom podru\u010dju. Koliko \u0107e jo\u0161 dugo licemjerna Evropa zlurado posmatrati kako se Bo\u0161njacima velika gostoprimstva vra\u0107aju uzurpacijama i zabijanjem \u2018no\u017ea u le\u0111a\u2019. Sjetimo se stihova Safveta-bega Ba\u0161agi\u0107a (usput re\u010deno i \u201dSafvet\u201d na arapskom jeziku zna\u010di \u201delita\u201d) koju je objavio u listu \u201dBo\u0161njak\u201d 1891.godine pod nazivom ,,Bo\u0161njaku\u201d:<br \/><img loading=\"lazy\" decoding=\"async\" class=\" wp-image-2752 alignright\" title=\"Bosnjak - Bosniak\" src=\"http:\/\/i2.wp.com\/bosnjaci.agency\/wp-content\/uploads\/2014\/02\/bosnjak-bosniak1.jpg?resize=161%2C242\" alt=\"Bosnjak-Bosniak\" width=\"161\" height=\"242\" \/><br \/><i>,,Zna\u0161 Bo\u0161nja\u010de, nije davno bilo,<br \/>sveg\u2019 mi svijeta nema petnaest ljeta,<br \/>kad u na\u0161oj Bosni ponositoj<br \/>i juna\u010dkoj zemlji Hercegovoj,<br \/>od Trebinja do Brodskijeh vrata<br \/>nije bilo Srba ni Hrvata!<br \/>A danas se kroza svoje hire<br \/>Oba stranca ko u svome \u0161ire.<br \/>Oba su nas gosta saletila<br \/>da nam otmu najsvetije blago<br \/>-na\u0161e ime ponosno i drago.\u201d<\/i><\/p>\n<p>Prije cijelog stolje\u0107a Ba\u0161agi\u0107 je Srbe i Hrvate nazvao strancima i \u2018gostima\u2019 koji se u na\u0161em k'o u svome \u0161ire i jo\u0161 nas, povrh svega, salijetaju da nam uzmu najsvetije blago, na\u0161e ime ponosno i drago.<\/p>\n<h2>Historija se ponavlja, jer se ne pamti<\/h2>\n<p>Za\u0161to se nama historija stalno ponavlja? Iz samo jednog razloga: zato \u0161to se ne pamti. Jevrejima se nikad vi\u0161e ne\u0107e ponoviti holokaust, jer su svi pripadnici jevrejskog naroda nakon holokausta uzeli sebi za strogu obavezu da kontinuirano datumski obilje\u017eavaju i pamte po\u010dinjeni zlo\u010din nad njima.<\/p>\n<p>Bo\u0161nja\u010dki narod tako\u0111er mora pamtiti sve genocide koji se, raznim sredstvima i metodama, povijesno ve\u0107 dugo vr\u0161e prema njemu, \u0161to gradi historijsku sliku jednog kontinuranog genocida.<\/p>\n<p>Sje\u0107am se kad mi je nakon rata iz Sand\u017eaka do\u0161la mala sedmogodi\u0161nja sestra u goste i kad je po tuzlanskim ulicama vidjela rupe od eksplodiranih granata. Iako je nisam namjeravala optere\u0107ivati ratnim pri\u010dama, sama je na osnovu vizuelnog dojma tada dijelom shvatila te\u017einu ratnog vremena. Nakon nekoliko godina neki bo\u0161nja\u010dki aktivisti su takva mjesta obilje\u017eili malim crvenim krugovima na mjestima gdje su granate pale i to je bilo svojevrsno spomen obilje\u017eje i opomena da se vi\u0161e nikome ne ponovi.<\/p>\n<p>Me\u0111utim, gradona\u010delnik Tuzle se potrudio da izbri\u0161e sve simbole koje po gradu \u201dizazivaju traume kod djece\u201d, izgradi jezero i nekoliko fontana i na taj na\u010din gra\u0111anima garantira \u201dbolju budu\u0107nost\u201d. Sad, vele, u strahu je od pu\u0161tanja na slobodu Novaka \u0110uki\u0107a, zlo\u010dinca koji je na Kapiji u Tuzli 1995.godine ubio 71.nevinog gra\u0111anina Tuzle. Davno je re\u010deno, zaboravljati na zlo\u010din i svjesno ga umanjivati je samo po sebi, tako\u0111er, zlo\u010din.<\/p>\n<p>Ubijeni pripadnici mog elitnog naroda miri\u0161u, kako je to nedavno potvrdio dr. Mujo Begi\u0107, \u010dlan Instituta za istra\u017eivanje zlo\u010dina protiv \u010dovje\u010dnosti i me\u0111unarodnog prava. ,,Tijelo koje je raspadnuto, logi\u010dno bi bilo da \u0161iri neugodan miris, ali mi koji smo se bavili ekshumacijama tijela na\u0161ih \u0161ehida uvjerili smo se da tijela na\u0161ih \u0161ehida miri\u0161u.\u201d- kazao je Begi\u0107.<\/p>\n<h2>Cijenimo svoje vrijednosti i ne pravdamo se za to<\/h2>\n<p>Mnogo me rastu\u017euje \u010dinjenica da se moj narod decenijama bori da opstane na svojoj sopstvenoj zemlji. Pa zar mo\u017ee razumom obdaren \u010dovjek shvatiti da u dvadeset prvom stolje\u0107u bo\u0161nja\u010dki narod treba da se bori za puku egzistenciju u svojoj zemlji? Zar nije do\u0161lo vrijeme da u\u010dini ne\u0161to vi\u0161e, ne\u0161to \u0161to je iznad potrebe njegove su\u0161te egzistencije?<\/p>\n<p>Iako je bez ikakvih mehanizama za\u0161tite bo\u0161nja\u010dki narod, Allahovom voljom, opstao i danas su na njemu vidljivi o\u017eiljci od okova inferiornosti u kojoj je dr\u017ean vi\u0161e od sto godina. Zato se neki Bo\u0161njaci (poput tuzlanskog gradona\u010delnika) i danas libe svog identiteta i stalno su spremni drugima se izvinjavati i i pravdati se, da im \u201dneko\u201d ne\u0161to ne bi zamjerio.<\/p>\n<p>Po svemu sude\u0107i, Bo\u0161njaci se vi\u0161e nikome ne\u0107e pravdati \u0161to \u017eele imati neke od potrebnih mehanizama za\u0161tite od eventualnih budu\u0107ih zlo\u010dina nad njima. Ne\u0107e se nikome izvinjavati \u0161to cijene svoje vjerske, nacionalne i kulturne vrijednosti i rade na odbrani i o\u010duvanju svoje tradicije. Nikome se, tako\u0111er, ne\u0107e izvinjavati \u0161to su danas iznjedrili omladinu koja je sposobna da ponese teret emaneta o\u010duvanja bo\u0161nja\u010dkih identitetskih vrijednosti, kao i dostojanstva i slobode naroda. To je elitna mlada snaga koja \u0107e, zasigurno, hoditi visoko uzdignuta \u010dela, ponosna na ono \u0161to jeste.<\/p>\n","protected":false},"excerpt":{"rendered":"<p>Mersada Nuruddina Agovi\u0107<\/p>\n","protected":false},"author":83,"featured_media":126789,"comment_status":"open","ping_status":"open","sticky":false,"template":"","format":"standard","meta":{"footnotes":""},"categories":[10196],"tags":[10213],"class_list":{"0":"post-126788","1":"post","2":"type-post","3":"status-publish","4":"format-standard","5":"has-post-thumbnail","7":"category-iz-pera-nasih-autora","8":"tag-mersada-nuruddina-agovic"},"yoast_head":"<!-- This site is optimized with the Yoast SEO Premium plugin v23.1 (Yoast SEO v24.9) - https:\/\/yoast.com\/wordpress\/plugins\/seo\/ -->\n<title>Bo\u0161njaci su elitni narod<\/title>\n<meta name=\"robots\" content=\"index, follow, max-snippet:-1, max-image-preview:large, max-video-preview:-1\" \/>\n<link rel=\"canonical\" href=\"https:\/\/sandzakpress.net\/arhiva\/bosnjaci-su-elitni-narod\/\" \/>\n<meta property=\"og:locale\" content=\"bs_BA\" \/>\n<meta property=\"og:type\" content=\"article\" \/>\n<meta property=\"og:title\" content=\"Bo\u0161njaci su elitni narod\" \/>\n<meta property=\"og:description\" content=\"Mersada Nuruddina Agovi\u0107\" \/>\n<meta property=\"og:url\" content=\"https:\/\/sandzakpress.net\/arhiva\/bosnjaci-su-elitni-narod\/\" \/>\n<meta property=\"og:site_name\" content=\"Sand\u017eak PRESS\" \/>\n<meta property=\"article:published_time\" content=\"2015-04-15T20:17:43+00:00\" \/>\n<meta property=\"og:image\" content=\"https:\/\/sandzakpress.net\/arhiva\/wp-content\/uploads\/2015\/04\/bosnjak-bosniak1.jpg\" \/>\n\t<meta property=\"og:image:width\" content=\"161\" \/>\n\t<meta property=\"og:image:height\" content=\"242\" \/>\n\t<meta property=\"og:image:type\" content=\"image\/jpeg\" \/>\n<meta name=\"author\" content=\"bosniak\" \/>\n<meta name=\"twitter:card\" content=\"summary_large_image\" \/>\n<meta name=\"twitter:label1\" content=\"Written by\" \/>\n\t<meta name=\"twitter:data1\" content=\"bosniak\" \/>\n\t<meta name=\"twitter:label2\" content=\"Est. reading time\" \/>\n\t<meta name=\"twitter:data2\" content=\"5 minuta\" \/>\n<script type=\"application\/ld+json\" class=\"yoast-schema-graph\">{\"@context\":\"https:\/\/schema.org\",\"@graph\":[{\"@type\":\"Article\",\"@id\":\"https:\/\/sandzakpress.net\/arhiva\/bosnjaci-su-elitni-narod\/#article\",\"isPartOf\":{\"@id\":\"https:\/\/sandzakpress.net\/arhiva\/bosnjaci-su-elitni-narod\/\"},\"author\":{\"name\":\"bosniak\",\"@id\":\"https:\/\/sandzakpress.net\/arhiva\/#\/schema\/person\/c8baee722073534b583ea7bdb2e36c02\"},\"headline\":\"Bo\u0161njaci su elitni narod\",\"datePublished\":\"2015-04-15T20:17:43+00:00\",\"mainEntityOfPage\":{\"@id\":\"https:\/\/sandzakpress.net\/arhiva\/bosnjaci-su-elitni-narod\/\"},\"wordCount\":1079,\"commentCount\":31,\"publisher\":{\"@id\":\"https:\/\/sandzakpress.net\/arhiva\/#\/schema\/person\/6e72b67d6e51910a1117b3b483ba20bd\"},\"image\":{\"@id\":\"https:\/\/sandzakpress.net\/arhiva\/bosnjaci-su-elitni-narod\/#primaryimage\"},\"thumbnailUrl\":\"https:\/\/sandzakpress.net\/arhiva\/wp-content\/uploads\/2015\/04\/bosnjak-bosniak1.jpg\",\"keywords\":[\"Mersada Nuruddina Agovi\u0107\"],\"articleSection\":[\"Iz pera na\u0161ih autora\"],\"inLanguage\":\"bs-BA\",\"potentialAction\":[{\"@type\":\"CommentAction\",\"name\":\"Comment\",\"target\":[\"https:\/\/sandzakpress.net\/arhiva\/bosnjaci-su-elitni-narod\/#respond\"]}]},{\"@type\":\"WebPage\",\"@id\":\"https:\/\/sandzakpress.net\/arhiva\/bosnjaci-su-elitni-narod\/\",\"url\":\"https:\/\/sandzakpress.net\/arhiva\/bosnjaci-su-elitni-narod\/\",\"name\":\"Bo\u0161njaci su elitni narod\",\"isPartOf\":{\"@id\":\"https:\/\/sandzakpress.net\/arhiva\/#website\"},\"primaryImageOfPage\":{\"@id\":\"https:\/\/sandzakpress.net\/arhiva\/bosnjaci-su-elitni-narod\/#primaryimage\"},\"image\":{\"@id\":\"https:\/\/sandzakpress.net\/arhiva\/bosnjaci-su-elitni-narod\/#primaryimage\"},\"thumbnailUrl\":\"https:\/\/sandzakpress.net\/arhiva\/wp-content\/uploads\/2015\/04\/bosnjak-bosniak1.jpg\",\"datePublished\":\"2015-04-15T20:17:43+00:00\",\"breadcrumb\":{\"@id\":\"https:\/\/sandzakpress.net\/arhiva\/bosnjaci-su-elitni-narod\/#breadcrumb\"},\"inLanguage\":\"bs-BA\",\"potentialAction\":[{\"@type\":\"ReadAction\",\"target\":[\"https:\/\/sandzakpress.net\/arhiva\/bosnjaci-su-elitni-narod\/\"]}]},{\"@type\":\"ImageObject\",\"inLanguage\":\"bs-BA\",\"@id\":\"https:\/\/sandzakpress.net\/arhiva\/bosnjaci-su-elitni-narod\/#primaryimage\",\"url\":\"https:\/\/sandzakpress.net\/arhiva\/wp-content\/uploads\/2015\/04\/bosnjak-bosniak1.jpg\",\"contentUrl\":\"https:\/\/sandzakpress.net\/arhiva\/wp-content\/uploads\/2015\/04\/bosnjak-bosniak1.jpg\",\"width\":161,\"height\":242},{\"@type\":\"BreadcrumbList\",\"@id\":\"https:\/\/sandzakpress.net\/arhiva\/bosnjaci-su-elitni-narod\/#breadcrumb\",\"itemListElement\":[{\"@type\":\"ListItem\",\"position\":1,\"name\":\"Home\",\"item\":\"https:\/\/sandzakpress.net\/arhiva\/\"},{\"@type\":\"ListItem\",\"position\":2,\"name\":\"Bo\u0161njaci su elitni narod\"}]},{\"@type\":\"WebSite\",\"@id\":\"https:\/\/sandzakpress.net\/arhiva\/#website\",\"url\":\"https:\/\/sandzakpress.net\/arhiva\/\",\"name\":\"Sand\u017eak PRESS\",\"description\":\"Prve elektronske novine u Sand\u017eaku\",\"publisher\":{\"@id\":\"https:\/\/sandzakpress.net\/arhiva\/#\/schema\/person\/6e72b67d6e51910a1117b3b483ba20bd\"},\"potentialAction\":[{\"@type\":\"SearchAction\",\"target\":{\"@type\":\"EntryPoint\",\"urlTemplate\":\"https:\/\/sandzakpress.net\/arhiva\/?s={search_term_string}\"},\"query-input\":{\"@type\":\"PropertyValueSpecification\",\"valueRequired\":true,\"valueName\":\"search_term_string\"}}],\"inLanguage\":\"bs-BA\"},{\"@type\":[\"Person\",\"Organization\"],\"@id\":\"https:\/\/sandzakpress.net\/arhiva\/#\/schema\/person\/6e72b67d6e51910a1117b3b483ba20bd\",\"name\":\"Kul\",\"image\":{\"@type\":\"ImageObject\",\"inLanguage\":\"bs-BA\",\"@id\":\"https:\/\/sandzakpress.net\/arhiva\/#\/schema\/person\/image\/\",\"url\":\"https:\/\/secure.gravatar.com\/avatar\/42263f39aa27ac04c43cab85c280eb2e?s=96&d=mm&r=pg\",\"contentUrl\":\"https:\/\/secure.gravatar.com\/avatar\/42263f39aa27ac04c43cab85c280eb2e?s=96&d=mm&r=pg\",\"caption\":\"Kul\"},\"logo\":{\"@id\":\"https:\/\/sandzakpress.net\/arhiva\/#\/schema\/person\/image\/\"}},{\"@type\":\"Person\",\"@id\":\"https:\/\/sandzakpress.net\/arhiva\/#\/schema\/person\/c8baee722073534b583ea7bdb2e36c02\",\"name\":\"bosniak\",\"image\":{\"@type\":\"ImageObject\",\"inLanguage\":\"bs-BA\",\"@id\":\"https:\/\/sandzakpress.net\/arhiva\/#\/schema\/person\/image\/\",\"url\":\"https:\/\/secure.gravatar.com\/avatar\/a04fd330bfe3a36a72a0ad4a6d89fca7?s=96&d=mm&r=pg\",\"contentUrl\":\"https:\/\/secure.gravatar.com\/avatar\/a04fd330bfe3a36a72a0ad4a6d89fca7?s=96&d=mm&r=pg\",\"caption\":\"bosniak\"},\"url\":\"https:\/\/sandzakpress.net\/arhiva\/author\/bosniak\/\"}]}<\/script>\n<!-- \/ Yoast SEO Premium plugin. -->","yoast_head_json":{"title":"Bo\u0161njaci su elitni narod","robots":{"index":"index","follow":"follow","max-snippet":"max-snippet:-1","max-image-preview":"max-image-preview:large","max-video-preview":"max-video-preview:-1"},"canonical":"https:\/\/sandzakpress.net\/arhiva\/bosnjaci-su-elitni-narod\/","og_locale":"bs_BA","og_type":"article","og_title":"Bo\u0161njaci su elitni narod","og_description":"Mersada Nuruddina Agovi\u0107","og_url":"https:\/\/sandzakpress.net\/arhiva\/bosnjaci-su-elitni-narod\/","og_site_name":"Sand\u017eak PRESS","article_published_time":"2015-04-15T20:17:43+00:00","og_image":[{"width":161,"height":242,"url":"https:\/\/sandzakpress.net\/arhiva\/wp-content\/uploads\/2015\/04\/bosnjak-bosniak1.jpg","type":"image\/jpeg"}],"author":"bosniak","twitter_card":"summary_large_image","twitter_misc":{"Written by":"bosniak","Est. reading time":"5 minuta"},"schema":{"@context":"https:\/\/schema.org","@graph":[{"@type":"Article","@id":"https:\/\/sandzakpress.net\/arhiva\/bosnjaci-su-elitni-narod\/#article","isPartOf":{"@id":"https:\/\/sandzakpress.net\/arhiva\/bosnjaci-su-elitni-narod\/"},"author":{"name":"bosniak","@id":"https:\/\/sandzakpress.net\/arhiva\/#\/schema\/person\/c8baee722073534b583ea7bdb2e36c02"},"headline":"Bo\u0161njaci su elitni narod","datePublished":"2015-04-15T20:17:43+00:00","mainEntityOfPage":{"@id":"https:\/\/sandzakpress.net\/arhiva\/bosnjaci-su-elitni-narod\/"},"wordCount":1079,"commentCount":31,"publisher":{"@id":"https:\/\/sandzakpress.net\/arhiva\/#\/schema\/person\/6e72b67d6e51910a1117b3b483ba20bd"},"image":{"@id":"https:\/\/sandzakpress.net\/arhiva\/bosnjaci-su-elitni-narod\/#primaryimage"},"thumbnailUrl":"https:\/\/sandzakpress.net\/arhiva\/wp-content\/uploads\/2015\/04\/bosnjak-bosniak1.jpg","keywords":["Mersada Nuruddina Agovi\u0107"],"articleSection":["Iz pera na\u0161ih autora"],"inLanguage":"bs-BA","potentialAction":[{"@type":"CommentAction","name":"Comment","target":["https:\/\/sandzakpress.net\/arhiva\/bosnjaci-su-elitni-narod\/#respond"]}]},{"@type":"WebPage","@id":"https:\/\/sandzakpress.net\/arhiva\/bosnjaci-su-elitni-narod\/","url":"https:\/\/sandzakpress.net\/arhiva\/bosnjaci-su-elitni-narod\/","name":"Bo\u0161njaci su elitni narod","isPartOf":{"@id":"https:\/\/sandzakpress.net\/arhiva\/#website"},"primaryImageOfPage":{"@id":"https:\/\/sandzakpress.net\/arhiva\/bosnjaci-su-elitni-narod\/#primaryimage"},"image":{"@id":"https:\/\/sandzakpress.net\/arhiva\/bosnjaci-su-elitni-narod\/#primaryimage"},"thumbnailUrl":"https:\/\/sandzakpress.net\/arhiva\/wp-content\/uploads\/2015\/04\/bosnjak-bosniak1.jpg","datePublished":"2015-04-15T20:17:43+00:00","breadcrumb":{"@id":"https:\/\/sandzakpress.net\/arhiva\/bosnjaci-su-elitni-narod\/#breadcrumb"},"inLanguage":"bs-BA","potentialAction":[{"@type":"ReadAction","target":["https:\/\/sandzakpress.net\/arhiva\/bosnjaci-su-elitni-narod\/"]}]},{"@type":"ImageObject","inLanguage":"bs-BA","@id":"https:\/\/sandzakpress.net\/arhiva\/bosnjaci-su-elitni-narod\/#primaryimage","url":"https:\/\/sandzakpress.net\/arhiva\/wp-content\/uploads\/2015\/04\/bosnjak-bosniak1.jpg","contentUrl":"https:\/\/sandzakpress.net\/arhiva\/wp-content\/uploads\/2015\/04\/bosnjak-bosniak1.jpg","width":161,"height":242},{"@type":"BreadcrumbList","@id":"https:\/\/sandzakpress.net\/arhiva\/bosnjaci-su-elitni-narod\/#breadcrumb","itemListElement":[{"@type":"ListItem","position":1,"name":"Home","item":"https:\/\/sandzakpress.net\/arhiva\/"},{"@type":"ListItem","position":2,"name":"Bo\u0161njaci su elitni narod"}]},{"@type":"WebSite","@id":"https:\/\/sandzakpress.net\/arhiva\/#website","url":"https:\/\/sandzakpress.net\/arhiva\/","name":"Sand\u017eak PRESS","description":"Prve elektronske novine u Sand\u017eaku","publisher":{"@id":"https:\/\/sandzakpress.net\/arhiva\/#\/schema\/person\/6e72b67d6e51910a1117b3b483ba20bd"},"potentialAction":[{"@type":"SearchAction","target":{"@type":"EntryPoint","urlTemplate":"https:\/\/sandzakpress.net\/arhiva\/?s={search_term_string}"},"query-input":{"@type":"PropertyValueSpecification","valueRequired":true,"valueName":"search_term_string"}}],"inLanguage":"bs-BA"},{"@type":["Person","Organization"],"@id":"https:\/\/sandzakpress.net\/arhiva\/#\/schema\/person\/6e72b67d6e51910a1117b3b483ba20bd","name":"Kul","image":{"@type":"ImageObject","inLanguage":"bs-BA","@id":"https:\/\/sandzakpress.net\/arhiva\/#\/schema\/person\/image\/","url":"https:\/\/secure.gravatar.com\/avatar\/42263f39aa27ac04c43cab85c280eb2e?s=96&d=mm&r=pg","contentUrl":"https:\/\/secure.gravatar.com\/avatar\/42263f39aa27ac04c43cab85c280eb2e?s=96&d=mm&r=pg","caption":"Kul"},"logo":{"@id":"https:\/\/sandzakpress.net\/arhiva\/#\/schema\/person\/image\/"}},{"@type":"Person","@id":"https:\/\/sandzakpress.net\/arhiva\/#\/schema\/person\/c8baee722073534b583ea7bdb2e36c02","name":"bosniak","image":{"@type":"ImageObject","inLanguage":"bs-BA","@id":"https:\/\/sandzakpress.net\/arhiva\/#\/schema\/person\/image\/","url":"https:\/\/secure.gravatar.com\/avatar\/a04fd330bfe3a36a72a0ad4a6d89fca7?s=96&d=mm&r=pg","contentUrl":"https:\/\/secure.gravatar.com\/avatar\/a04fd330bfe3a36a72a0ad4a6d89fca7?s=96&d=mm&r=pg","caption":"bosniak"},"url":"https:\/\/sandzakpress.net\/arhiva\/author\/bosniak\/"}]}},"_links":{"self":[{"href":"https:\/\/sandzakpress.net\/arhiva\/wp-json\/wp\/v2\/posts\/126788"}],"collection":[{"href":"https:\/\/sandzakpress.net\/arhiva\/wp-json\/wp\/v2\/posts"}],"about":[{"href":"https:\/\/sandzakpress.net\/arhiva\/wp-json\/wp\/v2\/types\/post"}],"author":[{"embeddable":true,"href":"https:\/\/sandzakpress.net\/arhiva\/wp-json\/wp\/v2\/users\/83"}],"replies":[{"embeddable":true,"href":"https:\/\/sandzakpress.net\/arhiva\/wp-json\/wp\/v2\/comments?post=126788"}],"version-history":[{"count":0,"href":"https:\/\/sandzakpress.net\/arhiva\/wp-json\/wp\/v2\/posts\/126788\/revisions"}],"wp:featuredmedia":[{"embeddable":true,"href":"https:\/\/sandzakpress.net\/arhiva\/wp-json\/wp\/v2\/media\/126789"}],"wp:attachment":[{"href":"https:\/\/sandzakpress.net\/arhiva\/wp-json\/wp\/v2\/media?parent=126788"}],"wp:term":[{"taxonomy":"category","embeddable":true,"href":"https:\/\/sandzakpress.net\/arhiva\/wp-json\/wp\/v2\/categories?post=126788"},{"taxonomy":"post_tag","embeddable":true,"href":"https:\/\/sandzakpress.net\/arhiva\/wp-json\/wp\/v2\/tags?post=126788"}],"curies":[{"name":"wp","href":"https:\/\/api.w.org\/{rel}","templated":true}]}}