{"id":126737,"date":"2015-04-15T11:05:01","date_gmt":"2015-04-15T09:05:01","guid":{"rendered":"https:\/\/sandzakpress.net\/arhiva\/?p=126737"},"modified":"2015-04-15T11:05:01","modified_gmt":"2015-04-15T09:05:01","slug":"erdogan-osudujem-i-upozoravam-uvazenog-papu-da-vise-ne-cini-ovakve-greske","status":"publish","type":"post","link":"https:\/\/sandzakpress.net\/arhiva\/erdogan-osudujem-i-upozoravam-uvazenog-papu-da-vise-ne-cini-ovakve-greske\/","title":{"rendered":"Erdogan: Osu\u0111ujem i upozoravam uva\u017eenog Papu da vi\u0161e ne \u010dini ovakve gre\u0161ke"},"content":{"rendered":"<p><img decoding=\"async\" src=\"http:\/\/bosniapress.net\/wp-content\/uploads\/2015\/04\/turkey-prime-minister-616x410.jpg\" alt=\"turkey-prime-minister\" \/><\/p>\n<p><strong>Turska\u00a0 \u0336\u00a0 Turski predsjednik Recep Tayyip Erdogan je osudio nedavnu izjavu poglavara Rimokatoli\u010dke crkve pape Franje o stradanjima Armena u doga\u0111ajima 1915. godine te poru\u010dio da se do \u201covakvog bunila, a ne istine dolazi kada se historijom po\u010dnu baviti politi\u010dari i vjerski lideri, a ne histori\u010dari\u201d.<\/strong><span id=\"more-135603\"><\/span><\/p>\n<p>\u201cTim povodom ponavljam na\u0161 poziv o formiranju zajedni\u010dke komisije i nagla\u0161avam da smo spremni \u0161irom otvoriti vrata svih arhiva za to. Osu\u0111ujem i upozoravam uva\u017eenog Papu da vi\u0161e ne \u010dini ovakve gre\u0161ke\u201d, poru\u010dio je turski predsjednik Erdogan u obra\u0107anju prilikom dana\u0161njeg susreta sa delegacijom Unije turskih izvoznika.<\/p>\n<p>Izraziv\u0161i duboko \u017ealjenje zbog \u010dinjenice da je papa Franjo \u201cgenocidom\u201d nazvao stradanje Armena prije 100 godina i dodao da su oni, zajedno sa svim muslimanima i drugim stanovnicima te regije bili \u017ertve tada\u0161njih bolnih de\u0161avanja.<\/p>\n<p>Podsjetiv\u0161i da je papa Franjo ne tako davno bio u posjeti Ankari, Erdogan je kazao da je tom prilikom vidio posve druga\u010dijeg \u201cpoliti\u010dara\u201d u njemu.<\/p>\n<p>\u201cVidite, ne ka\u017eem vjerskog lidera, ve\u0107 sam vidio druga\u010dijeg politi\u010dara. Me\u0111utim, nakon posljednjih njegovih izjava sam na\u017ealost vidio, sa aspekta njegovog i politi\u010dkog i vjerskog identiteta, posve druga\u010diji pristup i obnavljanje ideologije koja je u historiji dovela do stradanja stotina hiljada i miliona ljudi. \u017delim naglasiti da ne\u0107emo dozvoliti da se ti historijski doga\u0111aji izvuku iz konteksta i pretvore u alat za kampanju protiv na\u0161e zemlje i nacije\u201d, kazao je Erdogan.<\/p>\n<p>Nedjeljnu misu u Vatikanu papa Franjo je posvetio Armenima koji su izgubili \u017eivote u sukobima 1915. godine i u obra\u0107anju prisutnima je te doga\u0111aje nazvao \u201cgenocidom\u201d.<\/p>\n<p>Pomenuti doga\u0111aji 1915. godine desili su se tokom Prvog svjetskog rata kada se dio armenskog stanovni\u0161tva koji je \u017eivio u Osmanskom carstvu pridru\u017eio Rusima koji su upali na teritoriju i pobunili se. Ti doga\u0111aju su predmet spora izme\u0111u Armenije i Turske. Armenski lobi na me\u0111unarodnij sceni radi na prikupljanju podr\u0161ke da su Armenci tada bili \u017ertve \u201cgenocida\u201d, dok Turska smatra da bi ocjenu o karakteru tih de\u0161avanja trebali dati histori\u010dari, a veliki broj njih se ne sla\u017ee sa tvrdnjama proarmenskih krugova.<\/p>\n<p>(Anadolu Agency)<\/p>\n","protected":false},"excerpt":{"rendered":"<p>Turska\u00a0 \u0336\u00a0 Turski predsjednik Recep Tayyip Erdogan je osudio nedavnu izjavu poglavara Rimokatoli\u010dke crkve pape Franje o stradanjima Armena u doga\u0111ajima 1915. godine te poru\u010dio da se do \u201covakvog bunila, a ne istine dolazi kada se historijom po\u010dnu baviti politi\u010dari i vjerski lideri, a ne histori\u010dari\u201d. \u201cTim povodom ponavljam na\u0161 poziv o formiranju zajedni\u010dke komisije [&hellip;]<\/p>\n","protected":false},"author":83,"featured_media":126738,"comment_status":"open","ping_status":"open","sticky":false,"template":"","format":"standard","meta":{"footnotes":""},"categories":[9,2692],"tags":[],"class_list":{"0":"post-126737","1":"post","2":"type-post","3":"status-publish","4":"format-standard","5":"has-post-thumbnail","7":"category-svijet","8":"category-turska-gradovi"},"yoast_head":"<!-- This site is optimized with the Yoast SEO Premium plugin v23.1 (Yoast SEO v24.9) - https:\/\/yoast.com\/wordpress\/plugins\/seo\/ -->\n<title>Erdogan: Osu\u0111ujem i upozoravam uva\u017eenog Papu da vi\u0161e ne \u010dini ovakve gre\u0161ke<\/title>\n<meta name=\"robots\" content=\"index, follow, max-snippet:-1, max-image-preview:large, max-video-preview:-1\" \/>\n<link rel=\"canonical\" href=\"https:\/\/sandzakpress.net\/arhiva\/erdogan-osudujem-i-upozoravam-uvazenog-papu-da-vise-ne-cini-ovakve-greske\/\" \/>\n<meta property=\"og:locale\" content=\"bs_BA\" \/>\n<meta property=\"og:type\" content=\"article\" \/>\n<meta property=\"og:title\" content=\"Erdogan: Osu\u0111ujem i upozoravam uva\u017eenog Papu da vi\u0161e ne \u010dini ovakve gre\u0161ke\" \/>\n<meta property=\"og:description\" content=\"Turska\u00a0 \u0336\u00a0 Turski predsjednik Recep Tayyip Erdogan je osudio nedavnu izjavu poglavara Rimokatoli\u010dke crkve pape Franje o stradanjima Armena u doga\u0111ajima 1915. godine te poru\u010dio da se do \u201covakvog bunila, a ne istine dolazi kada se historijom po\u010dnu baviti politi\u010dari i vjerski lideri, a ne histori\u010dari\u201d. \u201cTim povodom ponavljam na\u0161 poziv o formiranju zajedni\u010dke komisije [&hellip;]\" \/>\n<meta property=\"og:url\" content=\"https:\/\/sandzakpress.net\/arhiva\/erdogan-osudujem-i-upozoravam-uvazenog-papu-da-vise-ne-cini-ovakve-greske\/\" \/>\n<meta property=\"og:site_name\" content=\"Sand\u017eak PRESS\" \/>\n<meta property=\"article:published_time\" content=\"2015-04-15T09:05:01+00:00\" \/>\n<meta property=\"og:image\" content=\"https:\/\/sandzakpress.net\/arhiva\/wp-content\/uploads\/2015\/04\/turkey-prime-minister-616x410.jpg\" \/>\n\t<meta property=\"og:image:width\" content=\"616\" \/>\n\t<meta property=\"og:image:height\" content=\"410\" \/>\n\t<meta property=\"og:image:type\" content=\"image\/jpeg\" \/>\n<meta name=\"author\" content=\"bosniak\" \/>\n<meta name=\"twitter:card\" content=\"summary_large_image\" \/>\n<meta name=\"twitter:label1\" content=\"Written by\" \/>\n\t<meta name=\"twitter:data1\" content=\"bosniak\" \/>\n\t<meta name=\"twitter:label2\" content=\"Est. reading time\" \/>\n\t<meta name=\"twitter:data2\" content=\"2 minute\" \/>\n<script type=\"application\/ld+json\" class=\"yoast-schema-graph\">{\"@context\":\"https:\/\/schema.org\",\"@graph\":[{\"@type\":\"Article\",\"@id\":\"https:\/\/sandzakpress.net\/arhiva\/erdogan-osudujem-i-upozoravam-uvazenog-papu-da-vise-ne-cini-ovakve-greske\/#article\",\"isPartOf\":{\"@id\":\"https:\/\/sandzakpress.net\/arhiva\/erdogan-osudujem-i-upozoravam-uvazenog-papu-da-vise-ne-cini-ovakve-greske\/\"},\"author\":{\"name\":\"bosniak\",\"@id\":\"https:\/\/sandzakpress.net\/arhiva\/#\/schema\/person\/c8baee722073534b583ea7bdb2e36c02\"},\"headline\":\"Erdogan: Osu\u0111ujem i upozoravam uva\u017eenog Papu da vi\u0161e ne \u010dini ovakve gre\u0161ke\",\"datePublished\":\"2015-04-15T09:05:01+00:00\",\"mainEntityOfPage\":{\"@id\":\"https:\/\/sandzakpress.net\/arhiva\/erdogan-osudujem-i-upozoravam-uvazenog-papu-da-vise-ne-cini-ovakve-greske\/\"},\"wordCount\":387,\"commentCount\":2,\"publisher\":{\"@id\":\"https:\/\/sandzakpress.net\/arhiva\/#\/schema\/person\/6e72b67d6e51910a1117b3b483ba20bd\"},\"image\":{\"@id\":\"https:\/\/sandzakpress.net\/arhiva\/erdogan-osudujem-i-upozoravam-uvazenog-papu-da-vise-ne-cini-ovakve-greske\/#primaryimage\"},\"thumbnailUrl\":\"https:\/\/sandzakpress.net\/arhiva\/wp-content\/uploads\/2015\/04\/turkey-prime-minister-616x410.jpg\",\"articleSection\":[\"Svijet\",\"Turska\"],\"inLanguage\":\"bs-BA\",\"potentialAction\":[{\"@type\":\"CommentAction\",\"name\":\"Comment\",\"target\":[\"https:\/\/sandzakpress.net\/arhiva\/erdogan-osudujem-i-upozoravam-uvazenog-papu-da-vise-ne-cini-ovakve-greske\/#respond\"]}]},{\"@type\":\"WebPage\",\"@id\":\"https:\/\/sandzakpress.net\/arhiva\/erdogan-osudujem-i-upozoravam-uvazenog-papu-da-vise-ne-cini-ovakve-greske\/\",\"url\":\"https:\/\/sandzakpress.net\/arhiva\/erdogan-osudujem-i-upozoravam-uvazenog-papu-da-vise-ne-cini-ovakve-greske\/\",\"name\":\"Erdogan: Osu\u0111ujem i upozoravam uva\u017eenog Papu da vi\u0161e ne \u010dini ovakve gre\u0161ke\",\"isPartOf\":{\"@id\":\"https:\/\/sandzakpress.net\/arhiva\/#website\"},\"primaryImageOfPage\":{\"@id\":\"https:\/\/sandzakpress.net\/arhiva\/erdogan-osudujem-i-upozoravam-uvazenog-papu-da-vise-ne-cini-ovakve-greske\/#primaryimage\"},\"image\":{\"@id\":\"https:\/\/sandzakpress.net\/arhiva\/erdogan-osudujem-i-upozoravam-uvazenog-papu-da-vise-ne-cini-ovakve-greske\/#primaryimage\"},\"thumbnailUrl\":\"https:\/\/sandzakpress.net\/arhiva\/wp-content\/uploads\/2015\/04\/turkey-prime-minister-616x410.jpg\",\"datePublished\":\"2015-04-15T09:05:01+00:00\",\"breadcrumb\":{\"@id\":\"https:\/\/sandzakpress.net\/arhiva\/erdogan-osudujem-i-upozoravam-uvazenog-papu-da-vise-ne-cini-ovakve-greske\/#breadcrumb\"},\"inLanguage\":\"bs-BA\",\"potentialAction\":[{\"@type\":\"ReadAction\",\"target\":[\"https:\/\/sandzakpress.net\/arhiva\/erdogan-osudujem-i-upozoravam-uvazenog-papu-da-vise-ne-cini-ovakve-greske\/\"]}]},{\"@type\":\"ImageObject\",\"inLanguage\":\"bs-BA\",\"@id\":\"https:\/\/sandzakpress.net\/arhiva\/erdogan-osudujem-i-upozoravam-uvazenog-papu-da-vise-ne-cini-ovakve-greske\/#primaryimage\",\"url\":\"https:\/\/sandzakpress.net\/arhiva\/wp-content\/uploads\/2015\/04\/turkey-prime-minister-616x410.jpg\",\"contentUrl\":\"https:\/\/sandzakpress.net\/arhiva\/wp-content\/uploads\/2015\/04\/turkey-prime-minister-616x410.jpg\",\"width\":616,\"height\":410},{\"@type\":\"BreadcrumbList\",\"@id\":\"https:\/\/sandzakpress.net\/arhiva\/erdogan-osudujem-i-upozoravam-uvazenog-papu-da-vise-ne-cini-ovakve-greske\/#breadcrumb\",\"itemListElement\":[{\"@type\":\"ListItem\",\"position\":1,\"name\":\"Home\",\"item\":\"https:\/\/sandzakpress.net\/arhiva\/\"},{\"@type\":\"ListItem\",\"position\":2,\"name\":\"Erdogan: Osu\u0111ujem i upozoravam uva\u017eenog Papu da vi\u0161e ne \u010dini ovakve gre\u0161ke\"}]},{\"@type\":\"WebSite\",\"@id\":\"https:\/\/sandzakpress.net\/arhiva\/#website\",\"url\":\"https:\/\/sandzakpress.net\/arhiva\/\",\"name\":\"Sand\u017eak PRESS\",\"description\":\"Prve elektronske novine u Sand\u017eaku\",\"publisher\":{\"@id\":\"https:\/\/sandzakpress.net\/arhiva\/#\/schema\/person\/6e72b67d6e51910a1117b3b483ba20bd\"},\"potentialAction\":[{\"@type\":\"SearchAction\",\"target\":{\"@type\":\"EntryPoint\",\"urlTemplate\":\"https:\/\/sandzakpress.net\/arhiva\/?s={search_term_string}\"},\"query-input\":{\"@type\":\"PropertyValueSpecification\",\"valueRequired\":true,\"valueName\":\"search_term_string\"}}],\"inLanguage\":\"bs-BA\"},{\"@type\":[\"Person\",\"Organization\"],\"@id\":\"https:\/\/sandzakpress.net\/arhiva\/#\/schema\/person\/6e72b67d6e51910a1117b3b483ba20bd\",\"name\":\"Kul\",\"image\":{\"@type\":\"ImageObject\",\"inLanguage\":\"bs-BA\",\"@id\":\"https:\/\/sandzakpress.net\/arhiva\/#\/schema\/person\/image\/\",\"url\":\"https:\/\/secure.gravatar.com\/avatar\/42263f39aa27ac04c43cab85c280eb2e?s=96&d=mm&r=pg\",\"contentUrl\":\"https:\/\/secure.gravatar.com\/avatar\/42263f39aa27ac04c43cab85c280eb2e?s=96&d=mm&r=pg\",\"caption\":\"Kul\"},\"logo\":{\"@id\":\"https:\/\/sandzakpress.net\/arhiva\/#\/schema\/person\/image\/\"}},{\"@type\":\"Person\",\"@id\":\"https:\/\/sandzakpress.net\/arhiva\/#\/schema\/person\/c8baee722073534b583ea7bdb2e36c02\",\"name\":\"bosniak\",\"image\":{\"@type\":\"ImageObject\",\"inLanguage\":\"bs-BA\",\"@id\":\"https:\/\/sandzakpress.net\/arhiva\/#\/schema\/person\/image\/\",\"url\":\"https:\/\/secure.gravatar.com\/avatar\/a04fd330bfe3a36a72a0ad4a6d89fca7?s=96&d=mm&r=pg\",\"contentUrl\":\"https:\/\/secure.gravatar.com\/avatar\/a04fd330bfe3a36a72a0ad4a6d89fca7?s=96&d=mm&r=pg\",\"caption\":\"bosniak\"},\"url\":\"https:\/\/sandzakpress.net\/arhiva\/author\/bosniak\/\"}]}<\/script>\n<!-- \/ Yoast SEO Premium plugin. -->","yoast_head_json":{"title":"Erdogan: Osu\u0111ujem i upozoravam uva\u017eenog Papu da vi\u0161e ne \u010dini ovakve gre\u0161ke","robots":{"index":"index","follow":"follow","max-snippet":"max-snippet:-1","max-image-preview":"max-image-preview:large","max-video-preview":"max-video-preview:-1"},"canonical":"https:\/\/sandzakpress.net\/arhiva\/erdogan-osudujem-i-upozoravam-uvazenog-papu-da-vise-ne-cini-ovakve-greske\/","og_locale":"bs_BA","og_type":"article","og_title":"Erdogan: Osu\u0111ujem i upozoravam uva\u017eenog Papu da vi\u0161e ne \u010dini ovakve gre\u0161ke","og_description":"Turska\u00a0 \u0336\u00a0 Turski predsjednik Recep Tayyip Erdogan je osudio nedavnu izjavu poglavara Rimokatoli\u010dke crkve pape Franje o stradanjima Armena u doga\u0111ajima 1915. godine te poru\u010dio da se do \u201covakvog bunila, a ne istine dolazi kada se historijom po\u010dnu baviti politi\u010dari i vjerski lideri, a ne histori\u010dari\u201d. \u201cTim povodom ponavljam na\u0161 poziv o formiranju zajedni\u010dke komisije [&hellip;]","og_url":"https:\/\/sandzakpress.net\/arhiva\/erdogan-osudujem-i-upozoravam-uvazenog-papu-da-vise-ne-cini-ovakve-greske\/","og_site_name":"Sand\u017eak PRESS","article_published_time":"2015-04-15T09:05:01+00:00","og_image":[{"width":616,"height":410,"url":"https:\/\/sandzakpress.net\/arhiva\/wp-content\/uploads\/2015\/04\/turkey-prime-minister-616x410.jpg","type":"image\/jpeg"}],"author":"bosniak","twitter_card":"summary_large_image","twitter_misc":{"Written by":"bosniak","Est. reading time":"2 minute"},"schema":{"@context":"https:\/\/schema.org","@graph":[{"@type":"Article","@id":"https:\/\/sandzakpress.net\/arhiva\/erdogan-osudujem-i-upozoravam-uvazenog-papu-da-vise-ne-cini-ovakve-greske\/#article","isPartOf":{"@id":"https:\/\/sandzakpress.net\/arhiva\/erdogan-osudujem-i-upozoravam-uvazenog-papu-da-vise-ne-cini-ovakve-greske\/"},"author":{"name":"bosniak","@id":"https:\/\/sandzakpress.net\/arhiva\/#\/schema\/person\/c8baee722073534b583ea7bdb2e36c02"},"headline":"Erdogan: Osu\u0111ujem i upozoravam uva\u017eenog Papu da vi\u0161e ne \u010dini ovakve gre\u0161ke","datePublished":"2015-04-15T09:05:01+00:00","mainEntityOfPage":{"@id":"https:\/\/sandzakpress.net\/arhiva\/erdogan-osudujem-i-upozoravam-uvazenog-papu-da-vise-ne-cini-ovakve-greske\/"},"wordCount":387,"commentCount":2,"publisher":{"@id":"https:\/\/sandzakpress.net\/arhiva\/#\/schema\/person\/6e72b67d6e51910a1117b3b483ba20bd"},"image":{"@id":"https:\/\/sandzakpress.net\/arhiva\/erdogan-osudujem-i-upozoravam-uvazenog-papu-da-vise-ne-cini-ovakve-greske\/#primaryimage"},"thumbnailUrl":"https:\/\/sandzakpress.net\/arhiva\/wp-content\/uploads\/2015\/04\/turkey-prime-minister-616x410.jpg","articleSection":["Svijet","Turska"],"inLanguage":"bs-BA","potentialAction":[{"@type":"CommentAction","name":"Comment","target":["https:\/\/sandzakpress.net\/arhiva\/erdogan-osudujem-i-upozoravam-uvazenog-papu-da-vise-ne-cini-ovakve-greske\/#respond"]}]},{"@type":"WebPage","@id":"https:\/\/sandzakpress.net\/arhiva\/erdogan-osudujem-i-upozoravam-uvazenog-papu-da-vise-ne-cini-ovakve-greske\/","url":"https:\/\/sandzakpress.net\/arhiva\/erdogan-osudujem-i-upozoravam-uvazenog-papu-da-vise-ne-cini-ovakve-greske\/","name":"Erdogan: Osu\u0111ujem i upozoravam uva\u017eenog Papu da vi\u0161e ne \u010dini ovakve gre\u0161ke","isPartOf":{"@id":"https:\/\/sandzakpress.net\/arhiva\/#website"},"primaryImageOfPage":{"@id":"https:\/\/sandzakpress.net\/arhiva\/erdogan-osudujem-i-upozoravam-uvazenog-papu-da-vise-ne-cini-ovakve-greske\/#primaryimage"},"image":{"@id":"https:\/\/sandzakpress.net\/arhiva\/erdogan-osudujem-i-upozoravam-uvazenog-papu-da-vise-ne-cini-ovakve-greske\/#primaryimage"},"thumbnailUrl":"https:\/\/sandzakpress.net\/arhiva\/wp-content\/uploads\/2015\/04\/turkey-prime-minister-616x410.jpg","datePublished":"2015-04-15T09:05:01+00:00","breadcrumb":{"@id":"https:\/\/sandzakpress.net\/arhiva\/erdogan-osudujem-i-upozoravam-uvazenog-papu-da-vise-ne-cini-ovakve-greske\/#breadcrumb"},"inLanguage":"bs-BA","potentialAction":[{"@type":"ReadAction","target":["https:\/\/sandzakpress.net\/arhiva\/erdogan-osudujem-i-upozoravam-uvazenog-papu-da-vise-ne-cini-ovakve-greske\/"]}]},{"@type":"ImageObject","inLanguage":"bs-BA","@id":"https:\/\/sandzakpress.net\/arhiva\/erdogan-osudujem-i-upozoravam-uvazenog-papu-da-vise-ne-cini-ovakve-greske\/#primaryimage","url":"https:\/\/sandzakpress.net\/arhiva\/wp-content\/uploads\/2015\/04\/turkey-prime-minister-616x410.jpg","contentUrl":"https:\/\/sandzakpress.net\/arhiva\/wp-content\/uploads\/2015\/04\/turkey-prime-minister-616x410.jpg","width":616,"height":410},{"@type":"BreadcrumbList","@id":"https:\/\/sandzakpress.net\/arhiva\/erdogan-osudujem-i-upozoravam-uvazenog-papu-da-vise-ne-cini-ovakve-greske\/#breadcrumb","itemListElement":[{"@type":"ListItem","position":1,"name":"Home","item":"https:\/\/sandzakpress.net\/arhiva\/"},{"@type":"ListItem","position":2,"name":"Erdogan: Osu\u0111ujem i upozoravam uva\u017eenog Papu da vi\u0161e ne \u010dini ovakve gre\u0161ke"}]},{"@type":"WebSite","@id":"https:\/\/sandzakpress.net\/arhiva\/#website","url":"https:\/\/sandzakpress.net\/arhiva\/","name":"Sand\u017eak PRESS","description":"Prve elektronske novine u Sand\u017eaku","publisher":{"@id":"https:\/\/sandzakpress.net\/arhiva\/#\/schema\/person\/6e72b67d6e51910a1117b3b483ba20bd"},"potentialAction":[{"@type":"SearchAction","target":{"@type":"EntryPoint","urlTemplate":"https:\/\/sandzakpress.net\/arhiva\/?s={search_term_string}"},"query-input":{"@type":"PropertyValueSpecification","valueRequired":true,"valueName":"search_term_string"}}],"inLanguage":"bs-BA"},{"@type":["Person","Organization"],"@id":"https:\/\/sandzakpress.net\/arhiva\/#\/schema\/person\/6e72b67d6e51910a1117b3b483ba20bd","name":"Kul","image":{"@type":"ImageObject","inLanguage":"bs-BA","@id":"https:\/\/sandzakpress.net\/arhiva\/#\/schema\/person\/image\/","url":"https:\/\/secure.gravatar.com\/avatar\/42263f39aa27ac04c43cab85c280eb2e?s=96&d=mm&r=pg","contentUrl":"https:\/\/secure.gravatar.com\/avatar\/42263f39aa27ac04c43cab85c280eb2e?s=96&d=mm&r=pg","caption":"Kul"},"logo":{"@id":"https:\/\/sandzakpress.net\/arhiva\/#\/schema\/person\/image\/"}},{"@type":"Person","@id":"https:\/\/sandzakpress.net\/arhiva\/#\/schema\/person\/c8baee722073534b583ea7bdb2e36c02","name":"bosniak","image":{"@type":"ImageObject","inLanguage":"bs-BA","@id":"https:\/\/sandzakpress.net\/arhiva\/#\/schema\/person\/image\/","url":"https:\/\/secure.gravatar.com\/avatar\/a04fd330bfe3a36a72a0ad4a6d89fca7?s=96&d=mm&r=pg","contentUrl":"https:\/\/secure.gravatar.com\/avatar\/a04fd330bfe3a36a72a0ad4a6d89fca7?s=96&d=mm&r=pg","caption":"bosniak"},"url":"https:\/\/sandzakpress.net\/arhiva\/author\/bosniak\/"}]}},"_links":{"self":[{"href":"https:\/\/sandzakpress.net\/arhiva\/wp-json\/wp\/v2\/posts\/126737"}],"collection":[{"href":"https:\/\/sandzakpress.net\/arhiva\/wp-json\/wp\/v2\/posts"}],"about":[{"href":"https:\/\/sandzakpress.net\/arhiva\/wp-json\/wp\/v2\/types\/post"}],"author":[{"embeddable":true,"href":"https:\/\/sandzakpress.net\/arhiva\/wp-json\/wp\/v2\/users\/83"}],"replies":[{"embeddable":true,"href":"https:\/\/sandzakpress.net\/arhiva\/wp-json\/wp\/v2\/comments?post=126737"}],"version-history":[{"count":0,"href":"https:\/\/sandzakpress.net\/arhiva\/wp-json\/wp\/v2\/posts\/126737\/revisions"}],"wp:featuredmedia":[{"embeddable":true,"href":"https:\/\/sandzakpress.net\/arhiva\/wp-json\/wp\/v2\/media\/126738"}],"wp:attachment":[{"href":"https:\/\/sandzakpress.net\/arhiva\/wp-json\/wp\/v2\/media?parent=126737"}],"wp:term":[{"taxonomy":"category","embeddable":true,"href":"https:\/\/sandzakpress.net\/arhiva\/wp-json\/wp\/v2\/categories?post=126737"},{"taxonomy":"post_tag","embeddable":true,"href":"https:\/\/sandzakpress.net\/arhiva\/wp-json\/wp\/v2\/tags?post=126737"}],"curies":[{"name":"wp","href":"https:\/\/api.w.org\/{rel}","templated":true}]}}