{"id":126734,"date":"2015-04-15T11:04:31","date_gmt":"2015-04-15T09:04:31","guid":{"rendered":"https:\/\/sandzakpress.net\/arhiva\/?p=126734"},"modified":"2015-04-15T11:04:31","modified_gmt":"2015-04-15T09:04:31","slug":"visi-sud-u-beogradu-zivkovic-osloboden-optuzbe-za-ratni-zlocin-u-bijeljini","status":"publish","type":"post","link":"https:\/\/sandzakpress.net\/arhiva\/visi-sud-u-beogradu-zivkovic-osloboden-optuzbe-za-ratni-zlocin-u-bijeljini\/","title":{"rendered":"Vi\u0161i sud u Beogradu: \u017divkovi\u0107 oslobo\u0111en optu\u017ebe za ratni zlo\u010din u Bijeljini"},"content":{"rendered":"<p><img decoding=\"async\" src=\"http:\/\/bosniapress.net\/wp-content\/uploads\/2015\/04\/ar1.jpg\" alt=\"ar1\" \/><\/p>\n<p><strong>Srbija\u00a0 \u0336\u00a0 Odjeljenje za ratne zlo\u010dine Vi\u0161eg suda u Beogradu oslobodilo je u utorak nekada\u0161njeg pripadnika dobrovoljne jedinice u sastavu Vojske Republike Srpske Miodraga \u017divkovi\u0107a optu\u017ebi za zlo\u010din nad civilima u Bijeljini 1992. godine, odnosno silovanje i ubistvo.<\/strong><span id=\"more-135597\"><\/span><\/p>\n<p>Sud smatra kako nema dokaza da je \u017divkovi\u0107 izvr\u0161io kazneno djelo za koje se tereti, a ni saslu\u0161ani svjedoci ga nisu prepoznali kao izvr\u0161ioca.<\/p>\n<p>Na ovu presudu Tu\u017eila\u0161tvo za ratne zlo\u010dine ima pravo da ulo\u017ei \u017ealbu Apelacionom sudu u Beogradu.<\/p>\n<p>Za zlo\u010dine u Bijeljini pravosna\u017eno je osu\u0111en Dragan Jovi\u0107 na 20 godina zatvora, Alen Risti\u0107 na 10, a Zoran \u0110ur\u0111evi\u0107 na 13 godina zatvora.<\/p>\n<p>Tu\u017eila\u0161tvo za ratne zlo\u010dine tereti \u017divkovi\u0107a i ostale osu\u0111ene da su 14. juli 1992. godine u Bijeljini oplja\u010dkali bo\u0161nja\u010dku porodicu, vi\u0161e puta silovali dvije \u017eene, od kojih je jedna par dana prije tog zlo\u010dina rodila. Optu\u017eeni Jovi\u0107 zatim je ubio civila pucaju\u0107i mu u usta, a dvije \u017eene su iz ku\u0107e, gole i bose, poveli kroz grad.<\/p>\n<p>Navodi se i kako su potom oplja\u010dkali ku\u0107u \u017eene invalida te se njezinim vozilom udaljili s lica mjesta.<\/p>\n<p>Po izlasku iz grada, na putu ka Br\u010dkom, u mjestu Ljeljen\u010da, zaustavili su vozilo, ispred vozila naizmjeni\u010dno silovali \u017eene, a onda su ih, gole i bose, ostavili na putu te se udaljili s lica mjesta.<\/p>\n<p>Ovaj slu\u010daj, poznat kao \u201cBijeljina\u201d, BiH je ustupila Srbiji na osnovu Zakona o me\u0111unarodnoj pravnoj pomo\u0107i u kaznenim predmetima.<\/p>\n<p>Pretkazneni postupak je prethodno vo\u0111en pred Osnovnim sudom u Bijeljini.<\/p>\n<div class=\"entry-content\">\n<p>(Faktor.ba)<\/p>\n<div class=\"clear\">\u00a0<\/div>\n<\/div>\n<p>&nbsp;<\/p>\n","protected":false},"excerpt":{"rendered":"<p>Srbija\u00a0 \u0336\u00a0 Odjeljenje za ratne zlo\u010dine Vi\u0161eg suda u Beogradu oslobodilo je u utorak nekada\u0161njeg pripadnika dobrovoljne jedinice u sastavu Vojske Republike Srpske Miodraga \u017divkovi\u0107a optu\u017ebi za zlo\u010din nad civilima u Bijeljini 1992. godine, odnosno silovanje i ubistvo. Sud smatra kako nema dokaza da je \u017divkovi\u0107 izvr\u0161io kazneno djelo za koje se tereti, a ni [&hellip;]<\/p>\n","protected":false},"author":83,"featured_media":126735,"comment_status":"open","ping_status":"open","sticky":false,"template":"","format":"standard","meta":{"footnotes":""},"categories":[800,2860,10307,798],"tags":[],"class_list":{"0":"post-126734","1":"post","2":"type-post","3":"status-publish","4":"format-standard","5":"has-post-thumbnail","7":"category-nacija","8":"category-bosna-i-hercegovina-gradovi","9":"category-srbija","10":"category-teme"},"yoast_head":"<!-- This site is optimized with the Yoast SEO Premium plugin v23.1 (Yoast SEO v24.9) - https:\/\/yoast.com\/wordpress\/plugins\/seo\/ -->\n<title>Vi\u0161i sud u Beogradu: \u017divkovi\u0107 oslobo\u0111en optu\u017ebe za ratni zlo\u010din u Bijeljini<\/title>\n<meta name=\"robots\" content=\"index, follow, max-snippet:-1, max-image-preview:large, max-video-preview:-1\" \/>\n<link rel=\"canonical\" href=\"https:\/\/sandzakpress.net\/arhiva\/visi-sud-u-beogradu-zivkovic-osloboden-optuzbe-za-ratni-zlocin-u-bijeljini\/\" \/>\n<meta property=\"og:locale\" content=\"bs_BA\" \/>\n<meta property=\"og:type\" content=\"article\" \/>\n<meta property=\"og:title\" content=\"Vi\u0161i sud u Beogradu: \u017divkovi\u0107 oslobo\u0111en optu\u017ebe za ratni zlo\u010din u Bijeljini\" \/>\n<meta property=\"og:description\" content=\"Srbija\u00a0 \u0336\u00a0 Odjeljenje za ratne zlo\u010dine Vi\u0161eg suda u Beogradu oslobodilo je u utorak nekada\u0161njeg pripadnika dobrovoljne jedinice u sastavu Vojske Republike Srpske Miodraga \u017divkovi\u0107a optu\u017ebi za zlo\u010din nad civilima u Bijeljini 1992. godine, odnosno silovanje i ubistvo. Sud smatra kako nema dokaza da je \u017divkovi\u0107 izvr\u0161io kazneno djelo za koje se tereti, a ni [&hellip;]\" \/>\n<meta property=\"og:url\" content=\"https:\/\/sandzakpress.net\/arhiva\/visi-sud-u-beogradu-zivkovic-osloboden-optuzbe-za-ratni-zlocin-u-bijeljini\/\" \/>\n<meta property=\"og:site_name\" content=\"Sand\u017eak PRESS\" \/>\n<meta property=\"article:published_time\" content=\"2015-04-15T09:04:31+00:00\" \/>\n<meta property=\"og:image\" content=\"https:\/\/sandzakpress.net\/arhiva\/wp-content\/uploads\/2015\/04\/ar1.jpg\" \/>\n\t<meta property=\"og:image:width\" content=\"600\" \/>\n\t<meta property=\"og:image:height\" content=\"350\" \/>\n\t<meta property=\"og:image:type\" content=\"image\/jpeg\" \/>\n<meta name=\"author\" content=\"bosniak\" \/>\n<meta name=\"twitter:card\" content=\"summary_large_image\" \/>\n<meta name=\"twitter:label1\" content=\"Written by\" \/>\n\t<meta name=\"twitter:data1\" content=\"bosniak\" \/>\n\t<meta name=\"twitter:label2\" content=\"Est. reading time\" \/>\n\t<meta name=\"twitter:data2\" content=\"1 minuta\" \/>\n<script type=\"application\/ld+json\" class=\"yoast-schema-graph\">{\"@context\":\"https:\/\/schema.org\",\"@graph\":[{\"@type\":\"Article\",\"@id\":\"https:\/\/sandzakpress.net\/arhiva\/visi-sud-u-beogradu-zivkovic-osloboden-optuzbe-za-ratni-zlocin-u-bijeljini\/#article\",\"isPartOf\":{\"@id\":\"https:\/\/sandzakpress.net\/arhiva\/visi-sud-u-beogradu-zivkovic-osloboden-optuzbe-za-ratni-zlocin-u-bijeljini\/\"},\"author\":{\"name\":\"bosniak\",\"@id\":\"https:\/\/sandzakpress.net\/arhiva\/#\/schema\/person\/c8baee722073534b583ea7bdb2e36c02\"},\"headline\":\"Vi\u0161i sud u Beogradu: \u017divkovi\u0107 oslobo\u0111en optu\u017ebe za ratni zlo\u010din u Bijeljini\",\"datePublished\":\"2015-04-15T09:04:31+00:00\",\"mainEntityOfPage\":{\"@id\":\"https:\/\/sandzakpress.net\/arhiva\/visi-sud-u-beogradu-zivkovic-osloboden-optuzbe-za-ratni-zlocin-u-bijeljini\/\"},\"wordCount\":292,\"commentCount\":6,\"publisher\":{\"@id\":\"https:\/\/sandzakpress.net\/arhiva\/#\/schema\/person\/6e72b67d6e51910a1117b3b483ba20bd\"},\"image\":{\"@id\":\"https:\/\/sandzakpress.net\/arhiva\/visi-sud-u-beogradu-zivkovic-osloboden-optuzbe-za-ratni-zlocin-u-bijeljini\/#primaryimage\"},\"thumbnailUrl\":\"https:\/\/sandzakpress.net\/arhiva\/wp-content\/uploads\/2015\/04\/ar1.jpg\",\"articleSection\":[\"Nacija\",\"Bosna i Hercegovina\",\"Srbija\",\"NAJNOVIJE\"],\"inLanguage\":\"bs-BA\",\"potentialAction\":[{\"@type\":\"CommentAction\",\"name\":\"Comment\",\"target\":[\"https:\/\/sandzakpress.net\/arhiva\/visi-sud-u-beogradu-zivkovic-osloboden-optuzbe-za-ratni-zlocin-u-bijeljini\/#respond\"]}]},{\"@type\":\"WebPage\",\"@id\":\"https:\/\/sandzakpress.net\/arhiva\/visi-sud-u-beogradu-zivkovic-osloboden-optuzbe-za-ratni-zlocin-u-bijeljini\/\",\"url\":\"https:\/\/sandzakpress.net\/arhiva\/visi-sud-u-beogradu-zivkovic-osloboden-optuzbe-za-ratni-zlocin-u-bijeljini\/\",\"name\":\"Vi\u0161i sud u Beogradu: \u017divkovi\u0107 oslobo\u0111en optu\u017ebe za ratni zlo\u010din u Bijeljini\",\"isPartOf\":{\"@id\":\"https:\/\/sandzakpress.net\/arhiva\/#website\"},\"primaryImageOfPage\":{\"@id\":\"https:\/\/sandzakpress.net\/arhiva\/visi-sud-u-beogradu-zivkovic-osloboden-optuzbe-za-ratni-zlocin-u-bijeljini\/#primaryimage\"},\"image\":{\"@id\":\"https:\/\/sandzakpress.net\/arhiva\/visi-sud-u-beogradu-zivkovic-osloboden-optuzbe-za-ratni-zlocin-u-bijeljini\/#primaryimage\"},\"thumbnailUrl\":\"https:\/\/sandzakpress.net\/arhiva\/wp-content\/uploads\/2015\/04\/ar1.jpg\",\"datePublished\":\"2015-04-15T09:04:31+00:00\",\"breadcrumb\":{\"@id\":\"https:\/\/sandzakpress.net\/arhiva\/visi-sud-u-beogradu-zivkovic-osloboden-optuzbe-za-ratni-zlocin-u-bijeljini\/#breadcrumb\"},\"inLanguage\":\"bs-BA\",\"potentialAction\":[{\"@type\":\"ReadAction\",\"target\":[\"https:\/\/sandzakpress.net\/arhiva\/visi-sud-u-beogradu-zivkovic-osloboden-optuzbe-za-ratni-zlocin-u-bijeljini\/\"]}]},{\"@type\":\"ImageObject\",\"inLanguage\":\"bs-BA\",\"@id\":\"https:\/\/sandzakpress.net\/arhiva\/visi-sud-u-beogradu-zivkovic-osloboden-optuzbe-za-ratni-zlocin-u-bijeljini\/#primaryimage\",\"url\":\"https:\/\/sandzakpress.net\/arhiva\/wp-content\/uploads\/2015\/04\/ar1.jpg\",\"contentUrl\":\"https:\/\/sandzakpress.net\/arhiva\/wp-content\/uploads\/2015\/04\/ar1.jpg\",\"width\":600,\"height\":350},{\"@type\":\"BreadcrumbList\",\"@id\":\"https:\/\/sandzakpress.net\/arhiva\/visi-sud-u-beogradu-zivkovic-osloboden-optuzbe-za-ratni-zlocin-u-bijeljini\/#breadcrumb\",\"itemListElement\":[{\"@type\":\"ListItem\",\"position\":1,\"name\":\"Home\",\"item\":\"https:\/\/sandzakpress.net\/arhiva\/\"},{\"@type\":\"ListItem\",\"position\":2,\"name\":\"Vi\u0161i sud u Beogradu: \u017divkovi\u0107 oslobo\u0111en optu\u017ebe za ratni zlo\u010din u Bijeljini\"}]},{\"@type\":\"WebSite\",\"@id\":\"https:\/\/sandzakpress.net\/arhiva\/#website\",\"url\":\"https:\/\/sandzakpress.net\/arhiva\/\",\"name\":\"Sand\u017eak PRESS\",\"description\":\"Prve elektronske novine u Sand\u017eaku\",\"publisher\":{\"@id\":\"https:\/\/sandzakpress.net\/arhiva\/#\/schema\/person\/6e72b67d6e51910a1117b3b483ba20bd\"},\"potentialAction\":[{\"@type\":\"SearchAction\",\"target\":{\"@type\":\"EntryPoint\",\"urlTemplate\":\"https:\/\/sandzakpress.net\/arhiva\/?s={search_term_string}\"},\"query-input\":{\"@type\":\"PropertyValueSpecification\",\"valueRequired\":true,\"valueName\":\"search_term_string\"}}],\"inLanguage\":\"bs-BA\"},{\"@type\":[\"Person\",\"Organization\"],\"@id\":\"https:\/\/sandzakpress.net\/arhiva\/#\/schema\/person\/6e72b67d6e51910a1117b3b483ba20bd\",\"name\":\"Kul\",\"image\":{\"@type\":\"ImageObject\",\"inLanguage\":\"bs-BA\",\"@id\":\"https:\/\/sandzakpress.net\/arhiva\/#\/schema\/person\/image\/\",\"url\":\"https:\/\/secure.gravatar.com\/avatar\/42263f39aa27ac04c43cab85c280eb2e?s=96&d=mm&r=pg\",\"contentUrl\":\"https:\/\/secure.gravatar.com\/avatar\/42263f39aa27ac04c43cab85c280eb2e?s=96&d=mm&r=pg\",\"caption\":\"Kul\"},\"logo\":{\"@id\":\"https:\/\/sandzakpress.net\/arhiva\/#\/schema\/person\/image\/\"}},{\"@type\":\"Person\",\"@id\":\"https:\/\/sandzakpress.net\/arhiva\/#\/schema\/person\/c8baee722073534b583ea7bdb2e36c02\",\"name\":\"bosniak\",\"image\":{\"@type\":\"ImageObject\",\"inLanguage\":\"bs-BA\",\"@id\":\"https:\/\/sandzakpress.net\/arhiva\/#\/schema\/person\/image\/\",\"url\":\"https:\/\/secure.gravatar.com\/avatar\/a04fd330bfe3a36a72a0ad4a6d89fca7?s=96&d=mm&r=pg\",\"contentUrl\":\"https:\/\/secure.gravatar.com\/avatar\/a04fd330bfe3a36a72a0ad4a6d89fca7?s=96&d=mm&r=pg\",\"caption\":\"bosniak\"},\"url\":\"https:\/\/sandzakpress.net\/arhiva\/author\/bosniak\/\"}]}<\/script>\n<!-- \/ Yoast SEO Premium plugin. -->","yoast_head_json":{"title":"Vi\u0161i sud u Beogradu: \u017divkovi\u0107 oslobo\u0111en optu\u017ebe za ratni zlo\u010din u Bijeljini","robots":{"index":"index","follow":"follow","max-snippet":"max-snippet:-1","max-image-preview":"max-image-preview:large","max-video-preview":"max-video-preview:-1"},"canonical":"https:\/\/sandzakpress.net\/arhiva\/visi-sud-u-beogradu-zivkovic-osloboden-optuzbe-za-ratni-zlocin-u-bijeljini\/","og_locale":"bs_BA","og_type":"article","og_title":"Vi\u0161i sud u Beogradu: \u017divkovi\u0107 oslobo\u0111en optu\u017ebe za ratni zlo\u010din u Bijeljini","og_description":"Srbija\u00a0 \u0336\u00a0 Odjeljenje za ratne zlo\u010dine Vi\u0161eg suda u Beogradu oslobodilo je u utorak nekada\u0161njeg pripadnika dobrovoljne jedinice u sastavu Vojske Republike Srpske Miodraga \u017divkovi\u0107a optu\u017ebi za zlo\u010din nad civilima u Bijeljini 1992. godine, odnosno silovanje i ubistvo. Sud smatra kako nema dokaza da je \u017divkovi\u0107 izvr\u0161io kazneno djelo za koje se tereti, a ni [&hellip;]","og_url":"https:\/\/sandzakpress.net\/arhiva\/visi-sud-u-beogradu-zivkovic-osloboden-optuzbe-za-ratni-zlocin-u-bijeljini\/","og_site_name":"Sand\u017eak PRESS","article_published_time":"2015-04-15T09:04:31+00:00","og_image":[{"width":600,"height":350,"url":"https:\/\/sandzakpress.net\/arhiva\/wp-content\/uploads\/2015\/04\/ar1.jpg","type":"image\/jpeg"}],"author":"bosniak","twitter_card":"summary_large_image","twitter_misc":{"Written by":"bosniak","Est. reading time":"1 minuta"},"schema":{"@context":"https:\/\/schema.org","@graph":[{"@type":"Article","@id":"https:\/\/sandzakpress.net\/arhiva\/visi-sud-u-beogradu-zivkovic-osloboden-optuzbe-za-ratni-zlocin-u-bijeljini\/#article","isPartOf":{"@id":"https:\/\/sandzakpress.net\/arhiva\/visi-sud-u-beogradu-zivkovic-osloboden-optuzbe-za-ratni-zlocin-u-bijeljini\/"},"author":{"name":"bosniak","@id":"https:\/\/sandzakpress.net\/arhiva\/#\/schema\/person\/c8baee722073534b583ea7bdb2e36c02"},"headline":"Vi\u0161i sud u Beogradu: \u017divkovi\u0107 oslobo\u0111en optu\u017ebe za ratni zlo\u010din u Bijeljini","datePublished":"2015-04-15T09:04:31+00:00","mainEntityOfPage":{"@id":"https:\/\/sandzakpress.net\/arhiva\/visi-sud-u-beogradu-zivkovic-osloboden-optuzbe-za-ratni-zlocin-u-bijeljini\/"},"wordCount":292,"commentCount":6,"publisher":{"@id":"https:\/\/sandzakpress.net\/arhiva\/#\/schema\/person\/6e72b67d6e51910a1117b3b483ba20bd"},"image":{"@id":"https:\/\/sandzakpress.net\/arhiva\/visi-sud-u-beogradu-zivkovic-osloboden-optuzbe-za-ratni-zlocin-u-bijeljini\/#primaryimage"},"thumbnailUrl":"https:\/\/sandzakpress.net\/arhiva\/wp-content\/uploads\/2015\/04\/ar1.jpg","articleSection":["Nacija","Bosna i Hercegovina","Srbija","NAJNOVIJE"],"inLanguage":"bs-BA","potentialAction":[{"@type":"CommentAction","name":"Comment","target":["https:\/\/sandzakpress.net\/arhiva\/visi-sud-u-beogradu-zivkovic-osloboden-optuzbe-za-ratni-zlocin-u-bijeljini\/#respond"]}]},{"@type":"WebPage","@id":"https:\/\/sandzakpress.net\/arhiva\/visi-sud-u-beogradu-zivkovic-osloboden-optuzbe-za-ratni-zlocin-u-bijeljini\/","url":"https:\/\/sandzakpress.net\/arhiva\/visi-sud-u-beogradu-zivkovic-osloboden-optuzbe-za-ratni-zlocin-u-bijeljini\/","name":"Vi\u0161i sud u Beogradu: \u017divkovi\u0107 oslobo\u0111en optu\u017ebe za ratni zlo\u010din u Bijeljini","isPartOf":{"@id":"https:\/\/sandzakpress.net\/arhiva\/#website"},"primaryImageOfPage":{"@id":"https:\/\/sandzakpress.net\/arhiva\/visi-sud-u-beogradu-zivkovic-osloboden-optuzbe-za-ratni-zlocin-u-bijeljini\/#primaryimage"},"image":{"@id":"https:\/\/sandzakpress.net\/arhiva\/visi-sud-u-beogradu-zivkovic-osloboden-optuzbe-za-ratni-zlocin-u-bijeljini\/#primaryimage"},"thumbnailUrl":"https:\/\/sandzakpress.net\/arhiva\/wp-content\/uploads\/2015\/04\/ar1.jpg","datePublished":"2015-04-15T09:04:31+00:00","breadcrumb":{"@id":"https:\/\/sandzakpress.net\/arhiva\/visi-sud-u-beogradu-zivkovic-osloboden-optuzbe-za-ratni-zlocin-u-bijeljini\/#breadcrumb"},"inLanguage":"bs-BA","potentialAction":[{"@type":"ReadAction","target":["https:\/\/sandzakpress.net\/arhiva\/visi-sud-u-beogradu-zivkovic-osloboden-optuzbe-za-ratni-zlocin-u-bijeljini\/"]}]},{"@type":"ImageObject","inLanguage":"bs-BA","@id":"https:\/\/sandzakpress.net\/arhiva\/visi-sud-u-beogradu-zivkovic-osloboden-optuzbe-za-ratni-zlocin-u-bijeljini\/#primaryimage","url":"https:\/\/sandzakpress.net\/arhiva\/wp-content\/uploads\/2015\/04\/ar1.jpg","contentUrl":"https:\/\/sandzakpress.net\/arhiva\/wp-content\/uploads\/2015\/04\/ar1.jpg","width":600,"height":350},{"@type":"BreadcrumbList","@id":"https:\/\/sandzakpress.net\/arhiva\/visi-sud-u-beogradu-zivkovic-osloboden-optuzbe-za-ratni-zlocin-u-bijeljini\/#breadcrumb","itemListElement":[{"@type":"ListItem","position":1,"name":"Home","item":"https:\/\/sandzakpress.net\/arhiva\/"},{"@type":"ListItem","position":2,"name":"Vi\u0161i sud u Beogradu: \u017divkovi\u0107 oslobo\u0111en optu\u017ebe za ratni zlo\u010din u Bijeljini"}]},{"@type":"WebSite","@id":"https:\/\/sandzakpress.net\/arhiva\/#website","url":"https:\/\/sandzakpress.net\/arhiva\/","name":"Sand\u017eak PRESS","description":"Prve elektronske novine u Sand\u017eaku","publisher":{"@id":"https:\/\/sandzakpress.net\/arhiva\/#\/schema\/person\/6e72b67d6e51910a1117b3b483ba20bd"},"potentialAction":[{"@type":"SearchAction","target":{"@type":"EntryPoint","urlTemplate":"https:\/\/sandzakpress.net\/arhiva\/?s={search_term_string}"},"query-input":{"@type":"PropertyValueSpecification","valueRequired":true,"valueName":"search_term_string"}}],"inLanguage":"bs-BA"},{"@type":["Person","Organization"],"@id":"https:\/\/sandzakpress.net\/arhiva\/#\/schema\/person\/6e72b67d6e51910a1117b3b483ba20bd","name":"Kul","image":{"@type":"ImageObject","inLanguage":"bs-BA","@id":"https:\/\/sandzakpress.net\/arhiva\/#\/schema\/person\/image\/","url":"https:\/\/secure.gravatar.com\/avatar\/42263f39aa27ac04c43cab85c280eb2e?s=96&d=mm&r=pg","contentUrl":"https:\/\/secure.gravatar.com\/avatar\/42263f39aa27ac04c43cab85c280eb2e?s=96&d=mm&r=pg","caption":"Kul"},"logo":{"@id":"https:\/\/sandzakpress.net\/arhiva\/#\/schema\/person\/image\/"}},{"@type":"Person","@id":"https:\/\/sandzakpress.net\/arhiva\/#\/schema\/person\/c8baee722073534b583ea7bdb2e36c02","name":"bosniak","image":{"@type":"ImageObject","inLanguage":"bs-BA","@id":"https:\/\/sandzakpress.net\/arhiva\/#\/schema\/person\/image\/","url":"https:\/\/secure.gravatar.com\/avatar\/a04fd330bfe3a36a72a0ad4a6d89fca7?s=96&d=mm&r=pg","contentUrl":"https:\/\/secure.gravatar.com\/avatar\/a04fd330bfe3a36a72a0ad4a6d89fca7?s=96&d=mm&r=pg","caption":"bosniak"},"url":"https:\/\/sandzakpress.net\/arhiva\/author\/bosniak\/"}]}},"_links":{"self":[{"href":"https:\/\/sandzakpress.net\/arhiva\/wp-json\/wp\/v2\/posts\/126734"}],"collection":[{"href":"https:\/\/sandzakpress.net\/arhiva\/wp-json\/wp\/v2\/posts"}],"about":[{"href":"https:\/\/sandzakpress.net\/arhiva\/wp-json\/wp\/v2\/types\/post"}],"author":[{"embeddable":true,"href":"https:\/\/sandzakpress.net\/arhiva\/wp-json\/wp\/v2\/users\/83"}],"replies":[{"embeddable":true,"href":"https:\/\/sandzakpress.net\/arhiva\/wp-json\/wp\/v2\/comments?post=126734"}],"version-history":[{"count":0,"href":"https:\/\/sandzakpress.net\/arhiva\/wp-json\/wp\/v2\/posts\/126734\/revisions"}],"wp:featuredmedia":[{"embeddable":true,"href":"https:\/\/sandzakpress.net\/arhiva\/wp-json\/wp\/v2\/media\/126735"}],"wp:attachment":[{"href":"https:\/\/sandzakpress.net\/arhiva\/wp-json\/wp\/v2\/media?parent=126734"}],"wp:term":[{"taxonomy":"category","embeddable":true,"href":"https:\/\/sandzakpress.net\/arhiva\/wp-json\/wp\/v2\/categories?post=126734"},{"taxonomy":"post_tag","embeddable":true,"href":"https:\/\/sandzakpress.net\/arhiva\/wp-json\/wp\/v2\/tags?post=126734"}],"curies":[{"name":"wp","href":"https:\/\/api.w.org\/{rel}","templated":true}]}}