{"id":126722,"date":"2015-04-14T19:00:02","date_gmt":"2015-04-14T17:00:02","guid":{"rendered":"https:\/\/sandzakpress.net\/arhiva\/?p=126722"},"modified":"2015-04-15T11:37:07","modified_gmt":"2015-04-15T09:37:07","slug":"za-dan-grada-vuciceva-posjeta-i-tri-kamena-temeljca","status":"publish","type":"post","link":"https:\/\/sandzakpress.net\/arhiva\/za-dan-grada-vuciceva-posjeta-i-tri-kamena-temeljca\/","title":{"rendered":"Za dan Grada Vu\u010di\u0107eva posjeta i tri kamena temeljca"},"content":{"rendered":"<p><img loading=\"lazy\" decoding=\"async\" class=\" aligncenter\" src=\"http:\/\/www.alo.rs\/resources\/img\/24-02-2014\/single_news\/1030670-ljajic-11-foto-fonet-n-djordjevic.jpg\" alt=\"\" width=\"539\" height=\"302\" \/><\/p>\n<p><strong>Novi Pazar &#8211; Potpredsjednik Vlade Srbije Rasim Ljaji\u0107 rekao je da \u0107e Dan grada Novog Pazara, 20. april, biti obilje\u017een po\u010detkom izgradnje tri va\u017ena infrastrukturna objekta.<\/strong><\/p>\n<p>On je u intervjuu Regionalnoj televiziji istakao da \u0107e centralni doga\u0111aj te manifestacije biti postavljanje kamena temeljca za \u0161kolu na Dojevi\u0107u, obdani\u0161te i Dijagnosti\u010dki centar u Novom Pazaru, koji \u0107e se graditi u okviru postoje\u0107eg Doma zdravlja.<\/p>\n<p>Ljaji\u0107 je dodao da ove godine ne\u0107e biti koncerta, kao ranije, ali da ne\u0107e izostati adekvatan kulturno-umetni\u010dki program.\u00a0On je najavio da \u0107e obilje\u017eavanju Dana grada prisustvovati i premijer Srbije Aleksandar Vu\u010di\u0107.\u00a0<\/p>\n<p>\u201cPlanirana je redovna akademija Skup\u0161tine grada, a kulturno-umjetni\u010dki program bi\u0107e upotpunjen finalistima ovogodi\u0161njeg Festivala stvarala\u0161tva mladih. Htjeli smo i da u\u0161tedimo neka sredstva i ne tro\u0161imo novac na koncerte, jer u ovom trenutku imamo mnogo va\u017enijih stvari koje moraju da se finansiraju\u201d, rekao je Ljaji\u0107, koji je i ministar spoljne i unutra\u0161nje trgovine i osniva\u010d Sand\u017ea\u010dke demokratske partije (SDP).<\/p>\n<p>Izvor: <a href=\"http:\/\/www.radiostoplus.com\/item\/16543\">Radio100+<\/a><\/p>\n","protected":false},"excerpt":{"rendered":"<p>Novi Pazar &#8211; Potpredsjednik Vlade Srbije Rasim Ljaji\u0107 rekao je da \u0107e Dan grada Novog Pazara, 20. april, biti obilje\u017een po\u010detkom izgradnje tri va\u017ena infrastrukturna objekta. On je u intervjuu Regionalnoj televiziji istakao da \u0107e centralni doga\u0111aj te manifestacije biti postavljanje kamena temeljca za \u0161kolu na Dojevi\u0107u, obdani\u0161te i Dijagnosti\u010dki centar u Novom Pazaru, koji [&hellip;]<\/p>\n","protected":false},"author":83,"featured_media":126725,"comment_status":"open","ping_status":"open","sticky":false,"template":"","format":"standard","meta":{"footnotes":""},"categories":[72,1,8957,798],"tags":[10426],"class_list":{"0":"post-126722","1":"post","2":"type-post","3":"status-publish","4":"format-standard","5":"has-post-thumbnail","7":"category-novi-pazar","8":"category-politika","9":"category-vijesti-dana","10":"category-teme","11":"tag-obecanja-politicara"},"yoast_head":"<!-- This site is optimized with the Yoast SEO Premium plugin v23.1 (Yoast SEO v24.9) - https:\/\/yoast.com\/wordpress\/plugins\/seo\/ -->\n<title>Za dan Grada Vu\u010di\u0107eva posjeta i tri kamena temeljca<\/title>\n<meta name=\"robots\" content=\"index, follow, max-snippet:-1, max-image-preview:large, max-video-preview:-1\" \/>\n<link rel=\"canonical\" href=\"https:\/\/sandzakpress.net\/arhiva\/za-dan-grada-vuciceva-posjeta-i-tri-kamena-temeljca\/\" \/>\n<meta property=\"og:locale\" content=\"bs_BA\" \/>\n<meta property=\"og:type\" content=\"article\" \/>\n<meta property=\"og:title\" content=\"Za dan Grada Vu\u010di\u0107eva posjeta i tri kamena temeljca\" \/>\n<meta property=\"og:description\" content=\"Novi Pazar &#8211; Potpredsjednik Vlade Srbije Rasim Ljaji\u0107 rekao je da \u0107e Dan grada Novog Pazara, 20. april, biti obilje\u017een po\u010detkom izgradnje tri va\u017ena infrastrukturna objekta. On je u intervjuu Regionalnoj televiziji istakao da \u0107e centralni doga\u0111aj te manifestacije biti postavljanje kamena temeljca za \u0161kolu na Dojevi\u0107u, obdani\u0161te i Dijagnosti\u010dki centar u Novom Pazaru, koji [&hellip;]\" \/>\n<meta property=\"og:url\" content=\"https:\/\/sandzakpress.net\/arhiva\/za-dan-grada-vuciceva-posjeta-i-tri-kamena-temeljca\/\" \/>\n<meta property=\"og:site_name\" content=\"Sand\u017eak PRESS\" \/>\n<meta property=\"article:published_time\" content=\"2015-04-14T17:00:02+00:00\" \/>\n<meta property=\"article:modified_time\" content=\"2015-04-15T09:37:07+00:00\" \/>\n<meta property=\"og:image\" content=\"https:\/\/sandzakpress.net\/arhiva\/wp-content\/uploads\/2015\/04\/1030670-ljajic-11-foto-fonet-n-djordjevic.jpg\" \/>\n\t<meta property=\"og:image:width\" content=\"500\" \/>\n\t<meta property=\"og:image:height\" content=\"280\" \/>\n\t<meta property=\"og:image:type\" content=\"image\/jpeg\" \/>\n<meta name=\"author\" content=\"bosniak\" \/>\n<meta name=\"twitter:card\" content=\"summary_large_image\" \/>\n<meta name=\"twitter:label1\" content=\"Written by\" \/>\n\t<meta name=\"twitter:data1\" content=\"bosniak\" \/>\n\t<meta name=\"twitter:label2\" content=\"Est. reading time\" \/>\n\t<meta name=\"twitter:data2\" content=\"1 minuta\" \/>\n<script type=\"application\/ld+json\" class=\"yoast-schema-graph\">{\"@context\":\"https:\/\/schema.org\",\"@graph\":[{\"@type\":\"Article\",\"@id\":\"https:\/\/sandzakpress.net\/arhiva\/za-dan-grada-vuciceva-posjeta-i-tri-kamena-temeljca\/#article\",\"isPartOf\":{\"@id\":\"https:\/\/sandzakpress.net\/arhiva\/za-dan-grada-vuciceva-posjeta-i-tri-kamena-temeljca\/\"},\"author\":{\"name\":\"bosniak\",\"@id\":\"https:\/\/sandzakpress.net\/arhiva\/#\/schema\/person\/c8baee722073534b583ea7bdb2e36c02\"},\"headline\":\"Za dan Grada Vu\u010di\u0107eva posjeta i tri kamena temeljca\",\"datePublished\":\"2015-04-14T17:00:02+00:00\",\"dateModified\":\"2015-04-15T09:37:07+00:00\",\"mainEntityOfPage\":{\"@id\":\"https:\/\/sandzakpress.net\/arhiva\/za-dan-grada-vuciceva-posjeta-i-tri-kamena-temeljca\/\"},\"wordCount\":190,\"commentCount\":51,\"publisher\":{\"@id\":\"https:\/\/sandzakpress.net\/arhiva\/#\/schema\/person\/6e72b67d6e51910a1117b3b483ba20bd\"},\"image\":{\"@id\":\"https:\/\/sandzakpress.net\/arhiva\/za-dan-grada-vuciceva-posjeta-i-tri-kamena-temeljca\/#primaryimage\"},\"thumbnailUrl\":\"https:\/\/sandzakpress.net\/arhiva\/wp-content\/uploads\/2015\/04\/1030670-ljajic-11-foto-fonet-n-djordjevic.jpg\",\"keywords\":[\"obe\u0107anja politi\u010dara\"],\"articleSection\":[\"Novi Pazar\",\"Politika\",\"VIJESTI DANA\",\"NAJNOVIJE\"],\"inLanguage\":\"bs-BA\",\"potentialAction\":[{\"@type\":\"CommentAction\",\"name\":\"Comment\",\"target\":[\"https:\/\/sandzakpress.net\/arhiva\/za-dan-grada-vuciceva-posjeta-i-tri-kamena-temeljca\/#respond\"]}]},{\"@type\":\"WebPage\",\"@id\":\"https:\/\/sandzakpress.net\/arhiva\/za-dan-grada-vuciceva-posjeta-i-tri-kamena-temeljca\/\",\"url\":\"https:\/\/sandzakpress.net\/arhiva\/za-dan-grada-vuciceva-posjeta-i-tri-kamena-temeljca\/\",\"name\":\"Za dan Grada Vu\u010di\u0107eva posjeta i tri kamena temeljca\",\"isPartOf\":{\"@id\":\"https:\/\/sandzakpress.net\/arhiva\/#website\"},\"primaryImageOfPage\":{\"@id\":\"https:\/\/sandzakpress.net\/arhiva\/za-dan-grada-vuciceva-posjeta-i-tri-kamena-temeljca\/#primaryimage\"},\"image\":{\"@id\":\"https:\/\/sandzakpress.net\/arhiva\/za-dan-grada-vuciceva-posjeta-i-tri-kamena-temeljca\/#primaryimage\"},\"thumbnailUrl\":\"https:\/\/sandzakpress.net\/arhiva\/wp-content\/uploads\/2015\/04\/1030670-ljajic-11-foto-fonet-n-djordjevic.jpg\",\"datePublished\":\"2015-04-14T17:00:02+00:00\",\"dateModified\":\"2015-04-15T09:37:07+00:00\",\"breadcrumb\":{\"@id\":\"https:\/\/sandzakpress.net\/arhiva\/za-dan-grada-vuciceva-posjeta-i-tri-kamena-temeljca\/#breadcrumb\"},\"inLanguage\":\"bs-BA\",\"potentialAction\":[{\"@type\":\"ReadAction\",\"target\":[\"https:\/\/sandzakpress.net\/arhiva\/za-dan-grada-vuciceva-posjeta-i-tri-kamena-temeljca\/\"]}]},{\"@type\":\"ImageObject\",\"inLanguage\":\"bs-BA\",\"@id\":\"https:\/\/sandzakpress.net\/arhiva\/za-dan-grada-vuciceva-posjeta-i-tri-kamena-temeljca\/#primaryimage\",\"url\":\"https:\/\/sandzakpress.net\/arhiva\/wp-content\/uploads\/2015\/04\/1030670-ljajic-11-foto-fonet-n-djordjevic.jpg\",\"contentUrl\":\"https:\/\/sandzakpress.net\/arhiva\/wp-content\/uploads\/2015\/04\/1030670-ljajic-11-foto-fonet-n-djordjevic.jpg\",\"width\":500,\"height\":280},{\"@type\":\"BreadcrumbList\",\"@id\":\"https:\/\/sandzakpress.net\/arhiva\/za-dan-grada-vuciceva-posjeta-i-tri-kamena-temeljca\/#breadcrumb\",\"itemListElement\":[{\"@type\":\"ListItem\",\"position\":1,\"name\":\"Home\",\"item\":\"https:\/\/sandzakpress.net\/arhiva\/\"},{\"@type\":\"ListItem\",\"position\":2,\"name\":\"Za dan Grada Vu\u010di\u0107eva posjeta i tri kamena temeljca\"}]},{\"@type\":\"WebSite\",\"@id\":\"https:\/\/sandzakpress.net\/arhiva\/#website\",\"url\":\"https:\/\/sandzakpress.net\/arhiva\/\",\"name\":\"Sand\u017eak PRESS\",\"description\":\"Prve elektronske novine u Sand\u017eaku\",\"publisher\":{\"@id\":\"https:\/\/sandzakpress.net\/arhiva\/#\/schema\/person\/6e72b67d6e51910a1117b3b483ba20bd\"},\"potentialAction\":[{\"@type\":\"SearchAction\",\"target\":{\"@type\":\"EntryPoint\",\"urlTemplate\":\"https:\/\/sandzakpress.net\/arhiva\/?s={search_term_string}\"},\"query-input\":{\"@type\":\"PropertyValueSpecification\",\"valueRequired\":true,\"valueName\":\"search_term_string\"}}],\"inLanguage\":\"bs-BA\"},{\"@type\":[\"Person\",\"Organization\"],\"@id\":\"https:\/\/sandzakpress.net\/arhiva\/#\/schema\/person\/6e72b67d6e51910a1117b3b483ba20bd\",\"name\":\"Kul\",\"image\":{\"@type\":\"ImageObject\",\"inLanguage\":\"bs-BA\",\"@id\":\"https:\/\/sandzakpress.net\/arhiva\/#\/schema\/person\/image\/\",\"url\":\"https:\/\/secure.gravatar.com\/avatar\/42263f39aa27ac04c43cab85c280eb2e?s=96&d=mm&r=pg\",\"contentUrl\":\"https:\/\/secure.gravatar.com\/avatar\/42263f39aa27ac04c43cab85c280eb2e?s=96&d=mm&r=pg\",\"caption\":\"Kul\"},\"logo\":{\"@id\":\"https:\/\/sandzakpress.net\/arhiva\/#\/schema\/person\/image\/\"}},{\"@type\":\"Person\",\"@id\":\"https:\/\/sandzakpress.net\/arhiva\/#\/schema\/person\/c8baee722073534b583ea7bdb2e36c02\",\"name\":\"bosniak\",\"image\":{\"@type\":\"ImageObject\",\"inLanguage\":\"bs-BA\",\"@id\":\"https:\/\/sandzakpress.net\/arhiva\/#\/schema\/person\/image\/\",\"url\":\"https:\/\/secure.gravatar.com\/avatar\/a04fd330bfe3a36a72a0ad4a6d89fca7?s=96&d=mm&r=pg\",\"contentUrl\":\"https:\/\/secure.gravatar.com\/avatar\/a04fd330bfe3a36a72a0ad4a6d89fca7?s=96&d=mm&r=pg\",\"caption\":\"bosniak\"},\"url\":\"https:\/\/sandzakpress.net\/arhiva\/author\/bosniak\/\"}]}<\/script>\n<!-- \/ Yoast SEO Premium plugin. -->","yoast_head_json":{"title":"Za dan Grada Vu\u010di\u0107eva posjeta i tri kamena temeljca","robots":{"index":"index","follow":"follow","max-snippet":"max-snippet:-1","max-image-preview":"max-image-preview:large","max-video-preview":"max-video-preview:-1"},"canonical":"https:\/\/sandzakpress.net\/arhiva\/za-dan-grada-vuciceva-posjeta-i-tri-kamena-temeljca\/","og_locale":"bs_BA","og_type":"article","og_title":"Za dan Grada Vu\u010di\u0107eva posjeta i tri kamena temeljca","og_description":"Novi Pazar &#8211; Potpredsjednik Vlade Srbije Rasim Ljaji\u0107 rekao je da \u0107e Dan grada Novog Pazara, 20. april, biti obilje\u017een po\u010detkom izgradnje tri va\u017ena infrastrukturna objekta. On je u intervjuu Regionalnoj televiziji istakao da \u0107e centralni doga\u0111aj te manifestacije biti postavljanje kamena temeljca za \u0161kolu na Dojevi\u0107u, obdani\u0161te i Dijagnosti\u010dki centar u Novom Pazaru, koji [&hellip;]","og_url":"https:\/\/sandzakpress.net\/arhiva\/za-dan-grada-vuciceva-posjeta-i-tri-kamena-temeljca\/","og_site_name":"Sand\u017eak PRESS","article_published_time":"2015-04-14T17:00:02+00:00","article_modified_time":"2015-04-15T09:37:07+00:00","og_image":[{"width":500,"height":280,"url":"https:\/\/sandzakpress.net\/arhiva\/wp-content\/uploads\/2015\/04\/1030670-ljajic-11-foto-fonet-n-djordjevic.jpg","type":"image\/jpeg"}],"author":"bosniak","twitter_card":"summary_large_image","twitter_misc":{"Written by":"bosniak","Est. reading time":"1 minuta"},"schema":{"@context":"https:\/\/schema.org","@graph":[{"@type":"Article","@id":"https:\/\/sandzakpress.net\/arhiva\/za-dan-grada-vuciceva-posjeta-i-tri-kamena-temeljca\/#article","isPartOf":{"@id":"https:\/\/sandzakpress.net\/arhiva\/za-dan-grada-vuciceva-posjeta-i-tri-kamena-temeljca\/"},"author":{"name":"bosniak","@id":"https:\/\/sandzakpress.net\/arhiva\/#\/schema\/person\/c8baee722073534b583ea7bdb2e36c02"},"headline":"Za dan Grada Vu\u010di\u0107eva posjeta i tri kamena temeljca","datePublished":"2015-04-14T17:00:02+00:00","dateModified":"2015-04-15T09:37:07+00:00","mainEntityOfPage":{"@id":"https:\/\/sandzakpress.net\/arhiva\/za-dan-grada-vuciceva-posjeta-i-tri-kamena-temeljca\/"},"wordCount":190,"commentCount":51,"publisher":{"@id":"https:\/\/sandzakpress.net\/arhiva\/#\/schema\/person\/6e72b67d6e51910a1117b3b483ba20bd"},"image":{"@id":"https:\/\/sandzakpress.net\/arhiva\/za-dan-grada-vuciceva-posjeta-i-tri-kamena-temeljca\/#primaryimage"},"thumbnailUrl":"https:\/\/sandzakpress.net\/arhiva\/wp-content\/uploads\/2015\/04\/1030670-ljajic-11-foto-fonet-n-djordjevic.jpg","keywords":["obe\u0107anja politi\u010dara"],"articleSection":["Novi Pazar","Politika","VIJESTI DANA","NAJNOVIJE"],"inLanguage":"bs-BA","potentialAction":[{"@type":"CommentAction","name":"Comment","target":["https:\/\/sandzakpress.net\/arhiva\/za-dan-grada-vuciceva-posjeta-i-tri-kamena-temeljca\/#respond"]}]},{"@type":"WebPage","@id":"https:\/\/sandzakpress.net\/arhiva\/za-dan-grada-vuciceva-posjeta-i-tri-kamena-temeljca\/","url":"https:\/\/sandzakpress.net\/arhiva\/za-dan-grada-vuciceva-posjeta-i-tri-kamena-temeljca\/","name":"Za dan Grada Vu\u010di\u0107eva posjeta i tri kamena temeljca","isPartOf":{"@id":"https:\/\/sandzakpress.net\/arhiva\/#website"},"primaryImageOfPage":{"@id":"https:\/\/sandzakpress.net\/arhiva\/za-dan-grada-vuciceva-posjeta-i-tri-kamena-temeljca\/#primaryimage"},"image":{"@id":"https:\/\/sandzakpress.net\/arhiva\/za-dan-grada-vuciceva-posjeta-i-tri-kamena-temeljca\/#primaryimage"},"thumbnailUrl":"https:\/\/sandzakpress.net\/arhiva\/wp-content\/uploads\/2015\/04\/1030670-ljajic-11-foto-fonet-n-djordjevic.jpg","datePublished":"2015-04-14T17:00:02+00:00","dateModified":"2015-04-15T09:37:07+00:00","breadcrumb":{"@id":"https:\/\/sandzakpress.net\/arhiva\/za-dan-grada-vuciceva-posjeta-i-tri-kamena-temeljca\/#breadcrumb"},"inLanguage":"bs-BA","potentialAction":[{"@type":"ReadAction","target":["https:\/\/sandzakpress.net\/arhiva\/za-dan-grada-vuciceva-posjeta-i-tri-kamena-temeljca\/"]}]},{"@type":"ImageObject","inLanguage":"bs-BA","@id":"https:\/\/sandzakpress.net\/arhiva\/za-dan-grada-vuciceva-posjeta-i-tri-kamena-temeljca\/#primaryimage","url":"https:\/\/sandzakpress.net\/arhiva\/wp-content\/uploads\/2015\/04\/1030670-ljajic-11-foto-fonet-n-djordjevic.jpg","contentUrl":"https:\/\/sandzakpress.net\/arhiva\/wp-content\/uploads\/2015\/04\/1030670-ljajic-11-foto-fonet-n-djordjevic.jpg","width":500,"height":280},{"@type":"BreadcrumbList","@id":"https:\/\/sandzakpress.net\/arhiva\/za-dan-grada-vuciceva-posjeta-i-tri-kamena-temeljca\/#breadcrumb","itemListElement":[{"@type":"ListItem","position":1,"name":"Home","item":"https:\/\/sandzakpress.net\/arhiva\/"},{"@type":"ListItem","position":2,"name":"Za dan Grada Vu\u010di\u0107eva posjeta i tri kamena temeljca"}]},{"@type":"WebSite","@id":"https:\/\/sandzakpress.net\/arhiva\/#website","url":"https:\/\/sandzakpress.net\/arhiva\/","name":"Sand\u017eak PRESS","description":"Prve elektronske novine u Sand\u017eaku","publisher":{"@id":"https:\/\/sandzakpress.net\/arhiva\/#\/schema\/person\/6e72b67d6e51910a1117b3b483ba20bd"},"potentialAction":[{"@type":"SearchAction","target":{"@type":"EntryPoint","urlTemplate":"https:\/\/sandzakpress.net\/arhiva\/?s={search_term_string}"},"query-input":{"@type":"PropertyValueSpecification","valueRequired":true,"valueName":"search_term_string"}}],"inLanguage":"bs-BA"},{"@type":["Person","Organization"],"@id":"https:\/\/sandzakpress.net\/arhiva\/#\/schema\/person\/6e72b67d6e51910a1117b3b483ba20bd","name":"Kul","image":{"@type":"ImageObject","inLanguage":"bs-BA","@id":"https:\/\/sandzakpress.net\/arhiva\/#\/schema\/person\/image\/","url":"https:\/\/secure.gravatar.com\/avatar\/42263f39aa27ac04c43cab85c280eb2e?s=96&d=mm&r=pg","contentUrl":"https:\/\/secure.gravatar.com\/avatar\/42263f39aa27ac04c43cab85c280eb2e?s=96&d=mm&r=pg","caption":"Kul"},"logo":{"@id":"https:\/\/sandzakpress.net\/arhiva\/#\/schema\/person\/image\/"}},{"@type":"Person","@id":"https:\/\/sandzakpress.net\/arhiva\/#\/schema\/person\/c8baee722073534b583ea7bdb2e36c02","name":"bosniak","image":{"@type":"ImageObject","inLanguage":"bs-BA","@id":"https:\/\/sandzakpress.net\/arhiva\/#\/schema\/person\/image\/","url":"https:\/\/secure.gravatar.com\/avatar\/a04fd330bfe3a36a72a0ad4a6d89fca7?s=96&d=mm&r=pg","contentUrl":"https:\/\/secure.gravatar.com\/avatar\/a04fd330bfe3a36a72a0ad4a6d89fca7?s=96&d=mm&r=pg","caption":"bosniak"},"url":"https:\/\/sandzakpress.net\/arhiva\/author\/bosniak\/"}]}},"_links":{"self":[{"href":"https:\/\/sandzakpress.net\/arhiva\/wp-json\/wp\/v2\/posts\/126722"}],"collection":[{"href":"https:\/\/sandzakpress.net\/arhiva\/wp-json\/wp\/v2\/posts"}],"about":[{"href":"https:\/\/sandzakpress.net\/arhiva\/wp-json\/wp\/v2\/types\/post"}],"author":[{"embeddable":true,"href":"https:\/\/sandzakpress.net\/arhiva\/wp-json\/wp\/v2\/users\/83"}],"replies":[{"embeddable":true,"href":"https:\/\/sandzakpress.net\/arhiva\/wp-json\/wp\/v2\/comments?post=126722"}],"version-history":[{"count":0,"href":"https:\/\/sandzakpress.net\/arhiva\/wp-json\/wp\/v2\/posts\/126722\/revisions"}],"wp:featuredmedia":[{"embeddable":true,"href":"https:\/\/sandzakpress.net\/arhiva\/wp-json\/wp\/v2\/media\/126725"}],"wp:attachment":[{"href":"https:\/\/sandzakpress.net\/arhiva\/wp-json\/wp\/v2\/media?parent=126722"}],"wp:term":[{"taxonomy":"category","embeddable":true,"href":"https:\/\/sandzakpress.net\/arhiva\/wp-json\/wp\/v2\/categories?post=126722"},{"taxonomy":"post_tag","embeddable":true,"href":"https:\/\/sandzakpress.net\/arhiva\/wp-json\/wp\/v2\/tags?post=126722"}],"curies":[{"name":"wp","href":"https:\/\/api.w.org\/{rel}","templated":true}]}}