{"id":126643,"date":"2015-04-13T13:26:02","date_gmt":"2015-04-13T11:26:02","guid":{"rendered":"https:\/\/sandzakpress.net\/arhiva\/?p=126643"},"modified":"2015-04-13T13:26:02","modified_gmt":"2015-04-13T11:26:02","slug":"davutoglu-papine-izjave-su-optuzbe-protiv-turske-i-muslimana","status":"publish","type":"post","link":"https:\/\/sandzakpress.net\/arhiva\/davutoglu-papine-izjave-su-optuzbe-protiv-turske-i-muslimana\/","title":{"rendered":"Davutoglu: Papine izjave su optu\u017ebe protiv Turske i muslimana"},"content":{"rendered":"<p><strong><img loading=\"lazy\" decoding=\"async\" class=\"aligncenter size-full wp-image-119909\" src=\"https:\/\/sandzakpress.net\/arhiva\/wp-content\/uploads\/2015\/01\/davutoglu.jpg\" alt=\"davutoglu\" width=\"616\" height=\"417\" \/>Turska &#8211; Da nije bilo vanjskih faktora vjerovatno ne bi do\u0161lo do bolnih doga\u0111aja 1915. godine, izjavio je u nedjelju nave\u010der turski premijer Ahmet Davutoglu, reagiraju\u0107i na izjavu pape Franje, koji je, tokom mise armenskim \u017ertvama stradalim 1915. godine, te doga\u0111aje nazvao &#8220;genocidom&#8221;, javlja Anadolija.<\/strong><\/p>\n<p>&#8220;Da nije bilo vanjskih faktora vjerovatno ne bi do\u0161lo do bolnih doga\u0111aja 1915. godine. Ne prili\u010di po\u0161tovanom papi da jednostrano govori o ovome, te da suosje\u0107a samo s jednim dijelom ljudske boli, a da bol drugih ne spominje&#8221;, rekao je Davutoglu u Istanbulu.<\/p>\n<p>Prva du\u017enost vjerskog vo\u0111e je da poziva ljude na jedinstvo, mir i su\u017eivot, a ne da stvara nove sukobe na historijskim raspravama, podsjetio je turski premijer.<\/p>\n<p>&#8220;Na\u017ealost, mo\u017eda je dana\u0161nja izjava re\u010dena na osnovu nepoznavanja tog dijela historije ili nedostatka kompetentnosti&#8221;, kazao je Davutoglu, isti\u010du\u0107i da je Ministarstvo vanjskih poslova Turske u nedjelju izdalo saop\u0107enje u vezi sa papinom izjavom, te da je ambasador Vatikana u Ankari pozvan na razgovor u Ministarstvo vanjskih poslova Turske.<\/p>\n<p>&#8220;\u017delim pozvati po\u0161tovanog papu i sav kr\u0161\u0107anski svijet &#8211; ako \u0107emo otvarati historijske rasprave, onda se vezano za to pitanje najvi\u0161e trebaju stidjeti oni u Evropi. Turska je bila skloni\u0161te za Jevreje i muslimane koji su bje\u017eali iz \u0160panije od inkvizitorskog suda i njenih presuda. To je bilo prije 500 godina. Tada je Istanbul bio grad u kojem su u miru \u017eivjeli Turci, Armeni, Grci, muslimani, kr\u0161\u0107ani i Jevreji i uvijek je ostao takav. Da nije bilo vanjskih faktora, vjerovatno ne bi do\u0161lo do bolnih doga\u0111aja u 1915. godini&#8221;, kazao je Davutoglu.<\/p>\n<p><strong>&#8216;Po\u010dnimo novi period&#8217;<\/strong><\/p>\n<p>&#8220;Ne prili\u010di po\u0161tovanom papi da jednostrano govori o ovome, te da suosje\u0107a samo s jednim dijelom ljudske boli, a da bol drugih ne spominje. Bol, posebno ona koja se do\u017eivi u ratu, kada se podijeli, me\u0111usobno shvati i iza\u0111e ususret s po\u0161tenim sje\u0107anjem, ona ra\u0111a mirnu sredinu. Lijep primjer ovoga je mir i prijateljstvo izme\u0111u Turaka, Australaca i Novozelan\u0111ana nakon bola na Galipolju tokom bitke na Canakkalama&#8221;, izjavio je turski premijer.<\/p>\n<p>&#8220;Papine izjave su neta\u010dne i nedosljedne, nisu samo pogre\u0161no tuma\u010denje historije, jednostrano prihvatanje boli jedne grupe, a pokrivanje boli druge, nego istovremeno davanje prvenstva rasizmu koji raste u Evropi, kolektivno optu\u017eivanje muslimana i Turaka. Pro\u0161le godine na\u0161 po\u0161tovani predsjednik [Recep Tayyip Erdogan], a ove godine ja, dali smo izjave otvorenog srca u vezi s de\u0161avanjima 1915. godine, pokazali smo svoje stavove. Godine 2005. smo apelirali, a kasnije, kada smo potpisali protokole, ponovili apel. Do\u0111ite, Turci i Armeni, da po\u010dnemo novi period izme\u0111u Turske i Armenije. Doga\u0111aje iz 1915. godine dr\u017eimo u zajedni\u010dkom sje\u0107anju i dijelimo zajedni\u010dku bol, zapo\u010dnimo novi period prijateljstva&#8221;, ka\u017ee turski premijer.<\/p>\n<p>&#8220;Otvorimo na\u0161e arhive. Uzmimo u razmatranja svaku vrstu historijskih rasprava, ali nema koristi da otvaraju arhive oni \u010dije su du\u0161e zatvorene. Pogre\u0161no je \u0161to se danas muslimanima, posebno Turcima, kolektivno \u017eeli pripisati krivica, ba\u0161 u periodu rasizma i antiislamizma. Nadamo se da su stavovi po\u0161tovanog pape, o kojima nam je govorio kada je dolazio u Tursku, bili iskreni, te da \u0107e ponovo razmotriti stav koji je iznio&#8221;, rekao je Davutoglu, nagla\u0161avaju\u0107i da politi\u010dki lideri ovu temu mogu poku\u0161ati iskoristiti, ali da se od vjerskih vo\u0111a o\u010dekuje da pozivaju na mir.<\/p>\n<p>Izvor: Agencije<\/p>\n","protected":false},"excerpt":{"rendered":"<p>Turska &#8211; Da nije bilo vanjskih faktora vjerovatno ne bi do\u0161lo do bolnih doga\u0111aja 1915. godine, izjavio je u nedjelju nave\u010der turski premijer Ahmet Davutoglu, reagiraju\u0107i na izjavu pape Franje, koji je, tokom mise armenskim \u017ertvama stradalim 1915. godine, te doga\u0111aje nazvao &#8220;genocidom&#8221;, javlja Anadolija. &#8220;Da nije bilo vanjskih faktora vjerovatno ne bi do\u0161lo do [&hellip;]<\/p>\n","protected":false},"author":83,"featured_media":119909,"comment_status":"open","ping_status":"open","sticky":false,"template":"","format":"standard","meta":{"footnotes":""},"categories":[9,798,2692],"tags":[],"class_list":{"0":"post-126643","1":"post","2":"type-post","3":"status-publish","4":"format-standard","5":"has-post-thumbnail","7":"category-svijet","8":"category-teme","9":"category-turska-gradovi"},"yoast_head":"<!-- This site is optimized with the Yoast SEO Premium plugin v23.1 (Yoast SEO v24.9) - https:\/\/yoast.com\/wordpress\/plugins\/seo\/ -->\n<title>Davutoglu: Papine izjave su optu\u017ebe protiv Turske i muslimana<\/title>\n<meta name=\"robots\" content=\"index, follow, max-snippet:-1, max-image-preview:large, max-video-preview:-1\" \/>\n<link rel=\"canonical\" href=\"https:\/\/sandzakpress.net\/arhiva\/davutoglu-papine-izjave-su-optuzbe-protiv-turske-i-muslimana\/\" \/>\n<meta property=\"og:locale\" content=\"bs_BA\" \/>\n<meta property=\"og:type\" content=\"article\" \/>\n<meta property=\"og:title\" content=\"Davutoglu: Papine izjave su optu\u017ebe protiv Turske i muslimana\" \/>\n<meta property=\"og:description\" content=\"Turska &#8211; Da nije bilo vanjskih faktora vjerovatno ne bi do\u0161lo do bolnih doga\u0111aja 1915. godine, izjavio je u nedjelju nave\u010der turski premijer Ahmet Davutoglu, reagiraju\u0107i na izjavu pape Franje, koji je, tokom mise armenskim \u017ertvama stradalim 1915. godine, te doga\u0111aje nazvao &#8220;genocidom&#8221;, javlja Anadolija. &#8220;Da nije bilo vanjskih faktora vjerovatno ne bi do\u0161lo do [&hellip;]\" \/>\n<meta property=\"og:url\" content=\"https:\/\/sandzakpress.net\/arhiva\/davutoglu-papine-izjave-su-optuzbe-protiv-turske-i-muslimana\/\" \/>\n<meta property=\"og:site_name\" content=\"Sand\u017eak PRESS\" \/>\n<meta property=\"article:published_time\" content=\"2015-04-13T11:26:02+00:00\" \/>\n<meta property=\"og:image\" content=\"https:\/\/sandzakpress.net\/arhiva\/wp-content\/uploads\/2015\/01\/davutoglu.jpg\" \/>\n\t<meta property=\"og:image:width\" content=\"616\" \/>\n\t<meta property=\"og:image:height\" content=\"417\" \/>\n\t<meta property=\"og:image:type\" content=\"image\/jpeg\" \/>\n<meta name=\"author\" content=\"bosniak\" \/>\n<meta name=\"twitter:card\" content=\"summary_large_image\" \/>\n<meta name=\"twitter:label1\" content=\"Written by\" \/>\n\t<meta name=\"twitter:data1\" content=\"bosniak\" \/>\n\t<meta name=\"twitter:label2\" content=\"Est. reading time\" \/>\n\t<meta name=\"twitter:data2\" content=\"3 minute\" \/>\n<script type=\"application\/ld+json\" class=\"yoast-schema-graph\">{\"@context\":\"https:\/\/schema.org\",\"@graph\":[{\"@type\":\"Article\",\"@id\":\"https:\/\/sandzakpress.net\/arhiva\/davutoglu-papine-izjave-su-optuzbe-protiv-turske-i-muslimana\/#article\",\"isPartOf\":{\"@id\":\"https:\/\/sandzakpress.net\/arhiva\/davutoglu-papine-izjave-su-optuzbe-protiv-turske-i-muslimana\/\"},\"author\":{\"name\":\"bosniak\",\"@id\":\"https:\/\/sandzakpress.net\/arhiva\/#\/schema\/person\/c8baee722073534b583ea7bdb2e36c02\"},\"headline\":\"Davutoglu: Papine izjave su optu\u017ebe protiv Turske i muslimana\",\"datePublished\":\"2015-04-13T11:26:02+00:00\",\"mainEntityOfPage\":{\"@id\":\"https:\/\/sandzakpress.net\/arhiva\/davutoglu-papine-izjave-su-optuzbe-protiv-turske-i-muslimana\/\"},\"wordCount\":594,\"commentCount\":7,\"publisher\":{\"@id\":\"https:\/\/sandzakpress.net\/arhiva\/#\/schema\/person\/6e72b67d6e51910a1117b3b483ba20bd\"},\"image\":{\"@id\":\"https:\/\/sandzakpress.net\/arhiva\/davutoglu-papine-izjave-su-optuzbe-protiv-turske-i-muslimana\/#primaryimage\"},\"thumbnailUrl\":\"https:\/\/sandzakpress.net\/arhiva\/wp-content\/uploads\/2015\/01\/davutoglu.jpg\",\"articleSection\":[\"Svijet\",\"NAJNOVIJE\",\"Turska\"],\"inLanguage\":\"bs-BA\",\"potentialAction\":[{\"@type\":\"CommentAction\",\"name\":\"Comment\",\"target\":[\"https:\/\/sandzakpress.net\/arhiva\/davutoglu-papine-izjave-su-optuzbe-protiv-turske-i-muslimana\/#respond\"]}]},{\"@type\":\"WebPage\",\"@id\":\"https:\/\/sandzakpress.net\/arhiva\/davutoglu-papine-izjave-su-optuzbe-protiv-turske-i-muslimana\/\",\"url\":\"https:\/\/sandzakpress.net\/arhiva\/davutoglu-papine-izjave-su-optuzbe-protiv-turske-i-muslimana\/\",\"name\":\"Davutoglu: Papine izjave su optu\u017ebe protiv Turske i muslimana\",\"isPartOf\":{\"@id\":\"https:\/\/sandzakpress.net\/arhiva\/#website\"},\"primaryImageOfPage\":{\"@id\":\"https:\/\/sandzakpress.net\/arhiva\/davutoglu-papine-izjave-su-optuzbe-protiv-turske-i-muslimana\/#primaryimage\"},\"image\":{\"@id\":\"https:\/\/sandzakpress.net\/arhiva\/davutoglu-papine-izjave-su-optuzbe-protiv-turske-i-muslimana\/#primaryimage\"},\"thumbnailUrl\":\"https:\/\/sandzakpress.net\/arhiva\/wp-content\/uploads\/2015\/01\/davutoglu.jpg\",\"datePublished\":\"2015-04-13T11:26:02+00:00\",\"breadcrumb\":{\"@id\":\"https:\/\/sandzakpress.net\/arhiva\/davutoglu-papine-izjave-su-optuzbe-protiv-turske-i-muslimana\/#breadcrumb\"},\"inLanguage\":\"bs-BA\",\"potentialAction\":[{\"@type\":\"ReadAction\",\"target\":[\"https:\/\/sandzakpress.net\/arhiva\/davutoglu-papine-izjave-su-optuzbe-protiv-turske-i-muslimana\/\"]}]},{\"@type\":\"ImageObject\",\"inLanguage\":\"bs-BA\",\"@id\":\"https:\/\/sandzakpress.net\/arhiva\/davutoglu-papine-izjave-su-optuzbe-protiv-turske-i-muslimana\/#primaryimage\",\"url\":\"https:\/\/sandzakpress.net\/arhiva\/wp-content\/uploads\/2015\/01\/davutoglu.jpg\",\"contentUrl\":\"https:\/\/sandzakpress.net\/arhiva\/wp-content\/uploads\/2015\/01\/davutoglu.jpg\",\"width\":616,\"height\":417},{\"@type\":\"BreadcrumbList\",\"@id\":\"https:\/\/sandzakpress.net\/arhiva\/davutoglu-papine-izjave-su-optuzbe-protiv-turske-i-muslimana\/#breadcrumb\",\"itemListElement\":[{\"@type\":\"ListItem\",\"position\":1,\"name\":\"Home\",\"item\":\"https:\/\/sandzakpress.net\/arhiva\/\"},{\"@type\":\"ListItem\",\"position\":2,\"name\":\"Davutoglu: Papine izjave su optu\u017ebe protiv Turske i muslimana\"}]},{\"@type\":\"WebSite\",\"@id\":\"https:\/\/sandzakpress.net\/arhiva\/#website\",\"url\":\"https:\/\/sandzakpress.net\/arhiva\/\",\"name\":\"Sand\u017eak PRESS\",\"description\":\"Prve elektronske novine u Sand\u017eaku\",\"publisher\":{\"@id\":\"https:\/\/sandzakpress.net\/arhiva\/#\/schema\/person\/6e72b67d6e51910a1117b3b483ba20bd\"},\"potentialAction\":[{\"@type\":\"SearchAction\",\"target\":{\"@type\":\"EntryPoint\",\"urlTemplate\":\"https:\/\/sandzakpress.net\/arhiva\/?s={search_term_string}\"},\"query-input\":{\"@type\":\"PropertyValueSpecification\",\"valueRequired\":true,\"valueName\":\"search_term_string\"}}],\"inLanguage\":\"bs-BA\"},{\"@type\":[\"Person\",\"Organization\"],\"@id\":\"https:\/\/sandzakpress.net\/arhiva\/#\/schema\/person\/6e72b67d6e51910a1117b3b483ba20bd\",\"name\":\"Kul\",\"image\":{\"@type\":\"ImageObject\",\"inLanguage\":\"bs-BA\",\"@id\":\"https:\/\/sandzakpress.net\/arhiva\/#\/schema\/person\/image\/\",\"url\":\"https:\/\/secure.gravatar.com\/avatar\/42263f39aa27ac04c43cab85c280eb2e?s=96&d=mm&r=pg\",\"contentUrl\":\"https:\/\/secure.gravatar.com\/avatar\/42263f39aa27ac04c43cab85c280eb2e?s=96&d=mm&r=pg\",\"caption\":\"Kul\"},\"logo\":{\"@id\":\"https:\/\/sandzakpress.net\/arhiva\/#\/schema\/person\/image\/\"}},{\"@type\":\"Person\",\"@id\":\"https:\/\/sandzakpress.net\/arhiva\/#\/schema\/person\/c8baee722073534b583ea7bdb2e36c02\",\"name\":\"bosniak\",\"image\":{\"@type\":\"ImageObject\",\"inLanguage\":\"bs-BA\",\"@id\":\"https:\/\/sandzakpress.net\/arhiva\/#\/schema\/person\/image\/\",\"url\":\"https:\/\/secure.gravatar.com\/avatar\/a04fd330bfe3a36a72a0ad4a6d89fca7?s=96&d=mm&r=pg\",\"contentUrl\":\"https:\/\/secure.gravatar.com\/avatar\/a04fd330bfe3a36a72a0ad4a6d89fca7?s=96&d=mm&r=pg\",\"caption\":\"bosniak\"},\"url\":\"https:\/\/sandzakpress.net\/arhiva\/author\/bosniak\/\"}]}<\/script>\n<!-- \/ Yoast SEO Premium plugin. -->","yoast_head_json":{"title":"Davutoglu: Papine izjave su optu\u017ebe protiv Turske i muslimana","robots":{"index":"index","follow":"follow","max-snippet":"max-snippet:-1","max-image-preview":"max-image-preview:large","max-video-preview":"max-video-preview:-1"},"canonical":"https:\/\/sandzakpress.net\/arhiva\/davutoglu-papine-izjave-su-optuzbe-protiv-turske-i-muslimana\/","og_locale":"bs_BA","og_type":"article","og_title":"Davutoglu: Papine izjave su optu\u017ebe protiv Turske i muslimana","og_description":"Turska &#8211; Da nije bilo vanjskih faktora vjerovatno ne bi do\u0161lo do bolnih doga\u0111aja 1915. godine, izjavio je u nedjelju nave\u010der turski premijer Ahmet Davutoglu, reagiraju\u0107i na izjavu pape Franje, koji je, tokom mise armenskim \u017ertvama stradalim 1915. godine, te doga\u0111aje nazvao &#8220;genocidom&#8221;, javlja Anadolija. &#8220;Da nije bilo vanjskih faktora vjerovatno ne bi do\u0161lo do [&hellip;]","og_url":"https:\/\/sandzakpress.net\/arhiva\/davutoglu-papine-izjave-su-optuzbe-protiv-turske-i-muslimana\/","og_site_name":"Sand\u017eak PRESS","article_published_time":"2015-04-13T11:26:02+00:00","og_image":[{"width":616,"height":417,"url":"https:\/\/sandzakpress.net\/arhiva\/wp-content\/uploads\/2015\/01\/davutoglu.jpg","type":"image\/jpeg"}],"author":"bosniak","twitter_card":"summary_large_image","twitter_misc":{"Written by":"bosniak","Est. reading time":"3 minute"},"schema":{"@context":"https:\/\/schema.org","@graph":[{"@type":"Article","@id":"https:\/\/sandzakpress.net\/arhiva\/davutoglu-papine-izjave-su-optuzbe-protiv-turske-i-muslimana\/#article","isPartOf":{"@id":"https:\/\/sandzakpress.net\/arhiva\/davutoglu-papine-izjave-su-optuzbe-protiv-turske-i-muslimana\/"},"author":{"name":"bosniak","@id":"https:\/\/sandzakpress.net\/arhiva\/#\/schema\/person\/c8baee722073534b583ea7bdb2e36c02"},"headline":"Davutoglu: Papine izjave su optu\u017ebe protiv Turske i muslimana","datePublished":"2015-04-13T11:26:02+00:00","mainEntityOfPage":{"@id":"https:\/\/sandzakpress.net\/arhiva\/davutoglu-papine-izjave-su-optuzbe-protiv-turske-i-muslimana\/"},"wordCount":594,"commentCount":7,"publisher":{"@id":"https:\/\/sandzakpress.net\/arhiva\/#\/schema\/person\/6e72b67d6e51910a1117b3b483ba20bd"},"image":{"@id":"https:\/\/sandzakpress.net\/arhiva\/davutoglu-papine-izjave-su-optuzbe-protiv-turske-i-muslimana\/#primaryimage"},"thumbnailUrl":"https:\/\/sandzakpress.net\/arhiva\/wp-content\/uploads\/2015\/01\/davutoglu.jpg","articleSection":["Svijet","NAJNOVIJE","Turska"],"inLanguage":"bs-BA","potentialAction":[{"@type":"CommentAction","name":"Comment","target":["https:\/\/sandzakpress.net\/arhiva\/davutoglu-papine-izjave-su-optuzbe-protiv-turske-i-muslimana\/#respond"]}]},{"@type":"WebPage","@id":"https:\/\/sandzakpress.net\/arhiva\/davutoglu-papine-izjave-su-optuzbe-protiv-turske-i-muslimana\/","url":"https:\/\/sandzakpress.net\/arhiva\/davutoglu-papine-izjave-su-optuzbe-protiv-turske-i-muslimana\/","name":"Davutoglu: Papine izjave su optu\u017ebe protiv Turske i muslimana","isPartOf":{"@id":"https:\/\/sandzakpress.net\/arhiva\/#website"},"primaryImageOfPage":{"@id":"https:\/\/sandzakpress.net\/arhiva\/davutoglu-papine-izjave-su-optuzbe-protiv-turske-i-muslimana\/#primaryimage"},"image":{"@id":"https:\/\/sandzakpress.net\/arhiva\/davutoglu-papine-izjave-su-optuzbe-protiv-turske-i-muslimana\/#primaryimage"},"thumbnailUrl":"https:\/\/sandzakpress.net\/arhiva\/wp-content\/uploads\/2015\/01\/davutoglu.jpg","datePublished":"2015-04-13T11:26:02+00:00","breadcrumb":{"@id":"https:\/\/sandzakpress.net\/arhiva\/davutoglu-papine-izjave-su-optuzbe-protiv-turske-i-muslimana\/#breadcrumb"},"inLanguage":"bs-BA","potentialAction":[{"@type":"ReadAction","target":["https:\/\/sandzakpress.net\/arhiva\/davutoglu-papine-izjave-su-optuzbe-protiv-turske-i-muslimana\/"]}]},{"@type":"ImageObject","inLanguage":"bs-BA","@id":"https:\/\/sandzakpress.net\/arhiva\/davutoglu-papine-izjave-su-optuzbe-protiv-turske-i-muslimana\/#primaryimage","url":"https:\/\/sandzakpress.net\/arhiva\/wp-content\/uploads\/2015\/01\/davutoglu.jpg","contentUrl":"https:\/\/sandzakpress.net\/arhiva\/wp-content\/uploads\/2015\/01\/davutoglu.jpg","width":616,"height":417},{"@type":"BreadcrumbList","@id":"https:\/\/sandzakpress.net\/arhiva\/davutoglu-papine-izjave-su-optuzbe-protiv-turske-i-muslimana\/#breadcrumb","itemListElement":[{"@type":"ListItem","position":1,"name":"Home","item":"https:\/\/sandzakpress.net\/arhiva\/"},{"@type":"ListItem","position":2,"name":"Davutoglu: Papine izjave su optu\u017ebe protiv Turske i muslimana"}]},{"@type":"WebSite","@id":"https:\/\/sandzakpress.net\/arhiva\/#website","url":"https:\/\/sandzakpress.net\/arhiva\/","name":"Sand\u017eak PRESS","description":"Prve elektronske novine u Sand\u017eaku","publisher":{"@id":"https:\/\/sandzakpress.net\/arhiva\/#\/schema\/person\/6e72b67d6e51910a1117b3b483ba20bd"},"potentialAction":[{"@type":"SearchAction","target":{"@type":"EntryPoint","urlTemplate":"https:\/\/sandzakpress.net\/arhiva\/?s={search_term_string}"},"query-input":{"@type":"PropertyValueSpecification","valueRequired":true,"valueName":"search_term_string"}}],"inLanguage":"bs-BA"},{"@type":["Person","Organization"],"@id":"https:\/\/sandzakpress.net\/arhiva\/#\/schema\/person\/6e72b67d6e51910a1117b3b483ba20bd","name":"Kul","image":{"@type":"ImageObject","inLanguage":"bs-BA","@id":"https:\/\/sandzakpress.net\/arhiva\/#\/schema\/person\/image\/","url":"https:\/\/secure.gravatar.com\/avatar\/42263f39aa27ac04c43cab85c280eb2e?s=96&d=mm&r=pg","contentUrl":"https:\/\/secure.gravatar.com\/avatar\/42263f39aa27ac04c43cab85c280eb2e?s=96&d=mm&r=pg","caption":"Kul"},"logo":{"@id":"https:\/\/sandzakpress.net\/arhiva\/#\/schema\/person\/image\/"}},{"@type":"Person","@id":"https:\/\/sandzakpress.net\/arhiva\/#\/schema\/person\/c8baee722073534b583ea7bdb2e36c02","name":"bosniak","image":{"@type":"ImageObject","inLanguage":"bs-BA","@id":"https:\/\/sandzakpress.net\/arhiva\/#\/schema\/person\/image\/","url":"https:\/\/secure.gravatar.com\/avatar\/a04fd330bfe3a36a72a0ad4a6d89fca7?s=96&d=mm&r=pg","contentUrl":"https:\/\/secure.gravatar.com\/avatar\/a04fd330bfe3a36a72a0ad4a6d89fca7?s=96&d=mm&r=pg","caption":"bosniak"},"url":"https:\/\/sandzakpress.net\/arhiva\/author\/bosniak\/"}]}},"_links":{"self":[{"href":"https:\/\/sandzakpress.net\/arhiva\/wp-json\/wp\/v2\/posts\/126643"}],"collection":[{"href":"https:\/\/sandzakpress.net\/arhiva\/wp-json\/wp\/v2\/posts"}],"about":[{"href":"https:\/\/sandzakpress.net\/arhiva\/wp-json\/wp\/v2\/types\/post"}],"author":[{"embeddable":true,"href":"https:\/\/sandzakpress.net\/arhiva\/wp-json\/wp\/v2\/users\/83"}],"replies":[{"embeddable":true,"href":"https:\/\/sandzakpress.net\/arhiva\/wp-json\/wp\/v2\/comments?post=126643"}],"version-history":[{"count":0,"href":"https:\/\/sandzakpress.net\/arhiva\/wp-json\/wp\/v2\/posts\/126643\/revisions"}],"wp:featuredmedia":[{"embeddable":true,"href":"https:\/\/sandzakpress.net\/arhiva\/wp-json\/wp\/v2\/media\/119909"}],"wp:attachment":[{"href":"https:\/\/sandzakpress.net\/arhiva\/wp-json\/wp\/v2\/media?parent=126643"}],"wp:term":[{"taxonomy":"category","embeddable":true,"href":"https:\/\/sandzakpress.net\/arhiva\/wp-json\/wp\/v2\/categories?post=126643"},{"taxonomy":"post_tag","embeddable":true,"href":"https:\/\/sandzakpress.net\/arhiva\/wp-json\/wp\/v2\/tags?post=126643"}],"curies":[{"name":"wp","href":"https:\/\/api.w.org\/{rel}","templated":true}]}}