{"id":126626,"date":"2015-04-13T10:40:57","date_gmt":"2015-04-13T08:40:57","guid":{"rendered":"https:\/\/sandzakpress.net\/arhiva\/?p=126626"},"modified":"2015-04-13T10:40:57","modified_gmt":"2015-04-13T08:40:57","slug":"erdogan-islam-nam-je-jedina-vjera","status":"publish","type":"post","link":"https:\/\/sandzakpress.net\/arhiva\/erdogan-islam-nam-je-jedina-vjera\/","title":{"rendered":"Erdogan: Islam nam je jedina vjera"},"content":{"rendered":"<p><strong><a href=\"https:\/\/sandzakpress.net\/arhiva\/wp-content\/uploads\/2015\/04\/erdogan-islam-nam-je-jedina-vjera_trt-bosanski-42156.jpg\"><img loading=\"lazy\" decoding=\"async\" class=\" size-full wp-image-126627 aligncenter\" src=\"https:\/\/sandzakpress.net\/arhiva\/wp-content\/uploads\/2015\/04\/erdogan-islam-nam-je-jedina-vjera_trt-bosanski-42156.jpg\" alt=\"erdogan-islam-nam-je-jedina-vjera_trt-bosanski-42156\" width=\"600\" height=\"408\" \/><\/a>Turska &#8211; Obra\u0107aju\u0107i se na otvaranju programa povodom obilje\u017eavanja ro\u0111enja poslanika Muhammeda\u00a0pod nazivom &#8220;Hazreti Pejgamber i kultura zajedni\u010dkog \u017eivljenja&#8221; turski predsjednik Recep Tayyip Erdogan je rekao da zapadna\u00a0dru\u0161tva\u00a0do\u017eivljavaju ozbiljnu krizu vjere.<\/strong><\/p>\n<p>&#8220;Svaki dan na sve \u010detiri strane svijeta svjedoci smo\u00a0progona, masakra, terora,\u00a0mu\u010denja i jo\u0161 mnogo toga \u0161to je na\u0161 Poslanik zabranio. Pove\u0107ano \u0161irenje islamofobije na Zapadu\u00a0pokre\u0107e napad na na\u0161u svetu knjigu, Poslanika i sve \u0161to nam je sveto. Zapadna\u00a0dru\u0161tva do\u017eivljavaju ozbiljnu krizu vjere i kao metu uzimaju islam i muslimane, a mi sa\u00a0tugom uo\u010davamo da se nalaze na pogre\u0161nom putu&#8221;, rekao je predsjednik Erdogan.<\/p>\n<p>&#8220;Na\u0161a vjera nije sunizam, nemamo vjeru koja se zove \u0161iizam, na\u0161a jedina vjera je islam, to treba tako da znamo&#8221;,\u00a0naglasio je Erdogan rekav\u0161i da svaka podjela uzrokuje\u00a0ozbiljne\u00a0probleme u islamskom svijetu.<\/p>\n<p>&#8220;\u0160tete koje su prouzrokovale\u00a0teroristi\u010dke organizacije kao \u0161to je ISIS nadilaze\u00a0i nastojanja neprijatelja islama.\u00a0Takvi\u00a0postupci\u00a0nemaju nikakvu pozitivnu svrhu za muslimane nego ih samo izla\u017eu ve\u0107oj nevolji. Oni donose poglede koji su u suprotnosti sa islamom&#8221;, istakao je Erdogan podsje\u0107aju\u0107i\u00a0da su teroristi\u010dke organizacije prouzrokovale velike probleme islamskom svijetu.<\/p>\n<p>Turski predsjendik Erdogan tako\u0111er je istakao da je sekta\u0161tvo raspar\u010dalo islamski svijet i da je to primjetno u Iraku, Siriji\u00a0i Jemenu gdje se muslimani ubijaju me\u0111usobno.<\/p>\n<p>(trtbosanski)<\/p>\n","protected":false},"excerpt":{"rendered":"<p>Turska &#8211; Obra\u0107aju\u0107i se na otvaranju programa povodom obilje\u017eavanja ro\u0111enja poslanika Muhammeda\u00a0pod nazivom &#8220;Hazreti Pejgamber i kultura zajedni\u010dkog \u017eivljenja&#8221; turski predsjednik Recep Tayyip Erdogan je rekao da zapadna\u00a0dru\u0161tva\u00a0do\u017eivljavaju ozbiljnu krizu vjere. &#8220;Svaki dan na sve \u010detiri strane svijeta svjedoci smo\u00a0progona, masakra, terora,\u00a0mu\u010denja i jo\u0161 mnogo toga \u0161to je na\u0161 Poslanik zabranio. Pove\u0107ano \u0161irenje islamofobije na [&hellip;]<\/p>\n","protected":false},"author":83,"featured_media":126627,"comment_status":"open","ping_status":"open","sticky":false,"template":"","format":"standard","meta":{"footnotes":""},"categories":[9,798,2692,10429],"tags":[],"class_list":{"0":"post-126626","1":"post","2":"type-post","3":"status-publish","4":"format-standard","5":"has-post-thumbnail","7":"category-svijet","8":"category-teme","9":"category-turska-gradovi","10":"category-vazno"},"yoast_head":"<!-- This site is optimized with the Yoast SEO Premium plugin v23.1 (Yoast SEO v24.9) - https:\/\/yoast.com\/wordpress\/plugins\/seo\/ -->\n<title>Erdogan: Islam nam je jedina vjera<\/title>\n<meta name=\"robots\" content=\"index, follow, max-snippet:-1, max-image-preview:large, max-video-preview:-1\" \/>\n<link rel=\"canonical\" href=\"https:\/\/sandzakpress.net\/arhiva\/erdogan-islam-nam-je-jedina-vjera\/\" \/>\n<meta property=\"og:locale\" content=\"bs_BA\" \/>\n<meta property=\"og:type\" content=\"article\" \/>\n<meta property=\"og:title\" content=\"Erdogan: Islam nam je jedina vjera\" \/>\n<meta property=\"og:description\" content=\"Turska &#8211; Obra\u0107aju\u0107i se na otvaranju programa povodom obilje\u017eavanja ro\u0111enja poslanika Muhammeda\u00a0pod nazivom &#8220;Hazreti Pejgamber i kultura zajedni\u010dkog \u017eivljenja&#8221; turski predsjednik Recep Tayyip Erdogan je rekao da zapadna\u00a0dru\u0161tva\u00a0do\u017eivljavaju ozbiljnu krizu vjere. &#8220;Svaki dan na sve \u010detiri strane svijeta svjedoci smo\u00a0progona, masakra, terora,\u00a0mu\u010denja i jo\u0161 mnogo toga \u0161to je na\u0161 Poslanik zabranio. Pove\u0107ano \u0161irenje islamofobije na [&hellip;]\" \/>\n<meta property=\"og:url\" content=\"https:\/\/sandzakpress.net\/arhiva\/erdogan-islam-nam-je-jedina-vjera\/\" \/>\n<meta property=\"og:site_name\" content=\"Sand\u017eak PRESS\" \/>\n<meta property=\"article:published_time\" content=\"2015-04-13T08:40:57+00:00\" \/>\n<meta property=\"og:image\" content=\"https:\/\/sandzakpress.net\/arhiva\/wp-content\/uploads\/2015\/04\/erdogan-islam-nam-je-jedina-vjera_trt-bosanski-42156.jpg\" \/>\n\t<meta property=\"og:image:width\" content=\"600\" \/>\n\t<meta property=\"og:image:height\" content=\"408\" \/>\n\t<meta property=\"og:image:type\" content=\"image\/jpeg\" \/>\n<meta name=\"author\" content=\"bosniak\" \/>\n<meta name=\"twitter:card\" content=\"summary_large_image\" \/>\n<meta name=\"twitter:label1\" content=\"Written by\" \/>\n\t<meta name=\"twitter:data1\" content=\"bosniak\" \/>\n\t<meta name=\"twitter:label2\" content=\"Est. reading time\" \/>\n\t<meta name=\"twitter:data2\" content=\"1 minuta\" \/>\n<script type=\"application\/ld+json\" class=\"yoast-schema-graph\">{\"@context\":\"https:\/\/schema.org\",\"@graph\":[{\"@type\":\"Article\",\"@id\":\"https:\/\/sandzakpress.net\/arhiva\/erdogan-islam-nam-je-jedina-vjera\/#article\",\"isPartOf\":{\"@id\":\"https:\/\/sandzakpress.net\/arhiva\/erdogan-islam-nam-je-jedina-vjera\/\"},\"author\":{\"name\":\"bosniak\",\"@id\":\"https:\/\/sandzakpress.net\/arhiva\/#\/schema\/person\/c8baee722073534b583ea7bdb2e36c02\"},\"headline\":\"Erdogan: Islam nam je jedina vjera\",\"datePublished\":\"2015-04-13T08:40:57+00:00\",\"mainEntityOfPage\":{\"@id\":\"https:\/\/sandzakpress.net\/arhiva\/erdogan-islam-nam-je-jedina-vjera\/\"},\"wordCount\":248,\"commentCount\":10,\"publisher\":{\"@id\":\"https:\/\/sandzakpress.net\/arhiva\/#\/schema\/person\/6e72b67d6e51910a1117b3b483ba20bd\"},\"image\":{\"@id\":\"https:\/\/sandzakpress.net\/arhiva\/erdogan-islam-nam-je-jedina-vjera\/#primaryimage\"},\"thumbnailUrl\":\"https:\/\/sandzakpress.net\/arhiva\/wp-content\/uploads\/2015\/04\/erdogan-islam-nam-je-jedina-vjera_trt-bosanski-42156.jpg\",\"articleSection\":[\"Svijet\",\"NAJNOVIJE\",\"Turska\",\"VA\u017dNO!\"],\"inLanguage\":\"bs-BA\",\"potentialAction\":[{\"@type\":\"CommentAction\",\"name\":\"Comment\",\"target\":[\"https:\/\/sandzakpress.net\/arhiva\/erdogan-islam-nam-je-jedina-vjera\/#respond\"]}]},{\"@type\":\"WebPage\",\"@id\":\"https:\/\/sandzakpress.net\/arhiva\/erdogan-islam-nam-je-jedina-vjera\/\",\"url\":\"https:\/\/sandzakpress.net\/arhiva\/erdogan-islam-nam-je-jedina-vjera\/\",\"name\":\"Erdogan: Islam nam je jedina vjera\",\"isPartOf\":{\"@id\":\"https:\/\/sandzakpress.net\/arhiva\/#website\"},\"primaryImageOfPage\":{\"@id\":\"https:\/\/sandzakpress.net\/arhiva\/erdogan-islam-nam-je-jedina-vjera\/#primaryimage\"},\"image\":{\"@id\":\"https:\/\/sandzakpress.net\/arhiva\/erdogan-islam-nam-je-jedina-vjera\/#primaryimage\"},\"thumbnailUrl\":\"https:\/\/sandzakpress.net\/arhiva\/wp-content\/uploads\/2015\/04\/erdogan-islam-nam-je-jedina-vjera_trt-bosanski-42156.jpg\",\"datePublished\":\"2015-04-13T08:40:57+00:00\",\"breadcrumb\":{\"@id\":\"https:\/\/sandzakpress.net\/arhiva\/erdogan-islam-nam-je-jedina-vjera\/#breadcrumb\"},\"inLanguage\":\"bs-BA\",\"potentialAction\":[{\"@type\":\"ReadAction\",\"target\":[\"https:\/\/sandzakpress.net\/arhiva\/erdogan-islam-nam-je-jedina-vjera\/\"]}]},{\"@type\":\"ImageObject\",\"inLanguage\":\"bs-BA\",\"@id\":\"https:\/\/sandzakpress.net\/arhiva\/erdogan-islam-nam-je-jedina-vjera\/#primaryimage\",\"url\":\"https:\/\/sandzakpress.net\/arhiva\/wp-content\/uploads\/2015\/04\/erdogan-islam-nam-je-jedina-vjera_trt-bosanski-42156.jpg\",\"contentUrl\":\"https:\/\/sandzakpress.net\/arhiva\/wp-content\/uploads\/2015\/04\/erdogan-islam-nam-je-jedina-vjera_trt-bosanski-42156.jpg\",\"width\":600,\"height\":408},{\"@type\":\"BreadcrumbList\",\"@id\":\"https:\/\/sandzakpress.net\/arhiva\/erdogan-islam-nam-je-jedina-vjera\/#breadcrumb\",\"itemListElement\":[{\"@type\":\"ListItem\",\"position\":1,\"name\":\"Home\",\"item\":\"https:\/\/sandzakpress.net\/arhiva\/\"},{\"@type\":\"ListItem\",\"position\":2,\"name\":\"Erdogan: Islam nam je jedina vjera\"}]},{\"@type\":\"WebSite\",\"@id\":\"https:\/\/sandzakpress.net\/arhiva\/#website\",\"url\":\"https:\/\/sandzakpress.net\/arhiva\/\",\"name\":\"Sand\u017eak PRESS\",\"description\":\"Prve elektronske novine u Sand\u017eaku\",\"publisher\":{\"@id\":\"https:\/\/sandzakpress.net\/arhiva\/#\/schema\/person\/6e72b67d6e51910a1117b3b483ba20bd\"},\"potentialAction\":[{\"@type\":\"SearchAction\",\"target\":{\"@type\":\"EntryPoint\",\"urlTemplate\":\"https:\/\/sandzakpress.net\/arhiva\/?s={search_term_string}\"},\"query-input\":{\"@type\":\"PropertyValueSpecification\",\"valueRequired\":true,\"valueName\":\"search_term_string\"}}],\"inLanguage\":\"bs-BA\"},{\"@type\":[\"Person\",\"Organization\"],\"@id\":\"https:\/\/sandzakpress.net\/arhiva\/#\/schema\/person\/6e72b67d6e51910a1117b3b483ba20bd\",\"name\":\"Kul\",\"image\":{\"@type\":\"ImageObject\",\"inLanguage\":\"bs-BA\",\"@id\":\"https:\/\/sandzakpress.net\/arhiva\/#\/schema\/person\/image\/\",\"url\":\"https:\/\/secure.gravatar.com\/avatar\/42263f39aa27ac04c43cab85c280eb2e?s=96&d=mm&r=pg\",\"contentUrl\":\"https:\/\/secure.gravatar.com\/avatar\/42263f39aa27ac04c43cab85c280eb2e?s=96&d=mm&r=pg\",\"caption\":\"Kul\"},\"logo\":{\"@id\":\"https:\/\/sandzakpress.net\/arhiva\/#\/schema\/person\/image\/\"}},{\"@type\":\"Person\",\"@id\":\"https:\/\/sandzakpress.net\/arhiva\/#\/schema\/person\/c8baee722073534b583ea7bdb2e36c02\",\"name\":\"bosniak\",\"image\":{\"@type\":\"ImageObject\",\"inLanguage\":\"bs-BA\",\"@id\":\"https:\/\/sandzakpress.net\/arhiva\/#\/schema\/person\/image\/\",\"url\":\"https:\/\/secure.gravatar.com\/avatar\/a04fd330bfe3a36a72a0ad4a6d89fca7?s=96&d=mm&r=pg\",\"contentUrl\":\"https:\/\/secure.gravatar.com\/avatar\/a04fd330bfe3a36a72a0ad4a6d89fca7?s=96&d=mm&r=pg\",\"caption\":\"bosniak\"},\"url\":\"https:\/\/sandzakpress.net\/arhiva\/author\/bosniak\/\"}]}<\/script>\n<!-- \/ Yoast SEO Premium plugin. -->","yoast_head_json":{"title":"Erdogan: Islam nam je jedina vjera","robots":{"index":"index","follow":"follow","max-snippet":"max-snippet:-1","max-image-preview":"max-image-preview:large","max-video-preview":"max-video-preview:-1"},"canonical":"https:\/\/sandzakpress.net\/arhiva\/erdogan-islam-nam-je-jedina-vjera\/","og_locale":"bs_BA","og_type":"article","og_title":"Erdogan: Islam nam je jedina vjera","og_description":"Turska &#8211; Obra\u0107aju\u0107i se na otvaranju programa povodom obilje\u017eavanja ro\u0111enja poslanika Muhammeda\u00a0pod nazivom &#8220;Hazreti Pejgamber i kultura zajedni\u010dkog \u017eivljenja&#8221; turski predsjednik Recep Tayyip Erdogan je rekao da zapadna\u00a0dru\u0161tva\u00a0do\u017eivljavaju ozbiljnu krizu vjere. &#8220;Svaki dan na sve \u010detiri strane svijeta svjedoci smo\u00a0progona, masakra, terora,\u00a0mu\u010denja i jo\u0161 mnogo toga \u0161to je na\u0161 Poslanik zabranio. Pove\u0107ano \u0161irenje islamofobije na [&hellip;]","og_url":"https:\/\/sandzakpress.net\/arhiva\/erdogan-islam-nam-je-jedina-vjera\/","og_site_name":"Sand\u017eak PRESS","article_published_time":"2015-04-13T08:40:57+00:00","og_image":[{"width":600,"height":408,"url":"https:\/\/sandzakpress.net\/arhiva\/wp-content\/uploads\/2015\/04\/erdogan-islam-nam-je-jedina-vjera_trt-bosanski-42156.jpg","type":"image\/jpeg"}],"author":"bosniak","twitter_card":"summary_large_image","twitter_misc":{"Written by":"bosniak","Est. reading time":"1 minuta"},"schema":{"@context":"https:\/\/schema.org","@graph":[{"@type":"Article","@id":"https:\/\/sandzakpress.net\/arhiva\/erdogan-islam-nam-je-jedina-vjera\/#article","isPartOf":{"@id":"https:\/\/sandzakpress.net\/arhiva\/erdogan-islam-nam-je-jedina-vjera\/"},"author":{"name":"bosniak","@id":"https:\/\/sandzakpress.net\/arhiva\/#\/schema\/person\/c8baee722073534b583ea7bdb2e36c02"},"headline":"Erdogan: Islam nam je jedina vjera","datePublished":"2015-04-13T08:40:57+00:00","mainEntityOfPage":{"@id":"https:\/\/sandzakpress.net\/arhiva\/erdogan-islam-nam-je-jedina-vjera\/"},"wordCount":248,"commentCount":10,"publisher":{"@id":"https:\/\/sandzakpress.net\/arhiva\/#\/schema\/person\/6e72b67d6e51910a1117b3b483ba20bd"},"image":{"@id":"https:\/\/sandzakpress.net\/arhiva\/erdogan-islam-nam-je-jedina-vjera\/#primaryimage"},"thumbnailUrl":"https:\/\/sandzakpress.net\/arhiva\/wp-content\/uploads\/2015\/04\/erdogan-islam-nam-je-jedina-vjera_trt-bosanski-42156.jpg","articleSection":["Svijet","NAJNOVIJE","Turska","VA\u017dNO!"],"inLanguage":"bs-BA","potentialAction":[{"@type":"CommentAction","name":"Comment","target":["https:\/\/sandzakpress.net\/arhiva\/erdogan-islam-nam-je-jedina-vjera\/#respond"]}]},{"@type":"WebPage","@id":"https:\/\/sandzakpress.net\/arhiva\/erdogan-islam-nam-je-jedina-vjera\/","url":"https:\/\/sandzakpress.net\/arhiva\/erdogan-islam-nam-je-jedina-vjera\/","name":"Erdogan: Islam nam je jedina vjera","isPartOf":{"@id":"https:\/\/sandzakpress.net\/arhiva\/#website"},"primaryImageOfPage":{"@id":"https:\/\/sandzakpress.net\/arhiva\/erdogan-islam-nam-je-jedina-vjera\/#primaryimage"},"image":{"@id":"https:\/\/sandzakpress.net\/arhiva\/erdogan-islam-nam-je-jedina-vjera\/#primaryimage"},"thumbnailUrl":"https:\/\/sandzakpress.net\/arhiva\/wp-content\/uploads\/2015\/04\/erdogan-islam-nam-je-jedina-vjera_trt-bosanski-42156.jpg","datePublished":"2015-04-13T08:40:57+00:00","breadcrumb":{"@id":"https:\/\/sandzakpress.net\/arhiva\/erdogan-islam-nam-je-jedina-vjera\/#breadcrumb"},"inLanguage":"bs-BA","potentialAction":[{"@type":"ReadAction","target":["https:\/\/sandzakpress.net\/arhiva\/erdogan-islam-nam-je-jedina-vjera\/"]}]},{"@type":"ImageObject","inLanguage":"bs-BA","@id":"https:\/\/sandzakpress.net\/arhiva\/erdogan-islam-nam-je-jedina-vjera\/#primaryimage","url":"https:\/\/sandzakpress.net\/arhiva\/wp-content\/uploads\/2015\/04\/erdogan-islam-nam-je-jedina-vjera_trt-bosanski-42156.jpg","contentUrl":"https:\/\/sandzakpress.net\/arhiva\/wp-content\/uploads\/2015\/04\/erdogan-islam-nam-je-jedina-vjera_trt-bosanski-42156.jpg","width":600,"height":408},{"@type":"BreadcrumbList","@id":"https:\/\/sandzakpress.net\/arhiva\/erdogan-islam-nam-je-jedina-vjera\/#breadcrumb","itemListElement":[{"@type":"ListItem","position":1,"name":"Home","item":"https:\/\/sandzakpress.net\/arhiva\/"},{"@type":"ListItem","position":2,"name":"Erdogan: Islam nam je jedina vjera"}]},{"@type":"WebSite","@id":"https:\/\/sandzakpress.net\/arhiva\/#website","url":"https:\/\/sandzakpress.net\/arhiva\/","name":"Sand\u017eak PRESS","description":"Prve elektronske novine u Sand\u017eaku","publisher":{"@id":"https:\/\/sandzakpress.net\/arhiva\/#\/schema\/person\/6e72b67d6e51910a1117b3b483ba20bd"},"potentialAction":[{"@type":"SearchAction","target":{"@type":"EntryPoint","urlTemplate":"https:\/\/sandzakpress.net\/arhiva\/?s={search_term_string}"},"query-input":{"@type":"PropertyValueSpecification","valueRequired":true,"valueName":"search_term_string"}}],"inLanguage":"bs-BA"},{"@type":["Person","Organization"],"@id":"https:\/\/sandzakpress.net\/arhiva\/#\/schema\/person\/6e72b67d6e51910a1117b3b483ba20bd","name":"Kul","image":{"@type":"ImageObject","inLanguage":"bs-BA","@id":"https:\/\/sandzakpress.net\/arhiva\/#\/schema\/person\/image\/","url":"https:\/\/secure.gravatar.com\/avatar\/42263f39aa27ac04c43cab85c280eb2e?s=96&d=mm&r=pg","contentUrl":"https:\/\/secure.gravatar.com\/avatar\/42263f39aa27ac04c43cab85c280eb2e?s=96&d=mm&r=pg","caption":"Kul"},"logo":{"@id":"https:\/\/sandzakpress.net\/arhiva\/#\/schema\/person\/image\/"}},{"@type":"Person","@id":"https:\/\/sandzakpress.net\/arhiva\/#\/schema\/person\/c8baee722073534b583ea7bdb2e36c02","name":"bosniak","image":{"@type":"ImageObject","inLanguage":"bs-BA","@id":"https:\/\/sandzakpress.net\/arhiva\/#\/schema\/person\/image\/","url":"https:\/\/secure.gravatar.com\/avatar\/a04fd330bfe3a36a72a0ad4a6d89fca7?s=96&d=mm&r=pg","contentUrl":"https:\/\/secure.gravatar.com\/avatar\/a04fd330bfe3a36a72a0ad4a6d89fca7?s=96&d=mm&r=pg","caption":"bosniak"},"url":"https:\/\/sandzakpress.net\/arhiva\/author\/bosniak\/"}]}},"_links":{"self":[{"href":"https:\/\/sandzakpress.net\/arhiva\/wp-json\/wp\/v2\/posts\/126626"}],"collection":[{"href":"https:\/\/sandzakpress.net\/arhiva\/wp-json\/wp\/v2\/posts"}],"about":[{"href":"https:\/\/sandzakpress.net\/arhiva\/wp-json\/wp\/v2\/types\/post"}],"author":[{"embeddable":true,"href":"https:\/\/sandzakpress.net\/arhiva\/wp-json\/wp\/v2\/users\/83"}],"replies":[{"embeddable":true,"href":"https:\/\/sandzakpress.net\/arhiva\/wp-json\/wp\/v2\/comments?post=126626"}],"version-history":[{"count":0,"href":"https:\/\/sandzakpress.net\/arhiva\/wp-json\/wp\/v2\/posts\/126626\/revisions"}],"wp:featuredmedia":[{"embeddable":true,"href":"https:\/\/sandzakpress.net\/arhiva\/wp-json\/wp\/v2\/media\/126627"}],"wp:attachment":[{"href":"https:\/\/sandzakpress.net\/arhiva\/wp-json\/wp\/v2\/media?parent=126626"}],"wp:term":[{"taxonomy":"category","embeddable":true,"href":"https:\/\/sandzakpress.net\/arhiva\/wp-json\/wp\/v2\/categories?post=126626"},{"taxonomy":"post_tag","embeddable":true,"href":"https:\/\/sandzakpress.net\/arhiva\/wp-json\/wp\/v2\/tags?post=126626"}],"curies":[{"name":"wp","href":"https:\/\/api.w.org\/{rel}","templated":true}]}}