{"id":126595,"date":"2015-04-11T17:20:55","date_gmt":"2015-04-11T15:20:55","guid":{"rendered":"https:\/\/sandzakpress.net\/arhiva\/?p=126595"},"modified":"2015-04-11T17:20:55","modified_gmt":"2015-04-11T15:20:55","slug":"saudijska-arabija-nastavila-udare-na-prijestolnicu-jemena","status":"publish","type":"post","link":"https:\/\/sandzakpress.net\/arhiva\/saudijska-arabija-nastavila-udare-na-prijestolnicu-jemena\/","title":{"rendered":"Saudijska Arabija nastavila udare na prijestolnicu Jemena"},"content":{"rendered":"<p><img decoding=\"async\" src=\"http:\/\/balkans.aljazeera.net\/sites\/staff.balkans.aljazeera.com\/files\/styles\/aljazeera_article_main_image\/public\/aa_picture_20150410_5012380_high.jpg?itok=C9qfc7Ey\" alt=\"Sana, Jemen, Napadi, Husi, PObunjenici, Saudijska Arabija, Me\u0111unarodni crveni kri\u017e, Pomo\u0107\" \/><\/p>\n<p><strong>Novi napadi koalicije predvo\u0111ene S. Arabijom usmjereni su na skladi\u0161ta oru\u017eja u Sani, a nastavljena je dostava pomo\u0107i.<\/strong><\/p>\n<p>Koalicija koju predvodi Saudijska Arabija intenzivirala je zra\u010dne napade na jemensku prijestolnicu Sanu i okolna mjesta, a na meti su se na\u0161la skladi\u0161ta oru\u017eja boraca pokreta Husi koji su preuzeli vlast u\u00a0Jemenu.<\/p>\n<p>Zra\u010dni napadi, usmjereni na objekte Ministarstva odbrane te vojni logor al-Hafa, trajali su nekoliko sati, kazali su mje\u0161tani novinskoj agenciji Reuters.<\/p>\n<p>Upori\u0161te Republikanske garde tako\u0111er je bilo cilj 16. dana zra\u010dnih udara na Jemen.<\/p>\n<p>\u017destoki zra\u010dni udari i kopneni sukobi izme\u0111u naoru\u017eanih frakcija pogodili su ju\u017eni Jemen u subotu i pritom je ubijeno oko 20 pobunjenih Husija povezanih s Iranom i jo\u0161 dva pripadnika protivni\u010dkih paravojnih snaga.<\/p>\n<p><strong>Ohrabrene lokalne grupe<\/strong><\/p>\n<p>Ohrabrene zra\u010dnim udarima koalicije, lokalne naoru\u017eane grupe pru\u017eaju otpor napredovanju pobunjenih Husija, koji su povezani s Iranom, na jugu zemlje.<\/p>\n<p>Stanovnici su izjavili da su lokalne grupe napale iz zasjede konvoj Husija i snage odane biv\u0161em predsjedniku Aliju Abdullahu Salehu na podru\u010dju stotinjak kilometara sjeverno od njihove baze u Adenu i pritom ubili 15 Husija.<\/p>\n<p>U lu\u010dkom gradu Adenu izbili su sukobi izme\u0111u snaga Husija i lokalnih paravojnih snaga u kojima je izgubilo \u017eivot pet Husija i dva lokalna borca.<\/p>\n<p>U gradu Ataqu isto\u010dno od Adena stanovnici su izvijestili o otprilike deset zra\u010dnih udara na vojnu bazu pro-Salehovih snaga.<\/p>\n<p>Ratni brodovi za koje se vjeruje da su iz arapske koalicije bombardirali polo\u017eaje Husija i vojnu bazu koju vode vojnici odani Salehu nedaleko od gradskog aerodroma.<\/p>\n<p>Saudijska Arabija je saop\u0107ila da je prethodnog dana pogo\u0111en sportski stadion koji su borci pokreta Husi koristili kao skladi\u0161te municije u ju\u017enom gradu Adenu.<\/p>\n<p>&#8220;Kori\u0161tenje \u0161kola, sportskih stadiona i civilnih zgrada pokazuje da se pobunjenici pona\u0161aju abnormalno i da \u017eele nanijeti \u0161tetu civilima i infrastrukturi&#8221;, izjavio je Ahmed Asseri, glasnogovornik koalicije.<\/p>\n<p>Ambasador Saudijske Arabije pri UN-u rekao je da \u0107e UN po\u010detkom sljede\u0107e sedmice vjerovatno izglasati nove sankcije liderima pokreta Husi i biv\u0161em predsjedniku Aliju Abdullahu Salehu.<\/p>\n<p>Pobornici ove rezolucije ka\u017eu da bi se na taj na\u010din sprije\u010dio poku\u0161aj proiranskih Husija da preuzmu vlast u toj zaljevskoj zemlji.<\/p>\n<p><strong>Humanitarna pomo\u0107<\/strong><\/p>\n<p>Uprkos borbama, dva aviona s medicinskom pomo\u0107i bili su u mogu\u0107nosti sletjeti prvi put otkako su po\u010deli zra\u010dni udari.<\/p>\n<div>Predsjednik bliskoisto\u010dnog komiteta Me\u0111unarodnog crvenog kri\u017ea Robert Mardini napisao je na dru\u0161tvenoj mre\u017ei da je &#8220;njihov prvi avion sa 16,4 tone medicinskih potrep\u0161tina napokon stigao u Sanu&#8221;.<\/div>\n<p>Zbog sukoba u Sani, dopremanje humanitarne pomo\u0107i na spomenuto podru\u010dje je bilo prolongirano. Tako\u0111er, brod s humanitarnom pomo\u0107i, uglavnom medicinskim potrep\u0161tinama, u srijedu je stigao u Aden.<\/p>\n<p>Crveni kri\u017e poziva da se hitno uspostavi primirje te da se otvore kopneni, zra\u010dni i pomorski koridori za dostavu humanitarne pomo\u0107i.<\/p>\n<p><strong>Vojna operacija<\/strong><\/p>\n<p>Sukobi u Jemenu po\u010deli su sredinom septembra pro\u0161le godine kada su militanti preuzeli kontrolu nad glavnim gradom Sanom, a potom su se pro\u0161irili i na druge dijelove zemlje.<\/p>\n<p>Saudijska Arabija je, s nekoliko partnerskih zemalja, 26. marta pokrenula akciju zra\u010dnih udara na polo\u017eaje militanata \u0161iitske grupe Husi.<\/p>\n<p>Iz zvani\u010dnog Rijada kazali su kako su zra\u010dni udari odgovor na poziv jemenskog predsjednika Abda Rabbuha Mansoura Hadija, koji je apelirao na zemlje okru\u017eenja &#8220;da pomognu za\u0161titi Jemen od Husa&#8221;.<\/p>\n<p>Pojedine zemlje Zaljeva optu\u017eile su \u0161iitsku vlast Irana za podr\u0161ku husijskim militantima u Jemenu.<\/p>\n<p>S druge strane, ministar vanjskih poslova Irana Mohamed Javad Zarif ka\u017ee da njegova vlada \u017eeli brzo okon\u010danje borbi u Jemenu u kojem je od 19. marta smrtno stradalo vi\u0161e od 640 ljudi, prema Svjetskoj zdravstvenoj organizaciji.<\/p>\n<p><em>Izvor: Agencije<\/em><\/p>\n","protected":false},"excerpt":{"rendered":"<p>Novi napadi koalicije predvo\u0111ene S. Arabijom usmjereni su na skladi\u0161ta oru\u017eja u Sani, a nastavljena je dostava pomo\u0107i. Koalicija koju predvodi Saudijska Arabija intenzivirala je zra\u010dne napade na jemensku prijestolnicu Sanu i okolna mjesta, a na meti su se na\u0161la skladi\u0161ta oru\u017eja boraca pokreta Husi koji su preuzeli vlast u\u00a0Jemenu. Zra\u010dni napadi, usmjereni na objekte [&hellip;]<\/p>\n","protected":false},"author":83,"featured_media":126596,"comment_status":"open","ping_status":"open","sticky":false,"template":"","format":"standard","meta":{"footnotes":""},"categories":[9],"tags":[10491],"class_list":{"0":"post-126595","1":"post","2":"type-post","3":"status-publish","4":"format-standard","5":"has-post-thumbnail","7":"category-svijet","8":"tag-ummet"},"yoast_head":"<!-- This site is optimized with the Yoast SEO Premium plugin v23.1 (Yoast SEO v24.9) - https:\/\/yoast.com\/wordpress\/plugins\/seo\/ -->\n<title>Saudijska Arabija nastavila udare na prijestolnicu Jemena<\/title>\n<meta name=\"robots\" content=\"index, follow, max-snippet:-1, max-image-preview:large, max-video-preview:-1\" \/>\n<link rel=\"canonical\" href=\"https:\/\/sandzakpress.net\/arhiva\/saudijska-arabija-nastavila-udare-na-prijestolnicu-jemena\/\" \/>\n<meta property=\"og:locale\" content=\"bs_BA\" \/>\n<meta property=\"og:type\" content=\"article\" \/>\n<meta property=\"og:title\" content=\"Saudijska Arabija nastavila udare na prijestolnicu Jemena\" \/>\n<meta property=\"og:description\" content=\"Novi napadi koalicije predvo\u0111ene S. Arabijom usmjereni su na skladi\u0161ta oru\u017eja u Sani, a nastavljena je dostava pomo\u0107i. Koalicija koju predvodi Saudijska Arabija intenzivirala je zra\u010dne napade na jemensku prijestolnicu Sanu i okolna mjesta, a na meti su se na\u0161la skladi\u0161ta oru\u017eja boraca pokreta Husi koji su preuzeli vlast u\u00a0Jemenu. Zra\u010dni napadi, usmjereni na objekte [&hellip;]\" \/>\n<meta property=\"og:url\" content=\"https:\/\/sandzakpress.net\/arhiva\/saudijska-arabija-nastavila-udare-na-prijestolnicu-jemena\/\" \/>\n<meta property=\"og:site_name\" content=\"Sand\u017eak PRESS\" \/>\n<meta property=\"article:published_time\" content=\"2015-04-11T15:20:55+00:00\" \/>\n<meta property=\"og:image\" content=\"https:\/\/sandzakpress.net\/arhiva\/wp-content\/uploads\/2015\/04\/aa_picture_20150410_5012380_high.jpg\" \/>\n\t<meta property=\"og:image:width\" content=\"900\" \/>\n\t<meta property=\"og:image:height\" content=\"600\" \/>\n\t<meta property=\"og:image:type\" content=\"image\/jpeg\" \/>\n<meta name=\"author\" content=\"bosniak\" \/>\n<meta name=\"twitter:card\" content=\"summary_large_image\" \/>\n<meta name=\"twitter:label1\" content=\"Written by\" \/>\n\t<meta name=\"twitter:data1\" content=\"bosniak\" \/>\n\t<meta name=\"twitter:label2\" content=\"Est. reading time\" \/>\n\t<meta name=\"twitter:data2\" content=\"3 minute\" \/>\n<script type=\"application\/ld+json\" class=\"yoast-schema-graph\">{\"@context\":\"https:\/\/schema.org\",\"@graph\":[{\"@type\":\"Article\",\"@id\":\"https:\/\/sandzakpress.net\/arhiva\/saudijska-arabija-nastavila-udare-na-prijestolnicu-jemena\/#article\",\"isPartOf\":{\"@id\":\"https:\/\/sandzakpress.net\/arhiva\/saudijska-arabija-nastavila-udare-na-prijestolnicu-jemena\/\"},\"author\":{\"name\":\"bosniak\",\"@id\":\"https:\/\/sandzakpress.net\/arhiva\/#\/schema\/person\/c8baee722073534b583ea7bdb2e36c02\"},\"headline\":\"Saudijska Arabija nastavila udare na prijestolnicu Jemena\",\"datePublished\":\"2015-04-11T15:20:55+00:00\",\"mainEntityOfPage\":{\"@id\":\"https:\/\/sandzakpress.net\/arhiva\/saudijska-arabija-nastavila-udare-na-prijestolnicu-jemena\/\"},\"wordCount\":643,\"commentCount\":1,\"publisher\":{\"@id\":\"https:\/\/sandzakpress.net\/arhiva\/#\/schema\/person\/6e72b67d6e51910a1117b3b483ba20bd\"},\"image\":{\"@id\":\"https:\/\/sandzakpress.net\/arhiva\/saudijska-arabija-nastavila-udare-na-prijestolnicu-jemena\/#primaryimage\"},\"thumbnailUrl\":\"https:\/\/sandzakpress.net\/arhiva\/wp-content\/uploads\/2015\/04\/aa_picture_20150410_5012380_high.jpg\",\"keywords\":[\"Ummet\"],\"articleSection\":[\"Svijet\"],\"inLanguage\":\"bs-BA\",\"potentialAction\":[{\"@type\":\"CommentAction\",\"name\":\"Comment\",\"target\":[\"https:\/\/sandzakpress.net\/arhiva\/saudijska-arabija-nastavila-udare-na-prijestolnicu-jemena\/#respond\"]}]},{\"@type\":\"WebPage\",\"@id\":\"https:\/\/sandzakpress.net\/arhiva\/saudijska-arabija-nastavila-udare-na-prijestolnicu-jemena\/\",\"url\":\"https:\/\/sandzakpress.net\/arhiva\/saudijska-arabija-nastavila-udare-na-prijestolnicu-jemena\/\",\"name\":\"Saudijska Arabija nastavila udare na prijestolnicu Jemena\",\"isPartOf\":{\"@id\":\"https:\/\/sandzakpress.net\/arhiva\/#website\"},\"primaryImageOfPage\":{\"@id\":\"https:\/\/sandzakpress.net\/arhiva\/saudijska-arabija-nastavila-udare-na-prijestolnicu-jemena\/#primaryimage\"},\"image\":{\"@id\":\"https:\/\/sandzakpress.net\/arhiva\/saudijska-arabija-nastavila-udare-na-prijestolnicu-jemena\/#primaryimage\"},\"thumbnailUrl\":\"https:\/\/sandzakpress.net\/arhiva\/wp-content\/uploads\/2015\/04\/aa_picture_20150410_5012380_high.jpg\",\"datePublished\":\"2015-04-11T15:20:55+00:00\",\"breadcrumb\":{\"@id\":\"https:\/\/sandzakpress.net\/arhiva\/saudijska-arabija-nastavila-udare-na-prijestolnicu-jemena\/#breadcrumb\"},\"inLanguage\":\"bs-BA\",\"potentialAction\":[{\"@type\":\"ReadAction\",\"target\":[\"https:\/\/sandzakpress.net\/arhiva\/saudijska-arabija-nastavila-udare-na-prijestolnicu-jemena\/\"]}]},{\"@type\":\"ImageObject\",\"inLanguage\":\"bs-BA\",\"@id\":\"https:\/\/sandzakpress.net\/arhiva\/saudijska-arabija-nastavila-udare-na-prijestolnicu-jemena\/#primaryimage\",\"url\":\"https:\/\/sandzakpress.net\/arhiva\/wp-content\/uploads\/2015\/04\/aa_picture_20150410_5012380_high.jpg\",\"contentUrl\":\"https:\/\/sandzakpress.net\/arhiva\/wp-content\/uploads\/2015\/04\/aa_picture_20150410_5012380_high.jpg\",\"width\":900,\"height\":600},{\"@type\":\"BreadcrumbList\",\"@id\":\"https:\/\/sandzakpress.net\/arhiva\/saudijska-arabija-nastavila-udare-na-prijestolnicu-jemena\/#breadcrumb\",\"itemListElement\":[{\"@type\":\"ListItem\",\"position\":1,\"name\":\"Home\",\"item\":\"https:\/\/sandzakpress.net\/arhiva\/\"},{\"@type\":\"ListItem\",\"position\":2,\"name\":\"Saudijska Arabija nastavila udare na prijestolnicu Jemena\"}]},{\"@type\":\"WebSite\",\"@id\":\"https:\/\/sandzakpress.net\/arhiva\/#website\",\"url\":\"https:\/\/sandzakpress.net\/arhiva\/\",\"name\":\"Sand\u017eak PRESS\",\"description\":\"Prve elektronske novine u Sand\u017eaku\",\"publisher\":{\"@id\":\"https:\/\/sandzakpress.net\/arhiva\/#\/schema\/person\/6e72b67d6e51910a1117b3b483ba20bd\"},\"potentialAction\":[{\"@type\":\"SearchAction\",\"target\":{\"@type\":\"EntryPoint\",\"urlTemplate\":\"https:\/\/sandzakpress.net\/arhiva\/?s={search_term_string}\"},\"query-input\":{\"@type\":\"PropertyValueSpecification\",\"valueRequired\":true,\"valueName\":\"search_term_string\"}}],\"inLanguage\":\"bs-BA\"},{\"@type\":[\"Person\",\"Organization\"],\"@id\":\"https:\/\/sandzakpress.net\/arhiva\/#\/schema\/person\/6e72b67d6e51910a1117b3b483ba20bd\",\"name\":\"Kul\",\"image\":{\"@type\":\"ImageObject\",\"inLanguage\":\"bs-BA\",\"@id\":\"https:\/\/sandzakpress.net\/arhiva\/#\/schema\/person\/image\/\",\"url\":\"https:\/\/secure.gravatar.com\/avatar\/42263f39aa27ac04c43cab85c280eb2e?s=96&d=mm&r=pg\",\"contentUrl\":\"https:\/\/secure.gravatar.com\/avatar\/42263f39aa27ac04c43cab85c280eb2e?s=96&d=mm&r=pg\",\"caption\":\"Kul\"},\"logo\":{\"@id\":\"https:\/\/sandzakpress.net\/arhiva\/#\/schema\/person\/image\/\"}},{\"@type\":\"Person\",\"@id\":\"https:\/\/sandzakpress.net\/arhiva\/#\/schema\/person\/c8baee722073534b583ea7bdb2e36c02\",\"name\":\"bosniak\",\"image\":{\"@type\":\"ImageObject\",\"inLanguage\":\"bs-BA\",\"@id\":\"https:\/\/sandzakpress.net\/arhiva\/#\/schema\/person\/image\/\",\"url\":\"https:\/\/secure.gravatar.com\/avatar\/a04fd330bfe3a36a72a0ad4a6d89fca7?s=96&d=mm&r=pg\",\"contentUrl\":\"https:\/\/secure.gravatar.com\/avatar\/a04fd330bfe3a36a72a0ad4a6d89fca7?s=96&d=mm&r=pg\",\"caption\":\"bosniak\"},\"url\":\"https:\/\/sandzakpress.net\/arhiva\/author\/bosniak\/\"}]}<\/script>\n<!-- \/ Yoast SEO Premium plugin. -->","yoast_head_json":{"title":"Saudijska Arabija nastavila udare na prijestolnicu Jemena","robots":{"index":"index","follow":"follow","max-snippet":"max-snippet:-1","max-image-preview":"max-image-preview:large","max-video-preview":"max-video-preview:-1"},"canonical":"https:\/\/sandzakpress.net\/arhiva\/saudijska-arabija-nastavila-udare-na-prijestolnicu-jemena\/","og_locale":"bs_BA","og_type":"article","og_title":"Saudijska Arabija nastavila udare na prijestolnicu Jemena","og_description":"Novi napadi koalicije predvo\u0111ene S. Arabijom usmjereni su na skladi\u0161ta oru\u017eja u Sani, a nastavljena je dostava pomo\u0107i. Koalicija koju predvodi Saudijska Arabija intenzivirala je zra\u010dne napade na jemensku prijestolnicu Sanu i okolna mjesta, a na meti su se na\u0161la skladi\u0161ta oru\u017eja boraca pokreta Husi koji su preuzeli vlast u\u00a0Jemenu. Zra\u010dni napadi, usmjereni na objekte [&hellip;]","og_url":"https:\/\/sandzakpress.net\/arhiva\/saudijska-arabija-nastavila-udare-na-prijestolnicu-jemena\/","og_site_name":"Sand\u017eak PRESS","article_published_time":"2015-04-11T15:20:55+00:00","og_image":[{"width":900,"height":600,"url":"https:\/\/sandzakpress.net\/arhiva\/wp-content\/uploads\/2015\/04\/aa_picture_20150410_5012380_high.jpg","type":"image\/jpeg"}],"author":"bosniak","twitter_card":"summary_large_image","twitter_misc":{"Written by":"bosniak","Est. reading time":"3 minute"},"schema":{"@context":"https:\/\/schema.org","@graph":[{"@type":"Article","@id":"https:\/\/sandzakpress.net\/arhiva\/saudijska-arabija-nastavila-udare-na-prijestolnicu-jemena\/#article","isPartOf":{"@id":"https:\/\/sandzakpress.net\/arhiva\/saudijska-arabija-nastavila-udare-na-prijestolnicu-jemena\/"},"author":{"name":"bosniak","@id":"https:\/\/sandzakpress.net\/arhiva\/#\/schema\/person\/c8baee722073534b583ea7bdb2e36c02"},"headline":"Saudijska Arabija nastavila udare na prijestolnicu Jemena","datePublished":"2015-04-11T15:20:55+00:00","mainEntityOfPage":{"@id":"https:\/\/sandzakpress.net\/arhiva\/saudijska-arabija-nastavila-udare-na-prijestolnicu-jemena\/"},"wordCount":643,"commentCount":1,"publisher":{"@id":"https:\/\/sandzakpress.net\/arhiva\/#\/schema\/person\/6e72b67d6e51910a1117b3b483ba20bd"},"image":{"@id":"https:\/\/sandzakpress.net\/arhiva\/saudijska-arabija-nastavila-udare-na-prijestolnicu-jemena\/#primaryimage"},"thumbnailUrl":"https:\/\/sandzakpress.net\/arhiva\/wp-content\/uploads\/2015\/04\/aa_picture_20150410_5012380_high.jpg","keywords":["Ummet"],"articleSection":["Svijet"],"inLanguage":"bs-BA","potentialAction":[{"@type":"CommentAction","name":"Comment","target":["https:\/\/sandzakpress.net\/arhiva\/saudijska-arabija-nastavila-udare-na-prijestolnicu-jemena\/#respond"]}]},{"@type":"WebPage","@id":"https:\/\/sandzakpress.net\/arhiva\/saudijska-arabija-nastavila-udare-na-prijestolnicu-jemena\/","url":"https:\/\/sandzakpress.net\/arhiva\/saudijska-arabija-nastavila-udare-na-prijestolnicu-jemena\/","name":"Saudijska Arabija nastavila udare na prijestolnicu Jemena","isPartOf":{"@id":"https:\/\/sandzakpress.net\/arhiva\/#website"},"primaryImageOfPage":{"@id":"https:\/\/sandzakpress.net\/arhiva\/saudijska-arabija-nastavila-udare-na-prijestolnicu-jemena\/#primaryimage"},"image":{"@id":"https:\/\/sandzakpress.net\/arhiva\/saudijska-arabija-nastavila-udare-na-prijestolnicu-jemena\/#primaryimage"},"thumbnailUrl":"https:\/\/sandzakpress.net\/arhiva\/wp-content\/uploads\/2015\/04\/aa_picture_20150410_5012380_high.jpg","datePublished":"2015-04-11T15:20:55+00:00","breadcrumb":{"@id":"https:\/\/sandzakpress.net\/arhiva\/saudijska-arabija-nastavila-udare-na-prijestolnicu-jemena\/#breadcrumb"},"inLanguage":"bs-BA","potentialAction":[{"@type":"ReadAction","target":["https:\/\/sandzakpress.net\/arhiva\/saudijska-arabija-nastavila-udare-na-prijestolnicu-jemena\/"]}]},{"@type":"ImageObject","inLanguage":"bs-BA","@id":"https:\/\/sandzakpress.net\/arhiva\/saudijska-arabija-nastavila-udare-na-prijestolnicu-jemena\/#primaryimage","url":"https:\/\/sandzakpress.net\/arhiva\/wp-content\/uploads\/2015\/04\/aa_picture_20150410_5012380_high.jpg","contentUrl":"https:\/\/sandzakpress.net\/arhiva\/wp-content\/uploads\/2015\/04\/aa_picture_20150410_5012380_high.jpg","width":900,"height":600},{"@type":"BreadcrumbList","@id":"https:\/\/sandzakpress.net\/arhiva\/saudijska-arabija-nastavila-udare-na-prijestolnicu-jemena\/#breadcrumb","itemListElement":[{"@type":"ListItem","position":1,"name":"Home","item":"https:\/\/sandzakpress.net\/arhiva\/"},{"@type":"ListItem","position":2,"name":"Saudijska Arabija nastavila udare na prijestolnicu Jemena"}]},{"@type":"WebSite","@id":"https:\/\/sandzakpress.net\/arhiva\/#website","url":"https:\/\/sandzakpress.net\/arhiva\/","name":"Sand\u017eak PRESS","description":"Prve elektronske novine u Sand\u017eaku","publisher":{"@id":"https:\/\/sandzakpress.net\/arhiva\/#\/schema\/person\/6e72b67d6e51910a1117b3b483ba20bd"},"potentialAction":[{"@type":"SearchAction","target":{"@type":"EntryPoint","urlTemplate":"https:\/\/sandzakpress.net\/arhiva\/?s={search_term_string}"},"query-input":{"@type":"PropertyValueSpecification","valueRequired":true,"valueName":"search_term_string"}}],"inLanguage":"bs-BA"},{"@type":["Person","Organization"],"@id":"https:\/\/sandzakpress.net\/arhiva\/#\/schema\/person\/6e72b67d6e51910a1117b3b483ba20bd","name":"Kul","image":{"@type":"ImageObject","inLanguage":"bs-BA","@id":"https:\/\/sandzakpress.net\/arhiva\/#\/schema\/person\/image\/","url":"https:\/\/secure.gravatar.com\/avatar\/42263f39aa27ac04c43cab85c280eb2e?s=96&d=mm&r=pg","contentUrl":"https:\/\/secure.gravatar.com\/avatar\/42263f39aa27ac04c43cab85c280eb2e?s=96&d=mm&r=pg","caption":"Kul"},"logo":{"@id":"https:\/\/sandzakpress.net\/arhiva\/#\/schema\/person\/image\/"}},{"@type":"Person","@id":"https:\/\/sandzakpress.net\/arhiva\/#\/schema\/person\/c8baee722073534b583ea7bdb2e36c02","name":"bosniak","image":{"@type":"ImageObject","inLanguage":"bs-BA","@id":"https:\/\/sandzakpress.net\/arhiva\/#\/schema\/person\/image\/","url":"https:\/\/secure.gravatar.com\/avatar\/a04fd330bfe3a36a72a0ad4a6d89fca7?s=96&d=mm&r=pg","contentUrl":"https:\/\/secure.gravatar.com\/avatar\/a04fd330bfe3a36a72a0ad4a6d89fca7?s=96&d=mm&r=pg","caption":"bosniak"},"url":"https:\/\/sandzakpress.net\/arhiva\/author\/bosniak\/"}]}},"_links":{"self":[{"href":"https:\/\/sandzakpress.net\/arhiva\/wp-json\/wp\/v2\/posts\/126595"}],"collection":[{"href":"https:\/\/sandzakpress.net\/arhiva\/wp-json\/wp\/v2\/posts"}],"about":[{"href":"https:\/\/sandzakpress.net\/arhiva\/wp-json\/wp\/v2\/types\/post"}],"author":[{"embeddable":true,"href":"https:\/\/sandzakpress.net\/arhiva\/wp-json\/wp\/v2\/users\/83"}],"replies":[{"embeddable":true,"href":"https:\/\/sandzakpress.net\/arhiva\/wp-json\/wp\/v2\/comments?post=126595"}],"version-history":[{"count":0,"href":"https:\/\/sandzakpress.net\/arhiva\/wp-json\/wp\/v2\/posts\/126595\/revisions"}],"wp:featuredmedia":[{"embeddable":true,"href":"https:\/\/sandzakpress.net\/arhiva\/wp-json\/wp\/v2\/media\/126596"}],"wp:attachment":[{"href":"https:\/\/sandzakpress.net\/arhiva\/wp-json\/wp\/v2\/media?parent=126595"}],"wp:term":[{"taxonomy":"category","embeddable":true,"href":"https:\/\/sandzakpress.net\/arhiva\/wp-json\/wp\/v2\/categories?post=126595"},{"taxonomy":"post_tag","embeddable":true,"href":"https:\/\/sandzakpress.net\/arhiva\/wp-json\/wp\/v2\/tags?post=126595"}],"curies":[{"name":"wp","href":"https:\/\/api.w.org\/{rel}","templated":true}]}}