{"id":126593,"date":"2015-04-11T17:20:11","date_gmt":"2015-04-11T15:20:11","guid":{"rendered":"https:\/\/sandzakpress.net\/arhiva\/?p=126593"},"modified":"2015-04-11T17:20:11","modified_gmt":"2015-04-11T15:20:11","slug":"arapi-odustali-od-gradnje-luksuznog-odmaralista-u-crnoj-gori","status":"publish","type":"post","link":"https:\/\/sandzakpress.net\/arhiva\/arapi-odustali-od-gradnje-luksuznog-odmaralista-u-crnoj-gori\/","title":{"rendered":"Arapi odustali od gradnje luksuznog odmarali\u0161ta u Crnoj Gori"},"content":{"rendered":"<p><strong>Crna Gora &#8211; Investitor iz Ujedinjenih Arapskih Emirata odustao je od gradnje luksuznog odmarali\u0161ta na crnogorskoj pla\u017ei izme\u0111u Budve i Bara, a razlog je, navode, ugro\u017eavanje imid\u017ea tvrtke i Emirata.<\/strong><\/p>\n<p><iframe loading=\"lazy\" title=\"Emirati odustaju od gradnje odmarali\u0161ta u Crnoj Gori\" width=\"696\" height=\"392\" src=\"https:\/\/www.youtube.com\/embed\/kixXlcQR8DE?feature=oembed\" frameborder=\"0\" allow=\"accelerometer; autoplay; encrypted-media; gyroscope; picture-in-picture\" allowfullscreen><\/iframe><\/p>\n<p>Na toj pla\u017ei trebalo je ni\u0107i luksuzno odmarali\u0161te vrijedno 180 miliona eura. Ali, investitor se povukao iz projekta i razo\u010darao okolne ugostitelje koji su ra\u010dunali na bogatu klijentelu i dobru zaradu.<\/p>\n<p>\u201cIzra\u017eavamo veliko nezadovoljstvo svim onim ljudima u Crnoj Gori i institucijama koje su svojim \u010dinjenjem i ne\u010dinjenjem doprinijele destimulisanju velikih investitora koji su spremni da investiraju u CG hotelijerstvo\u201c, kazao je Dragan Ivan\u010devi\u0107 iz Privredne komore Crne Gore.<\/p>\n<p>Odluku o odustajanju Vladi je saop\u0161tila Ambasada Ujedinjenih Arapskih Emirata. Obja\u0161njenje &#8211; ugro\u017eavanje imid\u017ea kompanije, ali i Emirata.<\/p>\n<p>\u201cTender za zakup pla\u017ee na 90 godina raspisan je 2012-e. Jedinu ponudu predala je arapska Rojal grupa koja je za 420 hiljada kvadrata ponudila ne\u0161to vi\u0161e od 21 milion eura ili 50 eura po kvadratu\u201c, izvijestila je reporterka Al Jazeere Milica Marinovi\u0107.<\/p>\n<p><strong>Nezakonit ugovor<\/strong><\/p>\n<p>Me\u0111utim, socijaldemokrati, jedna od manjih partija u crnogorskoj vlasti, podr\u017eana opozicijom, mjesecima su upozoravali kako je cijena zemlji\u0161ta mala, a ugovor o zakupu nezakonit.<\/p>\n<p>\u201c\u0160to se grbo rodi vrijeme ne ispravi, zna\u010di ovaj ugovor se nije mogao ispravljati u smislu pojedinih odredaba, ve\u0107 se morao poni\u0161titi jer su ugovori suprotni zakonima jedne dr\u017eave nezakoniti, samim tim i ni\u0161tavi i mogu se jedino sa\u010dinjavati opet\u201c, kazao je Draginja Vuksanovi\u0107 iz Socijaldemokratske partije.<\/p>\n<p>I u nevladinoj organizaciji MANS smatraju da je dr\u017eava investitoru ponudila nezakonite ustupke.<\/p>\n<p>Na gotovo svakoj stranici ugovora prona\u0161li su nedostatak. Najva\u017eniji, mogu\u0107nost da pristup pla\u017ei ograni\u010di na goste luksuznog odmarali\u0161ta.<\/p>\n<p>\u201cProcentnu kontrolu nad obalom u sklopu tog kompleksa, i ne samo nad obalom ve\u0107 i nad akvatorijumom, i uz ovaj ugovor je bilo predvi\u0111eno potpisivanje posebnog ugovora sa JP Morsko dobro gdje bi ono prenijelo dio ovla\u0161\u0107enja za ure\u0111enje na tu kompaniju. To je potpuno u nesuglasju sa Ustavom CG koji garantuje gra\u0111anima CG da mogu slobodno da se kre\u0107u po kompletnoj teritoriji dr\u017eave\u201c, smatra Dejan Milovac iz MANS-a.<\/p>\n<p>Sporno im je i ukidanje pla\u0107anja komunalija te suspendovanje konvencija o za\u0161titi obale.<\/p>\n<p>U crnogorskoj vladi, me\u0111utim, odustajanje Rojal grupe vide kao veliku \u0161tetu. Demantuju da je ugovor bio nezakonit.<\/p>\n<p>\u201cPregovara\u010dki timovi gdje su uklju\u010deni pravni savjetnici i crnogorske strane i Rojal grupe svakako vode ra\u010duna o zakonitosti ugovora i po\u0161tovanju zakona dr\u017eave CG. I u tom smislu cijenim da se o tome vodilo ra\u010duna\u201c, rekao je \u017deljka Radak Kukavi\u010di\u0107 iz Ministarstva odr\u017eivog razvoja i turizma Crne Gore.<\/p>\n<p><strong>Me\u0111unarodni imid\u017e<\/strong><\/p>\n<p>Povla\u010denje Rojal grupe, ka\u017ee analiti\u010dar Vasilije Kosti\u0107, ko\u0161talo je dr\u017eavu ne samo novca i radnih mjesta ve\u0107 i me\u0111unarodnog imid\u017ea.<\/p>\n<p>\u201cTo je vrlo velika \u0161teta, za Crnu Goru, za Crnu Goru kao investicionu destinaciju, za CG kao zemlju koja se bori da privu\u010de strane investitore i za budu\u0107i imid\u017e CG kao po\u017eeljne investiocione, turisti\u010dke ili bilo koje druge destinacije\u201c, zaklju\u010dio je Kosti\u0107.<\/p>\n<p>Crnogorska vlada planirala je u 13 godina na ovom projektu zaraditi gotovo 300 miliona eura.<\/p>\n<p>Nema jo\u0161 odluke ho\u0107e li se raspisivati novi tender.<\/p>\n<p>Izvor: Al Jazeera<\/p>\n","protected":false},"excerpt":{"rendered":"<p>Crna Gora &#8211; Investitor iz Ujedinjenih Arapskih Emirata odustao je od gradnje luksuznog odmarali\u0161ta na crnogorskoj pla\u017ei izme\u0111u Budve i Bara, a razlog je, navode, ugro\u017eavanje imid\u017ea tvrtke i Emirata. Na toj pla\u017ei trebalo je ni\u0107i luksuzno odmarali\u0161te vrijedno 180 miliona eura. Ali, investitor se povukao iz projekta i razo\u010darao okolne ugostitelje koji su ra\u010dunali [&hellip;]<\/p>\n","protected":false},"author":83,"featured_media":126594,"comment_status":"open","ping_status":"open","sticky":false,"template":"","format":"standard","meta":{"footnotes":""},"categories":[10308,3,798],"tags":[],"class_list":{"0":"post-126593","1":"post","2":"type-post","3":"status-publish","4":"format-standard","5":"has-post-thumbnail","7":"category-crna-gora","8":"category-privreda","9":"category-teme"},"yoast_head":"<!-- This site is optimized with the Yoast SEO Premium plugin v23.1 (Yoast SEO v24.9) - https:\/\/yoast.com\/wordpress\/plugins\/seo\/ -->\n<title>Arapi odustali od gradnje luksuznog odmarali\u0161ta u Crnoj Gori<\/title>\n<meta name=\"robots\" content=\"index, follow, max-snippet:-1, max-image-preview:large, max-video-preview:-1\" \/>\n<link rel=\"canonical\" href=\"https:\/\/sandzakpress.net\/arhiva\/arapi-odustali-od-gradnje-luksuznog-odmaralista-u-crnoj-gori\/\" \/>\n<meta property=\"og:locale\" content=\"bs_BA\" \/>\n<meta property=\"og:type\" content=\"article\" \/>\n<meta property=\"og:title\" content=\"Arapi odustali od gradnje luksuznog odmarali\u0161ta u Crnoj Gori\" \/>\n<meta property=\"og:description\" content=\"Crna Gora &#8211; Investitor iz Ujedinjenih Arapskih Emirata odustao je od gradnje luksuznog odmarali\u0161ta na crnogorskoj pla\u017ei izme\u0111u Budve i Bara, a razlog je, navode, ugro\u017eavanje imid\u017ea tvrtke i Emirata. Na toj pla\u017ei trebalo je ni\u0107i luksuzno odmarali\u0161te vrijedno 180 miliona eura. Ali, investitor se povukao iz projekta i razo\u010darao okolne ugostitelje koji su ra\u010dunali [&hellip;]\" \/>\n<meta property=\"og:url\" content=\"https:\/\/sandzakpress.net\/arhiva\/arapi-odustali-od-gradnje-luksuznog-odmaralista-u-crnoj-gori\/\" \/>\n<meta property=\"og:site_name\" content=\"Sand\u017eak PRESS\" \/>\n<meta property=\"article:published_time\" content=\"2015-04-11T15:20:11+00:00\" \/>\n<meta property=\"og:image\" content=\"https:\/\/sandzakpress.net\/arhiva\/wp-content\/uploads\/2015\/04\/026.jpg\" \/>\n\t<meta property=\"og:image:width\" content=\"480\" \/>\n\t<meta property=\"og:image:height\" content=\"360\" \/>\n\t<meta property=\"og:image:type\" content=\"image\/jpeg\" \/>\n<meta name=\"author\" content=\"bosniak\" \/>\n<meta name=\"twitter:card\" content=\"summary_large_image\" \/>\n<meta name=\"twitter:label1\" content=\"Written by\" \/>\n\t<meta name=\"twitter:data1\" content=\"bosniak\" \/>\n\t<meta name=\"twitter:label2\" content=\"Est. reading time\" \/>\n\t<meta name=\"twitter:data2\" content=\"3 minute\" \/>\n<script type=\"application\/ld+json\" class=\"yoast-schema-graph\">{\"@context\":\"https:\/\/schema.org\",\"@graph\":[{\"@type\":\"Article\",\"@id\":\"https:\/\/sandzakpress.net\/arhiva\/arapi-odustali-od-gradnje-luksuznog-odmaralista-u-crnoj-gori\/#article\",\"isPartOf\":{\"@id\":\"https:\/\/sandzakpress.net\/arhiva\/arapi-odustali-od-gradnje-luksuznog-odmaralista-u-crnoj-gori\/\"},\"author\":{\"name\":\"bosniak\",\"@id\":\"https:\/\/sandzakpress.net\/arhiva\/#\/schema\/person\/c8baee722073534b583ea7bdb2e36c02\"},\"headline\":\"Arapi odustali od gradnje luksuznog odmarali\u0161ta u Crnoj Gori\",\"datePublished\":\"2015-04-11T15:20:11+00:00\",\"mainEntityOfPage\":{\"@id\":\"https:\/\/sandzakpress.net\/arhiva\/arapi-odustali-od-gradnje-luksuznog-odmaralista-u-crnoj-gori\/\"},\"wordCount\":575,\"commentCount\":11,\"publisher\":{\"@id\":\"https:\/\/sandzakpress.net\/arhiva\/#\/schema\/person\/6e72b67d6e51910a1117b3b483ba20bd\"},\"image\":{\"@id\":\"https:\/\/sandzakpress.net\/arhiva\/arapi-odustali-od-gradnje-luksuznog-odmaralista-u-crnoj-gori\/#primaryimage\"},\"thumbnailUrl\":\"https:\/\/sandzakpress.net\/arhiva\/wp-content\/uploads\/2015\/04\/026.jpg\",\"articleSection\":[\"Crna Gora\",\"Privreda\",\"NAJNOVIJE\"],\"inLanguage\":\"bs-BA\",\"potentialAction\":[{\"@type\":\"CommentAction\",\"name\":\"Comment\",\"target\":[\"https:\/\/sandzakpress.net\/arhiva\/arapi-odustali-od-gradnje-luksuznog-odmaralista-u-crnoj-gori\/#respond\"]}]},{\"@type\":\"WebPage\",\"@id\":\"https:\/\/sandzakpress.net\/arhiva\/arapi-odustali-od-gradnje-luksuznog-odmaralista-u-crnoj-gori\/\",\"url\":\"https:\/\/sandzakpress.net\/arhiva\/arapi-odustali-od-gradnje-luksuznog-odmaralista-u-crnoj-gori\/\",\"name\":\"Arapi odustali od gradnje luksuznog odmarali\u0161ta u Crnoj Gori\",\"isPartOf\":{\"@id\":\"https:\/\/sandzakpress.net\/arhiva\/#website\"},\"primaryImageOfPage\":{\"@id\":\"https:\/\/sandzakpress.net\/arhiva\/arapi-odustali-od-gradnje-luksuznog-odmaralista-u-crnoj-gori\/#primaryimage\"},\"image\":{\"@id\":\"https:\/\/sandzakpress.net\/arhiva\/arapi-odustali-od-gradnje-luksuznog-odmaralista-u-crnoj-gori\/#primaryimage\"},\"thumbnailUrl\":\"https:\/\/sandzakpress.net\/arhiva\/wp-content\/uploads\/2015\/04\/026.jpg\",\"datePublished\":\"2015-04-11T15:20:11+00:00\",\"breadcrumb\":{\"@id\":\"https:\/\/sandzakpress.net\/arhiva\/arapi-odustali-od-gradnje-luksuznog-odmaralista-u-crnoj-gori\/#breadcrumb\"},\"inLanguage\":\"bs-BA\",\"potentialAction\":[{\"@type\":\"ReadAction\",\"target\":[\"https:\/\/sandzakpress.net\/arhiva\/arapi-odustali-od-gradnje-luksuznog-odmaralista-u-crnoj-gori\/\"]}]},{\"@type\":\"ImageObject\",\"inLanguage\":\"bs-BA\",\"@id\":\"https:\/\/sandzakpress.net\/arhiva\/arapi-odustali-od-gradnje-luksuznog-odmaralista-u-crnoj-gori\/#primaryimage\",\"url\":\"https:\/\/sandzakpress.net\/arhiva\/wp-content\/uploads\/2015\/04\/026.jpg\",\"contentUrl\":\"https:\/\/sandzakpress.net\/arhiva\/wp-content\/uploads\/2015\/04\/026.jpg\",\"width\":480,\"height\":360},{\"@type\":\"BreadcrumbList\",\"@id\":\"https:\/\/sandzakpress.net\/arhiva\/arapi-odustali-od-gradnje-luksuznog-odmaralista-u-crnoj-gori\/#breadcrumb\",\"itemListElement\":[{\"@type\":\"ListItem\",\"position\":1,\"name\":\"Home\",\"item\":\"https:\/\/sandzakpress.net\/arhiva\/\"},{\"@type\":\"ListItem\",\"position\":2,\"name\":\"Arapi odustali od gradnje luksuznog odmarali\u0161ta u Crnoj Gori\"}]},{\"@type\":\"WebSite\",\"@id\":\"https:\/\/sandzakpress.net\/arhiva\/#website\",\"url\":\"https:\/\/sandzakpress.net\/arhiva\/\",\"name\":\"Sand\u017eak PRESS\",\"description\":\"Prve elektronske novine u Sand\u017eaku\",\"publisher\":{\"@id\":\"https:\/\/sandzakpress.net\/arhiva\/#\/schema\/person\/6e72b67d6e51910a1117b3b483ba20bd\"},\"potentialAction\":[{\"@type\":\"SearchAction\",\"target\":{\"@type\":\"EntryPoint\",\"urlTemplate\":\"https:\/\/sandzakpress.net\/arhiva\/?s={search_term_string}\"},\"query-input\":{\"@type\":\"PropertyValueSpecification\",\"valueRequired\":true,\"valueName\":\"search_term_string\"}}],\"inLanguage\":\"bs-BA\"},{\"@type\":[\"Person\",\"Organization\"],\"@id\":\"https:\/\/sandzakpress.net\/arhiva\/#\/schema\/person\/6e72b67d6e51910a1117b3b483ba20bd\",\"name\":\"Kul\",\"image\":{\"@type\":\"ImageObject\",\"inLanguage\":\"bs-BA\",\"@id\":\"https:\/\/sandzakpress.net\/arhiva\/#\/schema\/person\/image\/\",\"url\":\"https:\/\/secure.gravatar.com\/avatar\/42263f39aa27ac04c43cab85c280eb2e?s=96&d=mm&r=pg\",\"contentUrl\":\"https:\/\/secure.gravatar.com\/avatar\/42263f39aa27ac04c43cab85c280eb2e?s=96&d=mm&r=pg\",\"caption\":\"Kul\"},\"logo\":{\"@id\":\"https:\/\/sandzakpress.net\/arhiva\/#\/schema\/person\/image\/\"}},{\"@type\":\"Person\",\"@id\":\"https:\/\/sandzakpress.net\/arhiva\/#\/schema\/person\/c8baee722073534b583ea7bdb2e36c02\",\"name\":\"bosniak\",\"image\":{\"@type\":\"ImageObject\",\"inLanguage\":\"bs-BA\",\"@id\":\"https:\/\/sandzakpress.net\/arhiva\/#\/schema\/person\/image\/\",\"url\":\"https:\/\/secure.gravatar.com\/avatar\/a04fd330bfe3a36a72a0ad4a6d89fca7?s=96&d=mm&r=pg\",\"contentUrl\":\"https:\/\/secure.gravatar.com\/avatar\/a04fd330bfe3a36a72a0ad4a6d89fca7?s=96&d=mm&r=pg\",\"caption\":\"bosniak\"},\"url\":\"https:\/\/sandzakpress.net\/arhiva\/author\/bosniak\/\"}]}<\/script>\n<!-- \/ Yoast SEO Premium plugin. -->","yoast_head_json":{"title":"Arapi odustali od gradnje luksuznog odmarali\u0161ta u Crnoj Gori","robots":{"index":"index","follow":"follow","max-snippet":"max-snippet:-1","max-image-preview":"max-image-preview:large","max-video-preview":"max-video-preview:-1"},"canonical":"https:\/\/sandzakpress.net\/arhiva\/arapi-odustali-od-gradnje-luksuznog-odmaralista-u-crnoj-gori\/","og_locale":"bs_BA","og_type":"article","og_title":"Arapi odustali od gradnje luksuznog odmarali\u0161ta u Crnoj Gori","og_description":"Crna Gora &#8211; Investitor iz Ujedinjenih Arapskih Emirata odustao je od gradnje luksuznog odmarali\u0161ta na crnogorskoj pla\u017ei izme\u0111u Budve i Bara, a razlog je, navode, ugro\u017eavanje imid\u017ea tvrtke i Emirata. Na toj pla\u017ei trebalo je ni\u0107i luksuzno odmarali\u0161te vrijedno 180 miliona eura. Ali, investitor se povukao iz projekta i razo\u010darao okolne ugostitelje koji su ra\u010dunali [&hellip;]","og_url":"https:\/\/sandzakpress.net\/arhiva\/arapi-odustali-od-gradnje-luksuznog-odmaralista-u-crnoj-gori\/","og_site_name":"Sand\u017eak PRESS","article_published_time":"2015-04-11T15:20:11+00:00","og_image":[{"width":480,"height":360,"url":"https:\/\/sandzakpress.net\/arhiva\/wp-content\/uploads\/2015\/04\/026.jpg","type":"image\/jpeg"}],"author":"bosniak","twitter_card":"summary_large_image","twitter_misc":{"Written by":"bosniak","Est. reading time":"3 minute"},"schema":{"@context":"https:\/\/schema.org","@graph":[{"@type":"Article","@id":"https:\/\/sandzakpress.net\/arhiva\/arapi-odustali-od-gradnje-luksuznog-odmaralista-u-crnoj-gori\/#article","isPartOf":{"@id":"https:\/\/sandzakpress.net\/arhiva\/arapi-odustali-od-gradnje-luksuznog-odmaralista-u-crnoj-gori\/"},"author":{"name":"bosniak","@id":"https:\/\/sandzakpress.net\/arhiva\/#\/schema\/person\/c8baee722073534b583ea7bdb2e36c02"},"headline":"Arapi odustali od gradnje luksuznog odmarali\u0161ta u Crnoj Gori","datePublished":"2015-04-11T15:20:11+00:00","mainEntityOfPage":{"@id":"https:\/\/sandzakpress.net\/arhiva\/arapi-odustali-od-gradnje-luksuznog-odmaralista-u-crnoj-gori\/"},"wordCount":575,"commentCount":11,"publisher":{"@id":"https:\/\/sandzakpress.net\/arhiva\/#\/schema\/person\/6e72b67d6e51910a1117b3b483ba20bd"},"image":{"@id":"https:\/\/sandzakpress.net\/arhiva\/arapi-odustali-od-gradnje-luksuznog-odmaralista-u-crnoj-gori\/#primaryimage"},"thumbnailUrl":"https:\/\/sandzakpress.net\/arhiva\/wp-content\/uploads\/2015\/04\/026.jpg","articleSection":["Crna Gora","Privreda","NAJNOVIJE"],"inLanguage":"bs-BA","potentialAction":[{"@type":"CommentAction","name":"Comment","target":["https:\/\/sandzakpress.net\/arhiva\/arapi-odustali-od-gradnje-luksuznog-odmaralista-u-crnoj-gori\/#respond"]}]},{"@type":"WebPage","@id":"https:\/\/sandzakpress.net\/arhiva\/arapi-odustali-od-gradnje-luksuznog-odmaralista-u-crnoj-gori\/","url":"https:\/\/sandzakpress.net\/arhiva\/arapi-odustali-od-gradnje-luksuznog-odmaralista-u-crnoj-gori\/","name":"Arapi odustali od gradnje luksuznog odmarali\u0161ta u Crnoj Gori","isPartOf":{"@id":"https:\/\/sandzakpress.net\/arhiva\/#website"},"primaryImageOfPage":{"@id":"https:\/\/sandzakpress.net\/arhiva\/arapi-odustali-od-gradnje-luksuznog-odmaralista-u-crnoj-gori\/#primaryimage"},"image":{"@id":"https:\/\/sandzakpress.net\/arhiva\/arapi-odustali-od-gradnje-luksuznog-odmaralista-u-crnoj-gori\/#primaryimage"},"thumbnailUrl":"https:\/\/sandzakpress.net\/arhiva\/wp-content\/uploads\/2015\/04\/026.jpg","datePublished":"2015-04-11T15:20:11+00:00","breadcrumb":{"@id":"https:\/\/sandzakpress.net\/arhiva\/arapi-odustali-od-gradnje-luksuznog-odmaralista-u-crnoj-gori\/#breadcrumb"},"inLanguage":"bs-BA","potentialAction":[{"@type":"ReadAction","target":["https:\/\/sandzakpress.net\/arhiva\/arapi-odustali-od-gradnje-luksuznog-odmaralista-u-crnoj-gori\/"]}]},{"@type":"ImageObject","inLanguage":"bs-BA","@id":"https:\/\/sandzakpress.net\/arhiva\/arapi-odustali-od-gradnje-luksuznog-odmaralista-u-crnoj-gori\/#primaryimage","url":"https:\/\/sandzakpress.net\/arhiva\/wp-content\/uploads\/2015\/04\/026.jpg","contentUrl":"https:\/\/sandzakpress.net\/arhiva\/wp-content\/uploads\/2015\/04\/026.jpg","width":480,"height":360},{"@type":"BreadcrumbList","@id":"https:\/\/sandzakpress.net\/arhiva\/arapi-odustali-od-gradnje-luksuznog-odmaralista-u-crnoj-gori\/#breadcrumb","itemListElement":[{"@type":"ListItem","position":1,"name":"Home","item":"https:\/\/sandzakpress.net\/arhiva\/"},{"@type":"ListItem","position":2,"name":"Arapi odustali od gradnje luksuznog odmarali\u0161ta u Crnoj Gori"}]},{"@type":"WebSite","@id":"https:\/\/sandzakpress.net\/arhiva\/#website","url":"https:\/\/sandzakpress.net\/arhiva\/","name":"Sand\u017eak PRESS","description":"Prve elektronske novine u Sand\u017eaku","publisher":{"@id":"https:\/\/sandzakpress.net\/arhiva\/#\/schema\/person\/6e72b67d6e51910a1117b3b483ba20bd"},"potentialAction":[{"@type":"SearchAction","target":{"@type":"EntryPoint","urlTemplate":"https:\/\/sandzakpress.net\/arhiva\/?s={search_term_string}"},"query-input":{"@type":"PropertyValueSpecification","valueRequired":true,"valueName":"search_term_string"}}],"inLanguage":"bs-BA"},{"@type":["Person","Organization"],"@id":"https:\/\/sandzakpress.net\/arhiva\/#\/schema\/person\/6e72b67d6e51910a1117b3b483ba20bd","name":"Kul","image":{"@type":"ImageObject","inLanguage":"bs-BA","@id":"https:\/\/sandzakpress.net\/arhiva\/#\/schema\/person\/image\/","url":"https:\/\/secure.gravatar.com\/avatar\/42263f39aa27ac04c43cab85c280eb2e?s=96&d=mm&r=pg","contentUrl":"https:\/\/secure.gravatar.com\/avatar\/42263f39aa27ac04c43cab85c280eb2e?s=96&d=mm&r=pg","caption":"Kul"},"logo":{"@id":"https:\/\/sandzakpress.net\/arhiva\/#\/schema\/person\/image\/"}},{"@type":"Person","@id":"https:\/\/sandzakpress.net\/arhiva\/#\/schema\/person\/c8baee722073534b583ea7bdb2e36c02","name":"bosniak","image":{"@type":"ImageObject","inLanguage":"bs-BA","@id":"https:\/\/sandzakpress.net\/arhiva\/#\/schema\/person\/image\/","url":"https:\/\/secure.gravatar.com\/avatar\/a04fd330bfe3a36a72a0ad4a6d89fca7?s=96&d=mm&r=pg","contentUrl":"https:\/\/secure.gravatar.com\/avatar\/a04fd330bfe3a36a72a0ad4a6d89fca7?s=96&d=mm&r=pg","caption":"bosniak"},"url":"https:\/\/sandzakpress.net\/arhiva\/author\/bosniak\/"}]}},"_links":{"self":[{"href":"https:\/\/sandzakpress.net\/arhiva\/wp-json\/wp\/v2\/posts\/126593"}],"collection":[{"href":"https:\/\/sandzakpress.net\/arhiva\/wp-json\/wp\/v2\/posts"}],"about":[{"href":"https:\/\/sandzakpress.net\/arhiva\/wp-json\/wp\/v2\/types\/post"}],"author":[{"embeddable":true,"href":"https:\/\/sandzakpress.net\/arhiva\/wp-json\/wp\/v2\/users\/83"}],"replies":[{"embeddable":true,"href":"https:\/\/sandzakpress.net\/arhiva\/wp-json\/wp\/v2\/comments?post=126593"}],"version-history":[{"count":0,"href":"https:\/\/sandzakpress.net\/arhiva\/wp-json\/wp\/v2\/posts\/126593\/revisions"}],"wp:featuredmedia":[{"embeddable":true,"href":"https:\/\/sandzakpress.net\/arhiva\/wp-json\/wp\/v2\/media\/126594"}],"wp:attachment":[{"href":"https:\/\/sandzakpress.net\/arhiva\/wp-json\/wp\/v2\/media?parent=126593"}],"wp:term":[{"taxonomy":"category","embeddable":true,"href":"https:\/\/sandzakpress.net\/arhiva\/wp-json\/wp\/v2\/categories?post=126593"},{"taxonomy":"post_tag","embeddable":true,"href":"https:\/\/sandzakpress.net\/arhiva\/wp-json\/wp\/v2\/tags?post=126593"}],"curies":[{"name":"wp","href":"https:\/\/api.w.org\/{rel}","templated":true}]}}