{"id":126330,"date":"2015-04-06T13:33:51","date_gmt":"2015-04-06T11:33:51","guid":{"rendered":"https:\/\/sandzakpress.net\/arhiva\/?p=126330"},"modified":"2015-04-06T13:33:51","modified_gmt":"2015-04-06T11:33:51","slug":"prijepolje-snijeg-odsjekao-domacinstva-u-pojednim-zaseocima","status":"publish","type":"post","link":"https:\/\/sandzakpress.net\/arhiva\/prijepolje-snijeg-odsjekao-domacinstva-u-pojednim-zaseocima\/","title":{"rendered":"Prijepolje: Snijeg odsjekao doma\u0107instva u pojednim zaseocima"},"content":{"rendered":"<p><img decoding=\"async\" src=\"http:\/\/www.glaszapadnesrbije.rs\/dp_press_slike\/sneg-u-selima-nameti.jpg\" alt=\"\" \/><\/p>\n<p>Prijepolje &#8211; Snijeg koji i danas pada stvorio je probleme \u017eiteljima prijepoljskih sela Kamena Gora i Babine<\/p>\n<p>Predsednik Mesne zajednice Kamena Gora \u017divko Kijanovi\u0107 ka\u017ee za GZS da je u tom mjestu od ju\u010de napadalo 30 centimetara novog snijega, a visina nameta u pojedinim zaseocima je \u010dak do jednog metra.<\/p>\n<p>&#8220;Do centra sela putevi su prohodni, me\u0111utim, te\u0161ko\u0107e postoje u zaseocima u kojima su pojedina doma\u0107instva odsje\u010dena zbog visine snje\u017enog pokriva\u010da&#8221;, naveo je Kijanovi\u0107, izraziv\u0161i o\u010dekivanje da \u0107e nadle\u017eni danas preduzeti mere ra\u0161\u010di\u0161\u0107avanja lokalnih puteva.<\/p>\n<p>Snijeg je stvorio probleme i \u017eiteljima sela Babine, koje broji oko 400 doma\u0107instava, navodi mje\u0161tanin Radoje Toma\u0161evi\u0107. &#8220;U na\u0161em selu snijeg je visine oko 30 centimetara, a na pojedinim lokacijama nameti su do pola metra&#8221;, precizirao je Toma\u0161evi\u0107 za GZS dodaju\u0107i da jo\u0161 uvijek niko nije \u010distio lokalne saobra\u0107ajnice. Za sada, kako ka\u017eu sagovornci Glasa zapadne Srbije, snabdijevanje elektri\u010dnom energijom i vodom je uredno.<\/p>\n<p>Izvor: Glas zapadne Srbije<\/p>\n","protected":false},"excerpt":{"rendered":"<p>Prijepolje &#8211; Snijeg koji i danas pada stvorio je probleme \u017eiteljima prijepoljskih sela Kamena Gora i Babine Predsednik Mesne zajednice Kamena Gora \u017divko Kijanovi\u0107 ka\u017ee za GZS da je u tom mjestu od ju\u010de napadalo 30 centimetara novog snijega, a visina nameta u pojedinim zaseocima je \u010dak do jednog metra. &#8220;Do centra sela putevi su [&hellip;]<\/p>\n","protected":false},"author":83,"featured_media":126332,"comment_status":"open","ping_status":"open","sticky":false,"template":"","format":"standard","meta":{"footnotes":""},"categories":[3,392,798],"tags":[],"class_list":{"0":"post-126330","1":"post","2":"type-post","3":"status-publish","4":"format-standard","5":"has-post-thumbnail","7":"category-privreda","8":"category-prijepolje_","9":"category-teme"},"yoast_head":"<!-- This site is optimized with the Yoast SEO Premium plugin v23.1 (Yoast SEO v24.9) - https:\/\/yoast.com\/wordpress\/plugins\/seo\/ -->\n<title>Prijepolje: Snijeg odsjekao doma\u0107instva u pojednim zaseocima<\/title>\n<meta name=\"robots\" content=\"index, follow, max-snippet:-1, max-image-preview:large, max-video-preview:-1\" \/>\n<link rel=\"canonical\" href=\"https:\/\/sandzakpress.net\/arhiva\/prijepolje-snijeg-odsjekao-domacinstva-u-pojednim-zaseocima\/\" \/>\n<meta property=\"og:locale\" content=\"bs_BA\" \/>\n<meta property=\"og:type\" content=\"article\" \/>\n<meta property=\"og:title\" content=\"Prijepolje: Snijeg odsjekao doma\u0107instva u pojednim zaseocima\" \/>\n<meta property=\"og:description\" content=\"Prijepolje &#8211; Snijeg koji i danas pada stvorio je probleme \u017eiteljima prijepoljskih sela Kamena Gora i Babine Predsednik Mesne zajednice Kamena Gora \u017divko Kijanovi\u0107 ka\u017ee za GZS da je u tom mjestu od ju\u010de napadalo 30 centimetara novog snijega, a visina nameta u pojedinim zaseocima je \u010dak do jednog metra. &#8220;Do centra sela putevi su [&hellip;]\" \/>\n<meta property=\"og:url\" content=\"https:\/\/sandzakpress.net\/arhiva\/prijepolje-snijeg-odsjekao-domacinstva-u-pojednim-zaseocima\/\" \/>\n<meta property=\"og:site_name\" content=\"Sand\u017eak PRESS\" \/>\n<meta property=\"article:published_time\" content=\"2015-04-06T11:33:51+00:00\" \/>\n<meta property=\"og:image\" content=\"https:\/\/sandzakpress.net\/arhiva\/wp-content\/uploads\/2015\/04\/sneg-u-selima-nameti.jpg\" \/>\n\t<meta property=\"og:image:width\" content=\"960\" \/>\n\t<meta property=\"og:image:height\" content=\"720\" \/>\n\t<meta property=\"og:image:type\" content=\"image\/jpeg\" \/>\n<meta name=\"author\" content=\"bosniak\" \/>\n<meta name=\"twitter:card\" content=\"summary_large_image\" \/>\n<meta name=\"twitter:label1\" content=\"Written by\" \/>\n\t<meta name=\"twitter:data1\" content=\"bosniak\" \/>\n\t<meta name=\"twitter:label2\" content=\"Est. reading time\" \/>\n\t<meta name=\"twitter:data2\" content=\"1 minuta\" \/>\n<script type=\"application\/ld+json\" class=\"yoast-schema-graph\">{\"@context\":\"https:\/\/schema.org\",\"@graph\":[{\"@type\":\"Article\",\"@id\":\"https:\/\/sandzakpress.net\/arhiva\/prijepolje-snijeg-odsjekao-domacinstva-u-pojednim-zaseocima\/#article\",\"isPartOf\":{\"@id\":\"https:\/\/sandzakpress.net\/arhiva\/prijepolje-snijeg-odsjekao-domacinstva-u-pojednim-zaseocima\/\"},\"author\":{\"name\":\"bosniak\",\"@id\":\"https:\/\/sandzakpress.net\/arhiva\/#\/schema\/person\/c8baee722073534b583ea7bdb2e36c02\"},\"headline\":\"Prijepolje: Snijeg odsjekao doma\u0107instva u pojednim zaseocima\",\"datePublished\":\"2015-04-06T11:33:51+00:00\",\"mainEntityOfPage\":{\"@id\":\"https:\/\/sandzakpress.net\/arhiva\/prijepolje-snijeg-odsjekao-domacinstva-u-pojednim-zaseocima\/\"},\"wordCount\":181,\"commentCount\":2,\"publisher\":{\"@id\":\"https:\/\/sandzakpress.net\/arhiva\/#\/schema\/person\/6e72b67d6e51910a1117b3b483ba20bd\"},\"image\":{\"@id\":\"https:\/\/sandzakpress.net\/arhiva\/prijepolje-snijeg-odsjekao-domacinstva-u-pojednim-zaseocima\/#primaryimage\"},\"thumbnailUrl\":\"https:\/\/sandzakpress.net\/arhiva\/wp-content\/uploads\/2015\/04\/sneg-u-selima-nameti.jpg\",\"articleSection\":[\"Privreda\",\"Prijepolje\",\"NAJNOVIJE\"],\"inLanguage\":\"bs-BA\",\"potentialAction\":[{\"@type\":\"CommentAction\",\"name\":\"Comment\",\"target\":[\"https:\/\/sandzakpress.net\/arhiva\/prijepolje-snijeg-odsjekao-domacinstva-u-pojednim-zaseocima\/#respond\"]}]},{\"@type\":\"WebPage\",\"@id\":\"https:\/\/sandzakpress.net\/arhiva\/prijepolje-snijeg-odsjekao-domacinstva-u-pojednim-zaseocima\/\",\"url\":\"https:\/\/sandzakpress.net\/arhiva\/prijepolje-snijeg-odsjekao-domacinstva-u-pojednim-zaseocima\/\",\"name\":\"Prijepolje: Snijeg odsjekao doma\u0107instva u pojednim zaseocima\",\"isPartOf\":{\"@id\":\"https:\/\/sandzakpress.net\/arhiva\/#website\"},\"primaryImageOfPage\":{\"@id\":\"https:\/\/sandzakpress.net\/arhiva\/prijepolje-snijeg-odsjekao-domacinstva-u-pojednim-zaseocima\/#primaryimage\"},\"image\":{\"@id\":\"https:\/\/sandzakpress.net\/arhiva\/prijepolje-snijeg-odsjekao-domacinstva-u-pojednim-zaseocima\/#primaryimage\"},\"thumbnailUrl\":\"https:\/\/sandzakpress.net\/arhiva\/wp-content\/uploads\/2015\/04\/sneg-u-selima-nameti.jpg\",\"datePublished\":\"2015-04-06T11:33:51+00:00\",\"breadcrumb\":{\"@id\":\"https:\/\/sandzakpress.net\/arhiva\/prijepolje-snijeg-odsjekao-domacinstva-u-pojednim-zaseocima\/#breadcrumb\"},\"inLanguage\":\"bs-BA\",\"potentialAction\":[{\"@type\":\"ReadAction\",\"target\":[\"https:\/\/sandzakpress.net\/arhiva\/prijepolje-snijeg-odsjekao-domacinstva-u-pojednim-zaseocima\/\"]}]},{\"@type\":\"ImageObject\",\"inLanguage\":\"bs-BA\",\"@id\":\"https:\/\/sandzakpress.net\/arhiva\/prijepolje-snijeg-odsjekao-domacinstva-u-pojednim-zaseocima\/#primaryimage\",\"url\":\"https:\/\/sandzakpress.net\/arhiva\/wp-content\/uploads\/2015\/04\/sneg-u-selima-nameti.jpg\",\"contentUrl\":\"https:\/\/sandzakpress.net\/arhiva\/wp-content\/uploads\/2015\/04\/sneg-u-selima-nameti.jpg\",\"width\":960,\"height\":720},{\"@type\":\"BreadcrumbList\",\"@id\":\"https:\/\/sandzakpress.net\/arhiva\/prijepolje-snijeg-odsjekao-domacinstva-u-pojednim-zaseocima\/#breadcrumb\",\"itemListElement\":[{\"@type\":\"ListItem\",\"position\":1,\"name\":\"Home\",\"item\":\"https:\/\/sandzakpress.net\/arhiva\/\"},{\"@type\":\"ListItem\",\"position\":2,\"name\":\"Prijepolje: Snijeg odsjekao doma\u0107instva u pojednim zaseocima\"}]},{\"@type\":\"WebSite\",\"@id\":\"https:\/\/sandzakpress.net\/arhiva\/#website\",\"url\":\"https:\/\/sandzakpress.net\/arhiva\/\",\"name\":\"Sand\u017eak PRESS\",\"description\":\"Prve elektronske novine u Sand\u017eaku\",\"publisher\":{\"@id\":\"https:\/\/sandzakpress.net\/arhiva\/#\/schema\/person\/6e72b67d6e51910a1117b3b483ba20bd\"},\"potentialAction\":[{\"@type\":\"SearchAction\",\"target\":{\"@type\":\"EntryPoint\",\"urlTemplate\":\"https:\/\/sandzakpress.net\/arhiva\/?s={search_term_string}\"},\"query-input\":{\"@type\":\"PropertyValueSpecification\",\"valueRequired\":true,\"valueName\":\"search_term_string\"}}],\"inLanguage\":\"bs-BA\"},{\"@type\":[\"Person\",\"Organization\"],\"@id\":\"https:\/\/sandzakpress.net\/arhiva\/#\/schema\/person\/6e72b67d6e51910a1117b3b483ba20bd\",\"name\":\"Kul\",\"image\":{\"@type\":\"ImageObject\",\"inLanguage\":\"bs-BA\",\"@id\":\"https:\/\/sandzakpress.net\/arhiva\/#\/schema\/person\/image\/\",\"url\":\"https:\/\/secure.gravatar.com\/avatar\/42263f39aa27ac04c43cab85c280eb2e?s=96&d=mm&r=pg\",\"contentUrl\":\"https:\/\/secure.gravatar.com\/avatar\/42263f39aa27ac04c43cab85c280eb2e?s=96&d=mm&r=pg\",\"caption\":\"Kul\"},\"logo\":{\"@id\":\"https:\/\/sandzakpress.net\/arhiva\/#\/schema\/person\/image\/\"}},{\"@type\":\"Person\",\"@id\":\"https:\/\/sandzakpress.net\/arhiva\/#\/schema\/person\/c8baee722073534b583ea7bdb2e36c02\",\"name\":\"bosniak\",\"image\":{\"@type\":\"ImageObject\",\"inLanguage\":\"bs-BA\",\"@id\":\"https:\/\/sandzakpress.net\/arhiva\/#\/schema\/person\/image\/\",\"url\":\"https:\/\/secure.gravatar.com\/avatar\/a04fd330bfe3a36a72a0ad4a6d89fca7?s=96&d=mm&r=pg\",\"contentUrl\":\"https:\/\/secure.gravatar.com\/avatar\/a04fd330bfe3a36a72a0ad4a6d89fca7?s=96&d=mm&r=pg\",\"caption\":\"bosniak\"},\"url\":\"https:\/\/sandzakpress.net\/arhiva\/author\/bosniak\/\"}]}<\/script>\n<!-- \/ Yoast SEO Premium plugin. -->","yoast_head_json":{"title":"Prijepolje: Snijeg odsjekao doma\u0107instva u pojednim zaseocima","robots":{"index":"index","follow":"follow","max-snippet":"max-snippet:-1","max-image-preview":"max-image-preview:large","max-video-preview":"max-video-preview:-1"},"canonical":"https:\/\/sandzakpress.net\/arhiva\/prijepolje-snijeg-odsjekao-domacinstva-u-pojednim-zaseocima\/","og_locale":"bs_BA","og_type":"article","og_title":"Prijepolje: Snijeg odsjekao doma\u0107instva u pojednim zaseocima","og_description":"Prijepolje &#8211; Snijeg koji i danas pada stvorio je probleme \u017eiteljima prijepoljskih sela Kamena Gora i Babine Predsednik Mesne zajednice Kamena Gora \u017divko Kijanovi\u0107 ka\u017ee za GZS da je u tom mjestu od ju\u010de napadalo 30 centimetara novog snijega, a visina nameta u pojedinim zaseocima je \u010dak do jednog metra. &#8220;Do centra sela putevi su [&hellip;]","og_url":"https:\/\/sandzakpress.net\/arhiva\/prijepolje-snijeg-odsjekao-domacinstva-u-pojednim-zaseocima\/","og_site_name":"Sand\u017eak PRESS","article_published_time":"2015-04-06T11:33:51+00:00","og_image":[{"width":960,"height":720,"url":"https:\/\/sandzakpress.net\/arhiva\/wp-content\/uploads\/2015\/04\/sneg-u-selima-nameti.jpg","type":"image\/jpeg"}],"author":"bosniak","twitter_card":"summary_large_image","twitter_misc":{"Written by":"bosniak","Est. reading time":"1 minuta"},"schema":{"@context":"https:\/\/schema.org","@graph":[{"@type":"Article","@id":"https:\/\/sandzakpress.net\/arhiva\/prijepolje-snijeg-odsjekao-domacinstva-u-pojednim-zaseocima\/#article","isPartOf":{"@id":"https:\/\/sandzakpress.net\/arhiva\/prijepolje-snijeg-odsjekao-domacinstva-u-pojednim-zaseocima\/"},"author":{"name":"bosniak","@id":"https:\/\/sandzakpress.net\/arhiva\/#\/schema\/person\/c8baee722073534b583ea7bdb2e36c02"},"headline":"Prijepolje: Snijeg odsjekao doma\u0107instva u pojednim zaseocima","datePublished":"2015-04-06T11:33:51+00:00","mainEntityOfPage":{"@id":"https:\/\/sandzakpress.net\/arhiva\/prijepolje-snijeg-odsjekao-domacinstva-u-pojednim-zaseocima\/"},"wordCount":181,"commentCount":2,"publisher":{"@id":"https:\/\/sandzakpress.net\/arhiva\/#\/schema\/person\/6e72b67d6e51910a1117b3b483ba20bd"},"image":{"@id":"https:\/\/sandzakpress.net\/arhiva\/prijepolje-snijeg-odsjekao-domacinstva-u-pojednim-zaseocima\/#primaryimage"},"thumbnailUrl":"https:\/\/sandzakpress.net\/arhiva\/wp-content\/uploads\/2015\/04\/sneg-u-selima-nameti.jpg","articleSection":["Privreda","Prijepolje","NAJNOVIJE"],"inLanguage":"bs-BA","potentialAction":[{"@type":"CommentAction","name":"Comment","target":["https:\/\/sandzakpress.net\/arhiva\/prijepolje-snijeg-odsjekao-domacinstva-u-pojednim-zaseocima\/#respond"]}]},{"@type":"WebPage","@id":"https:\/\/sandzakpress.net\/arhiva\/prijepolje-snijeg-odsjekao-domacinstva-u-pojednim-zaseocima\/","url":"https:\/\/sandzakpress.net\/arhiva\/prijepolje-snijeg-odsjekao-domacinstva-u-pojednim-zaseocima\/","name":"Prijepolje: Snijeg odsjekao doma\u0107instva u pojednim zaseocima","isPartOf":{"@id":"https:\/\/sandzakpress.net\/arhiva\/#website"},"primaryImageOfPage":{"@id":"https:\/\/sandzakpress.net\/arhiva\/prijepolje-snijeg-odsjekao-domacinstva-u-pojednim-zaseocima\/#primaryimage"},"image":{"@id":"https:\/\/sandzakpress.net\/arhiva\/prijepolje-snijeg-odsjekao-domacinstva-u-pojednim-zaseocima\/#primaryimage"},"thumbnailUrl":"https:\/\/sandzakpress.net\/arhiva\/wp-content\/uploads\/2015\/04\/sneg-u-selima-nameti.jpg","datePublished":"2015-04-06T11:33:51+00:00","breadcrumb":{"@id":"https:\/\/sandzakpress.net\/arhiva\/prijepolje-snijeg-odsjekao-domacinstva-u-pojednim-zaseocima\/#breadcrumb"},"inLanguage":"bs-BA","potentialAction":[{"@type":"ReadAction","target":["https:\/\/sandzakpress.net\/arhiva\/prijepolje-snijeg-odsjekao-domacinstva-u-pojednim-zaseocima\/"]}]},{"@type":"ImageObject","inLanguage":"bs-BA","@id":"https:\/\/sandzakpress.net\/arhiva\/prijepolje-snijeg-odsjekao-domacinstva-u-pojednim-zaseocima\/#primaryimage","url":"https:\/\/sandzakpress.net\/arhiva\/wp-content\/uploads\/2015\/04\/sneg-u-selima-nameti.jpg","contentUrl":"https:\/\/sandzakpress.net\/arhiva\/wp-content\/uploads\/2015\/04\/sneg-u-selima-nameti.jpg","width":960,"height":720},{"@type":"BreadcrumbList","@id":"https:\/\/sandzakpress.net\/arhiva\/prijepolje-snijeg-odsjekao-domacinstva-u-pojednim-zaseocima\/#breadcrumb","itemListElement":[{"@type":"ListItem","position":1,"name":"Home","item":"https:\/\/sandzakpress.net\/arhiva\/"},{"@type":"ListItem","position":2,"name":"Prijepolje: Snijeg odsjekao doma\u0107instva u pojednim zaseocima"}]},{"@type":"WebSite","@id":"https:\/\/sandzakpress.net\/arhiva\/#website","url":"https:\/\/sandzakpress.net\/arhiva\/","name":"Sand\u017eak PRESS","description":"Prve elektronske novine u Sand\u017eaku","publisher":{"@id":"https:\/\/sandzakpress.net\/arhiva\/#\/schema\/person\/6e72b67d6e51910a1117b3b483ba20bd"},"potentialAction":[{"@type":"SearchAction","target":{"@type":"EntryPoint","urlTemplate":"https:\/\/sandzakpress.net\/arhiva\/?s={search_term_string}"},"query-input":{"@type":"PropertyValueSpecification","valueRequired":true,"valueName":"search_term_string"}}],"inLanguage":"bs-BA"},{"@type":["Person","Organization"],"@id":"https:\/\/sandzakpress.net\/arhiva\/#\/schema\/person\/6e72b67d6e51910a1117b3b483ba20bd","name":"Kul","image":{"@type":"ImageObject","inLanguage":"bs-BA","@id":"https:\/\/sandzakpress.net\/arhiva\/#\/schema\/person\/image\/","url":"https:\/\/secure.gravatar.com\/avatar\/42263f39aa27ac04c43cab85c280eb2e?s=96&d=mm&r=pg","contentUrl":"https:\/\/secure.gravatar.com\/avatar\/42263f39aa27ac04c43cab85c280eb2e?s=96&d=mm&r=pg","caption":"Kul"},"logo":{"@id":"https:\/\/sandzakpress.net\/arhiva\/#\/schema\/person\/image\/"}},{"@type":"Person","@id":"https:\/\/sandzakpress.net\/arhiva\/#\/schema\/person\/c8baee722073534b583ea7bdb2e36c02","name":"bosniak","image":{"@type":"ImageObject","inLanguage":"bs-BA","@id":"https:\/\/sandzakpress.net\/arhiva\/#\/schema\/person\/image\/","url":"https:\/\/secure.gravatar.com\/avatar\/a04fd330bfe3a36a72a0ad4a6d89fca7?s=96&d=mm&r=pg","contentUrl":"https:\/\/secure.gravatar.com\/avatar\/a04fd330bfe3a36a72a0ad4a6d89fca7?s=96&d=mm&r=pg","caption":"bosniak"},"url":"https:\/\/sandzakpress.net\/arhiva\/author\/bosniak\/"}]}},"_links":{"self":[{"href":"https:\/\/sandzakpress.net\/arhiva\/wp-json\/wp\/v2\/posts\/126330"}],"collection":[{"href":"https:\/\/sandzakpress.net\/arhiva\/wp-json\/wp\/v2\/posts"}],"about":[{"href":"https:\/\/sandzakpress.net\/arhiva\/wp-json\/wp\/v2\/types\/post"}],"author":[{"embeddable":true,"href":"https:\/\/sandzakpress.net\/arhiva\/wp-json\/wp\/v2\/users\/83"}],"replies":[{"embeddable":true,"href":"https:\/\/sandzakpress.net\/arhiva\/wp-json\/wp\/v2\/comments?post=126330"}],"version-history":[{"count":0,"href":"https:\/\/sandzakpress.net\/arhiva\/wp-json\/wp\/v2\/posts\/126330\/revisions"}],"wp:featuredmedia":[{"embeddable":true,"href":"https:\/\/sandzakpress.net\/arhiva\/wp-json\/wp\/v2\/media\/126332"}],"wp:attachment":[{"href":"https:\/\/sandzakpress.net\/arhiva\/wp-json\/wp\/v2\/media?parent=126330"}],"wp:term":[{"taxonomy":"category","embeddable":true,"href":"https:\/\/sandzakpress.net\/arhiva\/wp-json\/wp\/v2\/categories?post=126330"},{"taxonomy":"post_tag","embeddable":true,"href":"https:\/\/sandzakpress.net\/arhiva\/wp-json\/wp\/v2\/tags?post=126330"}],"curies":[{"name":"wp","href":"https:\/\/api.w.org\/{rel}","templated":true}]}}