{"id":126314,"date":"2015-04-06T12:40:48","date_gmt":"2015-04-06T10:40:48","guid":{"rendered":"https:\/\/sandzakpress.net\/arhiva\/?p=126314"},"modified":"2015-04-06T12:40:48","modified_gmt":"2015-04-06T10:40:48","slug":"torcida-poslala-seselju-poruku-umvi-evo-kako-je-on-odgovorio","status":"publish","type":"post","link":"https:\/\/sandzakpress.net\/arhiva\/torcida-poslala-seselju-poruku-umvi-evo-kako-je-on-odgovorio\/","title":{"rendered":"Torcida poslala \u0160e\u0161elju poruku &#8216;Umvi&#8217; &#8211; Evo kako je on odgovorio"},"content":{"rendered":"<p><img decoding=\"async\" src=\"http:\/\/www.sandzaklive.rs\/images\/OSTALO-1\/55216cf0-e3a4-46b4-bef8-1531b0094cfb-2015-04-04-22-32-9648-718x446.jpg\" alt=\"55216cf0-e3a4-46b4-bef8-1531b0094cfb-2015-04-04-22-32-9648-718x446\" \/><\/p>\n<p><strong>Srbija, Hrvatska &#8211; Nakon \u0161to je \u010detni\u010dki vojvoda i ha\u0161ki optu\u017eenik Vojislav \u0160e\u0161elj usred Beograda zapalio hrvatsku zastavu i najavljivao kako \u0107e u Hrvatsku sti\u0107i na tenku, stigao je odgovor iz Splita.<\/strong><\/p>\n<p>Naime, za vrijeme splitskog derbija, na poljudskom Sjeveru je izgorijela \u010detni\u010dka zastava, a dok je gorjela, torcida\u0161i su dignuli poruku &#8216;Umvi!&#8217;. Jasno, poruka\u00a0 je namjenjena \u0160e\u0161elju, a navija\u010di su se usput i narugali govornoj mani ratnog zlo\u010dinca, prenose hrvatski mediji.<\/p>\n<p>\u0160e\u0161elj je o\u010dito saznao za taj potez, te je preko Twitter profila, u kojem stoji da je slu\u017ebeni profil predsjednika Srpske radikalne stranke, odgovorio na potez iz Splita.<\/p>\n<p>&#8220;\u0408u\u010der na nogometnoj utakmici Hajduk-Split, pale\u0107i \u010detni\u010dku zastavu, Torcida mi je poru\u010dila da umrem. Ho\u0107u, umrijet \u0107u na Kolindi, od iscrpljenosti&#8221;, napisao je \u0160e\u0161elj.<\/p>\n<p>(Klix)<\/p>\n","protected":false},"excerpt":{"rendered":"<p>Srbija, Hrvatska &#8211; Nakon \u0161to je \u010detni\u010dki vojvoda i ha\u0161ki optu\u017eenik Vojislav \u0160e\u0161elj usred Beograda zapalio hrvatsku zastavu i najavljivao kako \u0107e u Hrvatsku sti\u0107i na tenku, stigao je odgovor iz Splita. Naime, za vrijeme splitskog derbija, na poljudskom Sjeveru je izgorijela \u010detni\u010dka zastava, a dok je gorjela, torcida\u0161i su dignuli poruku &#8216;Umvi!&#8217;. Jasno, poruka\u00a0 [&hellip;]<\/p>\n","protected":false},"author":83,"featured_media":126315,"comment_status":"open","ping_status":"open","sticky":false,"template":"","format":"standard","meta":{"footnotes":""},"categories":[1,10307,10306,798],"tags":[],"class_list":{"0":"post-126314","1":"post","2":"type-post","3":"status-publish","4":"format-standard","5":"has-post-thumbnail","7":"category-politika","8":"category-srbija","9":"category-hrvatska","10":"category-teme"},"yoast_head":"<!-- This site is optimized with the Yoast SEO Premium plugin v23.1 (Yoast SEO v24.9) - https:\/\/yoast.com\/wordpress\/plugins\/seo\/ -->\n<title>Torcida poslala \u0160e\u0161elju poruku &#039;Umvi&#039; - Evo kako je on odgovorio<\/title>\n<meta name=\"robots\" content=\"index, follow, max-snippet:-1, max-image-preview:large, max-video-preview:-1\" \/>\n<link rel=\"canonical\" href=\"https:\/\/sandzakpress.net\/arhiva\/torcida-poslala-seselju-poruku-umvi-evo-kako-je-on-odgovorio\/\" \/>\n<meta property=\"og:locale\" content=\"bs_BA\" \/>\n<meta property=\"og:type\" content=\"article\" \/>\n<meta property=\"og:title\" content=\"Torcida poslala \u0160e\u0161elju poruku &#039;Umvi&#039; - Evo kako je on odgovorio\" \/>\n<meta property=\"og:description\" content=\"Srbija, Hrvatska &#8211; Nakon \u0161to je \u010detni\u010dki vojvoda i ha\u0161ki optu\u017eenik Vojislav \u0160e\u0161elj usred Beograda zapalio hrvatsku zastavu i najavljivao kako \u0107e u Hrvatsku sti\u0107i na tenku, stigao je odgovor iz Splita. Naime, za vrijeme splitskog derbija, na poljudskom Sjeveru je izgorijela \u010detni\u010dka zastava, a dok je gorjela, torcida\u0161i su dignuli poruku &#8216;Umvi!&#8217;. Jasno, poruka\u00a0 [&hellip;]\" \/>\n<meta property=\"og:url\" content=\"https:\/\/sandzakpress.net\/arhiva\/torcida-poslala-seselju-poruku-umvi-evo-kako-je-on-odgovorio\/\" \/>\n<meta property=\"og:site_name\" content=\"Sand\u017eak PRESS\" \/>\n<meta property=\"article:published_time\" content=\"2015-04-06T10:40:48+00:00\" \/>\n<meta property=\"og:image\" content=\"https:\/\/sandzakpress.net\/arhiva\/wp-content\/uploads\/2015\/04\/55216cf0-e3a4-46b4-bef8-1531b0094cfb-2015-04-04-22-32-9648-718x446.jpg\" \/>\n\t<meta property=\"og:image:width\" content=\"718\" \/>\n\t<meta property=\"og:image:height\" content=\"446\" \/>\n\t<meta property=\"og:image:type\" content=\"image\/jpeg\" \/>\n<meta name=\"author\" content=\"bosniak\" \/>\n<meta name=\"twitter:card\" content=\"summary_large_image\" \/>\n<meta name=\"twitter:label1\" content=\"Written by\" \/>\n\t<meta name=\"twitter:data1\" content=\"bosniak\" \/>\n\t<meta name=\"twitter:label2\" content=\"Est. reading time\" \/>\n\t<meta name=\"twitter:data2\" content=\"1 minuta\" \/>\n<script type=\"application\/ld+json\" class=\"yoast-schema-graph\">{\"@context\":\"https:\/\/schema.org\",\"@graph\":[{\"@type\":\"Article\",\"@id\":\"https:\/\/sandzakpress.net\/arhiva\/torcida-poslala-seselju-poruku-umvi-evo-kako-je-on-odgovorio\/#article\",\"isPartOf\":{\"@id\":\"https:\/\/sandzakpress.net\/arhiva\/torcida-poslala-seselju-poruku-umvi-evo-kako-je-on-odgovorio\/\"},\"author\":{\"name\":\"bosniak\",\"@id\":\"https:\/\/sandzakpress.net\/arhiva\/#\/schema\/person\/c8baee722073534b583ea7bdb2e36c02\"},\"headline\":\"Torcida poslala \u0160e\u0161elju poruku &#8216;Umvi&#8217; &#8211; Evo kako je on odgovorio\",\"datePublished\":\"2015-04-06T10:40:48+00:00\",\"mainEntityOfPage\":{\"@id\":\"https:\/\/sandzakpress.net\/arhiva\/torcida-poslala-seselju-poruku-umvi-evo-kako-je-on-odgovorio\/\"},\"wordCount\":156,\"commentCount\":8,\"publisher\":{\"@id\":\"https:\/\/sandzakpress.net\/arhiva\/#\/schema\/person\/6e72b67d6e51910a1117b3b483ba20bd\"},\"image\":{\"@id\":\"https:\/\/sandzakpress.net\/arhiva\/torcida-poslala-seselju-poruku-umvi-evo-kako-je-on-odgovorio\/#primaryimage\"},\"thumbnailUrl\":\"https:\/\/sandzakpress.net\/arhiva\/wp-content\/uploads\/2015\/04\/55216cf0-e3a4-46b4-bef8-1531b0094cfb-2015-04-04-22-32-9648-718x446.jpg\",\"articleSection\":[\"Politika\",\"Srbija\",\"Hrvatska\",\"NAJNOVIJE\"],\"inLanguage\":\"bs-BA\",\"potentialAction\":[{\"@type\":\"CommentAction\",\"name\":\"Comment\",\"target\":[\"https:\/\/sandzakpress.net\/arhiva\/torcida-poslala-seselju-poruku-umvi-evo-kako-je-on-odgovorio\/#respond\"]}]},{\"@type\":\"WebPage\",\"@id\":\"https:\/\/sandzakpress.net\/arhiva\/torcida-poslala-seselju-poruku-umvi-evo-kako-je-on-odgovorio\/\",\"url\":\"https:\/\/sandzakpress.net\/arhiva\/torcida-poslala-seselju-poruku-umvi-evo-kako-je-on-odgovorio\/\",\"name\":\"Torcida poslala \u0160e\u0161elju poruku 'Umvi' - Evo kako je on odgovorio\",\"isPartOf\":{\"@id\":\"https:\/\/sandzakpress.net\/arhiva\/#website\"},\"primaryImageOfPage\":{\"@id\":\"https:\/\/sandzakpress.net\/arhiva\/torcida-poslala-seselju-poruku-umvi-evo-kako-je-on-odgovorio\/#primaryimage\"},\"image\":{\"@id\":\"https:\/\/sandzakpress.net\/arhiva\/torcida-poslala-seselju-poruku-umvi-evo-kako-je-on-odgovorio\/#primaryimage\"},\"thumbnailUrl\":\"https:\/\/sandzakpress.net\/arhiva\/wp-content\/uploads\/2015\/04\/55216cf0-e3a4-46b4-bef8-1531b0094cfb-2015-04-04-22-32-9648-718x446.jpg\",\"datePublished\":\"2015-04-06T10:40:48+00:00\",\"breadcrumb\":{\"@id\":\"https:\/\/sandzakpress.net\/arhiva\/torcida-poslala-seselju-poruku-umvi-evo-kako-je-on-odgovorio\/#breadcrumb\"},\"inLanguage\":\"bs-BA\",\"potentialAction\":[{\"@type\":\"ReadAction\",\"target\":[\"https:\/\/sandzakpress.net\/arhiva\/torcida-poslala-seselju-poruku-umvi-evo-kako-je-on-odgovorio\/\"]}]},{\"@type\":\"ImageObject\",\"inLanguage\":\"bs-BA\",\"@id\":\"https:\/\/sandzakpress.net\/arhiva\/torcida-poslala-seselju-poruku-umvi-evo-kako-je-on-odgovorio\/#primaryimage\",\"url\":\"https:\/\/sandzakpress.net\/arhiva\/wp-content\/uploads\/2015\/04\/55216cf0-e3a4-46b4-bef8-1531b0094cfb-2015-04-04-22-32-9648-718x446.jpg\",\"contentUrl\":\"https:\/\/sandzakpress.net\/arhiva\/wp-content\/uploads\/2015\/04\/55216cf0-e3a4-46b4-bef8-1531b0094cfb-2015-04-04-22-32-9648-718x446.jpg\",\"width\":718,\"height\":446},{\"@type\":\"BreadcrumbList\",\"@id\":\"https:\/\/sandzakpress.net\/arhiva\/torcida-poslala-seselju-poruku-umvi-evo-kako-je-on-odgovorio\/#breadcrumb\",\"itemListElement\":[{\"@type\":\"ListItem\",\"position\":1,\"name\":\"Home\",\"item\":\"https:\/\/sandzakpress.net\/arhiva\/\"},{\"@type\":\"ListItem\",\"position\":2,\"name\":\"Torcida poslala \u0160e\u0161elju poruku &#8216;Umvi&#8217; &#8211; Evo kako je on odgovorio\"}]},{\"@type\":\"WebSite\",\"@id\":\"https:\/\/sandzakpress.net\/arhiva\/#website\",\"url\":\"https:\/\/sandzakpress.net\/arhiva\/\",\"name\":\"Sand\u017eak PRESS\",\"description\":\"Prve elektronske novine u Sand\u017eaku\",\"publisher\":{\"@id\":\"https:\/\/sandzakpress.net\/arhiva\/#\/schema\/person\/6e72b67d6e51910a1117b3b483ba20bd\"},\"potentialAction\":[{\"@type\":\"SearchAction\",\"target\":{\"@type\":\"EntryPoint\",\"urlTemplate\":\"https:\/\/sandzakpress.net\/arhiva\/?s={search_term_string}\"},\"query-input\":{\"@type\":\"PropertyValueSpecification\",\"valueRequired\":true,\"valueName\":\"search_term_string\"}}],\"inLanguage\":\"bs-BA\"},{\"@type\":[\"Person\",\"Organization\"],\"@id\":\"https:\/\/sandzakpress.net\/arhiva\/#\/schema\/person\/6e72b67d6e51910a1117b3b483ba20bd\",\"name\":\"Kul\",\"image\":{\"@type\":\"ImageObject\",\"inLanguage\":\"bs-BA\",\"@id\":\"https:\/\/sandzakpress.net\/arhiva\/#\/schema\/person\/image\/\",\"url\":\"https:\/\/secure.gravatar.com\/avatar\/42263f39aa27ac04c43cab85c280eb2e?s=96&d=mm&r=pg\",\"contentUrl\":\"https:\/\/secure.gravatar.com\/avatar\/42263f39aa27ac04c43cab85c280eb2e?s=96&d=mm&r=pg\",\"caption\":\"Kul\"},\"logo\":{\"@id\":\"https:\/\/sandzakpress.net\/arhiva\/#\/schema\/person\/image\/\"}},{\"@type\":\"Person\",\"@id\":\"https:\/\/sandzakpress.net\/arhiva\/#\/schema\/person\/c8baee722073534b583ea7bdb2e36c02\",\"name\":\"bosniak\",\"image\":{\"@type\":\"ImageObject\",\"inLanguage\":\"bs-BA\",\"@id\":\"https:\/\/sandzakpress.net\/arhiva\/#\/schema\/person\/image\/\",\"url\":\"https:\/\/secure.gravatar.com\/avatar\/a04fd330bfe3a36a72a0ad4a6d89fca7?s=96&d=mm&r=pg\",\"contentUrl\":\"https:\/\/secure.gravatar.com\/avatar\/a04fd330bfe3a36a72a0ad4a6d89fca7?s=96&d=mm&r=pg\",\"caption\":\"bosniak\"},\"url\":\"https:\/\/sandzakpress.net\/arhiva\/author\/bosniak\/\"}]}<\/script>\n<!-- \/ Yoast SEO Premium plugin. -->","yoast_head_json":{"title":"Torcida poslala \u0160e\u0161elju poruku 'Umvi' - Evo kako je on odgovorio","robots":{"index":"index","follow":"follow","max-snippet":"max-snippet:-1","max-image-preview":"max-image-preview:large","max-video-preview":"max-video-preview:-1"},"canonical":"https:\/\/sandzakpress.net\/arhiva\/torcida-poslala-seselju-poruku-umvi-evo-kako-je-on-odgovorio\/","og_locale":"bs_BA","og_type":"article","og_title":"Torcida poslala \u0160e\u0161elju poruku 'Umvi' - Evo kako je on odgovorio","og_description":"Srbija, Hrvatska &#8211; Nakon \u0161to je \u010detni\u010dki vojvoda i ha\u0161ki optu\u017eenik Vojislav \u0160e\u0161elj usred Beograda zapalio hrvatsku zastavu i najavljivao kako \u0107e u Hrvatsku sti\u0107i na tenku, stigao je odgovor iz Splita. Naime, za vrijeme splitskog derbija, na poljudskom Sjeveru je izgorijela \u010detni\u010dka zastava, a dok je gorjela, torcida\u0161i su dignuli poruku &#8216;Umvi!&#8217;. Jasno, poruka\u00a0 [&hellip;]","og_url":"https:\/\/sandzakpress.net\/arhiva\/torcida-poslala-seselju-poruku-umvi-evo-kako-je-on-odgovorio\/","og_site_name":"Sand\u017eak PRESS","article_published_time":"2015-04-06T10:40:48+00:00","og_image":[{"width":718,"height":446,"url":"https:\/\/sandzakpress.net\/arhiva\/wp-content\/uploads\/2015\/04\/55216cf0-e3a4-46b4-bef8-1531b0094cfb-2015-04-04-22-32-9648-718x446.jpg","type":"image\/jpeg"}],"author":"bosniak","twitter_card":"summary_large_image","twitter_misc":{"Written by":"bosniak","Est. reading time":"1 minuta"},"schema":{"@context":"https:\/\/schema.org","@graph":[{"@type":"Article","@id":"https:\/\/sandzakpress.net\/arhiva\/torcida-poslala-seselju-poruku-umvi-evo-kako-je-on-odgovorio\/#article","isPartOf":{"@id":"https:\/\/sandzakpress.net\/arhiva\/torcida-poslala-seselju-poruku-umvi-evo-kako-je-on-odgovorio\/"},"author":{"name":"bosniak","@id":"https:\/\/sandzakpress.net\/arhiva\/#\/schema\/person\/c8baee722073534b583ea7bdb2e36c02"},"headline":"Torcida poslala \u0160e\u0161elju poruku &#8216;Umvi&#8217; &#8211; Evo kako je on odgovorio","datePublished":"2015-04-06T10:40:48+00:00","mainEntityOfPage":{"@id":"https:\/\/sandzakpress.net\/arhiva\/torcida-poslala-seselju-poruku-umvi-evo-kako-je-on-odgovorio\/"},"wordCount":156,"commentCount":8,"publisher":{"@id":"https:\/\/sandzakpress.net\/arhiva\/#\/schema\/person\/6e72b67d6e51910a1117b3b483ba20bd"},"image":{"@id":"https:\/\/sandzakpress.net\/arhiva\/torcida-poslala-seselju-poruku-umvi-evo-kako-je-on-odgovorio\/#primaryimage"},"thumbnailUrl":"https:\/\/sandzakpress.net\/arhiva\/wp-content\/uploads\/2015\/04\/55216cf0-e3a4-46b4-bef8-1531b0094cfb-2015-04-04-22-32-9648-718x446.jpg","articleSection":["Politika","Srbija","Hrvatska","NAJNOVIJE"],"inLanguage":"bs-BA","potentialAction":[{"@type":"CommentAction","name":"Comment","target":["https:\/\/sandzakpress.net\/arhiva\/torcida-poslala-seselju-poruku-umvi-evo-kako-je-on-odgovorio\/#respond"]}]},{"@type":"WebPage","@id":"https:\/\/sandzakpress.net\/arhiva\/torcida-poslala-seselju-poruku-umvi-evo-kako-je-on-odgovorio\/","url":"https:\/\/sandzakpress.net\/arhiva\/torcida-poslala-seselju-poruku-umvi-evo-kako-je-on-odgovorio\/","name":"Torcida poslala \u0160e\u0161elju poruku 'Umvi' - Evo kako je on odgovorio","isPartOf":{"@id":"https:\/\/sandzakpress.net\/arhiva\/#website"},"primaryImageOfPage":{"@id":"https:\/\/sandzakpress.net\/arhiva\/torcida-poslala-seselju-poruku-umvi-evo-kako-je-on-odgovorio\/#primaryimage"},"image":{"@id":"https:\/\/sandzakpress.net\/arhiva\/torcida-poslala-seselju-poruku-umvi-evo-kako-je-on-odgovorio\/#primaryimage"},"thumbnailUrl":"https:\/\/sandzakpress.net\/arhiva\/wp-content\/uploads\/2015\/04\/55216cf0-e3a4-46b4-bef8-1531b0094cfb-2015-04-04-22-32-9648-718x446.jpg","datePublished":"2015-04-06T10:40:48+00:00","breadcrumb":{"@id":"https:\/\/sandzakpress.net\/arhiva\/torcida-poslala-seselju-poruku-umvi-evo-kako-je-on-odgovorio\/#breadcrumb"},"inLanguage":"bs-BA","potentialAction":[{"@type":"ReadAction","target":["https:\/\/sandzakpress.net\/arhiva\/torcida-poslala-seselju-poruku-umvi-evo-kako-je-on-odgovorio\/"]}]},{"@type":"ImageObject","inLanguage":"bs-BA","@id":"https:\/\/sandzakpress.net\/arhiva\/torcida-poslala-seselju-poruku-umvi-evo-kako-je-on-odgovorio\/#primaryimage","url":"https:\/\/sandzakpress.net\/arhiva\/wp-content\/uploads\/2015\/04\/55216cf0-e3a4-46b4-bef8-1531b0094cfb-2015-04-04-22-32-9648-718x446.jpg","contentUrl":"https:\/\/sandzakpress.net\/arhiva\/wp-content\/uploads\/2015\/04\/55216cf0-e3a4-46b4-bef8-1531b0094cfb-2015-04-04-22-32-9648-718x446.jpg","width":718,"height":446},{"@type":"BreadcrumbList","@id":"https:\/\/sandzakpress.net\/arhiva\/torcida-poslala-seselju-poruku-umvi-evo-kako-je-on-odgovorio\/#breadcrumb","itemListElement":[{"@type":"ListItem","position":1,"name":"Home","item":"https:\/\/sandzakpress.net\/arhiva\/"},{"@type":"ListItem","position":2,"name":"Torcida poslala \u0160e\u0161elju poruku &#8216;Umvi&#8217; &#8211; Evo kako je on odgovorio"}]},{"@type":"WebSite","@id":"https:\/\/sandzakpress.net\/arhiva\/#website","url":"https:\/\/sandzakpress.net\/arhiva\/","name":"Sand\u017eak PRESS","description":"Prve elektronske novine u Sand\u017eaku","publisher":{"@id":"https:\/\/sandzakpress.net\/arhiva\/#\/schema\/person\/6e72b67d6e51910a1117b3b483ba20bd"},"potentialAction":[{"@type":"SearchAction","target":{"@type":"EntryPoint","urlTemplate":"https:\/\/sandzakpress.net\/arhiva\/?s={search_term_string}"},"query-input":{"@type":"PropertyValueSpecification","valueRequired":true,"valueName":"search_term_string"}}],"inLanguage":"bs-BA"},{"@type":["Person","Organization"],"@id":"https:\/\/sandzakpress.net\/arhiva\/#\/schema\/person\/6e72b67d6e51910a1117b3b483ba20bd","name":"Kul","image":{"@type":"ImageObject","inLanguage":"bs-BA","@id":"https:\/\/sandzakpress.net\/arhiva\/#\/schema\/person\/image\/","url":"https:\/\/secure.gravatar.com\/avatar\/42263f39aa27ac04c43cab85c280eb2e?s=96&d=mm&r=pg","contentUrl":"https:\/\/secure.gravatar.com\/avatar\/42263f39aa27ac04c43cab85c280eb2e?s=96&d=mm&r=pg","caption":"Kul"},"logo":{"@id":"https:\/\/sandzakpress.net\/arhiva\/#\/schema\/person\/image\/"}},{"@type":"Person","@id":"https:\/\/sandzakpress.net\/arhiva\/#\/schema\/person\/c8baee722073534b583ea7bdb2e36c02","name":"bosniak","image":{"@type":"ImageObject","inLanguage":"bs-BA","@id":"https:\/\/sandzakpress.net\/arhiva\/#\/schema\/person\/image\/","url":"https:\/\/secure.gravatar.com\/avatar\/a04fd330bfe3a36a72a0ad4a6d89fca7?s=96&d=mm&r=pg","contentUrl":"https:\/\/secure.gravatar.com\/avatar\/a04fd330bfe3a36a72a0ad4a6d89fca7?s=96&d=mm&r=pg","caption":"bosniak"},"url":"https:\/\/sandzakpress.net\/arhiva\/author\/bosniak\/"}]}},"_links":{"self":[{"href":"https:\/\/sandzakpress.net\/arhiva\/wp-json\/wp\/v2\/posts\/126314"}],"collection":[{"href":"https:\/\/sandzakpress.net\/arhiva\/wp-json\/wp\/v2\/posts"}],"about":[{"href":"https:\/\/sandzakpress.net\/arhiva\/wp-json\/wp\/v2\/types\/post"}],"author":[{"embeddable":true,"href":"https:\/\/sandzakpress.net\/arhiva\/wp-json\/wp\/v2\/users\/83"}],"replies":[{"embeddable":true,"href":"https:\/\/sandzakpress.net\/arhiva\/wp-json\/wp\/v2\/comments?post=126314"}],"version-history":[{"count":0,"href":"https:\/\/sandzakpress.net\/arhiva\/wp-json\/wp\/v2\/posts\/126314\/revisions"}],"wp:featuredmedia":[{"embeddable":true,"href":"https:\/\/sandzakpress.net\/arhiva\/wp-json\/wp\/v2\/media\/126315"}],"wp:attachment":[{"href":"https:\/\/sandzakpress.net\/arhiva\/wp-json\/wp\/v2\/media?parent=126314"}],"wp:term":[{"taxonomy":"category","embeddable":true,"href":"https:\/\/sandzakpress.net\/arhiva\/wp-json\/wp\/v2\/categories?post=126314"},{"taxonomy":"post_tag","embeddable":true,"href":"https:\/\/sandzakpress.net\/arhiva\/wp-json\/wp\/v2\/tags?post=126314"}],"curies":[{"name":"wp","href":"https:\/\/api.w.org\/{rel}","templated":true}]}}