{"id":126165,"date":"2015-04-03T15:00:58","date_gmt":"2015-04-03T13:00:58","guid":{"rendered":"https:\/\/sandzakpress.net\/arhiva\/?p=126165"},"modified":"2015-04-03T15:00:58","modified_gmt":"2015-04-03T13:00:58","slug":"turska-ce-istraziti-progone-krimskih-tatara","status":"publish","type":"post","link":"https:\/\/sandzakpress.net\/arhiva\/turska-ce-istraziti-progone-krimskih-tatara\/","title":{"rendered":"Turska \u0107e istra\u017eiti progone Krimskih Tatara"},"content":{"rendered":"<p><img decoding=\"async\" src=\"http:\/\/balkans.aljazeera.net\/sites\/staff.balkans.aljazeera.com\/files\/styles\/aljazeera_article_main_image\/public\/tatari_epa_main.jpg?itok=CXC-lh2G\" alt=\"Turska, Ukrajina, Krim, Tatari\" \/><\/p>\n<p><strong>Turska &#8211; Turska \u0107e poslati na Krim &#8220;neformalnu misiju&#8221; da tamo istra\u017ei &#8220;progone&#8221; Tatara, muslimanske manjine koja je ve\u0107im dijelom bila protiv pripajanja ukrajinskog poluotoka Rusiji izvr\u0161enog u martu 2014. godine, javlja Fena.<\/strong><\/p>\n<p>&#8220;Ubrzo \u0107emo poslati neformalnu misiju da posmatra kr\u0161enja ljudskih prava na Krimu&#8221;, izjavio je u petak novinarima \u0161ef turske diplomatije Mevlut Cavasoglu.<\/p>\n<p>&#8220;Situacija na Krimu je neprihvatljiva. Stanovnici na Krimu, a posebno Tatari, proganjani su, napada ih se i kr\u0161e se njihova ljudska prava&#8221;, kazao je turski ministar vanjskih poslova za vrijeme posjete Litvaniji.<\/p>\n<p><strong>Hap\u0161enja Krimskih Tatara<\/strong><\/p>\n<p>Televizija Tatara s Krima, koji imaju historijske odnose s Turskom, prestala je emitirati program u srijedu, nakon vi\u0161emjese\u010dnog pritiska ruskih vlasti, koje su je optu\u017eile za &#8220;ekstremizam&#8221;.<\/p>\n<p>Program je bio emitiran na tri jezika, me\u0111u kojim je tatarski.<\/p>\n<p>U martu 2014. godine Moskva je pripojila Krim na osnovu referenduma koji je uveliko bojkotiralo oko 300.000 Tatara s Krima, \u0161to je 12 posto stanovni\u0161tva na poluotoku.<\/p>\n<p>Od tada su ruske vlasti uhapsile mnogobrojne Tatare, me\u0111u kojima i lidere zajednice, optu\u017eene da su &#8220;organizirali masovne nerede i u\u010destvovali u njima&#8221; za vrijeme sukoba 26. februara 2014. godine izme\u0111u pristalica i protivnika pripajanja Krima Rusiji.<\/p>\n<p>Izvor: Agencije<\/p>\n","protected":false},"excerpt":{"rendered":"<p>Turska &#8211; Turska \u0107e poslati na Krim &#8220;neformalnu misiju&#8221; da tamo istra\u017ei &#8220;progone&#8221; Tatara, muslimanske manjine koja je ve\u0107im dijelom bila protiv pripajanja ukrajinskog poluotoka Rusiji izvr\u0161enog u martu 2014. godine, javlja Fena. &#8220;Ubrzo \u0107emo poslati neformalnu misiju da posmatra kr\u0161enja ljudskih prava na Krimu&#8221;, izjavio je u petak novinarima \u0161ef turske diplomatije Mevlut Cavasoglu. [&hellip;]<\/p>\n","protected":false},"author":83,"featured_media":126166,"comment_status":"open","ping_status":"open","sticky":false,"template":"","format":"standard","meta":{"footnotes":""},"categories":[9,798,2692],"tags":[],"class_list":{"0":"post-126165","1":"post","2":"type-post","3":"status-publish","4":"format-standard","5":"has-post-thumbnail","7":"category-svijet","8":"category-teme","9":"category-turska-gradovi"},"yoast_head":"<!-- This site is optimized with the Yoast SEO Premium plugin v23.1 (Yoast SEO v24.9) - https:\/\/yoast.com\/wordpress\/plugins\/seo\/ -->\n<title>Turska \u0107e istra\u017eiti progone Krimskih Tatara<\/title>\n<meta name=\"robots\" content=\"index, follow, max-snippet:-1, max-image-preview:large, max-video-preview:-1\" \/>\n<link rel=\"canonical\" href=\"https:\/\/sandzakpress.net\/arhiva\/turska-ce-istraziti-progone-krimskih-tatara\/\" \/>\n<meta property=\"og:locale\" content=\"bs_BA\" \/>\n<meta property=\"og:type\" content=\"article\" \/>\n<meta property=\"og:title\" content=\"Turska \u0107e istra\u017eiti progone Krimskih Tatara\" \/>\n<meta property=\"og:description\" content=\"Turska &#8211; Turska \u0107e poslati na Krim &#8220;neformalnu misiju&#8221; da tamo istra\u017ei &#8220;progone&#8221; Tatara, muslimanske manjine koja je ve\u0107im dijelom bila protiv pripajanja ukrajinskog poluotoka Rusiji izvr\u0161enog u martu 2014. godine, javlja Fena. &#8220;Ubrzo \u0107emo poslati neformalnu misiju da posmatra kr\u0161enja ljudskih prava na Krimu&#8221;, izjavio je u petak novinarima \u0161ef turske diplomatije Mevlut Cavasoglu. [&hellip;]\" \/>\n<meta property=\"og:url\" content=\"https:\/\/sandzakpress.net\/arhiva\/turska-ce-istraziti-progone-krimskih-tatara\/\" \/>\n<meta property=\"og:site_name\" content=\"Sand\u017eak PRESS\" \/>\n<meta property=\"article:published_time\" content=\"2015-04-03T13:00:58+00:00\" \/>\n<meta property=\"og:image\" content=\"https:\/\/sandzakpress.net\/arhiva\/wp-content\/uploads\/2015\/04\/tatari_epa_main.jpg\" \/>\n\t<meta property=\"og:image:width\" content=\"801\" \/>\n\t<meta property=\"og:image:height\" content=\"535\" \/>\n\t<meta property=\"og:image:type\" content=\"image\/jpeg\" \/>\n<meta name=\"author\" content=\"bosniak\" \/>\n<meta name=\"twitter:card\" content=\"summary_large_image\" \/>\n<meta name=\"twitter:label1\" content=\"Written by\" \/>\n\t<meta name=\"twitter:data1\" content=\"bosniak\" \/>\n\t<meta name=\"twitter:label2\" content=\"Est. reading time\" \/>\n\t<meta name=\"twitter:data2\" content=\"1 minuta\" \/>\n<script type=\"application\/ld+json\" class=\"yoast-schema-graph\">{\"@context\":\"https:\/\/schema.org\",\"@graph\":[{\"@type\":\"Article\",\"@id\":\"https:\/\/sandzakpress.net\/arhiva\/turska-ce-istraziti-progone-krimskih-tatara\/#article\",\"isPartOf\":{\"@id\":\"https:\/\/sandzakpress.net\/arhiva\/turska-ce-istraziti-progone-krimskih-tatara\/\"},\"author\":{\"name\":\"bosniak\",\"@id\":\"https:\/\/sandzakpress.net\/arhiva\/#\/schema\/person\/c8baee722073534b583ea7bdb2e36c02\"},\"headline\":\"Turska \u0107e istra\u017eiti progone Krimskih Tatara\",\"datePublished\":\"2015-04-03T13:00:58+00:00\",\"mainEntityOfPage\":{\"@id\":\"https:\/\/sandzakpress.net\/arhiva\/turska-ce-istraziti-progone-krimskih-tatara\/\"},\"wordCount\":210,\"commentCount\":10,\"publisher\":{\"@id\":\"https:\/\/sandzakpress.net\/arhiva\/#\/schema\/person\/6e72b67d6e51910a1117b3b483ba20bd\"},\"image\":{\"@id\":\"https:\/\/sandzakpress.net\/arhiva\/turska-ce-istraziti-progone-krimskih-tatara\/#primaryimage\"},\"thumbnailUrl\":\"https:\/\/sandzakpress.net\/arhiva\/wp-content\/uploads\/2015\/04\/tatari_epa_main.jpg\",\"articleSection\":[\"Svijet\",\"NAJNOVIJE\",\"Turska\"],\"inLanguage\":\"bs-BA\",\"potentialAction\":[{\"@type\":\"CommentAction\",\"name\":\"Comment\",\"target\":[\"https:\/\/sandzakpress.net\/arhiva\/turska-ce-istraziti-progone-krimskih-tatara\/#respond\"]}]},{\"@type\":\"WebPage\",\"@id\":\"https:\/\/sandzakpress.net\/arhiva\/turska-ce-istraziti-progone-krimskih-tatara\/\",\"url\":\"https:\/\/sandzakpress.net\/arhiva\/turska-ce-istraziti-progone-krimskih-tatara\/\",\"name\":\"Turska \u0107e istra\u017eiti progone Krimskih Tatara\",\"isPartOf\":{\"@id\":\"https:\/\/sandzakpress.net\/arhiva\/#website\"},\"primaryImageOfPage\":{\"@id\":\"https:\/\/sandzakpress.net\/arhiva\/turska-ce-istraziti-progone-krimskih-tatara\/#primaryimage\"},\"image\":{\"@id\":\"https:\/\/sandzakpress.net\/arhiva\/turska-ce-istraziti-progone-krimskih-tatara\/#primaryimage\"},\"thumbnailUrl\":\"https:\/\/sandzakpress.net\/arhiva\/wp-content\/uploads\/2015\/04\/tatari_epa_main.jpg\",\"datePublished\":\"2015-04-03T13:00:58+00:00\",\"breadcrumb\":{\"@id\":\"https:\/\/sandzakpress.net\/arhiva\/turska-ce-istraziti-progone-krimskih-tatara\/#breadcrumb\"},\"inLanguage\":\"bs-BA\",\"potentialAction\":[{\"@type\":\"ReadAction\",\"target\":[\"https:\/\/sandzakpress.net\/arhiva\/turska-ce-istraziti-progone-krimskih-tatara\/\"]}]},{\"@type\":\"ImageObject\",\"inLanguage\":\"bs-BA\",\"@id\":\"https:\/\/sandzakpress.net\/arhiva\/turska-ce-istraziti-progone-krimskih-tatara\/#primaryimage\",\"url\":\"https:\/\/sandzakpress.net\/arhiva\/wp-content\/uploads\/2015\/04\/tatari_epa_main.jpg\",\"contentUrl\":\"https:\/\/sandzakpress.net\/arhiva\/wp-content\/uploads\/2015\/04\/tatari_epa_main.jpg\",\"width\":801,\"height\":535},{\"@type\":\"BreadcrumbList\",\"@id\":\"https:\/\/sandzakpress.net\/arhiva\/turska-ce-istraziti-progone-krimskih-tatara\/#breadcrumb\",\"itemListElement\":[{\"@type\":\"ListItem\",\"position\":1,\"name\":\"Home\",\"item\":\"https:\/\/sandzakpress.net\/arhiva\/\"},{\"@type\":\"ListItem\",\"position\":2,\"name\":\"Turska \u0107e istra\u017eiti progone Krimskih Tatara\"}]},{\"@type\":\"WebSite\",\"@id\":\"https:\/\/sandzakpress.net\/arhiva\/#website\",\"url\":\"https:\/\/sandzakpress.net\/arhiva\/\",\"name\":\"Sand\u017eak PRESS\",\"description\":\"Prve elektronske novine u Sand\u017eaku\",\"publisher\":{\"@id\":\"https:\/\/sandzakpress.net\/arhiva\/#\/schema\/person\/6e72b67d6e51910a1117b3b483ba20bd\"},\"potentialAction\":[{\"@type\":\"SearchAction\",\"target\":{\"@type\":\"EntryPoint\",\"urlTemplate\":\"https:\/\/sandzakpress.net\/arhiva\/?s={search_term_string}\"},\"query-input\":{\"@type\":\"PropertyValueSpecification\",\"valueRequired\":true,\"valueName\":\"search_term_string\"}}],\"inLanguage\":\"bs-BA\"},{\"@type\":[\"Person\",\"Organization\"],\"@id\":\"https:\/\/sandzakpress.net\/arhiva\/#\/schema\/person\/6e72b67d6e51910a1117b3b483ba20bd\",\"name\":\"Kul\",\"image\":{\"@type\":\"ImageObject\",\"inLanguage\":\"bs-BA\",\"@id\":\"https:\/\/sandzakpress.net\/arhiva\/#\/schema\/person\/image\/\",\"url\":\"https:\/\/secure.gravatar.com\/avatar\/42263f39aa27ac04c43cab85c280eb2e?s=96&d=mm&r=pg\",\"contentUrl\":\"https:\/\/secure.gravatar.com\/avatar\/42263f39aa27ac04c43cab85c280eb2e?s=96&d=mm&r=pg\",\"caption\":\"Kul\"},\"logo\":{\"@id\":\"https:\/\/sandzakpress.net\/arhiva\/#\/schema\/person\/image\/\"}},{\"@type\":\"Person\",\"@id\":\"https:\/\/sandzakpress.net\/arhiva\/#\/schema\/person\/c8baee722073534b583ea7bdb2e36c02\",\"name\":\"bosniak\",\"image\":{\"@type\":\"ImageObject\",\"inLanguage\":\"bs-BA\",\"@id\":\"https:\/\/sandzakpress.net\/arhiva\/#\/schema\/person\/image\/\",\"url\":\"https:\/\/secure.gravatar.com\/avatar\/a04fd330bfe3a36a72a0ad4a6d89fca7?s=96&d=mm&r=pg\",\"contentUrl\":\"https:\/\/secure.gravatar.com\/avatar\/a04fd330bfe3a36a72a0ad4a6d89fca7?s=96&d=mm&r=pg\",\"caption\":\"bosniak\"},\"url\":\"https:\/\/sandzakpress.net\/arhiva\/author\/bosniak\/\"}]}<\/script>\n<!-- \/ Yoast SEO Premium plugin. -->","yoast_head_json":{"title":"Turska \u0107e istra\u017eiti progone Krimskih Tatara","robots":{"index":"index","follow":"follow","max-snippet":"max-snippet:-1","max-image-preview":"max-image-preview:large","max-video-preview":"max-video-preview:-1"},"canonical":"https:\/\/sandzakpress.net\/arhiva\/turska-ce-istraziti-progone-krimskih-tatara\/","og_locale":"bs_BA","og_type":"article","og_title":"Turska \u0107e istra\u017eiti progone Krimskih Tatara","og_description":"Turska &#8211; Turska \u0107e poslati na Krim &#8220;neformalnu misiju&#8221; da tamo istra\u017ei &#8220;progone&#8221; Tatara, muslimanske manjine koja je ve\u0107im dijelom bila protiv pripajanja ukrajinskog poluotoka Rusiji izvr\u0161enog u martu 2014. godine, javlja Fena. &#8220;Ubrzo \u0107emo poslati neformalnu misiju da posmatra kr\u0161enja ljudskih prava na Krimu&#8221;, izjavio je u petak novinarima \u0161ef turske diplomatije Mevlut Cavasoglu. [&hellip;]","og_url":"https:\/\/sandzakpress.net\/arhiva\/turska-ce-istraziti-progone-krimskih-tatara\/","og_site_name":"Sand\u017eak PRESS","article_published_time":"2015-04-03T13:00:58+00:00","og_image":[{"width":801,"height":535,"url":"https:\/\/sandzakpress.net\/arhiva\/wp-content\/uploads\/2015\/04\/tatari_epa_main.jpg","type":"image\/jpeg"}],"author":"bosniak","twitter_card":"summary_large_image","twitter_misc":{"Written by":"bosniak","Est. reading time":"1 minuta"},"schema":{"@context":"https:\/\/schema.org","@graph":[{"@type":"Article","@id":"https:\/\/sandzakpress.net\/arhiva\/turska-ce-istraziti-progone-krimskih-tatara\/#article","isPartOf":{"@id":"https:\/\/sandzakpress.net\/arhiva\/turska-ce-istraziti-progone-krimskih-tatara\/"},"author":{"name":"bosniak","@id":"https:\/\/sandzakpress.net\/arhiva\/#\/schema\/person\/c8baee722073534b583ea7bdb2e36c02"},"headline":"Turska \u0107e istra\u017eiti progone Krimskih Tatara","datePublished":"2015-04-03T13:00:58+00:00","mainEntityOfPage":{"@id":"https:\/\/sandzakpress.net\/arhiva\/turska-ce-istraziti-progone-krimskih-tatara\/"},"wordCount":210,"commentCount":10,"publisher":{"@id":"https:\/\/sandzakpress.net\/arhiva\/#\/schema\/person\/6e72b67d6e51910a1117b3b483ba20bd"},"image":{"@id":"https:\/\/sandzakpress.net\/arhiva\/turska-ce-istraziti-progone-krimskih-tatara\/#primaryimage"},"thumbnailUrl":"https:\/\/sandzakpress.net\/arhiva\/wp-content\/uploads\/2015\/04\/tatari_epa_main.jpg","articleSection":["Svijet","NAJNOVIJE","Turska"],"inLanguage":"bs-BA","potentialAction":[{"@type":"CommentAction","name":"Comment","target":["https:\/\/sandzakpress.net\/arhiva\/turska-ce-istraziti-progone-krimskih-tatara\/#respond"]}]},{"@type":"WebPage","@id":"https:\/\/sandzakpress.net\/arhiva\/turska-ce-istraziti-progone-krimskih-tatara\/","url":"https:\/\/sandzakpress.net\/arhiva\/turska-ce-istraziti-progone-krimskih-tatara\/","name":"Turska \u0107e istra\u017eiti progone Krimskih Tatara","isPartOf":{"@id":"https:\/\/sandzakpress.net\/arhiva\/#website"},"primaryImageOfPage":{"@id":"https:\/\/sandzakpress.net\/arhiva\/turska-ce-istraziti-progone-krimskih-tatara\/#primaryimage"},"image":{"@id":"https:\/\/sandzakpress.net\/arhiva\/turska-ce-istraziti-progone-krimskih-tatara\/#primaryimage"},"thumbnailUrl":"https:\/\/sandzakpress.net\/arhiva\/wp-content\/uploads\/2015\/04\/tatari_epa_main.jpg","datePublished":"2015-04-03T13:00:58+00:00","breadcrumb":{"@id":"https:\/\/sandzakpress.net\/arhiva\/turska-ce-istraziti-progone-krimskih-tatara\/#breadcrumb"},"inLanguage":"bs-BA","potentialAction":[{"@type":"ReadAction","target":["https:\/\/sandzakpress.net\/arhiva\/turska-ce-istraziti-progone-krimskih-tatara\/"]}]},{"@type":"ImageObject","inLanguage":"bs-BA","@id":"https:\/\/sandzakpress.net\/arhiva\/turska-ce-istraziti-progone-krimskih-tatara\/#primaryimage","url":"https:\/\/sandzakpress.net\/arhiva\/wp-content\/uploads\/2015\/04\/tatari_epa_main.jpg","contentUrl":"https:\/\/sandzakpress.net\/arhiva\/wp-content\/uploads\/2015\/04\/tatari_epa_main.jpg","width":801,"height":535},{"@type":"BreadcrumbList","@id":"https:\/\/sandzakpress.net\/arhiva\/turska-ce-istraziti-progone-krimskih-tatara\/#breadcrumb","itemListElement":[{"@type":"ListItem","position":1,"name":"Home","item":"https:\/\/sandzakpress.net\/arhiva\/"},{"@type":"ListItem","position":2,"name":"Turska \u0107e istra\u017eiti progone Krimskih Tatara"}]},{"@type":"WebSite","@id":"https:\/\/sandzakpress.net\/arhiva\/#website","url":"https:\/\/sandzakpress.net\/arhiva\/","name":"Sand\u017eak PRESS","description":"Prve elektronske novine u Sand\u017eaku","publisher":{"@id":"https:\/\/sandzakpress.net\/arhiva\/#\/schema\/person\/6e72b67d6e51910a1117b3b483ba20bd"},"potentialAction":[{"@type":"SearchAction","target":{"@type":"EntryPoint","urlTemplate":"https:\/\/sandzakpress.net\/arhiva\/?s={search_term_string}"},"query-input":{"@type":"PropertyValueSpecification","valueRequired":true,"valueName":"search_term_string"}}],"inLanguage":"bs-BA"},{"@type":["Person","Organization"],"@id":"https:\/\/sandzakpress.net\/arhiva\/#\/schema\/person\/6e72b67d6e51910a1117b3b483ba20bd","name":"Kul","image":{"@type":"ImageObject","inLanguage":"bs-BA","@id":"https:\/\/sandzakpress.net\/arhiva\/#\/schema\/person\/image\/","url":"https:\/\/secure.gravatar.com\/avatar\/42263f39aa27ac04c43cab85c280eb2e?s=96&d=mm&r=pg","contentUrl":"https:\/\/secure.gravatar.com\/avatar\/42263f39aa27ac04c43cab85c280eb2e?s=96&d=mm&r=pg","caption":"Kul"},"logo":{"@id":"https:\/\/sandzakpress.net\/arhiva\/#\/schema\/person\/image\/"}},{"@type":"Person","@id":"https:\/\/sandzakpress.net\/arhiva\/#\/schema\/person\/c8baee722073534b583ea7bdb2e36c02","name":"bosniak","image":{"@type":"ImageObject","inLanguage":"bs-BA","@id":"https:\/\/sandzakpress.net\/arhiva\/#\/schema\/person\/image\/","url":"https:\/\/secure.gravatar.com\/avatar\/a04fd330bfe3a36a72a0ad4a6d89fca7?s=96&d=mm&r=pg","contentUrl":"https:\/\/secure.gravatar.com\/avatar\/a04fd330bfe3a36a72a0ad4a6d89fca7?s=96&d=mm&r=pg","caption":"bosniak"},"url":"https:\/\/sandzakpress.net\/arhiva\/author\/bosniak\/"}]}},"_links":{"self":[{"href":"https:\/\/sandzakpress.net\/arhiva\/wp-json\/wp\/v2\/posts\/126165"}],"collection":[{"href":"https:\/\/sandzakpress.net\/arhiva\/wp-json\/wp\/v2\/posts"}],"about":[{"href":"https:\/\/sandzakpress.net\/arhiva\/wp-json\/wp\/v2\/types\/post"}],"author":[{"embeddable":true,"href":"https:\/\/sandzakpress.net\/arhiva\/wp-json\/wp\/v2\/users\/83"}],"replies":[{"embeddable":true,"href":"https:\/\/sandzakpress.net\/arhiva\/wp-json\/wp\/v2\/comments?post=126165"}],"version-history":[{"count":0,"href":"https:\/\/sandzakpress.net\/arhiva\/wp-json\/wp\/v2\/posts\/126165\/revisions"}],"wp:featuredmedia":[{"embeddable":true,"href":"https:\/\/sandzakpress.net\/arhiva\/wp-json\/wp\/v2\/media\/126166"}],"wp:attachment":[{"href":"https:\/\/sandzakpress.net\/arhiva\/wp-json\/wp\/v2\/media?parent=126165"}],"wp:term":[{"taxonomy":"category","embeddable":true,"href":"https:\/\/sandzakpress.net\/arhiva\/wp-json\/wp\/v2\/categories?post=126165"},{"taxonomy":"post_tag","embeddable":true,"href":"https:\/\/sandzakpress.net\/arhiva\/wp-json\/wp\/v2\/tags?post=126165"}],"curies":[{"name":"wp","href":"https:\/\/api.w.org\/{rel}","templated":true}]}}