{"id":126000,"date":"2015-04-01T13:52:01","date_gmt":"2015-04-01T11:52:01","guid":{"rendered":"https:\/\/sandzakpress.net\/arhiva\/?p=126000"},"modified":"2015-04-01T13:52:33","modified_gmt":"2015-04-01T11:52:33","slug":"detalji-izvjestaja-o-padu-helikopetra-ljudi-vidi-li-iko-pistu-posljednje-rijeci-pilota","status":"publish","type":"post","link":"https:\/\/sandzakpress.net\/arhiva\/detalji-izvjestaja-o-padu-helikopetra-ljudi-vidi-li-iko-pistu-posljednje-rijeci-pilota\/","title":{"rendered":"Detalji izvje\u0161taja o padu helikopetra: Ljudi, vidi li iko pistu?!\u201d, posljednje rije\u010di pilota!"},"content":{"rendered":"<p><img decoding=\"async\" src=\"http:\/\/www.sandzakhaber.net\/wp-content\/uploads\/2015\/04\/xIMG_1436-613x250.png.pagespeed.ic.aX3o-dJtVO.jpg\" alt=\"DETALJI IZVE\u0160TAJA O PADU HELIKOPTERA! \u201cLjudi, vidi li iko pistu?!\u201d, poslednje re\u010di pilota!\" \/><\/p>\n<p><strong>Srbija &#8211; Prema nalazu vje\u0161taka, vremenski uslovi tokom leta nad Srbijom tragi\u010dne no\u0107i bili su slo\u017eeni, ali nisu bili presudni za tragediju. Pilot Mehi\u0107 je uradio sve po proceduri, a nedostatak goriva je isklju\u010den.<\/strong><\/p>\n<p>Detalji izvje\u0161taja o padu helikopetra:<\/p>\n<p>\u00a0\u201cLjudi, vidi li iko pistu?!\u201d, posljednje rije\u010di pilota!Prema nalazu vje\u0161taka, vremenski uslovi tokom leta nad Srbijom tragi\u010dne no\u0107i bili su slo\u017eeni, ali nisu bili presudni za tragediju. Pilot Mehi\u0107 je uradio sve po proceduri, a nedostatak goriva je isklju\u010den<\/p>\n<p>U izvje\u0161taju tehni\u010dke komisije Komande Vazduhoplovstva i PVO na 500 stranica, do detalja su opisani posljednji trenuci drame koja se odvijala nad Beogradom, kada je 13. marta helikopter \u201cMi-17\u2033 Vojske Srbije pao nedaleko od piste Aerodroma \u201cNikola Tesla\u201d. Tako\u0111e, ovaj dokument obuhvata sve tehni\u010dke i proceduralne elemente kobnog leta, pi\u0161u \u201cNovosti\u201d.<br \/>U nalazu uzroka tragedije koja je odijnela 7 \u017eivota, navodi se da je vojni helikopter koji je poslat na spasila\u010dki zadatak transporta bolesne bebe iz Novog Pazara bio potpuno ispravan, a pravila letenja i lanac komandovanja su ispo\u0161tovani.<\/p>\n<p>Utvr\u0111ene su i neke nepravilnosti, kao naprimjer: Zbog hitnosti zadatka o akciji spasavanja nije bio unaprijed obavije\u0161ten na\u010delnik General\u0161taba Ljubi\u0161a Dikovi\u0107, kome je za operaciju javljeno tokom leta.<\/p>\n<p>Prema nalazu vje\u0161taka, vremenski uslovi tokom leta nad Srbijom tragi\u010dne no\u0107i bili su slo\u017eeni, ali nisu bili presudni za tragediju. Pilot Mehi\u0107 je uradio sve po proceduri, a nedostatak goriva je isklju\u010den jer je utvr\u0111eno da je u trenutku pada u tankovima bilo 650 litara, \u0161to je dovoljno za jo\u0161 sat i 15 minuta leta.<\/p>\n<p>\u2013 Ljudi, vidi li iko pistu? Moramo u penjanje \u2013 bile su poslednje re\u010di pilota Omera Mehi\u0107a.<\/p>\n<p>Tok tragedije:<\/p>\n<p>* 18:00 \u010dasova \u2013 Sanitet sa bebom zarobljen kod Bogutovca<br \/>* 19:15 \u2013 doneta odluka o vazdu\u0161nom transportu<br \/>* 19:30 Vojska primila zahtev za pomo\u0107<br \/>* 20:15 \u2013 Poletanje helikoptera sa aerodroma Batajnica<br \/>* 21:15 \u2013 Sletanje u krugu kasarne u Ra\u0161ki<br \/>* 21:25 \u2013 Transport pole\u0107e ka Beogradu<br \/>* 22:15 \u2013 Dva neuspe\u0161na sletanja na sur\u010dinsku pistu<br \/>* 22:31 \u2013 Pad helikoptera izme\u0111u auto-puta<br \/>* 02:00 Prona\u0111ena olupina helikoptera<\/p>\n<p>(Novosti)<\/p>\n","protected":false},"excerpt":{"rendered":"<p>Srbija &#8211; Prema nalazu vje\u0161taka, vremenski uslovi tokom leta nad Srbijom tragi\u010dne no\u0107i bili su slo\u017eeni, ali nisu bili presudni za tragediju. Pilot Mehi\u0107 je uradio sve po proceduri, a nedostatak goriva je isklju\u010den. Detalji izvje\u0161taja o padu helikopetra: \u00a0\u201cLjudi, vidi li iko pistu?!\u201d, posljednje rije\u010di pilota!Prema nalazu vje\u0161taka, vremenski uslovi tokom leta nad Srbijom [&hellip;]<\/p>\n","protected":false},"author":83,"featured_media":126001,"comment_status":"open","ping_status":"open","sticky":false,"template":"","format":"standard","meta":{"footnotes":""},"categories":[10307,801,798],"tags":[],"class_list":{"0":"post-126000","1":"post","2":"type-post","3":"status-publish","4":"format-standard","5":"has-post-thumbnail","7":"category-srbija","8":"category-crna_hronika","9":"category-teme"},"yoast_head":"<!-- This site is optimized with the Yoast SEO Premium plugin v23.1 (Yoast SEO v24.9) - https:\/\/yoast.com\/wordpress\/plugins\/seo\/ -->\n<title>Detalji izvje\u0161taja o padu helikopetra: Ljudi, vidi li iko pistu?!\u201d, posljednje rije\u010di pilota!<\/title>\n<meta name=\"robots\" content=\"index, follow, max-snippet:-1, max-image-preview:large, max-video-preview:-1\" \/>\n<link rel=\"canonical\" href=\"https:\/\/sandzakpress.net\/arhiva\/detalji-izvjestaja-o-padu-helikopetra-ljudi-vidi-li-iko-pistu-posljednje-rijeci-pilota\/\" \/>\n<meta property=\"og:locale\" content=\"bs_BA\" \/>\n<meta property=\"og:type\" content=\"article\" \/>\n<meta property=\"og:title\" content=\"Detalji izvje\u0161taja o padu helikopetra: Ljudi, vidi li iko pistu?!\u201d, posljednje rije\u010di pilota!\" \/>\n<meta property=\"og:description\" content=\"Srbija &#8211; Prema nalazu vje\u0161taka, vremenski uslovi tokom leta nad Srbijom tragi\u010dne no\u0107i bili su slo\u017eeni, ali nisu bili presudni za tragediju. Pilot Mehi\u0107 je uradio sve po proceduri, a nedostatak goriva je isklju\u010den. Detalji izvje\u0161taja o padu helikopetra: \u00a0\u201cLjudi, vidi li iko pistu?!\u201d, posljednje rije\u010di pilota!Prema nalazu vje\u0161taka, vremenski uslovi tokom leta nad Srbijom [&hellip;]\" \/>\n<meta property=\"og:url\" content=\"https:\/\/sandzakpress.net\/arhiva\/detalji-izvjestaja-o-padu-helikopetra-ljudi-vidi-li-iko-pistu-posljednje-rijeci-pilota\/\" \/>\n<meta property=\"og:site_name\" content=\"Sand\u017eak PRESS\" \/>\n<meta property=\"article:published_time\" content=\"2015-04-01T11:52:01+00:00\" \/>\n<meta property=\"article:modified_time\" content=\"2015-04-01T11:52:33+00:00\" \/>\n<meta property=\"og:image\" content=\"https:\/\/sandzakpress.net\/arhiva\/wp-content\/uploads\/2015\/04\/xIMG_1436-613x250.png.pagespeed.ic_.aX3o-dJtVO.jpg\" \/>\n\t<meta property=\"og:image:width\" content=\"613\" \/>\n\t<meta property=\"og:image:height\" content=\"250\" \/>\n\t<meta property=\"og:image:type\" content=\"image\/jpeg\" \/>\n<meta name=\"author\" content=\"bosniak\" \/>\n<meta name=\"twitter:card\" content=\"summary_large_image\" \/>\n<meta name=\"twitter:label1\" content=\"Written by\" \/>\n\t<meta name=\"twitter:data1\" content=\"bosniak\" \/>\n\t<meta name=\"twitter:label2\" content=\"Est. reading time\" \/>\n\t<meta name=\"twitter:data2\" content=\"2 minute\" \/>\n<script type=\"application\/ld+json\" class=\"yoast-schema-graph\">{\"@context\":\"https:\/\/schema.org\",\"@graph\":[{\"@type\":\"Article\",\"@id\":\"https:\/\/sandzakpress.net\/arhiva\/detalji-izvjestaja-o-padu-helikopetra-ljudi-vidi-li-iko-pistu-posljednje-rijeci-pilota\/#article\",\"isPartOf\":{\"@id\":\"https:\/\/sandzakpress.net\/arhiva\/detalji-izvjestaja-o-padu-helikopetra-ljudi-vidi-li-iko-pistu-posljednje-rijeci-pilota\/\"},\"author\":{\"name\":\"bosniak\",\"@id\":\"https:\/\/sandzakpress.net\/arhiva\/#\/schema\/person\/c8baee722073534b583ea7bdb2e36c02\"},\"headline\":\"Detalji izvje\u0161taja o padu helikopetra: Ljudi, vidi li iko pistu?!\u201d, posljednje rije\u010di pilota!\",\"datePublished\":\"2015-04-01T11:52:01+00:00\",\"dateModified\":\"2015-04-01T11:52:33+00:00\",\"mainEntityOfPage\":{\"@id\":\"https:\/\/sandzakpress.net\/arhiva\/detalji-izvjestaja-o-padu-helikopetra-ljudi-vidi-li-iko-pistu-posljednje-rijeci-pilota\/\"},\"wordCount\":363,\"commentCount\":1,\"publisher\":{\"@id\":\"https:\/\/sandzakpress.net\/arhiva\/#\/schema\/person\/6e72b67d6e51910a1117b3b483ba20bd\"},\"image\":{\"@id\":\"https:\/\/sandzakpress.net\/arhiva\/detalji-izvjestaja-o-padu-helikopetra-ljudi-vidi-li-iko-pistu-posljednje-rijeci-pilota\/#primaryimage\"},\"thumbnailUrl\":\"https:\/\/sandzakpress.net\/arhiva\/wp-content\/uploads\/2015\/04\/xIMG_1436-613x250.png.pagespeed.ic_.aX3o-dJtVO.jpg\",\"articleSection\":[\"Srbija\",\"Hronika\",\"NAJNOVIJE\"],\"inLanguage\":\"bs-BA\",\"potentialAction\":[{\"@type\":\"CommentAction\",\"name\":\"Comment\",\"target\":[\"https:\/\/sandzakpress.net\/arhiva\/detalji-izvjestaja-o-padu-helikopetra-ljudi-vidi-li-iko-pistu-posljednje-rijeci-pilota\/#respond\"]}]},{\"@type\":\"WebPage\",\"@id\":\"https:\/\/sandzakpress.net\/arhiva\/detalji-izvjestaja-o-padu-helikopetra-ljudi-vidi-li-iko-pistu-posljednje-rijeci-pilota\/\",\"url\":\"https:\/\/sandzakpress.net\/arhiva\/detalji-izvjestaja-o-padu-helikopetra-ljudi-vidi-li-iko-pistu-posljednje-rijeci-pilota\/\",\"name\":\"Detalji izvje\u0161taja o padu helikopetra: Ljudi, vidi li iko pistu?!\u201d, posljednje rije\u010di pilota!\",\"isPartOf\":{\"@id\":\"https:\/\/sandzakpress.net\/arhiva\/#website\"},\"primaryImageOfPage\":{\"@id\":\"https:\/\/sandzakpress.net\/arhiva\/detalji-izvjestaja-o-padu-helikopetra-ljudi-vidi-li-iko-pistu-posljednje-rijeci-pilota\/#primaryimage\"},\"image\":{\"@id\":\"https:\/\/sandzakpress.net\/arhiva\/detalji-izvjestaja-o-padu-helikopetra-ljudi-vidi-li-iko-pistu-posljednje-rijeci-pilota\/#primaryimage\"},\"thumbnailUrl\":\"https:\/\/sandzakpress.net\/arhiva\/wp-content\/uploads\/2015\/04\/xIMG_1436-613x250.png.pagespeed.ic_.aX3o-dJtVO.jpg\",\"datePublished\":\"2015-04-01T11:52:01+00:00\",\"dateModified\":\"2015-04-01T11:52:33+00:00\",\"breadcrumb\":{\"@id\":\"https:\/\/sandzakpress.net\/arhiva\/detalji-izvjestaja-o-padu-helikopetra-ljudi-vidi-li-iko-pistu-posljednje-rijeci-pilota\/#breadcrumb\"},\"inLanguage\":\"bs-BA\",\"potentialAction\":[{\"@type\":\"ReadAction\",\"target\":[\"https:\/\/sandzakpress.net\/arhiva\/detalji-izvjestaja-o-padu-helikopetra-ljudi-vidi-li-iko-pistu-posljednje-rijeci-pilota\/\"]}]},{\"@type\":\"ImageObject\",\"inLanguage\":\"bs-BA\",\"@id\":\"https:\/\/sandzakpress.net\/arhiva\/detalji-izvjestaja-o-padu-helikopetra-ljudi-vidi-li-iko-pistu-posljednje-rijeci-pilota\/#primaryimage\",\"url\":\"https:\/\/sandzakpress.net\/arhiva\/wp-content\/uploads\/2015\/04\/xIMG_1436-613x250.png.pagespeed.ic_.aX3o-dJtVO.jpg\",\"contentUrl\":\"https:\/\/sandzakpress.net\/arhiva\/wp-content\/uploads\/2015\/04\/xIMG_1436-613x250.png.pagespeed.ic_.aX3o-dJtVO.jpg\",\"width\":613,\"height\":250},{\"@type\":\"BreadcrumbList\",\"@id\":\"https:\/\/sandzakpress.net\/arhiva\/detalji-izvjestaja-o-padu-helikopetra-ljudi-vidi-li-iko-pistu-posljednje-rijeci-pilota\/#breadcrumb\",\"itemListElement\":[{\"@type\":\"ListItem\",\"position\":1,\"name\":\"Home\",\"item\":\"https:\/\/sandzakpress.net\/arhiva\/\"},{\"@type\":\"ListItem\",\"position\":2,\"name\":\"Detalji izvje\u0161taja o padu helikopetra: Ljudi, vidi li iko pistu?!\u201d, posljednje rije\u010di pilota!\"}]},{\"@type\":\"WebSite\",\"@id\":\"https:\/\/sandzakpress.net\/arhiva\/#website\",\"url\":\"https:\/\/sandzakpress.net\/arhiva\/\",\"name\":\"Sand\u017eak PRESS\",\"description\":\"Prve elektronske novine u Sand\u017eaku\",\"publisher\":{\"@id\":\"https:\/\/sandzakpress.net\/arhiva\/#\/schema\/person\/6e72b67d6e51910a1117b3b483ba20bd\"},\"potentialAction\":[{\"@type\":\"SearchAction\",\"target\":{\"@type\":\"EntryPoint\",\"urlTemplate\":\"https:\/\/sandzakpress.net\/arhiva\/?s={search_term_string}\"},\"query-input\":{\"@type\":\"PropertyValueSpecification\",\"valueRequired\":true,\"valueName\":\"search_term_string\"}}],\"inLanguage\":\"bs-BA\"},{\"@type\":[\"Person\",\"Organization\"],\"@id\":\"https:\/\/sandzakpress.net\/arhiva\/#\/schema\/person\/6e72b67d6e51910a1117b3b483ba20bd\",\"name\":\"Kul\",\"image\":{\"@type\":\"ImageObject\",\"inLanguage\":\"bs-BA\",\"@id\":\"https:\/\/sandzakpress.net\/arhiva\/#\/schema\/person\/image\/\",\"url\":\"https:\/\/secure.gravatar.com\/avatar\/42263f39aa27ac04c43cab85c280eb2e?s=96&d=mm&r=pg\",\"contentUrl\":\"https:\/\/secure.gravatar.com\/avatar\/42263f39aa27ac04c43cab85c280eb2e?s=96&d=mm&r=pg\",\"caption\":\"Kul\"},\"logo\":{\"@id\":\"https:\/\/sandzakpress.net\/arhiva\/#\/schema\/person\/image\/\"}},{\"@type\":\"Person\",\"@id\":\"https:\/\/sandzakpress.net\/arhiva\/#\/schema\/person\/c8baee722073534b583ea7bdb2e36c02\",\"name\":\"bosniak\",\"image\":{\"@type\":\"ImageObject\",\"inLanguage\":\"bs-BA\",\"@id\":\"https:\/\/sandzakpress.net\/arhiva\/#\/schema\/person\/image\/\",\"url\":\"https:\/\/secure.gravatar.com\/avatar\/a04fd330bfe3a36a72a0ad4a6d89fca7?s=96&d=mm&r=pg\",\"contentUrl\":\"https:\/\/secure.gravatar.com\/avatar\/a04fd330bfe3a36a72a0ad4a6d89fca7?s=96&d=mm&r=pg\",\"caption\":\"bosniak\"},\"url\":\"https:\/\/sandzakpress.net\/arhiva\/author\/bosniak\/\"}]}<\/script>\n<!-- \/ Yoast SEO Premium plugin. -->","yoast_head_json":{"title":"Detalji izvje\u0161taja o padu helikopetra: Ljudi, vidi li iko pistu?!\u201d, posljednje rije\u010di pilota!","robots":{"index":"index","follow":"follow","max-snippet":"max-snippet:-1","max-image-preview":"max-image-preview:large","max-video-preview":"max-video-preview:-1"},"canonical":"https:\/\/sandzakpress.net\/arhiva\/detalji-izvjestaja-o-padu-helikopetra-ljudi-vidi-li-iko-pistu-posljednje-rijeci-pilota\/","og_locale":"bs_BA","og_type":"article","og_title":"Detalji izvje\u0161taja o padu helikopetra: Ljudi, vidi li iko pistu?!\u201d, posljednje rije\u010di pilota!","og_description":"Srbija &#8211; Prema nalazu vje\u0161taka, vremenski uslovi tokom leta nad Srbijom tragi\u010dne no\u0107i bili su slo\u017eeni, ali nisu bili presudni za tragediju. Pilot Mehi\u0107 je uradio sve po proceduri, a nedostatak goriva je isklju\u010den. Detalji izvje\u0161taja o padu helikopetra: \u00a0\u201cLjudi, vidi li iko pistu?!\u201d, posljednje rije\u010di pilota!Prema nalazu vje\u0161taka, vremenski uslovi tokom leta nad Srbijom [&hellip;]","og_url":"https:\/\/sandzakpress.net\/arhiva\/detalji-izvjestaja-o-padu-helikopetra-ljudi-vidi-li-iko-pistu-posljednje-rijeci-pilota\/","og_site_name":"Sand\u017eak PRESS","article_published_time":"2015-04-01T11:52:01+00:00","article_modified_time":"2015-04-01T11:52:33+00:00","og_image":[{"width":613,"height":250,"url":"https:\/\/sandzakpress.net\/arhiva\/wp-content\/uploads\/2015\/04\/xIMG_1436-613x250.png.pagespeed.ic_.aX3o-dJtVO.jpg","type":"image\/jpeg"}],"author":"bosniak","twitter_card":"summary_large_image","twitter_misc":{"Written by":"bosniak","Est. reading time":"2 minute"},"schema":{"@context":"https:\/\/schema.org","@graph":[{"@type":"Article","@id":"https:\/\/sandzakpress.net\/arhiva\/detalji-izvjestaja-o-padu-helikopetra-ljudi-vidi-li-iko-pistu-posljednje-rijeci-pilota\/#article","isPartOf":{"@id":"https:\/\/sandzakpress.net\/arhiva\/detalji-izvjestaja-o-padu-helikopetra-ljudi-vidi-li-iko-pistu-posljednje-rijeci-pilota\/"},"author":{"name":"bosniak","@id":"https:\/\/sandzakpress.net\/arhiva\/#\/schema\/person\/c8baee722073534b583ea7bdb2e36c02"},"headline":"Detalji izvje\u0161taja o padu helikopetra: Ljudi, vidi li iko pistu?!\u201d, posljednje rije\u010di pilota!","datePublished":"2015-04-01T11:52:01+00:00","dateModified":"2015-04-01T11:52:33+00:00","mainEntityOfPage":{"@id":"https:\/\/sandzakpress.net\/arhiva\/detalji-izvjestaja-o-padu-helikopetra-ljudi-vidi-li-iko-pistu-posljednje-rijeci-pilota\/"},"wordCount":363,"commentCount":1,"publisher":{"@id":"https:\/\/sandzakpress.net\/arhiva\/#\/schema\/person\/6e72b67d6e51910a1117b3b483ba20bd"},"image":{"@id":"https:\/\/sandzakpress.net\/arhiva\/detalji-izvjestaja-o-padu-helikopetra-ljudi-vidi-li-iko-pistu-posljednje-rijeci-pilota\/#primaryimage"},"thumbnailUrl":"https:\/\/sandzakpress.net\/arhiva\/wp-content\/uploads\/2015\/04\/xIMG_1436-613x250.png.pagespeed.ic_.aX3o-dJtVO.jpg","articleSection":["Srbija","Hronika","NAJNOVIJE"],"inLanguage":"bs-BA","potentialAction":[{"@type":"CommentAction","name":"Comment","target":["https:\/\/sandzakpress.net\/arhiva\/detalji-izvjestaja-o-padu-helikopetra-ljudi-vidi-li-iko-pistu-posljednje-rijeci-pilota\/#respond"]}]},{"@type":"WebPage","@id":"https:\/\/sandzakpress.net\/arhiva\/detalji-izvjestaja-o-padu-helikopetra-ljudi-vidi-li-iko-pistu-posljednje-rijeci-pilota\/","url":"https:\/\/sandzakpress.net\/arhiva\/detalji-izvjestaja-o-padu-helikopetra-ljudi-vidi-li-iko-pistu-posljednje-rijeci-pilota\/","name":"Detalji izvje\u0161taja o padu helikopetra: Ljudi, vidi li iko pistu?!\u201d, posljednje rije\u010di pilota!","isPartOf":{"@id":"https:\/\/sandzakpress.net\/arhiva\/#website"},"primaryImageOfPage":{"@id":"https:\/\/sandzakpress.net\/arhiva\/detalji-izvjestaja-o-padu-helikopetra-ljudi-vidi-li-iko-pistu-posljednje-rijeci-pilota\/#primaryimage"},"image":{"@id":"https:\/\/sandzakpress.net\/arhiva\/detalji-izvjestaja-o-padu-helikopetra-ljudi-vidi-li-iko-pistu-posljednje-rijeci-pilota\/#primaryimage"},"thumbnailUrl":"https:\/\/sandzakpress.net\/arhiva\/wp-content\/uploads\/2015\/04\/xIMG_1436-613x250.png.pagespeed.ic_.aX3o-dJtVO.jpg","datePublished":"2015-04-01T11:52:01+00:00","dateModified":"2015-04-01T11:52:33+00:00","breadcrumb":{"@id":"https:\/\/sandzakpress.net\/arhiva\/detalji-izvjestaja-o-padu-helikopetra-ljudi-vidi-li-iko-pistu-posljednje-rijeci-pilota\/#breadcrumb"},"inLanguage":"bs-BA","potentialAction":[{"@type":"ReadAction","target":["https:\/\/sandzakpress.net\/arhiva\/detalji-izvjestaja-o-padu-helikopetra-ljudi-vidi-li-iko-pistu-posljednje-rijeci-pilota\/"]}]},{"@type":"ImageObject","inLanguage":"bs-BA","@id":"https:\/\/sandzakpress.net\/arhiva\/detalji-izvjestaja-o-padu-helikopetra-ljudi-vidi-li-iko-pistu-posljednje-rijeci-pilota\/#primaryimage","url":"https:\/\/sandzakpress.net\/arhiva\/wp-content\/uploads\/2015\/04\/xIMG_1436-613x250.png.pagespeed.ic_.aX3o-dJtVO.jpg","contentUrl":"https:\/\/sandzakpress.net\/arhiva\/wp-content\/uploads\/2015\/04\/xIMG_1436-613x250.png.pagespeed.ic_.aX3o-dJtVO.jpg","width":613,"height":250},{"@type":"BreadcrumbList","@id":"https:\/\/sandzakpress.net\/arhiva\/detalji-izvjestaja-o-padu-helikopetra-ljudi-vidi-li-iko-pistu-posljednje-rijeci-pilota\/#breadcrumb","itemListElement":[{"@type":"ListItem","position":1,"name":"Home","item":"https:\/\/sandzakpress.net\/arhiva\/"},{"@type":"ListItem","position":2,"name":"Detalji izvje\u0161taja o padu helikopetra: Ljudi, vidi li iko pistu?!\u201d, posljednje rije\u010di pilota!"}]},{"@type":"WebSite","@id":"https:\/\/sandzakpress.net\/arhiva\/#website","url":"https:\/\/sandzakpress.net\/arhiva\/","name":"Sand\u017eak PRESS","description":"Prve elektronske novine u Sand\u017eaku","publisher":{"@id":"https:\/\/sandzakpress.net\/arhiva\/#\/schema\/person\/6e72b67d6e51910a1117b3b483ba20bd"},"potentialAction":[{"@type":"SearchAction","target":{"@type":"EntryPoint","urlTemplate":"https:\/\/sandzakpress.net\/arhiva\/?s={search_term_string}"},"query-input":{"@type":"PropertyValueSpecification","valueRequired":true,"valueName":"search_term_string"}}],"inLanguage":"bs-BA"},{"@type":["Person","Organization"],"@id":"https:\/\/sandzakpress.net\/arhiva\/#\/schema\/person\/6e72b67d6e51910a1117b3b483ba20bd","name":"Kul","image":{"@type":"ImageObject","inLanguage":"bs-BA","@id":"https:\/\/sandzakpress.net\/arhiva\/#\/schema\/person\/image\/","url":"https:\/\/secure.gravatar.com\/avatar\/42263f39aa27ac04c43cab85c280eb2e?s=96&d=mm&r=pg","contentUrl":"https:\/\/secure.gravatar.com\/avatar\/42263f39aa27ac04c43cab85c280eb2e?s=96&d=mm&r=pg","caption":"Kul"},"logo":{"@id":"https:\/\/sandzakpress.net\/arhiva\/#\/schema\/person\/image\/"}},{"@type":"Person","@id":"https:\/\/sandzakpress.net\/arhiva\/#\/schema\/person\/c8baee722073534b583ea7bdb2e36c02","name":"bosniak","image":{"@type":"ImageObject","inLanguage":"bs-BA","@id":"https:\/\/sandzakpress.net\/arhiva\/#\/schema\/person\/image\/","url":"https:\/\/secure.gravatar.com\/avatar\/a04fd330bfe3a36a72a0ad4a6d89fca7?s=96&d=mm&r=pg","contentUrl":"https:\/\/secure.gravatar.com\/avatar\/a04fd330bfe3a36a72a0ad4a6d89fca7?s=96&d=mm&r=pg","caption":"bosniak"},"url":"https:\/\/sandzakpress.net\/arhiva\/author\/bosniak\/"}]}},"_links":{"self":[{"href":"https:\/\/sandzakpress.net\/arhiva\/wp-json\/wp\/v2\/posts\/126000"}],"collection":[{"href":"https:\/\/sandzakpress.net\/arhiva\/wp-json\/wp\/v2\/posts"}],"about":[{"href":"https:\/\/sandzakpress.net\/arhiva\/wp-json\/wp\/v2\/types\/post"}],"author":[{"embeddable":true,"href":"https:\/\/sandzakpress.net\/arhiva\/wp-json\/wp\/v2\/users\/83"}],"replies":[{"embeddable":true,"href":"https:\/\/sandzakpress.net\/arhiva\/wp-json\/wp\/v2\/comments?post=126000"}],"version-history":[{"count":0,"href":"https:\/\/sandzakpress.net\/arhiva\/wp-json\/wp\/v2\/posts\/126000\/revisions"}],"wp:featuredmedia":[{"embeddable":true,"href":"https:\/\/sandzakpress.net\/arhiva\/wp-json\/wp\/v2\/media\/126001"}],"wp:attachment":[{"href":"https:\/\/sandzakpress.net\/arhiva\/wp-json\/wp\/v2\/media?parent=126000"}],"wp:term":[{"taxonomy":"category","embeddable":true,"href":"https:\/\/sandzakpress.net\/arhiva\/wp-json\/wp\/v2\/categories?post=126000"},{"taxonomy":"post_tag","embeddable":true,"href":"https:\/\/sandzakpress.net\/arhiva\/wp-json\/wp\/v2\/tags?post=126000"}],"curies":[{"name":"wp","href":"https:\/\/api.w.org\/{rel}","templated":true}]}}