{"id":125990,"date":"2015-04-01T13:20:44","date_gmt":"2015-04-01T11:20:44","guid":{"rendered":"https:\/\/sandzakpress.net\/arhiva\/?p=125990"},"modified":"2015-04-01T13:20:44","modified_gmt":"2015-04-01T11:20:44","slug":"nastavlja-se-haos-u-turskoj-naoruzani-muskarci-upali-u-sjediste-erdoganove-stranke","status":"publish","type":"post","link":"https:\/\/sandzakpress.net\/arhiva\/nastavlja-se-haos-u-turskoj-naoruzani-muskarci-upali-u-sjediste-erdoganove-stranke\/","title":{"rendered":"Nastavlja se haos u Turskoj: Naoru\u017eani mu\u0161karci upali u sjedi\u0161te Erdoganove stranke"},"content":{"rendered":"<p><strong>Turska &#8211; U Turskoj opet nova drama. Dvojica naoru\u017eanih mu\u0161karaca upala su danas u Istanbulu u sredi\u0161te Stranke razvoja pravde i razvoja (AKP) turskog predsjednika Recepa Tayyipa Erdogana.<\/strong><\/p>\n<p>https:\/\/youtu.be\/AV6tznpz5r4<\/p>\n<p>Jedan od mu\u0161karaca razbio je staklo na najvi\u0161em katu zgrade i izvjesio tursku zastavu. Mu\u0161karci su naredili ljudima da napuste zgradu, javlja Fena.<\/p>\n<p>Me\u0111utim, ubrzo su uhap\u0161eni, a zasad nema informacija da je neko stradao. <\/p>\n<p>Ovo je tre\u0107i incident u protekla dva dana u Turskoj. Ju\u010der ujutro je gotovo \u010ditava zemlja ostala bez elektri\u010dne energije, da bi zatim naoru\u017eani ljevi\u010darski aktivisti upali u zgradu istanbulske sudnice i za taoca uzeli tu\u017eioca Mehmeta Selima Kiraza.<\/p>\n<p>Nakon nekoliko sati napetih pregovora, otmi\u010dari su smrtno ranili tu\u017eioca koji je preminuo u bolnici. Otmi\u010dare je pak ubila policija.<\/p>\n<p>(Radiosarajevo)<\/p>\n","protected":false},"excerpt":{"rendered":"<p>Turska &#8211; U Turskoj opet nova drama. Dvojica naoru\u017eanih mu\u0161karaca upala su danas u Istanbulu u sredi\u0161te Stranke razvoja pravde i razvoja (AKP) turskog predsjednika Recepa Tayyipa Erdogana. https:\/\/youtu.be\/AV6tznpz5r4 Jedan od mu\u0161karaca razbio je staklo na najvi\u0161em katu zgrade i izvjesio tursku zastavu. Mu\u0161karci su naredili ljudima da napuste zgradu, javlja Fena. Me\u0111utim, ubrzo su [&hellip;]<\/p>\n","protected":false},"author":83,"featured_media":125991,"comment_status":"open","ping_status":"open","sticky":false,"template":"","format":"standard","meta":{"footnotes":""},"categories":[9,8957,798,2692],"tags":[],"class_list":{"0":"post-125990","1":"post","2":"type-post","3":"status-publish","4":"format-standard","5":"has-post-thumbnail","7":"category-svijet","8":"category-vijesti-dana","9":"category-teme","10":"category-turska-gradovi"},"yoast_head":"<!-- This site is optimized with the Yoast SEO Premium plugin v23.1 (Yoast SEO v24.9) - https:\/\/yoast.com\/wordpress\/plugins\/seo\/ -->\n<title>Nastavlja se haos u Turskoj: Naoru\u017eani mu\u0161karci upali u sjedi\u0161te Erdoganove stranke<\/title>\n<meta name=\"robots\" content=\"index, follow, max-snippet:-1, max-image-preview:large, max-video-preview:-1\" \/>\n<link rel=\"canonical\" href=\"https:\/\/sandzakpress.net\/arhiva\/nastavlja-se-haos-u-turskoj-naoruzani-muskarci-upali-u-sjediste-erdoganove-stranke\/\" \/>\n<meta property=\"og:locale\" content=\"bs_BA\" \/>\n<meta property=\"og:type\" content=\"article\" \/>\n<meta property=\"og:title\" content=\"Nastavlja se haos u Turskoj: Naoru\u017eani mu\u0161karci upali u sjedi\u0161te Erdoganove stranke\" \/>\n<meta property=\"og:description\" content=\"Turska &#8211; U Turskoj opet nova drama. Dvojica naoru\u017eanih mu\u0161karaca upala su danas u Istanbulu u sredi\u0161te Stranke razvoja pravde i razvoja (AKP) turskog predsjednika Recepa Tayyipa Erdogana. https:\/\/youtu.be\/AV6tznpz5r4 Jedan od mu\u0161karaca razbio je staklo na najvi\u0161em katu zgrade i izvjesio tursku zastavu. Mu\u0161karci su naredili ljudima da napuste zgradu, javlja Fena. Me\u0111utim, ubrzo su [&hellip;]\" \/>\n<meta property=\"og:url\" content=\"https:\/\/sandzakpress.net\/arhiva\/nastavlja-se-haos-u-turskoj-naoruzani-muskarci-upali-u-sjediste-erdoganove-stranke\/\" \/>\n<meta property=\"og:site_name\" content=\"Sand\u017eak PRESS\" \/>\n<meta property=\"article:published_time\" content=\"2015-04-01T11:20:44+00:00\" \/>\n<meta property=\"og:image\" content=\"https:\/\/sandzakpress.net\/arhiva\/wp-content\/uploads\/2015\/04\/0.jpg\" \/>\n\t<meta property=\"og:image:width\" content=\"480\" \/>\n\t<meta property=\"og:image:height\" content=\"360\" \/>\n\t<meta property=\"og:image:type\" content=\"image\/jpeg\" \/>\n<meta name=\"author\" content=\"bosniak\" \/>\n<meta name=\"twitter:card\" content=\"summary_large_image\" \/>\n<meta name=\"twitter:label1\" content=\"Written by\" \/>\n\t<meta name=\"twitter:data1\" content=\"bosniak\" \/>\n\t<meta name=\"twitter:label2\" content=\"Est. reading time\" \/>\n\t<meta name=\"twitter:data2\" content=\"1 minuta\" \/>\n<script type=\"application\/ld+json\" class=\"yoast-schema-graph\">{\"@context\":\"https:\/\/schema.org\",\"@graph\":[{\"@type\":\"Article\",\"@id\":\"https:\/\/sandzakpress.net\/arhiva\/nastavlja-se-haos-u-turskoj-naoruzani-muskarci-upali-u-sjediste-erdoganove-stranke\/#article\",\"isPartOf\":{\"@id\":\"https:\/\/sandzakpress.net\/arhiva\/nastavlja-se-haos-u-turskoj-naoruzani-muskarci-upali-u-sjediste-erdoganove-stranke\/\"},\"author\":{\"name\":\"bosniak\",\"@id\":\"https:\/\/sandzakpress.net\/arhiva\/#\/schema\/person\/c8baee722073534b583ea7bdb2e36c02\"},\"headline\":\"Nastavlja se haos u Turskoj: Naoru\u017eani mu\u0161karci upali u sjedi\u0161te Erdoganove stranke\",\"datePublished\":\"2015-04-01T11:20:44+00:00\",\"mainEntityOfPage\":{\"@id\":\"https:\/\/sandzakpress.net\/arhiva\/nastavlja-se-haos-u-turskoj-naoruzani-muskarci-upali-u-sjediste-erdoganove-stranke\/\"},\"wordCount\":161,\"commentCount\":12,\"publisher\":{\"@id\":\"https:\/\/sandzakpress.net\/arhiva\/#\/schema\/person\/6e72b67d6e51910a1117b3b483ba20bd\"},\"image\":{\"@id\":\"https:\/\/sandzakpress.net\/arhiva\/nastavlja-se-haos-u-turskoj-naoruzani-muskarci-upali-u-sjediste-erdoganove-stranke\/#primaryimage\"},\"thumbnailUrl\":\"https:\/\/sandzakpress.net\/arhiva\/wp-content\/uploads\/2015\/04\/0.jpg\",\"articleSection\":[\"Svijet\",\"VIJESTI DANA\",\"NAJNOVIJE\",\"Turska\"],\"inLanguage\":\"bs-BA\",\"potentialAction\":[{\"@type\":\"CommentAction\",\"name\":\"Comment\",\"target\":[\"https:\/\/sandzakpress.net\/arhiva\/nastavlja-se-haos-u-turskoj-naoruzani-muskarci-upali-u-sjediste-erdoganove-stranke\/#respond\"]}]},{\"@type\":\"WebPage\",\"@id\":\"https:\/\/sandzakpress.net\/arhiva\/nastavlja-se-haos-u-turskoj-naoruzani-muskarci-upali-u-sjediste-erdoganove-stranke\/\",\"url\":\"https:\/\/sandzakpress.net\/arhiva\/nastavlja-se-haos-u-turskoj-naoruzani-muskarci-upali-u-sjediste-erdoganove-stranke\/\",\"name\":\"Nastavlja se haos u Turskoj: Naoru\u017eani mu\u0161karci upali u sjedi\u0161te Erdoganove stranke\",\"isPartOf\":{\"@id\":\"https:\/\/sandzakpress.net\/arhiva\/#website\"},\"primaryImageOfPage\":{\"@id\":\"https:\/\/sandzakpress.net\/arhiva\/nastavlja-se-haos-u-turskoj-naoruzani-muskarci-upali-u-sjediste-erdoganove-stranke\/#primaryimage\"},\"image\":{\"@id\":\"https:\/\/sandzakpress.net\/arhiva\/nastavlja-se-haos-u-turskoj-naoruzani-muskarci-upali-u-sjediste-erdoganove-stranke\/#primaryimage\"},\"thumbnailUrl\":\"https:\/\/sandzakpress.net\/arhiva\/wp-content\/uploads\/2015\/04\/0.jpg\",\"datePublished\":\"2015-04-01T11:20:44+00:00\",\"breadcrumb\":{\"@id\":\"https:\/\/sandzakpress.net\/arhiva\/nastavlja-se-haos-u-turskoj-naoruzani-muskarci-upali-u-sjediste-erdoganove-stranke\/#breadcrumb\"},\"inLanguage\":\"bs-BA\",\"potentialAction\":[{\"@type\":\"ReadAction\",\"target\":[\"https:\/\/sandzakpress.net\/arhiva\/nastavlja-se-haos-u-turskoj-naoruzani-muskarci-upali-u-sjediste-erdoganove-stranke\/\"]}]},{\"@type\":\"ImageObject\",\"inLanguage\":\"bs-BA\",\"@id\":\"https:\/\/sandzakpress.net\/arhiva\/nastavlja-se-haos-u-turskoj-naoruzani-muskarci-upali-u-sjediste-erdoganove-stranke\/#primaryimage\",\"url\":\"https:\/\/sandzakpress.net\/arhiva\/wp-content\/uploads\/2015\/04\/0.jpg\",\"contentUrl\":\"https:\/\/sandzakpress.net\/arhiva\/wp-content\/uploads\/2015\/04\/0.jpg\",\"width\":480,\"height\":360},{\"@type\":\"BreadcrumbList\",\"@id\":\"https:\/\/sandzakpress.net\/arhiva\/nastavlja-se-haos-u-turskoj-naoruzani-muskarci-upali-u-sjediste-erdoganove-stranke\/#breadcrumb\",\"itemListElement\":[{\"@type\":\"ListItem\",\"position\":1,\"name\":\"Home\",\"item\":\"https:\/\/sandzakpress.net\/arhiva\/\"},{\"@type\":\"ListItem\",\"position\":2,\"name\":\"Nastavlja se haos u Turskoj: Naoru\u017eani mu\u0161karci upali u sjedi\u0161te Erdoganove stranke\"}]},{\"@type\":\"WebSite\",\"@id\":\"https:\/\/sandzakpress.net\/arhiva\/#website\",\"url\":\"https:\/\/sandzakpress.net\/arhiva\/\",\"name\":\"Sand\u017eak PRESS\",\"description\":\"Prve elektronske novine u Sand\u017eaku\",\"publisher\":{\"@id\":\"https:\/\/sandzakpress.net\/arhiva\/#\/schema\/person\/6e72b67d6e51910a1117b3b483ba20bd\"},\"potentialAction\":[{\"@type\":\"SearchAction\",\"target\":{\"@type\":\"EntryPoint\",\"urlTemplate\":\"https:\/\/sandzakpress.net\/arhiva\/?s={search_term_string}\"},\"query-input\":{\"@type\":\"PropertyValueSpecification\",\"valueRequired\":true,\"valueName\":\"search_term_string\"}}],\"inLanguage\":\"bs-BA\"},{\"@type\":[\"Person\",\"Organization\"],\"@id\":\"https:\/\/sandzakpress.net\/arhiva\/#\/schema\/person\/6e72b67d6e51910a1117b3b483ba20bd\",\"name\":\"Kul\",\"image\":{\"@type\":\"ImageObject\",\"inLanguage\":\"bs-BA\",\"@id\":\"https:\/\/sandzakpress.net\/arhiva\/#\/schema\/person\/image\/\",\"url\":\"https:\/\/secure.gravatar.com\/avatar\/42263f39aa27ac04c43cab85c280eb2e?s=96&d=mm&r=pg\",\"contentUrl\":\"https:\/\/secure.gravatar.com\/avatar\/42263f39aa27ac04c43cab85c280eb2e?s=96&d=mm&r=pg\",\"caption\":\"Kul\"},\"logo\":{\"@id\":\"https:\/\/sandzakpress.net\/arhiva\/#\/schema\/person\/image\/\"}},{\"@type\":\"Person\",\"@id\":\"https:\/\/sandzakpress.net\/arhiva\/#\/schema\/person\/c8baee722073534b583ea7bdb2e36c02\",\"name\":\"bosniak\",\"image\":{\"@type\":\"ImageObject\",\"inLanguage\":\"bs-BA\",\"@id\":\"https:\/\/sandzakpress.net\/arhiva\/#\/schema\/person\/image\/\",\"url\":\"https:\/\/secure.gravatar.com\/avatar\/a04fd330bfe3a36a72a0ad4a6d89fca7?s=96&d=mm&r=pg\",\"contentUrl\":\"https:\/\/secure.gravatar.com\/avatar\/a04fd330bfe3a36a72a0ad4a6d89fca7?s=96&d=mm&r=pg\",\"caption\":\"bosniak\"},\"url\":\"https:\/\/sandzakpress.net\/arhiva\/author\/bosniak\/\"}]}<\/script>\n<!-- \/ Yoast SEO Premium plugin. -->","yoast_head_json":{"title":"Nastavlja se haos u Turskoj: Naoru\u017eani mu\u0161karci upali u sjedi\u0161te Erdoganove stranke","robots":{"index":"index","follow":"follow","max-snippet":"max-snippet:-1","max-image-preview":"max-image-preview:large","max-video-preview":"max-video-preview:-1"},"canonical":"https:\/\/sandzakpress.net\/arhiva\/nastavlja-se-haos-u-turskoj-naoruzani-muskarci-upali-u-sjediste-erdoganove-stranke\/","og_locale":"bs_BA","og_type":"article","og_title":"Nastavlja se haos u Turskoj: Naoru\u017eani mu\u0161karci upali u sjedi\u0161te Erdoganove stranke","og_description":"Turska &#8211; U Turskoj opet nova drama. Dvojica naoru\u017eanih mu\u0161karaca upala su danas u Istanbulu u sredi\u0161te Stranke razvoja pravde i razvoja (AKP) turskog predsjednika Recepa Tayyipa Erdogana. https:\/\/youtu.be\/AV6tznpz5r4 Jedan od mu\u0161karaca razbio je staklo na najvi\u0161em katu zgrade i izvjesio tursku zastavu. Mu\u0161karci su naredili ljudima da napuste zgradu, javlja Fena. Me\u0111utim, ubrzo su [&hellip;]","og_url":"https:\/\/sandzakpress.net\/arhiva\/nastavlja-se-haos-u-turskoj-naoruzani-muskarci-upali-u-sjediste-erdoganove-stranke\/","og_site_name":"Sand\u017eak PRESS","article_published_time":"2015-04-01T11:20:44+00:00","og_image":[{"width":480,"height":360,"url":"https:\/\/sandzakpress.net\/arhiva\/wp-content\/uploads\/2015\/04\/0.jpg","type":"image\/jpeg"}],"author":"bosniak","twitter_card":"summary_large_image","twitter_misc":{"Written by":"bosniak","Est. reading time":"1 minuta"},"schema":{"@context":"https:\/\/schema.org","@graph":[{"@type":"Article","@id":"https:\/\/sandzakpress.net\/arhiva\/nastavlja-se-haos-u-turskoj-naoruzani-muskarci-upali-u-sjediste-erdoganove-stranke\/#article","isPartOf":{"@id":"https:\/\/sandzakpress.net\/arhiva\/nastavlja-se-haos-u-turskoj-naoruzani-muskarci-upali-u-sjediste-erdoganove-stranke\/"},"author":{"name":"bosniak","@id":"https:\/\/sandzakpress.net\/arhiva\/#\/schema\/person\/c8baee722073534b583ea7bdb2e36c02"},"headline":"Nastavlja se haos u Turskoj: Naoru\u017eani mu\u0161karci upali u sjedi\u0161te Erdoganove stranke","datePublished":"2015-04-01T11:20:44+00:00","mainEntityOfPage":{"@id":"https:\/\/sandzakpress.net\/arhiva\/nastavlja-se-haos-u-turskoj-naoruzani-muskarci-upali-u-sjediste-erdoganove-stranke\/"},"wordCount":161,"commentCount":12,"publisher":{"@id":"https:\/\/sandzakpress.net\/arhiva\/#\/schema\/person\/6e72b67d6e51910a1117b3b483ba20bd"},"image":{"@id":"https:\/\/sandzakpress.net\/arhiva\/nastavlja-se-haos-u-turskoj-naoruzani-muskarci-upali-u-sjediste-erdoganove-stranke\/#primaryimage"},"thumbnailUrl":"https:\/\/sandzakpress.net\/arhiva\/wp-content\/uploads\/2015\/04\/0.jpg","articleSection":["Svijet","VIJESTI DANA","NAJNOVIJE","Turska"],"inLanguage":"bs-BA","potentialAction":[{"@type":"CommentAction","name":"Comment","target":["https:\/\/sandzakpress.net\/arhiva\/nastavlja-se-haos-u-turskoj-naoruzani-muskarci-upali-u-sjediste-erdoganove-stranke\/#respond"]}]},{"@type":"WebPage","@id":"https:\/\/sandzakpress.net\/arhiva\/nastavlja-se-haos-u-turskoj-naoruzani-muskarci-upali-u-sjediste-erdoganove-stranke\/","url":"https:\/\/sandzakpress.net\/arhiva\/nastavlja-se-haos-u-turskoj-naoruzani-muskarci-upali-u-sjediste-erdoganove-stranke\/","name":"Nastavlja se haos u Turskoj: Naoru\u017eani mu\u0161karci upali u sjedi\u0161te Erdoganove stranke","isPartOf":{"@id":"https:\/\/sandzakpress.net\/arhiva\/#website"},"primaryImageOfPage":{"@id":"https:\/\/sandzakpress.net\/arhiva\/nastavlja-se-haos-u-turskoj-naoruzani-muskarci-upali-u-sjediste-erdoganove-stranke\/#primaryimage"},"image":{"@id":"https:\/\/sandzakpress.net\/arhiva\/nastavlja-se-haos-u-turskoj-naoruzani-muskarci-upali-u-sjediste-erdoganove-stranke\/#primaryimage"},"thumbnailUrl":"https:\/\/sandzakpress.net\/arhiva\/wp-content\/uploads\/2015\/04\/0.jpg","datePublished":"2015-04-01T11:20:44+00:00","breadcrumb":{"@id":"https:\/\/sandzakpress.net\/arhiva\/nastavlja-se-haos-u-turskoj-naoruzani-muskarci-upali-u-sjediste-erdoganove-stranke\/#breadcrumb"},"inLanguage":"bs-BA","potentialAction":[{"@type":"ReadAction","target":["https:\/\/sandzakpress.net\/arhiva\/nastavlja-se-haos-u-turskoj-naoruzani-muskarci-upali-u-sjediste-erdoganove-stranke\/"]}]},{"@type":"ImageObject","inLanguage":"bs-BA","@id":"https:\/\/sandzakpress.net\/arhiva\/nastavlja-se-haos-u-turskoj-naoruzani-muskarci-upali-u-sjediste-erdoganove-stranke\/#primaryimage","url":"https:\/\/sandzakpress.net\/arhiva\/wp-content\/uploads\/2015\/04\/0.jpg","contentUrl":"https:\/\/sandzakpress.net\/arhiva\/wp-content\/uploads\/2015\/04\/0.jpg","width":480,"height":360},{"@type":"BreadcrumbList","@id":"https:\/\/sandzakpress.net\/arhiva\/nastavlja-se-haos-u-turskoj-naoruzani-muskarci-upali-u-sjediste-erdoganove-stranke\/#breadcrumb","itemListElement":[{"@type":"ListItem","position":1,"name":"Home","item":"https:\/\/sandzakpress.net\/arhiva\/"},{"@type":"ListItem","position":2,"name":"Nastavlja se haos u Turskoj: Naoru\u017eani mu\u0161karci upali u sjedi\u0161te Erdoganove stranke"}]},{"@type":"WebSite","@id":"https:\/\/sandzakpress.net\/arhiva\/#website","url":"https:\/\/sandzakpress.net\/arhiva\/","name":"Sand\u017eak PRESS","description":"Prve elektronske novine u Sand\u017eaku","publisher":{"@id":"https:\/\/sandzakpress.net\/arhiva\/#\/schema\/person\/6e72b67d6e51910a1117b3b483ba20bd"},"potentialAction":[{"@type":"SearchAction","target":{"@type":"EntryPoint","urlTemplate":"https:\/\/sandzakpress.net\/arhiva\/?s={search_term_string}"},"query-input":{"@type":"PropertyValueSpecification","valueRequired":true,"valueName":"search_term_string"}}],"inLanguage":"bs-BA"},{"@type":["Person","Organization"],"@id":"https:\/\/sandzakpress.net\/arhiva\/#\/schema\/person\/6e72b67d6e51910a1117b3b483ba20bd","name":"Kul","image":{"@type":"ImageObject","inLanguage":"bs-BA","@id":"https:\/\/sandzakpress.net\/arhiva\/#\/schema\/person\/image\/","url":"https:\/\/secure.gravatar.com\/avatar\/42263f39aa27ac04c43cab85c280eb2e?s=96&d=mm&r=pg","contentUrl":"https:\/\/secure.gravatar.com\/avatar\/42263f39aa27ac04c43cab85c280eb2e?s=96&d=mm&r=pg","caption":"Kul"},"logo":{"@id":"https:\/\/sandzakpress.net\/arhiva\/#\/schema\/person\/image\/"}},{"@type":"Person","@id":"https:\/\/sandzakpress.net\/arhiva\/#\/schema\/person\/c8baee722073534b583ea7bdb2e36c02","name":"bosniak","image":{"@type":"ImageObject","inLanguage":"bs-BA","@id":"https:\/\/sandzakpress.net\/arhiva\/#\/schema\/person\/image\/","url":"https:\/\/secure.gravatar.com\/avatar\/a04fd330bfe3a36a72a0ad4a6d89fca7?s=96&d=mm&r=pg","contentUrl":"https:\/\/secure.gravatar.com\/avatar\/a04fd330bfe3a36a72a0ad4a6d89fca7?s=96&d=mm&r=pg","caption":"bosniak"},"url":"https:\/\/sandzakpress.net\/arhiva\/author\/bosniak\/"}]}},"_links":{"self":[{"href":"https:\/\/sandzakpress.net\/arhiva\/wp-json\/wp\/v2\/posts\/125990"}],"collection":[{"href":"https:\/\/sandzakpress.net\/arhiva\/wp-json\/wp\/v2\/posts"}],"about":[{"href":"https:\/\/sandzakpress.net\/arhiva\/wp-json\/wp\/v2\/types\/post"}],"author":[{"embeddable":true,"href":"https:\/\/sandzakpress.net\/arhiva\/wp-json\/wp\/v2\/users\/83"}],"replies":[{"embeddable":true,"href":"https:\/\/sandzakpress.net\/arhiva\/wp-json\/wp\/v2\/comments?post=125990"}],"version-history":[{"count":0,"href":"https:\/\/sandzakpress.net\/arhiva\/wp-json\/wp\/v2\/posts\/125990\/revisions"}],"wp:featuredmedia":[{"embeddable":true,"href":"https:\/\/sandzakpress.net\/arhiva\/wp-json\/wp\/v2\/media\/125991"}],"wp:attachment":[{"href":"https:\/\/sandzakpress.net\/arhiva\/wp-json\/wp\/v2\/media?parent=125990"}],"wp:term":[{"taxonomy":"category","embeddable":true,"href":"https:\/\/sandzakpress.net\/arhiva\/wp-json\/wp\/v2\/categories?post=125990"},{"taxonomy":"post_tag","embeddable":true,"href":"https:\/\/sandzakpress.net\/arhiva\/wp-json\/wp\/v2\/tags?post=125990"}],"curies":[{"name":"wp","href":"https:\/\/api.w.org\/{rel}","templated":true}]}}