{"id":125979,"date":"2015-04-01T10:35:23","date_gmt":"2015-04-01T08:35:23","guid":{"rendered":"https:\/\/sandzakpress.net\/arhiva\/?p=125979"},"modified":"2015-04-01T10:35:23","modified_gmt":"2015-04-01T08:35:23","slug":"erdoan-poginjemo-se-samo-pred-allahom","status":"publish","type":"post","link":"https:\/\/sandzakpress.net\/arhiva\/erdoan-poginjemo-se-samo-pred-allahom\/","title":{"rendered":"Erdoan: Poginjemo se samo pred Allahom"},"content":{"rendered":"<p><strong><img loading=\"lazy\" decoding=\"async\" class=\"aligncenter size-full wp-image-125980\" src=\"https:\/\/sandzakpress.net\/arhiva\/wp-content\/uploads\/2015\/04\/Erdogan.jpg\" alt=\"Erdogan\" width=\"640\" height=\"413\" srcset=\"https:\/\/sandzakpress.net\/arhiva\/wp-content\/uploads\/2015\/04\/Erdogan.jpg 640w, https:\/\/sandzakpress.net\/arhiva\/wp-content\/uploads\/2015\/04\/Erdogan-616x398.jpg 616w\" sizes=\"(max-width: 640px) 100vw, 640px\" \/>Turska &#8211; Turski predsjednik Red\u017eep Taip Erdoan u svom obra\u0107anju stanovnicima Tokata u istanbul\u0161koj dvorani Sinan Erdem je kazao da \u010dovjeku ne prili\u010di da se poginje i savija pred bilo kim drugim osim pred Uzvi\u0161enim Allahom.<\/strong><\/p>\n<p>On je jo\u0161 kazao: \u201cHvala pripada Allahu, nemojte se brinuti. Nama ne prili\u010di da se pred bilo kime poklanjamo i savijamo, mi se samo savijamo u namazu, kada idemo na ruku\u2019 i sed\u017edu Allahu. Na\u0161a bra\u0107a koji \u017eive u ovom kraju svijeta, svi stoje uz nas i to nam je dovoljno\u201d.<\/p>\n<p>\u201cOno \u0161to smo pro\u0161li u posljednjih 12 godina je dio borbe stare hiljadu godina.Doga\u0111aji u Siriji, Iraku, Egiptu, Palestini i Libiji su njen dio\u201d. U svom obra\u0107anju on se zahvalio stanovnicima Tokata na sna\u017enoj podr\u0161ci tokom predsjedni\u010dkih izbora, mole\u0107i Allaha da sa\u010duva njihovo jedinstvo, solidarnost i bratstvo.<\/p>\n<p>(IslamBosna)<\/p>\n","protected":false},"excerpt":{"rendered":"<p>Turska &#8211; Turski predsjednik Red\u017eep Taip Erdoan u svom obra\u0107anju stanovnicima Tokata u istanbul\u0161koj dvorani Sinan Erdem je kazao da \u010dovjeku ne prili\u010di da se poginje i savija pred bilo kim drugim osim pred Uzvi\u0161enim Allahom. On je jo\u0161 kazao: \u201cHvala pripada Allahu, nemojte se brinuti. Nama ne prili\u010di da se pred bilo kime poklanjamo [&hellip;]<\/p>\n","protected":false},"author":83,"featured_media":125980,"comment_status":"open","ping_status":"open","sticky":false,"template":"","format":"standard","meta":{"footnotes":""},"categories":[9,798,2692],"tags":[],"class_list":{"0":"post-125979","1":"post","2":"type-post","3":"status-publish","4":"format-standard","5":"has-post-thumbnail","7":"category-svijet","8":"category-teme","9":"category-turska-gradovi"},"yoast_head":"<!-- This site is optimized with the Yoast SEO Premium plugin v23.1 (Yoast SEO v24.9) - https:\/\/yoast.com\/wordpress\/plugins\/seo\/ -->\n<title>Erdoan: Poginjemo se samo pred Allahom<\/title>\n<meta name=\"robots\" content=\"index, follow, max-snippet:-1, max-image-preview:large, max-video-preview:-1\" \/>\n<link rel=\"canonical\" href=\"https:\/\/sandzakpress.net\/arhiva\/erdoan-poginjemo-se-samo-pred-allahom\/\" \/>\n<meta property=\"og:locale\" content=\"bs_BA\" \/>\n<meta property=\"og:type\" content=\"article\" \/>\n<meta property=\"og:title\" content=\"Erdoan: Poginjemo se samo pred Allahom\" \/>\n<meta property=\"og:description\" content=\"Turska &#8211; Turski predsjednik Red\u017eep Taip Erdoan u svom obra\u0107anju stanovnicima Tokata u istanbul\u0161koj dvorani Sinan Erdem je kazao da \u010dovjeku ne prili\u010di da se poginje i savija pred bilo kim drugim osim pred Uzvi\u0161enim Allahom. On je jo\u0161 kazao: \u201cHvala pripada Allahu, nemojte se brinuti. Nama ne prili\u010di da se pred bilo kime poklanjamo [&hellip;]\" \/>\n<meta property=\"og:url\" content=\"https:\/\/sandzakpress.net\/arhiva\/erdoan-poginjemo-se-samo-pred-allahom\/\" \/>\n<meta property=\"og:site_name\" content=\"Sand\u017eak PRESS\" \/>\n<meta property=\"article:published_time\" content=\"2015-04-01T08:35:23+00:00\" \/>\n<meta property=\"og:image\" content=\"https:\/\/sandzakpress.net\/arhiva\/wp-content\/uploads\/2015\/04\/Erdogan.jpg\" \/>\n\t<meta property=\"og:image:width\" content=\"640\" \/>\n\t<meta property=\"og:image:height\" content=\"413\" \/>\n\t<meta property=\"og:image:type\" content=\"image\/jpeg\" \/>\n<meta name=\"author\" content=\"bosniak\" \/>\n<meta name=\"twitter:card\" content=\"summary_large_image\" \/>\n<meta name=\"twitter:label1\" content=\"Written by\" \/>\n\t<meta name=\"twitter:data1\" content=\"bosniak\" \/>\n\t<meta name=\"twitter:label2\" content=\"Est. reading time\" \/>\n\t<meta name=\"twitter:data2\" content=\"1 minuta\" \/>\n<script type=\"application\/ld+json\" class=\"yoast-schema-graph\">{\"@context\":\"https:\/\/schema.org\",\"@graph\":[{\"@type\":\"Article\",\"@id\":\"https:\/\/sandzakpress.net\/arhiva\/erdoan-poginjemo-se-samo-pred-allahom\/#article\",\"isPartOf\":{\"@id\":\"https:\/\/sandzakpress.net\/arhiva\/erdoan-poginjemo-se-samo-pred-allahom\/\"},\"author\":{\"name\":\"bosniak\",\"@id\":\"https:\/\/sandzakpress.net\/arhiva\/#\/schema\/person\/c8baee722073534b583ea7bdb2e36c02\"},\"headline\":\"Erdoan: Poginjemo se samo pred Allahom\",\"datePublished\":\"2015-04-01T08:35:23+00:00\",\"mainEntityOfPage\":{\"@id\":\"https:\/\/sandzakpress.net\/arhiva\/erdoan-poginjemo-se-samo-pred-allahom\/\"},\"wordCount\":158,\"commentCount\":2,\"publisher\":{\"@id\":\"https:\/\/sandzakpress.net\/arhiva\/#\/schema\/person\/6e72b67d6e51910a1117b3b483ba20bd\"},\"image\":{\"@id\":\"https:\/\/sandzakpress.net\/arhiva\/erdoan-poginjemo-se-samo-pred-allahom\/#primaryimage\"},\"thumbnailUrl\":\"https:\/\/sandzakpress.net\/arhiva\/wp-content\/uploads\/2015\/04\/Erdogan.jpg\",\"articleSection\":[\"Svijet\",\"NAJNOVIJE\",\"Turska\"],\"inLanguage\":\"bs-BA\",\"potentialAction\":[{\"@type\":\"CommentAction\",\"name\":\"Comment\",\"target\":[\"https:\/\/sandzakpress.net\/arhiva\/erdoan-poginjemo-se-samo-pred-allahom\/#respond\"]}]},{\"@type\":\"WebPage\",\"@id\":\"https:\/\/sandzakpress.net\/arhiva\/erdoan-poginjemo-se-samo-pred-allahom\/\",\"url\":\"https:\/\/sandzakpress.net\/arhiva\/erdoan-poginjemo-se-samo-pred-allahom\/\",\"name\":\"Erdoan: Poginjemo se samo pred Allahom\",\"isPartOf\":{\"@id\":\"https:\/\/sandzakpress.net\/arhiva\/#website\"},\"primaryImageOfPage\":{\"@id\":\"https:\/\/sandzakpress.net\/arhiva\/erdoan-poginjemo-se-samo-pred-allahom\/#primaryimage\"},\"image\":{\"@id\":\"https:\/\/sandzakpress.net\/arhiva\/erdoan-poginjemo-se-samo-pred-allahom\/#primaryimage\"},\"thumbnailUrl\":\"https:\/\/sandzakpress.net\/arhiva\/wp-content\/uploads\/2015\/04\/Erdogan.jpg\",\"datePublished\":\"2015-04-01T08:35:23+00:00\",\"breadcrumb\":{\"@id\":\"https:\/\/sandzakpress.net\/arhiva\/erdoan-poginjemo-se-samo-pred-allahom\/#breadcrumb\"},\"inLanguage\":\"bs-BA\",\"potentialAction\":[{\"@type\":\"ReadAction\",\"target\":[\"https:\/\/sandzakpress.net\/arhiva\/erdoan-poginjemo-se-samo-pred-allahom\/\"]}]},{\"@type\":\"ImageObject\",\"inLanguage\":\"bs-BA\",\"@id\":\"https:\/\/sandzakpress.net\/arhiva\/erdoan-poginjemo-se-samo-pred-allahom\/#primaryimage\",\"url\":\"https:\/\/sandzakpress.net\/arhiva\/wp-content\/uploads\/2015\/04\/Erdogan.jpg\",\"contentUrl\":\"https:\/\/sandzakpress.net\/arhiva\/wp-content\/uploads\/2015\/04\/Erdogan.jpg\",\"width\":640,\"height\":413},{\"@type\":\"BreadcrumbList\",\"@id\":\"https:\/\/sandzakpress.net\/arhiva\/erdoan-poginjemo-se-samo-pred-allahom\/#breadcrumb\",\"itemListElement\":[{\"@type\":\"ListItem\",\"position\":1,\"name\":\"Home\",\"item\":\"https:\/\/sandzakpress.net\/arhiva\/\"},{\"@type\":\"ListItem\",\"position\":2,\"name\":\"Erdoan: Poginjemo se samo pred Allahom\"}]},{\"@type\":\"WebSite\",\"@id\":\"https:\/\/sandzakpress.net\/arhiva\/#website\",\"url\":\"https:\/\/sandzakpress.net\/arhiva\/\",\"name\":\"Sand\u017eak PRESS\",\"description\":\"Prve elektronske novine u Sand\u017eaku\",\"publisher\":{\"@id\":\"https:\/\/sandzakpress.net\/arhiva\/#\/schema\/person\/6e72b67d6e51910a1117b3b483ba20bd\"},\"potentialAction\":[{\"@type\":\"SearchAction\",\"target\":{\"@type\":\"EntryPoint\",\"urlTemplate\":\"https:\/\/sandzakpress.net\/arhiva\/?s={search_term_string}\"},\"query-input\":{\"@type\":\"PropertyValueSpecification\",\"valueRequired\":true,\"valueName\":\"search_term_string\"}}],\"inLanguage\":\"bs-BA\"},{\"@type\":[\"Person\",\"Organization\"],\"@id\":\"https:\/\/sandzakpress.net\/arhiva\/#\/schema\/person\/6e72b67d6e51910a1117b3b483ba20bd\",\"name\":\"Kul\",\"image\":{\"@type\":\"ImageObject\",\"inLanguage\":\"bs-BA\",\"@id\":\"https:\/\/sandzakpress.net\/arhiva\/#\/schema\/person\/image\/\",\"url\":\"https:\/\/secure.gravatar.com\/avatar\/42263f39aa27ac04c43cab85c280eb2e?s=96&d=mm&r=pg\",\"contentUrl\":\"https:\/\/secure.gravatar.com\/avatar\/42263f39aa27ac04c43cab85c280eb2e?s=96&d=mm&r=pg\",\"caption\":\"Kul\"},\"logo\":{\"@id\":\"https:\/\/sandzakpress.net\/arhiva\/#\/schema\/person\/image\/\"}},{\"@type\":\"Person\",\"@id\":\"https:\/\/sandzakpress.net\/arhiva\/#\/schema\/person\/c8baee722073534b583ea7bdb2e36c02\",\"name\":\"bosniak\",\"image\":{\"@type\":\"ImageObject\",\"inLanguage\":\"bs-BA\",\"@id\":\"https:\/\/sandzakpress.net\/arhiva\/#\/schema\/person\/image\/\",\"url\":\"https:\/\/secure.gravatar.com\/avatar\/a04fd330bfe3a36a72a0ad4a6d89fca7?s=96&d=mm&r=pg\",\"contentUrl\":\"https:\/\/secure.gravatar.com\/avatar\/a04fd330bfe3a36a72a0ad4a6d89fca7?s=96&d=mm&r=pg\",\"caption\":\"bosniak\"},\"url\":\"https:\/\/sandzakpress.net\/arhiva\/author\/bosniak\/\"}]}<\/script>\n<!-- \/ Yoast SEO Premium plugin. -->","yoast_head_json":{"title":"Erdoan: Poginjemo se samo pred Allahom","robots":{"index":"index","follow":"follow","max-snippet":"max-snippet:-1","max-image-preview":"max-image-preview:large","max-video-preview":"max-video-preview:-1"},"canonical":"https:\/\/sandzakpress.net\/arhiva\/erdoan-poginjemo-se-samo-pred-allahom\/","og_locale":"bs_BA","og_type":"article","og_title":"Erdoan: Poginjemo se samo pred Allahom","og_description":"Turska &#8211; Turski predsjednik Red\u017eep Taip Erdoan u svom obra\u0107anju stanovnicima Tokata u istanbul\u0161koj dvorani Sinan Erdem je kazao da \u010dovjeku ne prili\u010di da se poginje i savija pred bilo kim drugim osim pred Uzvi\u0161enim Allahom. On je jo\u0161 kazao: \u201cHvala pripada Allahu, nemojte se brinuti. Nama ne prili\u010di da se pred bilo kime poklanjamo [&hellip;]","og_url":"https:\/\/sandzakpress.net\/arhiva\/erdoan-poginjemo-se-samo-pred-allahom\/","og_site_name":"Sand\u017eak PRESS","article_published_time":"2015-04-01T08:35:23+00:00","og_image":[{"width":640,"height":413,"url":"https:\/\/sandzakpress.net\/arhiva\/wp-content\/uploads\/2015\/04\/Erdogan.jpg","type":"image\/jpeg"}],"author":"bosniak","twitter_card":"summary_large_image","twitter_misc":{"Written by":"bosniak","Est. reading time":"1 minuta"},"schema":{"@context":"https:\/\/schema.org","@graph":[{"@type":"Article","@id":"https:\/\/sandzakpress.net\/arhiva\/erdoan-poginjemo-se-samo-pred-allahom\/#article","isPartOf":{"@id":"https:\/\/sandzakpress.net\/arhiva\/erdoan-poginjemo-se-samo-pred-allahom\/"},"author":{"name":"bosniak","@id":"https:\/\/sandzakpress.net\/arhiva\/#\/schema\/person\/c8baee722073534b583ea7bdb2e36c02"},"headline":"Erdoan: Poginjemo se samo pred Allahom","datePublished":"2015-04-01T08:35:23+00:00","mainEntityOfPage":{"@id":"https:\/\/sandzakpress.net\/arhiva\/erdoan-poginjemo-se-samo-pred-allahom\/"},"wordCount":158,"commentCount":2,"publisher":{"@id":"https:\/\/sandzakpress.net\/arhiva\/#\/schema\/person\/6e72b67d6e51910a1117b3b483ba20bd"},"image":{"@id":"https:\/\/sandzakpress.net\/arhiva\/erdoan-poginjemo-se-samo-pred-allahom\/#primaryimage"},"thumbnailUrl":"https:\/\/sandzakpress.net\/arhiva\/wp-content\/uploads\/2015\/04\/Erdogan.jpg","articleSection":["Svijet","NAJNOVIJE","Turska"],"inLanguage":"bs-BA","potentialAction":[{"@type":"CommentAction","name":"Comment","target":["https:\/\/sandzakpress.net\/arhiva\/erdoan-poginjemo-se-samo-pred-allahom\/#respond"]}]},{"@type":"WebPage","@id":"https:\/\/sandzakpress.net\/arhiva\/erdoan-poginjemo-se-samo-pred-allahom\/","url":"https:\/\/sandzakpress.net\/arhiva\/erdoan-poginjemo-se-samo-pred-allahom\/","name":"Erdoan: Poginjemo se samo pred Allahom","isPartOf":{"@id":"https:\/\/sandzakpress.net\/arhiva\/#website"},"primaryImageOfPage":{"@id":"https:\/\/sandzakpress.net\/arhiva\/erdoan-poginjemo-se-samo-pred-allahom\/#primaryimage"},"image":{"@id":"https:\/\/sandzakpress.net\/arhiva\/erdoan-poginjemo-se-samo-pred-allahom\/#primaryimage"},"thumbnailUrl":"https:\/\/sandzakpress.net\/arhiva\/wp-content\/uploads\/2015\/04\/Erdogan.jpg","datePublished":"2015-04-01T08:35:23+00:00","breadcrumb":{"@id":"https:\/\/sandzakpress.net\/arhiva\/erdoan-poginjemo-se-samo-pred-allahom\/#breadcrumb"},"inLanguage":"bs-BA","potentialAction":[{"@type":"ReadAction","target":["https:\/\/sandzakpress.net\/arhiva\/erdoan-poginjemo-se-samo-pred-allahom\/"]}]},{"@type":"ImageObject","inLanguage":"bs-BA","@id":"https:\/\/sandzakpress.net\/arhiva\/erdoan-poginjemo-se-samo-pred-allahom\/#primaryimage","url":"https:\/\/sandzakpress.net\/arhiva\/wp-content\/uploads\/2015\/04\/Erdogan.jpg","contentUrl":"https:\/\/sandzakpress.net\/arhiva\/wp-content\/uploads\/2015\/04\/Erdogan.jpg","width":640,"height":413},{"@type":"BreadcrumbList","@id":"https:\/\/sandzakpress.net\/arhiva\/erdoan-poginjemo-se-samo-pred-allahom\/#breadcrumb","itemListElement":[{"@type":"ListItem","position":1,"name":"Home","item":"https:\/\/sandzakpress.net\/arhiva\/"},{"@type":"ListItem","position":2,"name":"Erdoan: Poginjemo se samo pred Allahom"}]},{"@type":"WebSite","@id":"https:\/\/sandzakpress.net\/arhiva\/#website","url":"https:\/\/sandzakpress.net\/arhiva\/","name":"Sand\u017eak PRESS","description":"Prve elektronske novine u Sand\u017eaku","publisher":{"@id":"https:\/\/sandzakpress.net\/arhiva\/#\/schema\/person\/6e72b67d6e51910a1117b3b483ba20bd"},"potentialAction":[{"@type":"SearchAction","target":{"@type":"EntryPoint","urlTemplate":"https:\/\/sandzakpress.net\/arhiva\/?s={search_term_string}"},"query-input":{"@type":"PropertyValueSpecification","valueRequired":true,"valueName":"search_term_string"}}],"inLanguage":"bs-BA"},{"@type":["Person","Organization"],"@id":"https:\/\/sandzakpress.net\/arhiva\/#\/schema\/person\/6e72b67d6e51910a1117b3b483ba20bd","name":"Kul","image":{"@type":"ImageObject","inLanguage":"bs-BA","@id":"https:\/\/sandzakpress.net\/arhiva\/#\/schema\/person\/image\/","url":"https:\/\/secure.gravatar.com\/avatar\/42263f39aa27ac04c43cab85c280eb2e?s=96&d=mm&r=pg","contentUrl":"https:\/\/secure.gravatar.com\/avatar\/42263f39aa27ac04c43cab85c280eb2e?s=96&d=mm&r=pg","caption":"Kul"},"logo":{"@id":"https:\/\/sandzakpress.net\/arhiva\/#\/schema\/person\/image\/"}},{"@type":"Person","@id":"https:\/\/sandzakpress.net\/arhiva\/#\/schema\/person\/c8baee722073534b583ea7bdb2e36c02","name":"bosniak","image":{"@type":"ImageObject","inLanguage":"bs-BA","@id":"https:\/\/sandzakpress.net\/arhiva\/#\/schema\/person\/image\/","url":"https:\/\/secure.gravatar.com\/avatar\/a04fd330bfe3a36a72a0ad4a6d89fca7?s=96&d=mm&r=pg","contentUrl":"https:\/\/secure.gravatar.com\/avatar\/a04fd330bfe3a36a72a0ad4a6d89fca7?s=96&d=mm&r=pg","caption":"bosniak"},"url":"https:\/\/sandzakpress.net\/arhiva\/author\/bosniak\/"}]}},"_links":{"self":[{"href":"https:\/\/sandzakpress.net\/arhiva\/wp-json\/wp\/v2\/posts\/125979"}],"collection":[{"href":"https:\/\/sandzakpress.net\/arhiva\/wp-json\/wp\/v2\/posts"}],"about":[{"href":"https:\/\/sandzakpress.net\/arhiva\/wp-json\/wp\/v2\/types\/post"}],"author":[{"embeddable":true,"href":"https:\/\/sandzakpress.net\/arhiva\/wp-json\/wp\/v2\/users\/83"}],"replies":[{"embeddable":true,"href":"https:\/\/sandzakpress.net\/arhiva\/wp-json\/wp\/v2\/comments?post=125979"}],"version-history":[{"count":0,"href":"https:\/\/sandzakpress.net\/arhiva\/wp-json\/wp\/v2\/posts\/125979\/revisions"}],"wp:featuredmedia":[{"embeddable":true,"href":"https:\/\/sandzakpress.net\/arhiva\/wp-json\/wp\/v2\/media\/125980"}],"wp:attachment":[{"href":"https:\/\/sandzakpress.net\/arhiva\/wp-json\/wp\/v2\/media?parent=125979"}],"wp:term":[{"taxonomy":"category","embeddable":true,"href":"https:\/\/sandzakpress.net\/arhiva\/wp-json\/wp\/v2\/categories?post=125979"},{"taxonomy":"post_tag","embeddable":true,"href":"https:\/\/sandzakpress.net\/arhiva\/wp-json\/wp\/v2\/tags?post=125979"}],"curies":[{"name":"wp","href":"https:\/\/api.w.org\/{rel}","templated":true}]}}