{"id":125973,"date":"2015-04-01T10:30:43","date_gmt":"2015-04-01T08:30:43","guid":{"rendered":"https:\/\/sandzakpress.net\/arhiva\/?p=125973"},"modified":"2015-04-01T10:30:43","modified_gmt":"2015-04-01T08:30:43","slug":"talacka-kriza-u-istanbulu-tuzilac-preminuo-otmicari-ubijeni","status":"publish","type":"post","link":"https:\/\/sandzakpress.net\/arhiva\/talacka-kriza-u-istanbulu-tuzilac-preminuo-otmicari-ubijeni\/","title":{"rendered":"Tala\u010dka kriza u Istanbulu: Tu\u017eilac preminuo, otmi\u010dari ubijeni"},"content":{"rendered":"<p><img decoding=\"async\" src=\"http:\/\/www.muskiportal.com\/wp-content\/uploads\/2015\/03\/Talacka-kriza-istanbul.jpg\" alt=\"\" \/><\/p>\n<p><strong>Turska &#8211; Pripadnici zabranjene radikalne ljevi\u010darske grupe ubijeni su, a tu\u017eilac kojeg su dr\u017eali kao taoca preminuo je nakon ranjavanja u policijskoj operaciji u zgradi istanbulskog suda, javio je iz Istanbula reporter Al Jazeere Harun Kar\u010di\u0107.<\/strong><\/p>\n<p>Turski predsjednik Recep Tayyip Erdogan izjavio je da je tu\u017eilac Mehmet Selim Kiraz upucan pet puta, od toga tri puta u glavu, nakon \u010dega je ambulantnim kolima prevezen na operaciju u bolnicu Florence Nightingale.<\/p>\n<p>Dodao je da su otmi\u010dari u\u0161li u kancelariju tu\u017eioca \u201enose\u0107i advokatske odore\u201c.<\/p>\n<p>U 19:30 sati po lokalnom vremenu, odjeknule su dvije sna\u017ene eksplozije u Palati pravde, gdje se nalazi ured tu\u017eioca, a uslijedila je dvadesetominutna razmjena vatre tokom koje je ispaljeno najmanje 100 metaka, javio je Kar\u010di\u0107.<\/p>\n<p><iframe loading=\"lazy\" title=\"Kar\u010di\u0107 o okon\u010danju tala\u010dke krize u Istanbulu\" width=\"696\" height=\"392\" src=\"https:\/\/www.youtube.com\/embed\/cys3rjrfHLg?feature=oembed\" frameborder=\"0\" allow=\"accelerometer; autoplay; encrypted-media; gyroscope; picture-in-picture\" allowfullscreen><\/iframe><\/p>\n<p>Erdogan je tokom posjete Rumuniji istakao da je potrebno pa\u017eljivo razmotriti ovaj slu\u010daj, javlja Anadolija.<\/p>\n<p>&#8220;Nakon ovoga \u0161to se desilo, potrebno je razgovarati o pitanjima kao \u0161to su ulazak advokata i drugih uposlenika u sudove i kojim procedurama \u0107e biti podvrgnuti. Potrebno je sve ovo detaljno razmotriti.&#8221;<\/p>\n<p><strong>Zahtjevi grupe<\/strong><\/p>\n<p>Marksisti\u010dka Revolucionarna narodnooslobodila\u010dka partija-Front (DHKP-C) ranije je zaprijetila da \u0107e ubiti Kiraza ukoliko ne budu ispunjeni njihovi zahtjevi vezani za slu\u010daj tinejd\u017eera Berkina Elvana koji je stradao tokom protesta u Gezi parku.<\/p>\n<p>Policijski tim nekoliko sati je pregovarao sa mu\u0161karcima koji su dr\u017eali Kiraza u njegovom uredu.<\/p>\n<p>DHKP-C je objavio fotografiju tu\u017eioca s prislonjenim pi\u0161toljem na \u010delu.<\/p>\n<p>Grupa je Kirazu, koji je vodio istragu o slu\u010daju Elvana, bila dala rok do 15 sati i 36 minuta po lokalnom vremenu da saop\u0107i identitet policajaca za koje tvrde da stoje iza ubistva mladi\u0107a, ili \u0107e biti ubijen.<\/p>\n<p>DHKP-C je na svojoj internetskoj stranici objavio da \u017eeli da policajac kojeg krive za Elvanovu smrt to prizna na televiziji, da se policajcima umije\u0161anim u slu\u010daj sudi na &#8220;narodnim sudovima&#8221; te da se optu\u017ee protiv onih koji su u\u010destvovali na protestima za Elvana odbace.<\/p>\n<p>&#8220;Elvan je ranjen na protestima 2013. godine, nakon \u010dega je pao u komu. Preminuo je pro\u0161le godine u martu, a tu\u017eilac je radio na slu\u010daju nekoliko mjeseci&#8221;, izvje\u0161tava Kar\u010di\u0107.<\/p>\n<p>Napada\u010di su iz Kirazove kancelarije na \u0161estom spratu zgrade suda u Istanbulu prijetnjom oru\u017ejem iz kancelarije udaljili Kirazovog administrativnog saradnika, javlja Anadolija.<\/p>\n<p>Turski premijer Ahmet Davutoglu se sastao sa sada\u0161njim i biv\u0161im ministrima unutra\u0161njih poslova i pravde u prostorijama vladaju\u0107eg AKP-a u Ankari kako bi razgovarali o tala\u010dkoj krizi.<\/p>\n<p>Zgrada je bila evakuirana, a u operaciju su bili uklju\u010deni i timovi Odjela za borbu protiv terorizma i pregovara\u010dki tim Specijalne policije u Istanbulu.<\/p>\n<p><strong>Grupa progla\u0161ena teroristi\u010dkom organizacijom<\/strong><\/p>\n<p>U poruci na profilu na Twitteru, za koji se navodi da pripada Elvanovoj porodici, njegov otac pozivao je grupu da ne povrijedi tu\u017eioca.<\/p>\n<p>&#8220;\u017delimo pravdu. Ne \u017eelimo da iko prolije ni kap krvi. Ne \u017eelimo da druge majke pla\u010du&#8221;, navodi se u poruci.<\/p>\n<p>Turska, SAD i EU smatraju DHKP-C teroristi\u010dkom organizacijom.<\/p>\n<p>Kako navodi agencija AP, grupa je u pro\u0161losti u izvela nekoliko sporadi\u010dnih napada, uklju\u010duju\u0107i samoubila\u010dki napad na Ameri\u010dku ambasadu 2013, kada je ubijen \u010duvar. Grupa je bila aktivnija tokom 70-tih godina pro\u0161log stolje\u0107a.<\/p>\n<p>Izvor: Al Jazeera i agencije<\/p>\n","protected":false},"excerpt":{"rendered":"<p>Turska &#8211; Pripadnici zabranjene radikalne ljevi\u010darske grupe ubijeni su, a tu\u017eilac kojeg su dr\u017eali kao taoca preminuo je nakon ranjavanja u policijskoj operaciji u zgradi istanbulskog suda, javio je iz Istanbula reporter Al Jazeere Harun Kar\u010di\u0107. Turski predsjednik Recep Tayyip Erdogan izjavio je da je tu\u017eilac Mehmet Selim Kiraz upucan pet puta, od toga tri [&hellip;]<\/p>\n","protected":false},"author":83,"featured_media":125974,"comment_status":"open","ping_status":"open","sticky":false,"template":"","format":"standard","meta":{"footnotes":""},"categories":[9,798,2692],"tags":[],"class_list":{"0":"post-125973","1":"post","2":"type-post","3":"status-publish","4":"format-standard","5":"has-post-thumbnail","7":"category-svijet","8":"category-teme","9":"category-turska-gradovi"},"yoast_head":"<!-- This site is optimized with the Yoast SEO Premium plugin v23.1 (Yoast SEO v24.9) - https:\/\/yoast.com\/wordpress\/plugins\/seo\/ -->\n<title>Tala\u010dka kriza u Istanbulu: Tu\u017eilac preminuo, otmi\u010dari ubijeni<\/title>\n<meta name=\"robots\" content=\"index, follow, max-snippet:-1, max-image-preview:large, max-video-preview:-1\" \/>\n<link rel=\"canonical\" href=\"https:\/\/sandzakpress.net\/arhiva\/talacka-kriza-u-istanbulu-tuzilac-preminuo-otmicari-ubijeni\/\" \/>\n<meta property=\"og:locale\" content=\"bs_BA\" \/>\n<meta property=\"og:type\" content=\"article\" \/>\n<meta property=\"og:title\" content=\"Tala\u010dka kriza u Istanbulu: Tu\u017eilac preminuo, otmi\u010dari ubijeni\" \/>\n<meta property=\"og:description\" content=\"Turska &#8211; Pripadnici zabranjene radikalne ljevi\u010darske grupe ubijeni su, a tu\u017eilac kojeg su dr\u017eali kao taoca preminuo je nakon ranjavanja u policijskoj operaciji u zgradi istanbulskog suda, javio je iz Istanbula reporter Al Jazeere Harun Kar\u010di\u0107. Turski predsjednik Recep Tayyip Erdogan izjavio je da je tu\u017eilac Mehmet Selim Kiraz upucan pet puta, od toga tri [&hellip;]\" \/>\n<meta property=\"og:url\" content=\"https:\/\/sandzakpress.net\/arhiva\/talacka-kriza-u-istanbulu-tuzilac-preminuo-otmicari-ubijeni\/\" \/>\n<meta property=\"og:site_name\" content=\"Sand\u017eak PRESS\" \/>\n<meta property=\"article:published_time\" content=\"2015-04-01T08:30:43+00:00\" \/>\n<meta property=\"og:image\" content=\"https:\/\/sandzakpress.net\/arhiva\/wp-content\/uploads\/2015\/04\/Talacka-kriza-istanbul.jpg\" \/>\n\t<meta property=\"og:image:width\" content=\"800\" \/>\n\t<meta property=\"og:image:height\" content=\"552\" \/>\n\t<meta property=\"og:image:type\" content=\"image\/jpeg\" \/>\n<meta name=\"author\" content=\"bosniak\" \/>\n<meta name=\"twitter:card\" content=\"summary_large_image\" \/>\n<meta name=\"twitter:label1\" content=\"Written by\" \/>\n\t<meta name=\"twitter:data1\" content=\"bosniak\" \/>\n\t<meta name=\"twitter:label2\" content=\"Est. reading time\" \/>\n\t<meta name=\"twitter:data2\" content=\"3 minute\" \/>\n<script type=\"application\/ld+json\" class=\"yoast-schema-graph\">{\"@context\":\"https:\/\/schema.org\",\"@graph\":[{\"@type\":\"Article\",\"@id\":\"https:\/\/sandzakpress.net\/arhiva\/talacka-kriza-u-istanbulu-tuzilac-preminuo-otmicari-ubijeni\/#article\",\"isPartOf\":{\"@id\":\"https:\/\/sandzakpress.net\/arhiva\/talacka-kriza-u-istanbulu-tuzilac-preminuo-otmicari-ubijeni\/\"},\"author\":{\"name\":\"bosniak\",\"@id\":\"https:\/\/sandzakpress.net\/arhiva\/#\/schema\/person\/c8baee722073534b583ea7bdb2e36c02\"},\"headline\":\"Tala\u010dka kriza u Istanbulu: Tu\u017eilac preminuo, otmi\u010dari ubijeni\",\"datePublished\":\"2015-04-01T08:30:43+00:00\",\"mainEntityOfPage\":{\"@id\":\"https:\/\/sandzakpress.net\/arhiva\/talacka-kriza-u-istanbulu-tuzilac-preminuo-otmicari-ubijeni\/\"},\"wordCount\":566,\"commentCount\":0,\"publisher\":{\"@id\":\"https:\/\/sandzakpress.net\/arhiva\/#\/schema\/person\/6e72b67d6e51910a1117b3b483ba20bd\"},\"image\":{\"@id\":\"https:\/\/sandzakpress.net\/arhiva\/talacka-kriza-u-istanbulu-tuzilac-preminuo-otmicari-ubijeni\/#primaryimage\"},\"thumbnailUrl\":\"https:\/\/sandzakpress.net\/arhiva\/wp-content\/uploads\/2015\/04\/Talacka-kriza-istanbul.jpg\",\"articleSection\":[\"Svijet\",\"NAJNOVIJE\",\"Turska\"],\"inLanguage\":\"bs-BA\",\"potentialAction\":[{\"@type\":\"CommentAction\",\"name\":\"Comment\",\"target\":[\"https:\/\/sandzakpress.net\/arhiva\/talacka-kriza-u-istanbulu-tuzilac-preminuo-otmicari-ubijeni\/#respond\"]}]},{\"@type\":\"WebPage\",\"@id\":\"https:\/\/sandzakpress.net\/arhiva\/talacka-kriza-u-istanbulu-tuzilac-preminuo-otmicari-ubijeni\/\",\"url\":\"https:\/\/sandzakpress.net\/arhiva\/talacka-kriza-u-istanbulu-tuzilac-preminuo-otmicari-ubijeni\/\",\"name\":\"Tala\u010dka kriza u Istanbulu: Tu\u017eilac preminuo, otmi\u010dari ubijeni\",\"isPartOf\":{\"@id\":\"https:\/\/sandzakpress.net\/arhiva\/#website\"},\"primaryImageOfPage\":{\"@id\":\"https:\/\/sandzakpress.net\/arhiva\/talacka-kriza-u-istanbulu-tuzilac-preminuo-otmicari-ubijeni\/#primaryimage\"},\"image\":{\"@id\":\"https:\/\/sandzakpress.net\/arhiva\/talacka-kriza-u-istanbulu-tuzilac-preminuo-otmicari-ubijeni\/#primaryimage\"},\"thumbnailUrl\":\"https:\/\/sandzakpress.net\/arhiva\/wp-content\/uploads\/2015\/04\/Talacka-kriza-istanbul.jpg\",\"datePublished\":\"2015-04-01T08:30:43+00:00\",\"breadcrumb\":{\"@id\":\"https:\/\/sandzakpress.net\/arhiva\/talacka-kriza-u-istanbulu-tuzilac-preminuo-otmicari-ubijeni\/#breadcrumb\"},\"inLanguage\":\"bs-BA\",\"potentialAction\":[{\"@type\":\"ReadAction\",\"target\":[\"https:\/\/sandzakpress.net\/arhiva\/talacka-kriza-u-istanbulu-tuzilac-preminuo-otmicari-ubijeni\/\"]}]},{\"@type\":\"ImageObject\",\"inLanguage\":\"bs-BA\",\"@id\":\"https:\/\/sandzakpress.net\/arhiva\/talacka-kriza-u-istanbulu-tuzilac-preminuo-otmicari-ubijeni\/#primaryimage\",\"url\":\"https:\/\/sandzakpress.net\/arhiva\/wp-content\/uploads\/2015\/04\/Talacka-kriza-istanbul.jpg\",\"contentUrl\":\"https:\/\/sandzakpress.net\/arhiva\/wp-content\/uploads\/2015\/04\/Talacka-kriza-istanbul.jpg\",\"width\":800,\"height\":552},{\"@type\":\"BreadcrumbList\",\"@id\":\"https:\/\/sandzakpress.net\/arhiva\/talacka-kriza-u-istanbulu-tuzilac-preminuo-otmicari-ubijeni\/#breadcrumb\",\"itemListElement\":[{\"@type\":\"ListItem\",\"position\":1,\"name\":\"Home\",\"item\":\"https:\/\/sandzakpress.net\/arhiva\/\"},{\"@type\":\"ListItem\",\"position\":2,\"name\":\"Tala\u010dka kriza u Istanbulu: Tu\u017eilac preminuo, otmi\u010dari ubijeni\"}]},{\"@type\":\"WebSite\",\"@id\":\"https:\/\/sandzakpress.net\/arhiva\/#website\",\"url\":\"https:\/\/sandzakpress.net\/arhiva\/\",\"name\":\"Sand\u017eak PRESS\",\"description\":\"Prve elektronske novine u Sand\u017eaku\",\"publisher\":{\"@id\":\"https:\/\/sandzakpress.net\/arhiva\/#\/schema\/person\/6e72b67d6e51910a1117b3b483ba20bd\"},\"potentialAction\":[{\"@type\":\"SearchAction\",\"target\":{\"@type\":\"EntryPoint\",\"urlTemplate\":\"https:\/\/sandzakpress.net\/arhiva\/?s={search_term_string}\"},\"query-input\":{\"@type\":\"PropertyValueSpecification\",\"valueRequired\":true,\"valueName\":\"search_term_string\"}}],\"inLanguage\":\"bs-BA\"},{\"@type\":[\"Person\",\"Organization\"],\"@id\":\"https:\/\/sandzakpress.net\/arhiva\/#\/schema\/person\/6e72b67d6e51910a1117b3b483ba20bd\",\"name\":\"Kul\",\"image\":{\"@type\":\"ImageObject\",\"inLanguage\":\"bs-BA\",\"@id\":\"https:\/\/sandzakpress.net\/arhiva\/#\/schema\/person\/image\/\",\"url\":\"https:\/\/secure.gravatar.com\/avatar\/42263f39aa27ac04c43cab85c280eb2e?s=96&d=mm&r=pg\",\"contentUrl\":\"https:\/\/secure.gravatar.com\/avatar\/42263f39aa27ac04c43cab85c280eb2e?s=96&d=mm&r=pg\",\"caption\":\"Kul\"},\"logo\":{\"@id\":\"https:\/\/sandzakpress.net\/arhiva\/#\/schema\/person\/image\/\"}},{\"@type\":\"Person\",\"@id\":\"https:\/\/sandzakpress.net\/arhiva\/#\/schema\/person\/c8baee722073534b583ea7bdb2e36c02\",\"name\":\"bosniak\",\"image\":{\"@type\":\"ImageObject\",\"inLanguage\":\"bs-BA\",\"@id\":\"https:\/\/sandzakpress.net\/arhiva\/#\/schema\/person\/image\/\",\"url\":\"https:\/\/secure.gravatar.com\/avatar\/a04fd330bfe3a36a72a0ad4a6d89fca7?s=96&d=mm&r=pg\",\"contentUrl\":\"https:\/\/secure.gravatar.com\/avatar\/a04fd330bfe3a36a72a0ad4a6d89fca7?s=96&d=mm&r=pg\",\"caption\":\"bosniak\"},\"url\":\"https:\/\/sandzakpress.net\/arhiva\/author\/bosniak\/\"}]}<\/script>\n<!-- \/ Yoast SEO Premium plugin. -->","yoast_head_json":{"title":"Tala\u010dka kriza u Istanbulu: Tu\u017eilac preminuo, otmi\u010dari ubijeni","robots":{"index":"index","follow":"follow","max-snippet":"max-snippet:-1","max-image-preview":"max-image-preview:large","max-video-preview":"max-video-preview:-1"},"canonical":"https:\/\/sandzakpress.net\/arhiva\/talacka-kriza-u-istanbulu-tuzilac-preminuo-otmicari-ubijeni\/","og_locale":"bs_BA","og_type":"article","og_title":"Tala\u010dka kriza u Istanbulu: Tu\u017eilac preminuo, otmi\u010dari ubijeni","og_description":"Turska &#8211; Pripadnici zabranjene radikalne ljevi\u010darske grupe ubijeni su, a tu\u017eilac kojeg su dr\u017eali kao taoca preminuo je nakon ranjavanja u policijskoj operaciji u zgradi istanbulskog suda, javio je iz Istanbula reporter Al Jazeere Harun Kar\u010di\u0107. Turski predsjednik Recep Tayyip Erdogan izjavio je da je tu\u017eilac Mehmet Selim Kiraz upucan pet puta, od toga tri [&hellip;]","og_url":"https:\/\/sandzakpress.net\/arhiva\/talacka-kriza-u-istanbulu-tuzilac-preminuo-otmicari-ubijeni\/","og_site_name":"Sand\u017eak PRESS","article_published_time":"2015-04-01T08:30:43+00:00","og_image":[{"width":800,"height":552,"url":"https:\/\/sandzakpress.net\/arhiva\/wp-content\/uploads\/2015\/04\/Talacka-kriza-istanbul.jpg","type":"image\/jpeg"}],"author":"bosniak","twitter_card":"summary_large_image","twitter_misc":{"Written by":"bosniak","Est. reading time":"3 minute"},"schema":{"@context":"https:\/\/schema.org","@graph":[{"@type":"Article","@id":"https:\/\/sandzakpress.net\/arhiva\/talacka-kriza-u-istanbulu-tuzilac-preminuo-otmicari-ubijeni\/#article","isPartOf":{"@id":"https:\/\/sandzakpress.net\/arhiva\/talacka-kriza-u-istanbulu-tuzilac-preminuo-otmicari-ubijeni\/"},"author":{"name":"bosniak","@id":"https:\/\/sandzakpress.net\/arhiva\/#\/schema\/person\/c8baee722073534b583ea7bdb2e36c02"},"headline":"Tala\u010dka kriza u Istanbulu: Tu\u017eilac preminuo, otmi\u010dari ubijeni","datePublished":"2015-04-01T08:30:43+00:00","mainEntityOfPage":{"@id":"https:\/\/sandzakpress.net\/arhiva\/talacka-kriza-u-istanbulu-tuzilac-preminuo-otmicari-ubijeni\/"},"wordCount":566,"commentCount":0,"publisher":{"@id":"https:\/\/sandzakpress.net\/arhiva\/#\/schema\/person\/6e72b67d6e51910a1117b3b483ba20bd"},"image":{"@id":"https:\/\/sandzakpress.net\/arhiva\/talacka-kriza-u-istanbulu-tuzilac-preminuo-otmicari-ubijeni\/#primaryimage"},"thumbnailUrl":"https:\/\/sandzakpress.net\/arhiva\/wp-content\/uploads\/2015\/04\/Talacka-kriza-istanbul.jpg","articleSection":["Svijet","NAJNOVIJE","Turska"],"inLanguage":"bs-BA","potentialAction":[{"@type":"CommentAction","name":"Comment","target":["https:\/\/sandzakpress.net\/arhiva\/talacka-kriza-u-istanbulu-tuzilac-preminuo-otmicari-ubijeni\/#respond"]}]},{"@type":"WebPage","@id":"https:\/\/sandzakpress.net\/arhiva\/talacka-kriza-u-istanbulu-tuzilac-preminuo-otmicari-ubijeni\/","url":"https:\/\/sandzakpress.net\/arhiva\/talacka-kriza-u-istanbulu-tuzilac-preminuo-otmicari-ubijeni\/","name":"Tala\u010dka kriza u Istanbulu: Tu\u017eilac preminuo, otmi\u010dari ubijeni","isPartOf":{"@id":"https:\/\/sandzakpress.net\/arhiva\/#website"},"primaryImageOfPage":{"@id":"https:\/\/sandzakpress.net\/arhiva\/talacka-kriza-u-istanbulu-tuzilac-preminuo-otmicari-ubijeni\/#primaryimage"},"image":{"@id":"https:\/\/sandzakpress.net\/arhiva\/talacka-kriza-u-istanbulu-tuzilac-preminuo-otmicari-ubijeni\/#primaryimage"},"thumbnailUrl":"https:\/\/sandzakpress.net\/arhiva\/wp-content\/uploads\/2015\/04\/Talacka-kriza-istanbul.jpg","datePublished":"2015-04-01T08:30:43+00:00","breadcrumb":{"@id":"https:\/\/sandzakpress.net\/arhiva\/talacka-kriza-u-istanbulu-tuzilac-preminuo-otmicari-ubijeni\/#breadcrumb"},"inLanguage":"bs-BA","potentialAction":[{"@type":"ReadAction","target":["https:\/\/sandzakpress.net\/arhiva\/talacka-kriza-u-istanbulu-tuzilac-preminuo-otmicari-ubijeni\/"]}]},{"@type":"ImageObject","inLanguage":"bs-BA","@id":"https:\/\/sandzakpress.net\/arhiva\/talacka-kriza-u-istanbulu-tuzilac-preminuo-otmicari-ubijeni\/#primaryimage","url":"https:\/\/sandzakpress.net\/arhiva\/wp-content\/uploads\/2015\/04\/Talacka-kriza-istanbul.jpg","contentUrl":"https:\/\/sandzakpress.net\/arhiva\/wp-content\/uploads\/2015\/04\/Talacka-kriza-istanbul.jpg","width":800,"height":552},{"@type":"BreadcrumbList","@id":"https:\/\/sandzakpress.net\/arhiva\/talacka-kriza-u-istanbulu-tuzilac-preminuo-otmicari-ubijeni\/#breadcrumb","itemListElement":[{"@type":"ListItem","position":1,"name":"Home","item":"https:\/\/sandzakpress.net\/arhiva\/"},{"@type":"ListItem","position":2,"name":"Tala\u010dka kriza u Istanbulu: Tu\u017eilac preminuo, otmi\u010dari ubijeni"}]},{"@type":"WebSite","@id":"https:\/\/sandzakpress.net\/arhiva\/#website","url":"https:\/\/sandzakpress.net\/arhiva\/","name":"Sand\u017eak PRESS","description":"Prve elektronske novine u Sand\u017eaku","publisher":{"@id":"https:\/\/sandzakpress.net\/arhiva\/#\/schema\/person\/6e72b67d6e51910a1117b3b483ba20bd"},"potentialAction":[{"@type":"SearchAction","target":{"@type":"EntryPoint","urlTemplate":"https:\/\/sandzakpress.net\/arhiva\/?s={search_term_string}"},"query-input":{"@type":"PropertyValueSpecification","valueRequired":true,"valueName":"search_term_string"}}],"inLanguage":"bs-BA"},{"@type":["Person","Organization"],"@id":"https:\/\/sandzakpress.net\/arhiva\/#\/schema\/person\/6e72b67d6e51910a1117b3b483ba20bd","name":"Kul","image":{"@type":"ImageObject","inLanguage":"bs-BA","@id":"https:\/\/sandzakpress.net\/arhiva\/#\/schema\/person\/image\/","url":"https:\/\/secure.gravatar.com\/avatar\/42263f39aa27ac04c43cab85c280eb2e?s=96&d=mm&r=pg","contentUrl":"https:\/\/secure.gravatar.com\/avatar\/42263f39aa27ac04c43cab85c280eb2e?s=96&d=mm&r=pg","caption":"Kul"},"logo":{"@id":"https:\/\/sandzakpress.net\/arhiva\/#\/schema\/person\/image\/"}},{"@type":"Person","@id":"https:\/\/sandzakpress.net\/arhiva\/#\/schema\/person\/c8baee722073534b583ea7bdb2e36c02","name":"bosniak","image":{"@type":"ImageObject","inLanguage":"bs-BA","@id":"https:\/\/sandzakpress.net\/arhiva\/#\/schema\/person\/image\/","url":"https:\/\/secure.gravatar.com\/avatar\/a04fd330bfe3a36a72a0ad4a6d89fca7?s=96&d=mm&r=pg","contentUrl":"https:\/\/secure.gravatar.com\/avatar\/a04fd330bfe3a36a72a0ad4a6d89fca7?s=96&d=mm&r=pg","caption":"bosniak"},"url":"https:\/\/sandzakpress.net\/arhiva\/author\/bosniak\/"}]}},"_links":{"self":[{"href":"https:\/\/sandzakpress.net\/arhiva\/wp-json\/wp\/v2\/posts\/125973"}],"collection":[{"href":"https:\/\/sandzakpress.net\/arhiva\/wp-json\/wp\/v2\/posts"}],"about":[{"href":"https:\/\/sandzakpress.net\/arhiva\/wp-json\/wp\/v2\/types\/post"}],"author":[{"embeddable":true,"href":"https:\/\/sandzakpress.net\/arhiva\/wp-json\/wp\/v2\/users\/83"}],"replies":[{"embeddable":true,"href":"https:\/\/sandzakpress.net\/arhiva\/wp-json\/wp\/v2\/comments?post=125973"}],"version-history":[{"count":0,"href":"https:\/\/sandzakpress.net\/arhiva\/wp-json\/wp\/v2\/posts\/125973\/revisions"}],"wp:featuredmedia":[{"embeddable":true,"href":"https:\/\/sandzakpress.net\/arhiva\/wp-json\/wp\/v2\/media\/125974"}],"wp:attachment":[{"href":"https:\/\/sandzakpress.net\/arhiva\/wp-json\/wp\/v2\/media?parent=125973"}],"wp:term":[{"taxonomy":"category","embeddable":true,"href":"https:\/\/sandzakpress.net\/arhiva\/wp-json\/wp\/v2\/categories?post=125973"},{"taxonomy":"post_tag","embeddable":true,"href":"https:\/\/sandzakpress.net\/arhiva\/wp-json\/wp\/v2\/tags?post=125973"}],"curies":[{"name":"wp","href":"https:\/\/api.w.org\/{rel}","templated":true}]}}