{"id":125971,"date":"2015-04-01T10:29:15","date_gmt":"2015-04-01T08:29:15","guid":{"rendered":"https:\/\/sandzakpress.net\/arhiva\/?p=125971"},"modified":"2015-04-01T11:14:27","modified_gmt":"2015-04-01T09:14:27","slug":"dzeko-ocitao-lekciju-dragovicu","status":"publish","type":"post","link":"https:\/\/sandzakpress.net\/arhiva\/dzeko-ocitao-lekciju-dragovicu\/","title":{"rendered":"D\u017eeko o\u010ditao lekciju Dragovi\u0107u"},"content":{"rendered":"<p><strong><img loading=\"lazy\" decoding=\"async\" class=\"aligncenter size-full wp-image-125972\" src=\"https:\/\/sandzakpress.net\/arhiva\/wp-content\/uploads\/2015\/04\/2015-04-01-10_26_58-Dragovi\u0107-o-sukobu-sa-D\u017eekom_-To-su-normalne-stvari-u-fudbalu-na-kraju-smo-se-ru.jpg\" alt=\"2015-04-01 10_26_58-Dragovi\u0107 o sukobu sa D\u017eekom_ To su normalne stvari u fudbalu, na kraju smo se ru\" width=\"697\" height=\"497\" srcset=\"https:\/\/sandzakpress.net\/arhiva\/wp-content\/uploads\/2015\/04\/2015-04-01-10_26_58-Dragovi\u0107-o-sukobu-sa-D\u017eekom_-To-su-normalne-stvari-u-fudbalu-na-kraju-smo-se-ru.jpg 697w, https:\/\/sandzakpress.net\/arhiva\/wp-content\/uploads\/2015\/04\/2015-04-01-10_26_58-Dragovi\u0107-o-sukobu-sa-D\u017eekom_-To-su-normalne-stvari-u-fudbalu-na-kraju-smo-se-ru-616x439.jpg 616w\" sizes=\"(max-width: 697px) 100vw, 697px\" \/>Austrija &#8211; Utakmica izme\u0111u Austrije i BiH protekla je bez incidenata, izuzimaju\u0107i detalj iz 63.minute kada je,\u00a0nakon starta Muhameda Be\u0161i\u0107a nad igra\u010dem Austrije, Aleksandar Dragovi\u0107 je pri\u0161ao i rekao ne\u0161to Be\u0161i\u0107u, \u0161to je dovelo do \u017eestoke reakcije Edina D\u017eeke.\u00a0<\/strong><\/p>\n<p>Dragovi\u0107 je naprije poku\u0161ao u\u0107i u fizi\u010dki sukob sa Be\u0161i\u0107em, a onda mu je dobacio ne\u0161to \u0161to je razbijesnilo na\u0161eg kapitena.<\/p>\n<p>Dragovi\u0107 je Be\u0161i\u0107a uvrijedio na nacionalnoj osnovi, a ono \u0161to se moglo primjetiti je da mu je D\u017eeko odgovorio sa &#8220;jo\u0161 samo jednom!&#8221;.\u00a0<\/p>\n<p>Sudija Kovarik je situaciju rije\u0161io tako \u0161to je obojici pokazao po \u017euti karton, nakon \u010dega su se smirile strasti.<\/p>\n<p>https:\/\/youtu.be\/_6GkigNhl4E<\/p>\n<p>(Avaz)<\/p>\n","protected":false},"excerpt":{"rendered":"<p>Austrija &#8211; Utakmica izme\u0111u Austrije i BiH protekla je bez incidenata, izuzimaju\u0107i detalj iz 63.minute kada je,\u00a0nakon starta Muhameda Be\u0161i\u0107a nad igra\u010dem Austrije, Aleksandar Dragovi\u0107 je pri\u0161ao i rekao ne\u0161to Be\u0161i\u0107u, \u0161to je dovelo do \u017eestoke reakcije Edina D\u017eeke.\u00a0 Dragovi\u0107 je naprije poku\u0161ao u\u0107i u fizi\u010dki sukob sa Be\u0161i\u0107em, a onda mu je dobacio ne\u0161to [&hellip;]<\/p>\n","protected":false},"author":83,"featured_media":125972,"comment_status":"open","ping_status":"open","sticky":false,"template":"","format":"standard","meta":{"footnotes":""},"categories":[9539,9,798],"tags":[],"class_list":{"0":"post-125971","1":"post","2":"type-post","3":"status-publish","4":"format-standard","5":"has-post-thumbnail","7":"category-austrija-dijaspora-gradovi-vase-vijesti","8":"category-svijet","9":"category-teme"},"yoast_head":"<!-- This site is optimized with the Yoast SEO Premium plugin v23.1 (Yoast SEO v24.9) - https:\/\/yoast.com\/wordpress\/plugins\/seo\/ -->\n<title>D\u017eeko o\u010ditao lekciju Dragovi\u0107u<\/title>\n<meta name=\"robots\" content=\"index, follow, max-snippet:-1, max-image-preview:large, max-video-preview:-1\" \/>\n<link rel=\"canonical\" href=\"https:\/\/sandzakpress.net\/arhiva\/dzeko-ocitao-lekciju-dragovicu\/\" \/>\n<meta property=\"og:locale\" content=\"bs_BA\" \/>\n<meta property=\"og:type\" content=\"article\" \/>\n<meta property=\"og:title\" content=\"D\u017eeko o\u010ditao lekciju Dragovi\u0107u\" \/>\n<meta property=\"og:description\" content=\"Austrija &#8211; Utakmica izme\u0111u Austrije i BiH protekla je bez incidenata, izuzimaju\u0107i detalj iz 63.minute kada je,\u00a0nakon starta Muhameda Be\u0161i\u0107a nad igra\u010dem Austrije, Aleksandar Dragovi\u0107 je pri\u0161ao i rekao ne\u0161to Be\u0161i\u0107u, \u0161to je dovelo do \u017eestoke reakcije Edina D\u017eeke.\u00a0 Dragovi\u0107 je naprije poku\u0161ao u\u0107i u fizi\u010dki sukob sa Be\u0161i\u0107em, a onda mu je dobacio ne\u0161to [&hellip;]\" \/>\n<meta property=\"og:url\" content=\"https:\/\/sandzakpress.net\/arhiva\/dzeko-ocitao-lekciju-dragovicu\/\" \/>\n<meta property=\"og:site_name\" content=\"Sand\u017eak PRESS\" \/>\n<meta property=\"article:published_time\" content=\"2015-04-01T08:29:15+00:00\" \/>\n<meta property=\"article:modified_time\" content=\"2015-04-01T09:14:27+00:00\" \/>\n<meta property=\"og:image\" content=\"https:\/\/sandzakpress.net\/arhiva\/wp-content\/uploads\/2015\/04\/2015-04-01-10_26_58-Dragovi\u0107-o-sukobu-sa-D\u017eekom_-To-su-normalne-stvari-u-fudbalu-na-kraju-smo-se-ru.jpg\" \/>\n\t<meta property=\"og:image:width\" content=\"697\" \/>\n\t<meta property=\"og:image:height\" content=\"497\" \/>\n\t<meta property=\"og:image:type\" content=\"image\/jpeg\" \/>\n<meta name=\"author\" content=\"bosniak\" \/>\n<meta name=\"twitter:card\" content=\"summary_large_image\" \/>\n<meta name=\"twitter:label1\" content=\"Written by\" \/>\n\t<meta name=\"twitter:data1\" content=\"bosniak\" \/>\n\t<meta name=\"twitter:label2\" content=\"Est. reading time\" \/>\n\t<meta name=\"twitter:data2\" content=\"1 minuta\" \/>\n<script type=\"application\/ld+json\" class=\"yoast-schema-graph\">{\"@context\":\"https:\/\/schema.org\",\"@graph\":[{\"@type\":\"Article\",\"@id\":\"https:\/\/sandzakpress.net\/arhiva\/dzeko-ocitao-lekciju-dragovicu\/#article\",\"isPartOf\":{\"@id\":\"https:\/\/sandzakpress.net\/arhiva\/dzeko-ocitao-lekciju-dragovicu\/\"},\"author\":{\"name\":\"bosniak\",\"@id\":\"https:\/\/sandzakpress.net\/arhiva\/#\/schema\/person\/c8baee722073534b583ea7bdb2e36c02\"},\"headline\":\"D\u017eeko o\u010ditao lekciju Dragovi\u0107u\",\"datePublished\":\"2015-04-01T08:29:15+00:00\",\"dateModified\":\"2015-04-01T09:14:27+00:00\",\"mainEntityOfPage\":{\"@id\":\"https:\/\/sandzakpress.net\/arhiva\/dzeko-ocitao-lekciju-dragovicu\/\"},\"wordCount\":137,\"commentCount\":3,\"publisher\":{\"@id\":\"https:\/\/sandzakpress.net\/arhiva\/#\/schema\/person\/6e72b67d6e51910a1117b3b483ba20bd\"},\"image\":{\"@id\":\"https:\/\/sandzakpress.net\/arhiva\/dzeko-ocitao-lekciju-dragovicu\/#primaryimage\"},\"thumbnailUrl\":\"https:\/\/sandzakpress.net\/arhiva\/wp-content\/uploads\/2015\/04\/2015-04-01-10_26_58-Dragovi\u0107-o-sukobu-sa-D\u017eekom_-To-su-normalne-stvari-u-fudbalu-na-kraju-smo-se-ru.jpg\",\"articleSection\":[\"Austrija\",\"Svijet\",\"NAJNOVIJE\"],\"inLanguage\":\"bs-BA\",\"potentialAction\":[{\"@type\":\"CommentAction\",\"name\":\"Comment\",\"target\":[\"https:\/\/sandzakpress.net\/arhiva\/dzeko-ocitao-lekciju-dragovicu\/#respond\"]}]},{\"@type\":\"WebPage\",\"@id\":\"https:\/\/sandzakpress.net\/arhiva\/dzeko-ocitao-lekciju-dragovicu\/\",\"url\":\"https:\/\/sandzakpress.net\/arhiva\/dzeko-ocitao-lekciju-dragovicu\/\",\"name\":\"D\u017eeko o\u010ditao lekciju Dragovi\u0107u\",\"isPartOf\":{\"@id\":\"https:\/\/sandzakpress.net\/arhiva\/#website\"},\"primaryImageOfPage\":{\"@id\":\"https:\/\/sandzakpress.net\/arhiva\/dzeko-ocitao-lekciju-dragovicu\/#primaryimage\"},\"image\":{\"@id\":\"https:\/\/sandzakpress.net\/arhiva\/dzeko-ocitao-lekciju-dragovicu\/#primaryimage\"},\"thumbnailUrl\":\"https:\/\/sandzakpress.net\/arhiva\/wp-content\/uploads\/2015\/04\/2015-04-01-10_26_58-Dragovi\u0107-o-sukobu-sa-D\u017eekom_-To-su-normalne-stvari-u-fudbalu-na-kraju-smo-se-ru.jpg\",\"datePublished\":\"2015-04-01T08:29:15+00:00\",\"dateModified\":\"2015-04-01T09:14:27+00:00\",\"breadcrumb\":{\"@id\":\"https:\/\/sandzakpress.net\/arhiva\/dzeko-ocitao-lekciju-dragovicu\/#breadcrumb\"},\"inLanguage\":\"bs-BA\",\"potentialAction\":[{\"@type\":\"ReadAction\",\"target\":[\"https:\/\/sandzakpress.net\/arhiva\/dzeko-ocitao-lekciju-dragovicu\/\"]}]},{\"@type\":\"ImageObject\",\"inLanguage\":\"bs-BA\",\"@id\":\"https:\/\/sandzakpress.net\/arhiva\/dzeko-ocitao-lekciju-dragovicu\/#primaryimage\",\"url\":\"https:\/\/sandzakpress.net\/arhiva\/wp-content\/uploads\/2015\/04\/2015-04-01-10_26_58-Dragovi\u0107-o-sukobu-sa-D\u017eekom_-To-su-normalne-stvari-u-fudbalu-na-kraju-smo-se-ru.jpg\",\"contentUrl\":\"https:\/\/sandzakpress.net\/arhiva\/wp-content\/uploads\/2015\/04\/2015-04-01-10_26_58-Dragovi\u0107-o-sukobu-sa-D\u017eekom_-To-su-normalne-stvari-u-fudbalu-na-kraju-smo-se-ru.jpg\",\"width\":697,\"height\":497},{\"@type\":\"BreadcrumbList\",\"@id\":\"https:\/\/sandzakpress.net\/arhiva\/dzeko-ocitao-lekciju-dragovicu\/#breadcrumb\",\"itemListElement\":[{\"@type\":\"ListItem\",\"position\":1,\"name\":\"Home\",\"item\":\"https:\/\/sandzakpress.net\/arhiva\/\"},{\"@type\":\"ListItem\",\"position\":2,\"name\":\"D\u017eeko o\u010ditao lekciju Dragovi\u0107u\"}]},{\"@type\":\"WebSite\",\"@id\":\"https:\/\/sandzakpress.net\/arhiva\/#website\",\"url\":\"https:\/\/sandzakpress.net\/arhiva\/\",\"name\":\"Sand\u017eak PRESS\",\"description\":\"Prve elektronske novine u Sand\u017eaku\",\"publisher\":{\"@id\":\"https:\/\/sandzakpress.net\/arhiva\/#\/schema\/person\/6e72b67d6e51910a1117b3b483ba20bd\"},\"potentialAction\":[{\"@type\":\"SearchAction\",\"target\":{\"@type\":\"EntryPoint\",\"urlTemplate\":\"https:\/\/sandzakpress.net\/arhiva\/?s={search_term_string}\"},\"query-input\":{\"@type\":\"PropertyValueSpecification\",\"valueRequired\":true,\"valueName\":\"search_term_string\"}}],\"inLanguage\":\"bs-BA\"},{\"@type\":[\"Person\",\"Organization\"],\"@id\":\"https:\/\/sandzakpress.net\/arhiva\/#\/schema\/person\/6e72b67d6e51910a1117b3b483ba20bd\",\"name\":\"Kul\",\"image\":{\"@type\":\"ImageObject\",\"inLanguage\":\"bs-BA\",\"@id\":\"https:\/\/sandzakpress.net\/arhiva\/#\/schema\/person\/image\/\",\"url\":\"https:\/\/secure.gravatar.com\/avatar\/42263f39aa27ac04c43cab85c280eb2e?s=96&d=mm&r=pg\",\"contentUrl\":\"https:\/\/secure.gravatar.com\/avatar\/42263f39aa27ac04c43cab85c280eb2e?s=96&d=mm&r=pg\",\"caption\":\"Kul\"},\"logo\":{\"@id\":\"https:\/\/sandzakpress.net\/arhiva\/#\/schema\/person\/image\/\"}},{\"@type\":\"Person\",\"@id\":\"https:\/\/sandzakpress.net\/arhiva\/#\/schema\/person\/c8baee722073534b583ea7bdb2e36c02\",\"name\":\"bosniak\",\"image\":{\"@type\":\"ImageObject\",\"inLanguage\":\"bs-BA\",\"@id\":\"https:\/\/sandzakpress.net\/arhiva\/#\/schema\/person\/image\/\",\"url\":\"https:\/\/secure.gravatar.com\/avatar\/a04fd330bfe3a36a72a0ad4a6d89fca7?s=96&d=mm&r=pg\",\"contentUrl\":\"https:\/\/secure.gravatar.com\/avatar\/a04fd330bfe3a36a72a0ad4a6d89fca7?s=96&d=mm&r=pg\",\"caption\":\"bosniak\"},\"url\":\"https:\/\/sandzakpress.net\/arhiva\/author\/bosniak\/\"}]}<\/script>\n<!-- \/ Yoast SEO Premium plugin. -->","yoast_head_json":{"title":"D\u017eeko o\u010ditao lekciju Dragovi\u0107u","robots":{"index":"index","follow":"follow","max-snippet":"max-snippet:-1","max-image-preview":"max-image-preview:large","max-video-preview":"max-video-preview:-1"},"canonical":"https:\/\/sandzakpress.net\/arhiva\/dzeko-ocitao-lekciju-dragovicu\/","og_locale":"bs_BA","og_type":"article","og_title":"D\u017eeko o\u010ditao lekciju Dragovi\u0107u","og_description":"Austrija &#8211; Utakmica izme\u0111u Austrije i BiH protekla je bez incidenata, izuzimaju\u0107i detalj iz 63.minute kada je,\u00a0nakon starta Muhameda Be\u0161i\u0107a nad igra\u010dem Austrije, Aleksandar Dragovi\u0107 je pri\u0161ao i rekao ne\u0161to Be\u0161i\u0107u, \u0161to je dovelo do \u017eestoke reakcije Edina D\u017eeke.\u00a0 Dragovi\u0107 je naprije poku\u0161ao u\u0107i u fizi\u010dki sukob sa Be\u0161i\u0107em, a onda mu je dobacio ne\u0161to [&hellip;]","og_url":"https:\/\/sandzakpress.net\/arhiva\/dzeko-ocitao-lekciju-dragovicu\/","og_site_name":"Sand\u017eak PRESS","article_published_time":"2015-04-01T08:29:15+00:00","article_modified_time":"2015-04-01T09:14:27+00:00","og_image":[{"width":697,"height":497,"url":"https:\/\/sandzakpress.net\/arhiva\/wp-content\/uploads\/2015\/04\/2015-04-01-10_26_58-Dragovi\u0107-o-sukobu-sa-D\u017eekom_-To-su-normalne-stvari-u-fudbalu-na-kraju-smo-se-ru.jpg","type":"image\/jpeg"}],"author":"bosniak","twitter_card":"summary_large_image","twitter_misc":{"Written by":"bosniak","Est. reading time":"1 minuta"},"schema":{"@context":"https:\/\/schema.org","@graph":[{"@type":"Article","@id":"https:\/\/sandzakpress.net\/arhiva\/dzeko-ocitao-lekciju-dragovicu\/#article","isPartOf":{"@id":"https:\/\/sandzakpress.net\/arhiva\/dzeko-ocitao-lekciju-dragovicu\/"},"author":{"name":"bosniak","@id":"https:\/\/sandzakpress.net\/arhiva\/#\/schema\/person\/c8baee722073534b583ea7bdb2e36c02"},"headline":"D\u017eeko o\u010ditao lekciju Dragovi\u0107u","datePublished":"2015-04-01T08:29:15+00:00","dateModified":"2015-04-01T09:14:27+00:00","mainEntityOfPage":{"@id":"https:\/\/sandzakpress.net\/arhiva\/dzeko-ocitao-lekciju-dragovicu\/"},"wordCount":137,"commentCount":3,"publisher":{"@id":"https:\/\/sandzakpress.net\/arhiva\/#\/schema\/person\/6e72b67d6e51910a1117b3b483ba20bd"},"image":{"@id":"https:\/\/sandzakpress.net\/arhiva\/dzeko-ocitao-lekciju-dragovicu\/#primaryimage"},"thumbnailUrl":"https:\/\/sandzakpress.net\/arhiva\/wp-content\/uploads\/2015\/04\/2015-04-01-10_26_58-Dragovi\u0107-o-sukobu-sa-D\u017eekom_-To-su-normalne-stvari-u-fudbalu-na-kraju-smo-se-ru.jpg","articleSection":["Austrija","Svijet","NAJNOVIJE"],"inLanguage":"bs-BA","potentialAction":[{"@type":"CommentAction","name":"Comment","target":["https:\/\/sandzakpress.net\/arhiva\/dzeko-ocitao-lekciju-dragovicu\/#respond"]}]},{"@type":"WebPage","@id":"https:\/\/sandzakpress.net\/arhiva\/dzeko-ocitao-lekciju-dragovicu\/","url":"https:\/\/sandzakpress.net\/arhiva\/dzeko-ocitao-lekciju-dragovicu\/","name":"D\u017eeko o\u010ditao lekciju Dragovi\u0107u","isPartOf":{"@id":"https:\/\/sandzakpress.net\/arhiva\/#website"},"primaryImageOfPage":{"@id":"https:\/\/sandzakpress.net\/arhiva\/dzeko-ocitao-lekciju-dragovicu\/#primaryimage"},"image":{"@id":"https:\/\/sandzakpress.net\/arhiva\/dzeko-ocitao-lekciju-dragovicu\/#primaryimage"},"thumbnailUrl":"https:\/\/sandzakpress.net\/arhiva\/wp-content\/uploads\/2015\/04\/2015-04-01-10_26_58-Dragovi\u0107-o-sukobu-sa-D\u017eekom_-To-su-normalne-stvari-u-fudbalu-na-kraju-smo-se-ru.jpg","datePublished":"2015-04-01T08:29:15+00:00","dateModified":"2015-04-01T09:14:27+00:00","breadcrumb":{"@id":"https:\/\/sandzakpress.net\/arhiva\/dzeko-ocitao-lekciju-dragovicu\/#breadcrumb"},"inLanguage":"bs-BA","potentialAction":[{"@type":"ReadAction","target":["https:\/\/sandzakpress.net\/arhiva\/dzeko-ocitao-lekciju-dragovicu\/"]}]},{"@type":"ImageObject","inLanguage":"bs-BA","@id":"https:\/\/sandzakpress.net\/arhiva\/dzeko-ocitao-lekciju-dragovicu\/#primaryimage","url":"https:\/\/sandzakpress.net\/arhiva\/wp-content\/uploads\/2015\/04\/2015-04-01-10_26_58-Dragovi\u0107-o-sukobu-sa-D\u017eekom_-To-su-normalne-stvari-u-fudbalu-na-kraju-smo-se-ru.jpg","contentUrl":"https:\/\/sandzakpress.net\/arhiva\/wp-content\/uploads\/2015\/04\/2015-04-01-10_26_58-Dragovi\u0107-o-sukobu-sa-D\u017eekom_-To-su-normalne-stvari-u-fudbalu-na-kraju-smo-se-ru.jpg","width":697,"height":497},{"@type":"BreadcrumbList","@id":"https:\/\/sandzakpress.net\/arhiva\/dzeko-ocitao-lekciju-dragovicu\/#breadcrumb","itemListElement":[{"@type":"ListItem","position":1,"name":"Home","item":"https:\/\/sandzakpress.net\/arhiva\/"},{"@type":"ListItem","position":2,"name":"D\u017eeko o\u010ditao lekciju Dragovi\u0107u"}]},{"@type":"WebSite","@id":"https:\/\/sandzakpress.net\/arhiva\/#website","url":"https:\/\/sandzakpress.net\/arhiva\/","name":"Sand\u017eak PRESS","description":"Prve elektronske novine u Sand\u017eaku","publisher":{"@id":"https:\/\/sandzakpress.net\/arhiva\/#\/schema\/person\/6e72b67d6e51910a1117b3b483ba20bd"},"potentialAction":[{"@type":"SearchAction","target":{"@type":"EntryPoint","urlTemplate":"https:\/\/sandzakpress.net\/arhiva\/?s={search_term_string}"},"query-input":{"@type":"PropertyValueSpecification","valueRequired":true,"valueName":"search_term_string"}}],"inLanguage":"bs-BA"},{"@type":["Person","Organization"],"@id":"https:\/\/sandzakpress.net\/arhiva\/#\/schema\/person\/6e72b67d6e51910a1117b3b483ba20bd","name":"Kul","image":{"@type":"ImageObject","inLanguage":"bs-BA","@id":"https:\/\/sandzakpress.net\/arhiva\/#\/schema\/person\/image\/","url":"https:\/\/secure.gravatar.com\/avatar\/42263f39aa27ac04c43cab85c280eb2e?s=96&d=mm&r=pg","contentUrl":"https:\/\/secure.gravatar.com\/avatar\/42263f39aa27ac04c43cab85c280eb2e?s=96&d=mm&r=pg","caption":"Kul"},"logo":{"@id":"https:\/\/sandzakpress.net\/arhiva\/#\/schema\/person\/image\/"}},{"@type":"Person","@id":"https:\/\/sandzakpress.net\/arhiva\/#\/schema\/person\/c8baee722073534b583ea7bdb2e36c02","name":"bosniak","image":{"@type":"ImageObject","inLanguage":"bs-BA","@id":"https:\/\/sandzakpress.net\/arhiva\/#\/schema\/person\/image\/","url":"https:\/\/secure.gravatar.com\/avatar\/a04fd330bfe3a36a72a0ad4a6d89fca7?s=96&d=mm&r=pg","contentUrl":"https:\/\/secure.gravatar.com\/avatar\/a04fd330bfe3a36a72a0ad4a6d89fca7?s=96&d=mm&r=pg","caption":"bosniak"},"url":"https:\/\/sandzakpress.net\/arhiva\/author\/bosniak\/"}]}},"_links":{"self":[{"href":"https:\/\/sandzakpress.net\/arhiva\/wp-json\/wp\/v2\/posts\/125971"}],"collection":[{"href":"https:\/\/sandzakpress.net\/arhiva\/wp-json\/wp\/v2\/posts"}],"about":[{"href":"https:\/\/sandzakpress.net\/arhiva\/wp-json\/wp\/v2\/types\/post"}],"author":[{"embeddable":true,"href":"https:\/\/sandzakpress.net\/arhiva\/wp-json\/wp\/v2\/users\/83"}],"replies":[{"embeddable":true,"href":"https:\/\/sandzakpress.net\/arhiva\/wp-json\/wp\/v2\/comments?post=125971"}],"version-history":[{"count":0,"href":"https:\/\/sandzakpress.net\/arhiva\/wp-json\/wp\/v2\/posts\/125971\/revisions"}],"wp:featuredmedia":[{"embeddable":true,"href":"https:\/\/sandzakpress.net\/arhiva\/wp-json\/wp\/v2\/media\/125972"}],"wp:attachment":[{"href":"https:\/\/sandzakpress.net\/arhiva\/wp-json\/wp\/v2\/media?parent=125971"}],"wp:term":[{"taxonomy":"category","embeddable":true,"href":"https:\/\/sandzakpress.net\/arhiva\/wp-json\/wp\/v2\/categories?post=125971"},{"taxonomy":"post_tag","embeddable":true,"href":"https:\/\/sandzakpress.net\/arhiva\/wp-json\/wp\/v2\/tags?post=125971"}],"curies":[{"name":"wp","href":"https:\/\/api.w.org\/{rel}","templated":true}]}}