{"id":125894,"date":"2015-03-31T10:29:03","date_gmt":"2015-03-31T08:29:03","guid":{"rendered":"https:\/\/sandzakpress.net\/arhiva\/?p=125894"},"modified":"2015-03-31T10:29:03","modified_gmt":"2015-03-31T08:29:03","slug":"stolarska-radionica-u-zavidovicima-pravi-stolicu-za-papu-franju","status":"publish","type":"post","link":"https:\/\/sandzakpress.net\/arhiva\/stolarska-radionica-u-zavidovicima-pravi-stolicu-za-papu-franju\/","title":{"rendered":"Stolarska radionica u Zavidovi\u0107ima pravi stolicu za papu Franju"},"content":{"rendered":"<p><img decoding=\"async\" src=\"http:\/\/www.novosti.rs\/upload\/thumbs\/images\/2015\/\/03\/30n\/Tan2015-3-30_143344744_0_620x0.jpg\" alt=\"  Edin Hajdarovac pravi stolicu za papu\" \/><\/p>\n<p><strong>BiH &#8211; Stolarska radionica Salema Hajdarovca u Zavidovi\u0107ima dobila je neobi\u010dni zadatak: da napravi stolicu na kojoj \u0107e papa Franja sjedeti tokom svoje posjete Bosni i Hercegovini.<\/strong><\/p>\n<p>Kako prenosi AP, Hajdarovac i njegov 33-godi\u0161nji sin Edin, obojica muslimanske vjeroispovesti, po\u010deli su da rade na stolici prije sedam dana. Po strani su ostavili sve ostale porud\u017ebine kako bi mogli da je zavr\u0161e na vrijeme.<\/p>\n<p>&#8220;Ovo je projekat mog \u017eivota i uzbu\u0111en sam zbog toga. Drago mi je \u0161to radim to i nisam mogao vjerovati da sam ja dobio da radim tu stolicu&#8221;, kazao je Edin za \u00a0medije.<\/p>\n<p>Stolica na kojoj \u0107e sjediti rimokatoli\u010dki poglavar, kada 6. juna do\u0111e u Sarajevo, izra\u0111ena je od kvalitetnog orahovog drveta, a Salem i Edin \u0107e u svojoj maloj radionici obaviti ukrasna rezbarenja.<\/p>\n<p>Porodi\u010dna radionica Hajdarovac poznata je po izradi vejrskih suvenira, kako za brojne tekije i d\u017eamije u Bosni i Hercegovini, tako i za Me\u0111ugorje.<\/p>\n<p>(Faktor)<\/p>\n","protected":false},"excerpt":{"rendered":"<p>BiH &#8211; Stolarska radionica Salema Hajdarovca u Zavidovi\u0107ima dobila je neobi\u010dni zadatak: da napravi stolicu na kojoj \u0107e papa Franja sjedeti tokom svoje posjete Bosni i Hercegovini. Kako prenosi AP, Hajdarovac i njegov 33-godi\u0161nji sin Edin, obojica muslimanske vjeroispovesti, po\u010deli su da rade na stolici prije sedam dana. Po strani su ostavili sve ostale porud\u017ebine [&hellip;]<\/p>\n","protected":false},"author":83,"featured_media":125895,"comment_status":"open","ping_status":"open","sticky":false,"template":"","format":"standard","meta":{"footnotes":""},"categories":[2860,3],"tags":[],"class_list":{"0":"post-125894","1":"post","2":"type-post","3":"status-publish","4":"format-standard","5":"has-post-thumbnail","7":"category-bosna-i-hercegovina-gradovi","8":"category-privreda"},"yoast_head":"<!-- This site is optimized with the Yoast SEO Premium plugin v23.1 (Yoast SEO v24.9) - https:\/\/yoast.com\/wordpress\/plugins\/seo\/ -->\n<title>Stolarska radionica u Zavidovi\u0107ima pravi stolicu za papu Franju<\/title>\n<meta name=\"robots\" content=\"index, follow, max-snippet:-1, max-image-preview:large, max-video-preview:-1\" \/>\n<link rel=\"canonical\" href=\"https:\/\/sandzakpress.net\/arhiva\/stolarska-radionica-u-zavidovicima-pravi-stolicu-za-papu-franju\/\" \/>\n<meta property=\"og:locale\" content=\"bs_BA\" \/>\n<meta property=\"og:type\" content=\"article\" \/>\n<meta property=\"og:title\" content=\"Stolarska radionica u Zavidovi\u0107ima pravi stolicu za papu Franju\" \/>\n<meta property=\"og:description\" content=\"BiH &#8211; Stolarska radionica Salema Hajdarovca u Zavidovi\u0107ima dobila je neobi\u010dni zadatak: da napravi stolicu na kojoj \u0107e papa Franja sjedeti tokom svoje posjete Bosni i Hercegovini. Kako prenosi AP, Hajdarovac i njegov 33-godi\u0161nji sin Edin, obojica muslimanske vjeroispovesti, po\u010deli su da rade na stolici prije sedam dana. Po strani su ostavili sve ostale porud\u017ebine [&hellip;]\" \/>\n<meta property=\"og:url\" content=\"https:\/\/sandzakpress.net\/arhiva\/stolarska-radionica-u-zavidovicima-pravi-stolicu-za-papu-franju\/\" \/>\n<meta property=\"og:site_name\" content=\"Sand\u017eak PRESS\" \/>\n<meta property=\"article:published_time\" content=\"2015-03-31T08:29:03+00:00\" \/>\n<meta property=\"og:image\" content=\"https:\/\/sandzakpress.net\/arhiva\/wp-content\/uploads\/2015\/03\/Tan2015-3-30_143344744_0_620x0.jpg\" \/>\n\t<meta property=\"og:image:width\" content=\"620\" \/>\n\t<meta property=\"og:image:height\" content=\"382\" \/>\n\t<meta property=\"og:image:type\" content=\"image\/jpeg\" \/>\n<meta name=\"author\" content=\"bosniak\" \/>\n<meta name=\"twitter:card\" content=\"summary_large_image\" \/>\n<meta name=\"twitter:label1\" content=\"Written by\" \/>\n\t<meta name=\"twitter:data1\" content=\"bosniak\" \/>\n\t<meta name=\"twitter:label2\" content=\"Est. reading time\" \/>\n\t<meta name=\"twitter:data2\" content=\"1 minuta\" \/>\n<script type=\"application\/ld+json\" class=\"yoast-schema-graph\">{\"@context\":\"https:\/\/schema.org\",\"@graph\":[{\"@type\":\"Article\",\"@id\":\"https:\/\/sandzakpress.net\/arhiva\/stolarska-radionica-u-zavidovicima-pravi-stolicu-za-papu-franju\/#article\",\"isPartOf\":{\"@id\":\"https:\/\/sandzakpress.net\/arhiva\/stolarska-radionica-u-zavidovicima-pravi-stolicu-za-papu-franju\/\"},\"author\":{\"name\":\"bosniak\",\"@id\":\"https:\/\/sandzakpress.net\/arhiva\/#\/schema\/person\/c8baee722073534b583ea7bdb2e36c02\"},\"headline\":\"Stolarska radionica u Zavidovi\u0107ima pravi stolicu za papu Franju\",\"datePublished\":\"2015-03-31T08:29:03+00:00\",\"mainEntityOfPage\":{\"@id\":\"https:\/\/sandzakpress.net\/arhiva\/stolarska-radionica-u-zavidovicima-pravi-stolicu-za-papu-franju\/\"},\"wordCount\":173,\"commentCount\":7,\"publisher\":{\"@id\":\"https:\/\/sandzakpress.net\/arhiva\/#\/schema\/person\/6e72b67d6e51910a1117b3b483ba20bd\"},\"image\":{\"@id\":\"https:\/\/sandzakpress.net\/arhiva\/stolarska-radionica-u-zavidovicima-pravi-stolicu-za-papu-franju\/#primaryimage\"},\"thumbnailUrl\":\"https:\/\/sandzakpress.net\/arhiva\/wp-content\/uploads\/2015\/03\/Tan2015-3-30_143344744_0_620x0.jpg\",\"articleSection\":[\"Bosna i Hercegovina\",\"Privreda\"],\"inLanguage\":\"bs-BA\",\"potentialAction\":[{\"@type\":\"CommentAction\",\"name\":\"Comment\",\"target\":[\"https:\/\/sandzakpress.net\/arhiva\/stolarska-radionica-u-zavidovicima-pravi-stolicu-za-papu-franju\/#respond\"]}]},{\"@type\":\"WebPage\",\"@id\":\"https:\/\/sandzakpress.net\/arhiva\/stolarska-radionica-u-zavidovicima-pravi-stolicu-za-papu-franju\/\",\"url\":\"https:\/\/sandzakpress.net\/arhiva\/stolarska-radionica-u-zavidovicima-pravi-stolicu-za-papu-franju\/\",\"name\":\"Stolarska radionica u Zavidovi\u0107ima pravi stolicu za papu Franju\",\"isPartOf\":{\"@id\":\"https:\/\/sandzakpress.net\/arhiva\/#website\"},\"primaryImageOfPage\":{\"@id\":\"https:\/\/sandzakpress.net\/arhiva\/stolarska-radionica-u-zavidovicima-pravi-stolicu-za-papu-franju\/#primaryimage\"},\"image\":{\"@id\":\"https:\/\/sandzakpress.net\/arhiva\/stolarska-radionica-u-zavidovicima-pravi-stolicu-za-papu-franju\/#primaryimage\"},\"thumbnailUrl\":\"https:\/\/sandzakpress.net\/arhiva\/wp-content\/uploads\/2015\/03\/Tan2015-3-30_143344744_0_620x0.jpg\",\"datePublished\":\"2015-03-31T08:29:03+00:00\",\"breadcrumb\":{\"@id\":\"https:\/\/sandzakpress.net\/arhiva\/stolarska-radionica-u-zavidovicima-pravi-stolicu-za-papu-franju\/#breadcrumb\"},\"inLanguage\":\"bs-BA\",\"potentialAction\":[{\"@type\":\"ReadAction\",\"target\":[\"https:\/\/sandzakpress.net\/arhiva\/stolarska-radionica-u-zavidovicima-pravi-stolicu-za-papu-franju\/\"]}]},{\"@type\":\"ImageObject\",\"inLanguage\":\"bs-BA\",\"@id\":\"https:\/\/sandzakpress.net\/arhiva\/stolarska-radionica-u-zavidovicima-pravi-stolicu-za-papu-franju\/#primaryimage\",\"url\":\"https:\/\/sandzakpress.net\/arhiva\/wp-content\/uploads\/2015\/03\/Tan2015-3-30_143344744_0_620x0.jpg\",\"contentUrl\":\"https:\/\/sandzakpress.net\/arhiva\/wp-content\/uploads\/2015\/03\/Tan2015-3-30_143344744_0_620x0.jpg\",\"width\":620,\"height\":382},{\"@type\":\"BreadcrumbList\",\"@id\":\"https:\/\/sandzakpress.net\/arhiva\/stolarska-radionica-u-zavidovicima-pravi-stolicu-za-papu-franju\/#breadcrumb\",\"itemListElement\":[{\"@type\":\"ListItem\",\"position\":1,\"name\":\"Home\",\"item\":\"https:\/\/sandzakpress.net\/arhiva\/\"},{\"@type\":\"ListItem\",\"position\":2,\"name\":\"Stolarska radionica u Zavidovi\u0107ima pravi stolicu za papu Franju\"}]},{\"@type\":\"WebSite\",\"@id\":\"https:\/\/sandzakpress.net\/arhiva\/#website\",\"url\":\"https:\/\/sandzakpress.net\/arhiva\/\",\"name\":\"Sand\u017eak PRESS\",\"description\":\"Prve elektronske novine u Sand\u017eaku\",\"publisher\":{\"@id\":\"https:\/\/sandzakpress.net\/arhiva\/#\/schema\/person\/6e72b67d6e51910a1117b3b483ba20bd\"},\"potentialAction\":[{\"@type\":\"SearchAction\",\"target\":{\"@type\":\"EntryPoint\",\"urlTemplate\":\"https:\/\/sandzakpress.net\/arhiva\/?s={search_term_string}\"},\"query-input\":{\"@type\":\"PropertyValueSpecification\",\"valueRequired\":true,\"valueName\":\"search_term_string\"}}],\"inLanguage\":\"bs-BA\"},{\"@type\":[\"Person\",\"Organization\"],\"@id\":\"https:\/\/sandzakpress.net\/arhiva\/#\/schema\/person\/6e72b67d6e51910a1117b3b483ba20bd\",\"name\":\"Kul\",\"image\":{\"@type\":\"ImageObject\",\"inLanguage\":\"bs-BA\",\"@id\":\"https:\/\/sandzakpress.net\/arhiva\/#\/schema\/person\/image\/\",\"url\":\"https:\/\/secure.gravatar.com\/avatar\/42263f39aa27ac04c43cab85c280eb2e?s=96&d=mm&r=pg\",\"contentUrl\":\"https:\/\/secure.gravatar.com\/avatar\/42263f39aa27ac04c43cab85c280eb2e?s=96&d=mm&r=pg\",\"caption\":\"Kul\"},\"logo\":{\"@id\":\"https:\/\/sandzakpress.net\/arhiva\/#\/schema\/person\/image\/\"}},{\"@type\":\"Person\",\"@id\":\"https:\/\/sandzakpress.net\/arhiva\/#\/schema\/person\/c8baee722073534b583ea7bdb2e36c02\",\"name\":\"bosniak\",\"image\":{\"@type\":\"ImageObject\",\"inLanguage\":\"bs-BA\",\"@id\":\"https:\/\/sandzakpress.net\/arhiva\/#\/schema\/person\/image\/\",\"url\":\"https:\/\/secure.gravatar.com\/avatar\/a04fd330bfe3a36a72a0ad4a6d89fca7?s=96&d=mm&r=pg\",\"contentUrl\":\"https:\/\/secure.gravatar.com\/avatar\/a04fd330bfe3a36a72a0ad4a6d89fca7?s=96&d=mm&r=pg\",\"caption\":\"bosniak\"},\"url\":\"https:\/\/sandzakpress.net\/arhiva\/author\/bosniak\/\"}]}<\/script>\n<!-- \/ Yoast SEO Premium plugin. -->","yoast_head_json":{"title":"Stolarska radionica u Zavidovi\u0107ima pravi stolicu za papu Franju","robots":{"index":"index","follow":"follow","max-snippet":"max-snippet:-1","max-image-preview":"max-image-preview:large","max-video-preview":"max-video-preview:-1"},"canonical":"https:\/\/sandzakpress.net\/arhiva\/stolarska-radionica-u-zavidovicima-pravi-stolicu-za-papu-franju\/","og_locale":"bs_BA","og_type":"article","og_title":"Stolarska radionica u Zavidovi\u0107ima pravi stolicu za papu Franju","og_description":"BiH &#8211; Stolarska radionica Salema Hajdarovca u Zavidovi\u0107ima dobila je neobi\u010dni zadatak: da napravi stolicu na kojoj \u0107e papa Franja sjedeti tokom svoje posjete Bosni i Hercegovini. Kako prenosi AP, Hajdarovac i njegov 33-godi\u0161nji sin Edin, obojica muslimanske vjeroispovesti, po\u010deli su da rade na stolici prije sedam dana. Po strani su ostavili sve ostale porud\u017ebine [&hellip;]","og_url":"https:\/\/sandzakpress.net\/arhiva\/stolarska-radionica-u-zavidovicima-pravi-stolicu-za-papu-franju\/","og_site_name":"Sand\u017eak PRESS","article_published_time":"2015-03-31T08:29:03+00:00","og_image":[{"width":620,"height":382,"url":"https:\/\/sandzakpress.net\/arhiva\/wp-content\/uploads\/2015\/03\/Tan2015-3-30_143344744_0_620x0.jpg","type":"image\/jpeg"}],"author":"bosniak","twitter_card":"summary_large_image","twitter_misc":{"Written by":"bosniak","Est. reading time":"1 minuta"},"schema":{"@context":"https:\/\/schema.org","@graph":[{"@type":"Article","@id":"https:\/\/sandzakpress.net\/arhiva\/stolarska-radionica-u-zavidovicima-pravi-stolicu-za-papu-franju\/#article","isPartOf":{"@id":"https:\/\/sandzakpress.net\/arhiva\/stolarska-radionica-u-zavidovicima-pravi-stolicu-za-papu-franju\/"},"author":{"name":"bosniak","@id":"https:\/\/sandzakpress.net\/arhiva\/#\/schema\/person\/c8baee722073534b583ea7bdb2e36c02"},"headline":"Stolarska radionica u Zavidovi\u0107ima pravi stolicu za papu Franju","datePublished":"2015-03-31T08:29:03+00:00","mainEntityOfPage":{"@id":"https:\/\/sandzakpress.net\/arhiva\/stolarska-radionica-u-zavidovicima-pravi-stolicu-za-papu-franju\/"},"wordCount":173,"commentCount":7,"publisher":{"@id":"https:\/\/sandzakpress.net\/arhiva\/#\/schema\/person\/6e72b67d6e51910a1117b3b483ba20bd"},"image":{"@id":"https:\/\/sandzakpress.net\/arhiva\/stolarska-radionica-u-zavidovicima-pravi-stolicu-za-papu-franju\/#primaryimage"},"thumbnailUrl":"https:\/\/sandzakpress.net\/arhiva\/wp-content\/uploads\/2015\/03\/Tan2015-3-30_143344744_0_620x0.jpg","articleSection":["Bosna i Hercegovina","Privreda"],"inLanguage":"bs-BA","potentialAction":[{"@type":"CommentAction","name":"Comment","target":["https:\/\/sandzakpress.net\/arhiva\/stolarska-radionica-u-zavidovicima-pravi-stolicu-za-papu-franju\/#respond"]}]},{"@type":"WebPage","@id":"https:\/\/sandzakpress.net\/arhiva\/stolarska-radionica-u-zavidovicima-pravi-stolicu-za-papu-franju\/","url":"https:\/\/sandzakpress.net\/arhiva\/stolarska-radionica-u-zavidovicima-pravi-stolicu-za-papu-franju\/","name":"Stolarska radionica u Zavidovi\u0107ima pravi stolicu za papu Franju","isPartOf":{"@id":"https:\/\/sandzakpress.net\/arhiva\/#website"},"primaryImageOfPage":{"@id":"https:\/\/sandzakpress.net\/arhiva\/stolarska-radionica-u-zavidovicima-pravi-stolicu-za-papu-franju\/#primaryimage"},"image":{"@id":"https:\/\/sandzakpress.net\/arhiva\/stolarska-radionica-u-zavidovicima-pravi-stolicu-za-papu-franju\/#primaryimage"},"thumbnailUrl":"https:\/\/sandzakpress.net\/arhiva\/wp-content\/uploads\/2015\/03\/Tan2015-3-30_143344744_0_620x0.jpg","datePublished":"2015-03-31T08:29:03+00:00","breadcrumb":{"@id":"https:\/\/sandzakpress.net\/arhiva\/stolarska-radionica-u-zavidovicima-pravi-stolicu-za-papu-franju\/#breadcrumb"},"inLanguage":"bs-BA","potentialAction":[{"@type":"ReadAction","target":["https:\/\/sandzakpress.net\/arhiva\/stolarska-radionica-u-zavidovicima-pravi-stolicu-za-papu-franju\/"]}]},{"@type":"ImageObject","inLanguage":"bs-BA","@id":"https:\/\/sandzakpress.net\/arhiva\/stolarska-radionica-u-zavidovicima-pravi-stolicu-za-papu-franju\/#primaryimage","url":"https:\/\/sandzakpress.net\/arhiva\/wp-content\/uploads\/2015\/03\/Tan2015-3-30_143344744_0_620x0.jpg","contentUrl":"https:\/\/sandzakpress.net\/arhiva\/wp-content\/uploads\/2015\/03\/Tan2015-3-30_143344744_0_620x0.jpg","width":620,"height":382},{"@type":"BreadcrumbList","@id":"https:\/\/sandzakpress.net\/arhiva\/stolarska-radionica-u-zavidovicima-pravi-stolicu-za-papu-franju\/#breadcrumb","itemListElement":[{"@type":"ListItem","position":1,"name":"Home","item":"https:\/\/sandzakpress.net\/arhiva\/"},{"@type":"ListItem","position":2,"name":"Stolarska radionica u Zavidovi\u0107ima pravi stolicu za papu Franju"}]},{"@type":"WebSite","@id":"https:\/\/sandzakpress.net\/arhiva\/#website","url":"https:\/\/sandzakpress.net\/arhiva\/","name":"Sand\u017eak PRESS","description":"Prve elektronske novine u Sand\u017eaku","publisher":{"@id":"https:\/\/sandzakpress.net\/arhiva\/#\/schema\/person\/6e72b67d6e51910a1117b3b483ba20bd"},"potentialAction":[{"@type":"SearchAction","target":{"@type":"EntryPoint","urlTemplate":"https:\/\/sandzakpress.net\/arhiva\/?s={search_term_string}"},"query-input":{"@type":"PropertyValueSpecification","valueRequired":true,"valueName":"search_term_string"}}],"inLanguage":"bs-BA"},{"@type":["Person","Organization"],"@id":"https:\/\/sandzakpress.net\/arhiva\/#\/schema\/person\/6e72b67d6e51910a1117b3b483ba20bd","name":"Kul","image":{"@type":"ImageObject","inLanguage":"bs-BA","@id":"https:\/\/sandzakpress.net\/arhiva\/#\/schema\/person\/image\/","url":"https:\/\/secure.gravatar.com\/avatar\/42263f39aa27ac04c43cab85c280eb2e?s=96&d=mm&r=pg","contentUrl":"https:\/\/secure.gravatar.com\/avatar\/42263f39aa27ac04c43cab85c280eb2e?s=96&d=mm&r=pg","caption":"Kul"},"logo":{"@id":"https:\/\/sandzakpress.net\/arhiva\/#\/schema\/person\/image\/"}},{"@type":"Person","@id":"https:\/\/sandzakpress.net\/arhiva\/#\/schema\/person\/c8baee722073534b583ea7bdb2e36c02","name":"bosniak","image":{"@type":"ImageObject","inLanguage":"bs-BA","@id":"https:\/\/sandzakpress.net\/arhiva\/#\/schema\/person\/image\/","url":"https:\/\/secure.gravatar.com\/avatar\/a04fd330bfe3a36a72a0ad4a6d89fca7?s=96&d=mm&r=pg","contentUrl":"https:\/\/secure.gravatar.com\/avatar\/a04fd330bfe3a36a72a0ad4a6d89fca7?s=96&d=mm&r=pg","caption":"bosniak"},"url":"https:\/\/sandzakpress.net\/arhiva\/author\/bosniak\/"}]}},"_links":{"self":[{"href":"https:\/\/sandzakpress.net\/arhiva\/wp-json\/wp\/v2\/posts\/125894"}],"collection":[{"href":"https:\/\/sandzakpress.net\/arhiva\/wp-json\/wp\/v2\/posts"}],"about":[{"href":"https:\/\/sandzakpress.net\/arhiva\/wp-json\/wp\/v2\/types\/post"}],"author":[{"embeddable":true,"href":"https:\/\/sandzakpress.net\/arhiva\/wp-json\/wp\/v2\/users\/83"}],"replies":[{"embeddable":true,"href":"https:\/\/sandzakpress.net\/arhiva\/wp-json\/wp\/v2\/comments?post=125894"}],"version-history":[{"count":0,"href":"https:\/\/sandzakpress.net\/arhiva\/wp-json\/wp\/v2\/posts\/125894\/revisions"}],"wp:featuredmedia":[{"embeddable":true,"href":"https:\/\/sandzakpress.net\/arhiva\/wp-json\/wp\/v2\/media\/125895"}],"wp:attachment":[{"href":"https:\/\/sandzakpress.net\/arhiva\/wp-json\/wp\/v2\/media?parent=125894"}],"wp:term":[{"taxonomy":"category","embeddable":true,"href":"https:\/\/sandzakpress.net\/arhiva\/wp-json\/wp\/v2\/categories?post=125894"},{"taxonomy":"post_tag","embeddable":true,"href":"https:\/\/sandzakpress.net\/arhiva\/wp-json\/wp\/v2\/tags?post=125894"}],"curies":[{"name":"wp","href":"https:\/\/api.w.org\/{rel}","templated":true}]}}