{"id":12586,"date":"2011-02-12T14:14:25","date_gmt":"2011-02-12T13:14:25","guid":{"rendered":"https:\/\/sandzakpress.net\/arhiva\/?p=12586"},"modified":"2011-02-12T17:23:07","modified_gmt":"2011-02-12T16:23:07","slug":"student-fis-a-u-iranu-na-takmicenju-u-ucenju-kurana","status":"publish","type":"post","link":"https:\/\/sandzakpress.net\/arhiva\/student-fis-a-u-iranu-na-takmicenju-u-ucenju-kurana\/","title":{"rendered":"Student FIS-a u Iranu na takmi\u010denju u u\u010denju Kur'ana"},"content":{"rendered":"<p><strong><a href=\"https:\/\/sandzakpress.net\/arhiva\/wp-content\/uploads\/2011\/02\/th_img_ANKK9418.jpg\"><img loading=\"lazy\" decoding=\"async\" class=\"alignleft size-medium wp-image-12604\" title=\"th_img_ANKK9418\" src=\"https:\/\/sandzakpress.net\/arhiva\/wp-content\/uploads\/2011\/02\/th_img_ANKK9418-300x207.jpg\" alt=\"\" width=\"300\" height=\"207\" \/><\/a>Novi Pazar &#8211; U  organizaciji Islamske Republike Iran, u iranskom gradu Me\u0161had od 9. do  12. januara 2011. godine, odr\u017eano je Tre\u0107e me\u0111unarodno takmi\u010denje u\u010da\u010da  Kur\u2019ana za  studente. Ovogodi\u0161nji predstavnik Islamske zajednice u Srbiji bio je  student druge godine Fakulteta za islamske studije, Haris Be\u0107irovi\u0107,  koji se takmi\u010dio u kategoriji tilaweta. <\/strong><\/p>\n<p>Takmi\u010denje  je po\u010delo u\u010denjem Kur\u2018ana od strane Muhammeda Hassana Movahedija, koji  je osvojio prvo mjesto na prethodnom takmi\u010denju u Tehranu. Nakon toga se  obratio gospodin Mahmud Salahi, guverner pokrajine Hurasan Rezavi, koji  je u svom obra\u0107anju poselamio u\u010desnike i istakao ponos \u0161to mo\u017ee  ugostiti hafize i u\u010da\u010de Kur\u2018ana iz razli\u010ditih zemalja svijeta. Na  takmi\u010denju, koje je odr\u017eano u dvije kategorije \u2013 tilawetu i hifzu  cijelog Kur\u2019ana, ove godine u\u010destvovalo je vi\u0161e od 100 takmi\u010dara iz vi\u0161e  od 40 zemalja svijeta.<\/p>\n<p>U komisiji su se nalazili najeminentniji u\u010da\u010di svijeta od kojih posebno izdvajamo: Abulainaina\u00a0\u0160uai\u0161u,  koji je poslije Abdusameda najpoznatiji u\u010da\u010d na svijetu, zatim Ahmeda  Nainu, koji je bio nekoliko puta svjetski prvak u u\u010denju Kur'ana. \u00a0 Takmi\u010denje  se odvijalo u dva kruga. Konkurencija je bila izuzetno jaka.  Organizatori su istakli da je kvalitet takmi\u010denja ove godine bio mnogo  bolji nego prethodnih godina. Ali i pored velike konkurencije u drugi  krug su pro\u0161li takmi\u010dari iz zemalja koje su uvijek prednja\u010dile u u\u010denju  Kur'ana. Prvih pet zemalja koje su pro\u0161le u drugi krug iz kategorija  hifza bile su: Iran, Indonezija, Sudan, Libija i Jordan.<\/p>\n<p>\u0160to  se ti\u010de tilaweta tako\u0111er su bile: Iran, Indonezija, Afganistan,  Tad\u017eikistan i Irak. I pored izuzetnog kvaliteta zemalja koje su pro\u0161le u  drugi krug, ipak je Iran osvojio prvo mjestu u obje kategorije. \u00a0 Na  kraju \u017eelimo ista\u0107i da je organizacija bila na izuzetnom nivou. I pored  velikog broja u\u010desnika iz razli\u010ditih zemalja, organizatori su uspjeli  da na profesionalan i, nadasve, doma\u0107inski na\u010din ugoste sve u\u010desnike i  u\u010dine da se osje\u0107aju izuzetno po\u0161tovanim i po\u010da\u0161\u0107enim.<\/p>\n<p>Izvor:<strong> Fis.edu.rs<\/strong><\/p>\n","protected":false},"excerpt":{"rendered":"<p>Novi Pazar &#8211; U organizaciji Islamske Republike Iran, u iranskom gradu Me\u0161had od 9. do 12. januara 2011. godine, odr\u017eano je Tre\u0107e me\u0111unarodno takmi\u010denje u\u010da\u010da Kur\u2019ana za studente. Ovogodi\u0161nji predstavnik Islamske zajednice u Srbiji bio je student druge godine Fakulteta za islamske studije, Haris Be\u0107irovi\u0107, koji se takmi\u010dio u kategoriji tilaweta. Takmi\u010denje je po\u010delo u\u010denjem [&hellip;]<\/p>\n","protected":false},"author":13,"featured_media":12604,"comment_status":"open","ping_status":"open","sticky":false,"template":"","format":"standard","meta":{"footnotes":""},"categories":[72,4],"tags":[],"class_list":{"0":"post-12586","1":"post","2":"type-post","3":"status-publish","4":"format-standard","5":"has-post-thumbnail","7":"category-novi-pazar","8":"category-obrazovanje"},"yoast_head":"<!-- This site is optimized with the Yoast SEO Premium plugin v23.1 (Yoast SEO v24.9) - https:\/\/yoast.com\/wordpress\/plugins\/seo\/ -->\n<title>Student FIS-a u Iranu na takmi\u010denju u u\u010denju Kur&#039;ana<\/title>\n<meta name=\"robots\" content=\"index, follow, max-snippet:-1, max-image-preview:large, max-video-preview:-1\" \/>\n<link rel=\"canonical\" href=\"https:\/\/sandzakpress.net\/arhiva\/student-fis-a-u-iranu-na-takmicenju-u-ucenju-kurana\/\" \/>\n<meta property=\"og:locale\" content=\"bs_BA\" \/>\n<meta property=\"og:type\" content=\"article\" \/>\n<meta property=\"og:title\" content=\"Student FIS-a u Iranu na takmi\u010denju u u\u010denju Kur&#039;ana\" \/>\n<meta property=\"og:description\" content=\"Novi Pazar &#8211; U organizaciji Islamske Republike Iran, u iranskom gradu Me\u0161had od 9. do 12. januara 2011. godine, odr\u017eano je Tre\u0107e me\u0111unarodno takmi\u010denje u\u010da\u010da Kur\u2019ana za studente. Ovogodi\u0161nji predstavnik Islamske zajednice u Srbiji bio je student druge godine Fakulteta za islamske studije, Haris Be\u0107irovi\u0107, koji se takmi\u010dio u kategoriji tilaweta. Takmi\u010denje je po\u010delo u\u010denjem [&hellip;]\" \/>\n<meta property=\"og:url\" content=\"https:\/\/sandzakpress.net\/arhiva\/student-fis-a-u-iranu-na-takmicenju-u-ucenju-kurana\/\" \/>\n<meta property=\"og:site_name\" content=\"Sand\u017eak PRESS\" \/>\n<meta property=\"article:published_time\" content=\"2011-02-12T13:14:25+00:00\" \/>\n<meta property=\"article:modified_time\" content=\"2011-02-12T16:23:07+00:00\" \/>\n<meta property=\"og:image\" content=\"https:\/\/sandzakpress.net\/arhiva\/wp-content\/uploads\/2011\/02\/th_img_ANKK9418.jpg\" \/>\n\t<meta property=\"og:image:width\" content=\"600\" \/>\n\t<meta property=\"og:image:height\" content=\"414\" \/>\n\t<meta property=\"og:image:type\" content=\"image\/jpeg\" \/>\n<meta name=\"twitter:card\" content=\"summary_large_image\" \/>\n<meta name=\"twitter:label1\" content=\"Written by\" \/>\n\t<meta name=\"twitter:data1\" content=\"\" \/>\n\t<meta name=\"twitter:label2\" content=\"Est. reading time\" \/>\n\t<meta name=\"twitter:data2\" content=\"2 minute\" \/>\n<script type=\"application\/ld+json\" class=\"yoast-schema-graph\">{\"@context\":\"https:\/\/schema.org\",\"@graph\":[{\"@type\":\"Article\",\"@id\":\"https:\/\/sandzakpress.net\/arhiva\/student-fis-a-u-iranu-na-takmicenju-u-ucenju-kurana\/#article\",\"isPartOf\":{\"@id\":\"https:\/\/sandzakpress.net\/arhiva\/student-fis-a-u-iranu-na-takmicenju-u-ucenju-kurana\/\"},\"author\":{\"name\":\"\",\"@id\":\"\"},\"headline\":\"Student FIS-a u Iranu na takmi\u010denju u u\u010denju Kur'ana\",\"datePublished\":\"2011-02-12T13:14:25+00:00\",\"dateModified\":\"2011-02-12T16:23:07+00:00\",\"mainEntityOfPage\":{\"@id\":\"https:\/\/sandzakpress.net\/arhiva\/student-fis-a-u-iranu-na-takmicenju-u-ucenju-kurana\/\"},\"wordCount\":375,\"commentCount\":0,\"publisher\":{\"@id\":\"https:\/\/sandzakpress.net\/arhiva\/#\/schema\/person\/6e72b67d6e51910a1117b3b483ba20bd\"},\"image\":{\"@id\":\"https:\/\/sandzakpress.net\/arhiva\/student-fis-a-u-iranu-na-takmicenju-u-ucenju-kurana\/#primaryimage\"},\"thumbnailUrl\":\"https:\/\/sandzakpress.net\/arhiva\/wp-content\/uploads\/2011\/02\/th_img_ANKK9418.jpg\",\"articleSection\":[\"Novi Pazar\",\"Obrazovanje\"],\"inLanguage\":\"bs-BA\",\"potentialAction\":[{\"@type\":\"CommentAction\",\"name\":\"Comment\",\"target\":[\"https:\/\/sandzakpress.net\/arhiva\/student-fis-a-u-iranu-na-takmicenju-u-ucenju-kurana\/#respond\"]}]},{\"@type\":\"WebPage\",\"@id\":\"https:\/\/sandzakpress.net\/arhiva\/student-fis-a-u-iranu-na-takmicenju-u-ucenju-kurana\/\",\"url\":\"https:\/\/sandzakpress.net\/arhiva\/student-fis-a-u-iranu-na-takmicenju-u-ucenju-kurana\/\",\"name\":\"Student FIS-a u Iranu na takmi\u010denju u u\u010denju Kur'ana\",\"isPartOf\":{\"@id\":\"https:\/\/sandzakpress.net\/arhiva\/#website\"},\"primaryImageOfPage\":{\"@id\":\"https:\/\/sandzakpress.net\/arhiva\/student-fis-a-u-iranu-na-takmicenju-u-ucenju-kurana\/#primaryimage\"},\"image\":{\"@id\":\"https:\/\/sandzakpress.net\/arhiva\/student-fis-a-u-iranu-na-takmicenju-u-ucenju-kurana\/#primaryimage\"},\"thumbnailUrl\":\"https:\/\/sandzakpress.net\/arhiva\/wp-content\/uploads\/2011\/02\/th_img_ANKK9418.jpg\",\"datePublished\":\"2011-02-12T13:14:25+00:00\",\"dateModified\":\"2011-02-12T16:23:07+00:00\",\"breadcrumb\":{\"@id\":\"https:\/\/sandzakpress.net\/arhiva\/student-fis-a-u-iranu-na-takmicenju-u-ucenju-kurana\/#breadcrumb\"},\"inLanguage\":\"bs-BA\",\"potentialAction\":[{\"@type\":\"ReadAction\",\"target\":[\"https:\/\/sandzakpress.net\/arhiva\/student-fis-a-u-iranu-na-takmicenju-u-ucenju-kurana\/\"]}]},{\"@type\":\"ImageObject\",\"inLanguage\":\"bs-BA\",\"@id\":\"https:\/\/sandzakpress.net\/arhiva\/student-fis-a-u-iranu-na-takmicenju-u-ucenju-kurana\/#primaryimage\",\"url\":\"https:\/\/sandzakpress.net\/arhiva\/wp-content\/uploads\/2011\/02\/th_img_ANKK9418.jpg\",\"contentUrl\":\"https:\/\/sandzakpress.net\/arhiva\/wp-content\/uploads\/2011\/02\/th_img_ANKK9418.jpg\",\"width\":600,\"height\":414},{\"@type\":\"BreadcrumbList\",\"@id\":\"https:\/\/sandzakpress.net\/arhiva\/student-fis-a-u-iranu-na-takmicenju-u-ucenju-kurana\/#breadcrumb\",\"itemListElement\":[{\"@type\":\"ListItem\",\"position\":1,\"name\":\"Home\",\"item\":\"https:\/\/sandzakpress.net\/arhiva\/\"},{\"@type\":\"ListItem\",\"position\":2,\"name\":\"Student FIS-a u Iranu na takmi\u010denju u u\u010denju Kur'ana\"}]},{\"@type\":\"WebSite\",\"@id\":\"https:\/\/sandzakpress.net\/arhiva\/#website\",\"url\":\"https:\/\/sandzakpress.net\/arhiva\/\",\"name\":\"Sand\u017eak PRESS\",\"description\":\"Prve elektronske novine u Sand\u017eaku\",\"publisher\":{\"@id\":\"https:\/\/sandzakpress.net\/arhiva\/#\/schema\/person\/6e72b67d6e51910a1117b3b483ba20bd\"},\"potentialAction\":[{\"@type\":\"SearchAction\",\"target\":{\"@type\":\"EntryPoint\",\"urlTemplate\":\"https:\/\/sandzakpress.net\/arhiva\/?s={search_term_string}\"},\"query-input\":{\"@type\":\"PropertyValueSpecification\",\"valueRequired\":true,\"valueName\":\"search_term_string\"}}],\"inLanguage\":\"bs-BA\"},{\"@type\":[\"Person\",\"Organization\"],\"@id\":\"https:\/\/sandzakpress.net\/arhiva\/#\/schema\/person\/6e72b67d6e51910a1117b3b483ba20bd\",\"name\":\"Kul\",\"image\":{\"@type\":\"ImageObject\",\"inLanguage\":\"bs-BA\",\"@id\":\"https:\/\/sandzakpress.net\/arhiva\/#\/schema\/person\/image\/\",\"url\":\"https:\/\/secure.gravatar.com\/avatar\/42263f39aa27ac04c43cab85c280eb2e?s=96&d=mm&r=pg\",\"contentUrl\":\"https:\/\/secure.gravatar.com\/avatar\/42263f39aa27ac04c43cab85c280eb2e?s=96&d=mm&r=pg\",\"caption\":\"Kul\"},\"logo\":{\"@id\":\"https:\/\/sandzakpress.net\/arhiva\/#\/schema\/person\/image\/\"}},{\"@type\":\"Person\",\"@id\":\"\",\"url\":\"https:\/\/sandzakpress.net\/arhiva\/author\/\"}]}<\/script>\n<!-- \/ Yoast SEO Premium plugin. -->","yoast_head_json":{"title":"Student FIS-a u Iranu na takmi\u010denju u u\u010denju Kur'ana","robots":{"index":"index","follow":"follow","max-snippet":"max-snippet:-1","max-image-preview":"max-image-preview:large","max-video-preview":"max-video-preview:-1"},"canonical":"https:\/\/sandzakpress.net\/arhiva\/student-fis-a-u-iranu-na-takmicenju-u-ucenju-kurana\/","og_locale":"bs_BA","og_type":"article","og_title":"Student FIS-a u Iranu na takmi\u010denju u u\u010denju Kur'ana","og_description":"Novi Pazar &#8211; U organizaciji Islamske Republike Iran, u iranskom gradu Me\u0161had od 9. do 12. januara 2011. godine, odr\u017eano je Tre\u0107e me\u0111unarodno takmi\u010denje u\u010da\u010da Kur\u2019ana za studente. Ovogodi\u0161nji predstavnik Islamske zajednice u Srbiji bio je student druge godine Fakulteta za islamske studije, Haris Be\u0107irovi\u0107, koji se takmi\u010dio u kategoriji tilaweta. Takmi\u010denje je po\u010delo u\u010denjem [&hellip;]","og_url":"https:\/\/sandzakpress.net\/arhiva\/student-fis-a-u-iranu-na-takmicenju-u-ucenju-kurana\/","og_site_name":"Sand\u017eak PRESS","article_published_time":"2011-02-12T13:14:25+00:00","article_modified_time":"2011-02-12T16:23:07+00:00","og_image":[{"width":600,"height":414,"url":"https:\/\/sandzakpress.net\/arhiva\/wp-content\/uploads\/2011\/02\/th_img_ANKK9418.jpg","type":"image\/jpeg"}],"twitter_card":"summary_large_image","twitter_misc":{"Written by":"","Est. reading time":"2 minute"},"schema":{"@context":"https:\/\/schema.org","@graph":[{"@type":"Article","@id":"https:\/\/sandzakpress.net\/arhiva\/student-fis-a-u-iranu-na-takmicenju-u-ucenju-kurana\/#article","isPartOf":{"@id":"https:\/\/sandzakpress.net\/arhiva\/student-fis-a-u-iranu-na-takmicenju-u-ucenju-kurana\/"},"author":{"name":"","@id":""},"headline":"Student FIS-a u Iranu na takmi\u010denju u u\u010denju Kur'ana","datePublished":"2011-02-12T13:14:25+00:00","dateModified":"2011-02-12T16:23:07+00:00","mainEntityOfPage":{"@id":"https:\/\/sandzakpress.net\/arhiva\/student-fis-a-u-iranu-na-takmicenju-u-ucenju-kurana\/"},"wordCount":375,"commentCount":0,"publisher":{"@id":"https:\/\/sandzakpress.net\/arhiva\/#\/schema\/person\/6e72b67d6e51910a1117b3b483ba20bd"},"image":{"@id":"https:\/\/sandzakpress.net\/arhiva\/student-fis-a-u-iranu-na-takmicenju-u-ucenju-kurana\/#primaryimage"},"thumbnailUrl":"https:\/\/sandzakpress.net\/arhiva\/wp-content\/uploads\/2011\/02\/th_img_ANKK9418.jpg","articleSection":["Novi Pazar","Obrazovanje"],"inLanguage":"bs-BA","potentialAction":[{"@type":"CommentAction","name":"Comment","target":["https:\/\/sandzakpress.net\/arhiva\/student-fis-a-u-iranu-na-takmicenju-u-ucenju-kurana\/#respond"]}]},{"@type":"WebPage","@id":"https:\/\/sandzakpress.net\/arhiva\/student-fis-a-u-iranu-na-takmicenju-u-ucenju-kurana\/","url":"https:\/\/sandzakpress.net\/arhiva\/student-fis-a-u-iranu-na-takmicenju-u-ucenju-kurana\/","name":"Student FIS-a u Iranu na takmi\u010denju u u\u010denju Kur'ana","isPartOf":{"@id":"https:\/\/sandzakpress.net\/arhiva\/#website"},"primaryImageOfPage":{"@id":"https:\/\/sandzakpress.net\/arhiva\/student-fis-a-u-iranu-na-takmicenju-u-ucenju-kurana\/#primaryimage"},"image":{"@id":"https:\/\/sandzakpress.net\/arhiva\/student-fis-a-u-iranu-na-takmicenju-u-ucenju-kurana\/#primaryimage"},"thumbnailUrl":"https:\/\/sandzakpress.net\/arhiva\/wp-content\/uploads\/2011\/02\/th_img_ANKK9418.jpg","datePublished":"2011-02-12T13:14:25+00:00","dateModified":"2011-02-12T16:23:07+00:00","breadcrumb":{"@id":"https:\/\/sandzakpress.net\/arhiva\/student-fis-a-u-iranu-na-takmicenju-u-ucenju-kurana\/#breadcrumb"},"inLanguage":"bs-BA","potentialAction":[{"@type":"ReadAction","target":["https:\/\/sandzakpress.net\/arhiva\/student-fis-a-u-iranu-na-takmicenju-u-ucenju-kurana\/"]}]},{"@type":"ImageObject","inLanguage":"bs-BA","@id":"https:\/\/sandzakpress.net\/arhiva\/student-fis-a-u-iranu-na-takmicenju-u-ucenju-kurana\/#primaryimage","url":"https:\/\/sandzakpress.net\/arhiva\/wp-content\/uploads\/2011\/02\/th_img_ANKK9418.jpg","contentUrl":"https:\/\/sandzakpress.net\/arhiva\/wp-content\/uploads\/2011\/02\/th_img_ANKK9418.jpg","width":600,"height":414},{"@type":"BreadcrumbList","@id":"https:\/\/sandzakpress.net\/arhiva\/student-fis-a-u-iranu-na-takmicenju-u-ucenju-kurana\/#breadcrumb","itemListElement":[{"@type":"ListItem","position":1,"name":"Home","item":"https:\/\/sandzakpress.net\/arhiva\/"},{"@type":"ListItem","position":2,"name":"Student FIS-a u Iranu na takmi\u010denju u u\u010denju Kur'ana"}]},{"@type":"WebSite","@id":"https:\/\/sandzakpress.net\/arhiva\/#website","url":"https:\/\/sandzakpress.net\/arhiva\/","name":"Sand\u017eak PRESS","description":"Prve elektronske novine u Sand\u017eaku","publisher":{"@id":"https:\/\/sandzakpress.net\/arhiva\/#\/schema\/person\/6e72b67d6e51910a1117b3b483ba20bd"},"potentialAction":[{"@type":"SearchAction","target":{"@type":"EntryPoint","urlTemplate":"https:\/\/sandzakpress.net\/arhiva\/?s={search_term_string}"},"query-input":{"@type":"PropertyValueSpecification","valueRequired":true,"valueName":"search_term_string"}}],"inLanguage":"bs-BA"},{"@type":["Person","Organization"],"@id":"https:\/\/sandzakpress.net\/arhiva\/#\/schema\/person\/6e72b67d6e51910a1117b3b483ba20bd","name":"Kul","image":{"@type":"ImageObject","inLanguage":"bs-BA","@id":"https:\/\/sandzakpress.net\/arhiva\/#\/schema\/person\/image\/","url":"https:\/\/secure.gravatar.com\/avatar\/42263f39aa27ac04c43cab85c280eb2e?s=96&d=mm&r=pg","contentUrl":"https:\/\/secure.gravatar.com\/avatar\/42263f39aa27ac04c43cab85c280eb2e?s=96&d=mm&r=pg","caption":"Kul"},"logo":{"@id":"https:\/\/sandzakpress.net\/arhiva\/#\/schema\/person\/image\/"}},{"@type":"Person","@id":"","url":"https:\/\/sandzakpress.net\/arhiva\/author\/"}]}},"_links":{"self":[{"href":"https:\/\/sandzakpress.net\/arhiva\/wp-json\/wp\/v2\/posts\/12586"}],"collection":[{"href":"https:\/\/sandzakpress.net\/arhiva\/wp-json\/wp\/v2\/posts"}],"about":[{"href":"https:\/\/sandzakpress.net\/arhiva\/wp-json\/wp\/v2\/types\/post"}],"author":[{"embeddable":true,"href":"https:\/\/sandzakpress.net\/arhiva\/wp-json\/wp\/v2\/users\/13"}],"replies":[{"embeddable":true,"href":"https:\/\/sandzakpress.net\/arhiva\/wp-json\/wp\/v2\/comments?post=12586"}],"version-history":[{"count":0,"href":"https:\/\/sandzakpress.net\/arhiva\/wp-json\/wp\/v2\/posts\/12586\/revisions"}],"wp:featuredmedia":[{"embeddable":true,"href":"https:\/\/sandzakpress.net\/arhiva\/wp-json\/wp\/v2\/media\/12604"}],"wp:attachment":[{"href":"https:\/\/sandzakpress.net\/arhiva\/wp-json\/wp\/v2\/media?parent=12586"}],"wp:term":[{"taxonomy":"category","embeddable":true,"href":"https:\/\/sandzakpress.net\/arhiva\/wp-json\/wp\/v2\/categories?post=12586"},{"taxonomy":"post_tag","embeddable":true,"href":"https:\/\/sandzakpress.net\/arhiva\/wp-json\/wp\/v2\/tags?post=12586"}],"curies":[{"name":"wp","href":"https:\/\/api.w.org\/{rel}","templated":true}]}}