{"id":12581,"date":"2011-02-12T16:34:17","date_gmt":"2011-02-12T15:34:17","guid":{"rendered":"https:\/\/sandzakpress.net\/arhiva\/?p=12581"},"modified":"2011-02-12T17:27:12","modified_gmt":"2011-02-12T16:27:12","slug":"ne-daj-mu-drugu-priliku-da-ponovi-nepravdu","status":"publish","type":"post","link":"https:\/\/sandzakpress.net\/arhiva\/ne-daj-mu-drugu-priliku-da-ponovi-nepravdu\/","title":{"rendered":"Ne daj mu drugu priliku da ponovi nepravdu"},"content":{"rendered":"<p><strong><a href=\"https:\/\/sandzakpress.net\/arhiva\/wp-content\/uploads\/2011\/02\/100_Avdo_Metjahic_Fes.jpg\"><img loading=\"lazy\" decoding=\"async\" class=\"alignleft size-full wp-image-12582\" title=\"100_Avdo_Metjahic_Fes\" src=\"https:\/\/sandzakpress.net\/arhiva\/wp-content\/uploads\/2011\/02\/100_Avdo_Metjahic_Fes.jpg\" alt=\"\" width=\"100\" height=\"126\" \/><\/a>Dijaspora &#8211; Enes Ibn Malik El Ensari prenosi da je Allahov Poslanik, sallallahu &#8216;alejhi ve selleme, rekao: &#8220;Pomozi svoga brata, zalima i mazluma (nepravednika, i onoga nad kime je nepravda u\u010dinjena)!&#8221; Jedan od ashaba re\u010de: &#8220;Allahov Poslani\u010de, pomo\u0107i \u0107u ga ako je mazlum, ali kako da ga pomognem kad je zalim?&#8221; Alejhisselam re\u010de: &#8220;Da ga sprije\u010di\u0161 da nasilje u\u010dini, to mu je zaista pomo\u0107.&#8221;<\/strong><\/p>\n<p>Kako ovo lijepo i pravedno zvu\u010di. Ove Poslanikove a.s. rije\u010di mo\u017eemo tuma\u010diti i kao: Pomozi zlima na taj na\u010din da mu ne da\u0161 drugu priliku da ponovi nepravdu ili zlo\u010din, nego ga sprije\u010diti i odstraniti iz svih pora \u017eivota. Nije samo zlo\u010din ubiti \u010dovjeka, nego je veliki zlo\u010din nanijeti nepravdu \u010dovjeku, i svom narodu upo\u0161te.<\/p>\n<p>Posljednjih mjeseci intezivnije se pri\u010da da nekoliko bo\u0161nja\u010dkih d\u017eemata u SAD imaju ozbiljnijih problema, previranja, lomljenja\u2026 Tako prije nekoliko sedmica raznije\u0161e se glasine vezano za de\u0161avanja u Islamskom kulturnom centru u \u010cikagu \u010diji Odbor je suspendovao tamo\u0161njeg imama, sa pravom \u017ealbe na tu odluku. U svakom slu\u010daju zakazana je Skup\u0161tina na kojoj \u0107e se delegati izjasniti.<\/p>\n<p>Iako mi nije namjera da upli\u0107em u odluke Odbora ali ni Skup\u0161tine, jer nisam \u010dlan te zajednice, ipak razmi\u0161ljao sam o zamr\u0161ancijama Statuta. \u017divo me interesuje za\u0161to Skup\u0161tina treba da zasjeda i da potvrdi ili poni\u0161ti odliku Upravnog odbora. Zar delegati nisu birali \u010dlanove UO kojima su povjerili mandat da ih predstavljaju u vremenu kako je zapisano u Statutu, i sada bi da se mije\u0161aju u njihove odluke, bez obzira o kome se radi. Zna\u010di li to da nemaju povjerenja jedni prema drugima?!<\/p>\n<p>\u017divimo SAD u jednoj od najstarijih demokracija svijeta, i dobro nam je poznato da svakih nekoliko godina glasamo za na\u0161e prestavnike; predsjednika dr\u017eave, senatora, kongresmene&#8230; Zar im glasanjem ne dajemo puno povjerenje da nas predstavljaju u duhu njihove savjesti i da rade za dobro svojih glasa\u010da \u2026<\/p>\n<p>Bo\u0161nja\u010dki d\u017eemati na saborska\/skup\u0161tinska zasjedanja trebaju \u0161to prije precizirati ko mo\u017ee da bude \u010dlan, kao i nadlo\u017enost tog odbora, upravo iz razloga pravovremenog reagovanja na bilo kakva de\u0161avanja u zajednici. Jer dok se do\u010deka zakazivanje Skup\u0161tine mnoge se stvari okrenu u ne\u017eeljenom smjeru. Isto tako da se u Upravni odbor ne bira zaposleno lice u zajednici, i posebno da ne treba imati pravo glasa.<\/p>\n<p>D\u017eemat u New Yorku koji je prije vi\u0161e od dva mjeseca izabrao novi Upravni odbor, naslijedili su da imam bude \u010dlan tog odbora. Svima nam je poznato koliko su Odbori u prijethodnim sazivima bili funkcionalni. Prelistajte odlukama koje su donosili i koje su sproveli i sve \u0107e vam\/nam biti jasno. Najzad funkcionalnost odbora u kojem je bio \u201cglavni\u201d najbolje se o\u010dituje u tome da gospoda koja vodila jedan od najve\u0107ih d\u017eemata ne samo u SAD ve\u0107 u bo\u0161nja\u010dkoj dijaspori, da ni dandanas nemaju \u201cCO\u201d (ocupancy permit) za zgradu koja slu\u017ei kao d\u017eamija. Pla\u0107anje imama je ba\u0161ka pri\u010da, kao \u0161to je i izbjegavanje pla\u0107anja obaveznog poreza na dohodak, a zna se dobro \u0161ta ka\u017ee zakon u ovoj zemlji.<\/p>\n<p>Nego ho\u0107emo da vjerujemo Upravnom odboru d\u017eemata u New Yorku, da \u0107e u svom mandatu odkloniti sve slabosti i da \u0107e nastojati vratiti povjerenje me\u0111u vjernicima, Bo\u0161njacima i svima drugima koji su \u010dlanovi ovog d\u017eemata.<\/p>\n<p>Jedan od na\u0161ih velikih Bo\u0161njaka koji voli svoj narod i svoju vjeru, kad je \u010duo da je imam Alipa\u0161ine d\u017eamije u New Yorku umije\u0161an u \u201ebalkanizaciju\u201c Bo\u0161njaka ju\u017ene Kalifornije (Balkan American Cultural Community of Southern California) odmah je reagovao. Kao prvo obratio se je \u201eglavnom\u201c Ali-pa\u0161ine d\u017eamije u New Yorku, koji mu je odgovorio na sljede\u0107i na\u010din:\u00a0<em>\u201ePo\u0161to sam li\u010dno jedan od glavnih inicijatora i predlaga\u010da za osnivanje bo\u0161nja\u010dkog d\u017eemata u Ju\u017enoj Kaliforniji (a ne balkanskog\u2026) a Ti \u017eivi\u0161 u Los An\u0111elosu volio bih da se malo \u010dujemo i popri\u010damo o svemu.\u201d <\/em><\/p>\n<p>Kao \u0161to se predosje\u0107a iz gornjih par citiranih re\u010denica, taj imam se \u010duo sa tim na\u0161im Bo\u0161njom. Kad mu je re\u010deno; da je sljede\u0107i da bude suspendovan iz d\u017eemata zbog svojih marifetluka, rekao je da za to nema razloga, jer on je taj koji je osnovao taj d\u017eemat. Koliko je istina u ovome; da je on taj koji je osnovao d\u017eemat, neka sam d\u017eemat odlu\u010di i nagradi ga za plasiranje nesitina. Na pitanje Bo\u0161nje: Je li istina da je bacio list \u201cBO\u0160NJAK\u201d u kantu za sme\u0107e devedesetih godina pro\u0161log vijeka, odgovorio je: &#8211; Avdo la\u017ee!<br \/>\nZa sre\u0107u Avdo ima ljude koji se sje\u0107aju toga dobro, \u010desto ga podsje\u0107aju na taj slu\u010daj i to uvijek kad isti imam proba organizovat ne\u0161to sa predznakom &#8211; Bo\u0161njak. Par godina unazad organizovao je sa svojih par istomi\u0161ljenika \u201cMaticu Bo\u0161njaka Crne Gore\u201d. Nedugo nakon osnivanja morali su je preimenovati u \u201cSavez Bo\u0161njaka CG\u201d, jer im je izgleda stiglo neko be\u0161are da Crna Gora ne mo\u017ee biti Matica Bo\u0161njacima, posebno ne onima koji su prognani iy nje.<\/p>\n<p>Dalje, za\u0161to ne bi rekli da je u pro\u0161logodi\u0161njem ramazanu u posjeti New Yorku iz Novog Pazara doputovao Senad ef. kojeg su specijalne slu\u017ebe na aerodromu, zaslugom \u201cglavnog\u201d, dr\u017eale vi\u0161e sati. \u201cGlavni\u201d je navodno dojavio da je ovaj mladi\u0107 prijetnja sigurnosti ovog dru\u0161tva. Tada su Senada ef. nekoliko ljudi \u010dekalo \u010detiri-pet sati da se pojavi na izlazna aerodromska vrata. Svjesni smo da sve dojave posebno takve vrste, slu\u017ebe zadu\u017eene za sigurnost moraju provjeriti, i biti sigurne da li je osoba \u010dist i da li je dojava la\u017ena. To se ba\u0161 desilo sa istim onim Senadom ef. kojem je isti imam prije dvije godine, pred ramazan, \u2018po\u017eelio dobrodo\u0161licu\u2019 preko slu\u017ebenika Ameri\u010dke ambasade u Beogradu.<\/p>\n<p>Pitamo se dokle \u0107e ovakve udarce trpi d\u017eemat, i kad \u0107e ve\u0107 jednom da do\u0111e kraj spletkama.<br \/>\nDali je kona\u010dno do\u0161lo vrijeme da nakon dvije decenije bo\u0161nja\u010dki narod prestaje biti istrument manipulanata i da vi\u0161e ne\u0107e dozvoliti da ih iko vi\u0161e vu\u010de za nos. Zato, bo\u0161nja\u010dki narod s pravom ne\u0107e vi\u0161e dopustiti da njime manipuli\u0161u tobo\u017enji nedokazani za\u0161titnici vjere i nacionalnih interesa na\u0161eg naroda. Zna na\u0161 narod da su to oni koji sebi uzdi\u017eu iznad naroda i predstavljaju se kao stvaraoci i realizatori svega onoga \u0161to je narod stvorio preko svojih le\u0111a. Jeste \u017ealosno za one koji nakon svega dozvoljavaju da budu manipulisani od pojedinaca, koji su na zijanluku, ne samo vjere nego i vjernika uop\u0161te. Poni\u017eavanje \u010destitih vjernika za sva vremena treba da bude sprije\u010deno, i da se ljudima doka\u017ee gdje su ih sve vodili oni kojima su vjerovali. Cilj ma\u0161eg naroda ovdje u dijaspori je, da opstane i njeguje svoje posebnosti, nacionalone, kulturne i vjerske, te da se novim generacijama prenese istina i odgoje se u duhu bo\u0161nja\u0161tva i vjere islama.<\/p>\n<p>Da li je Islamski i Kulturni centar radio na tome, i koliko vidjet \u0107e se? Onda, za\u0161to ne pitati \u0161ta je dosad, tj. u dvadest godina rada uradio imam d\u017eemata u New Yorku, koliko je radio prosvje\u0107ivanju na\u0161e omladine, gdje je ta omladina koju je on prosvjetio, sa kim se \u017eeni i udaje ta omladina&#8230;. ?<\/p>\n<p>Kona\u010dno, na\u0161 narod radi sveukupnog interesa i opstanka, na klju\u010dnom mjestu mora imati svjesnu, savjesnu i \u010destitu li\u010dnost koji bi na adekvatan na\u010din \u0161titio na\u0161e vjerske, nacionalne, kulturne i dr\u017eavni\u010dke interesa.<\/p>\n<p>Izvor: <strong>Bosnjaci.net<\/strong><\/p>\n","protected":false},"excerpt":{"rendered":"<p>Dijaspora &#8211; Enes Ibn Malik El Ensari prenosi da je Allahov Poslanik, sallallahu &#8216;alejhi ve selleme, rekao: &#8220;Pomozi svoga brata, zalima i mazluma (nepravednika, i onoga nad kime je nepravda u\u010dinjena)!&#8221; Jedan od ashaba re\u010de: &#8220;Allahov Poslani\u010de, pomo\u0107i \u0107u ga ako je mazlum, ali kako da ga pomognem kad je zalim?&#8221; Alejhisselam re\u010de: &#8220;Da ga [&hellip;]<\/p>\n","protected":false},"author":83,"featured_media":12582,"comment_status":"open","ping_status":"open","sticky":false,"template":"","format":"standard","meta":{"footnotes":""},"categories":[3012],"tags":[],"class_list":{"0":"post-12581","1":"post","2":"type-post","3":"status-publish","4":"format-standard","5":"has-post-thumbnail","7":"category-amerika-gradovi"},"yoast_head":"<!-- This site is optimized with the Yoast SEO Premium plugin v23.1 (Yoast SEO v24.9) - https:\/\/yoast.com\/wordpress\/plugins\/seo\/ -->\n<title>Ne daj mu drugu priliku da ponovi nepravdu<\/title>\n<meta name=\"robots\" content=\"index, follow, max-snippet:-1, max-image-preview:large, max-video-preview:-1\" \/>\n<link rel=\"canonical\" href=\"https:\/\/sandzakpress.net\/arhiva\/ne-daj-mu-drugu-priliku-da-ponovi-nepravdu\/\" \/>\n<meta property=\"og:locale\" content=\"bs_BA\" \/>\n<meta property=\"og:type\" content=\"article\" \/>\n<meta property=\"og:title\" content=\"Ne daj mu drugu priliku da ponovi nepravdu\" \/>\n<meta property=\"og:description\" content=\"Dijaspora &#8211; Enes Ibn Malik El Ensari prenosi da je Allahov Poslanik, sallallahu &#8216;alejhi ve selleme, rekao: &#8220;Pomozi svoga brata, zalima i mazluma (nepravednika, i onoga nad kime je nepravda u\u010dinjena)!&#8221; Jedan od ashaba re\u010de: &#8220;Allahov Poslani\u010de, pomo\u0107i \u0107u ga ako je mazlum, ali kako da ga pomognem kad je zalim?&#8221; Alejhisselam re\u010de: &#8220;Da ga [&hellip;]\" \/>\n<meta property=\"og:url\" content=\"https:\/\/sandzakpress.net\/arhiva\/ne-daj-mu-drugu-priliku-da-ponovi-nepravdu\/\" \/>\n<meta property=\"og:site_name\" content=\"Sand\u017eak PRESS\" \/>\n<meta property=\"article:published_time\" content=\"2011-02-12T15:34:17+00:00\" \/>\n<meta property=\"article:modified_time\" content=\"2011-02-12T16:27:12+00:00\" \/>\n<meta property=\"og:image\" content=\"https:\/\/sandzakpress.net\/arhiva\/wp-content\/uploads\/2011\/02\/100_Avdo_Metjahic_Fes.jpg\" \/>\n\t<meta property=\"og:image:width\" content=\"100\" \/>\n\t<meta property=\"og:image:height\" content=\"126\" \/>\n\t<meta property=\"og:image:type\" content=\"image\/jpeg\" \/>\n<meta name=\"author\" content=\"bosniak\" \/>\n<meta name=\"twitter:card\" content=\"summary_large_image\" \/>\n<meta name=\"twitter:label1\" content=\"Written by\" \/>\n\t<meta name=\"twitter:data1\" content=\"bosniak\" \/>\n\t<meta name=\"twitter:label2\" content=\"Est. reading time\" \/>\n\t<meta name=\"twitter:data2\" content=\"7 minuta\" \/>\n<script type=\"application\/ld+json\" class=\"yoast-schema-graph\">{\"@context\":\"https:\/\/schema.org\",\"@graph\":[{\"@type\":\"Article\",\"@id\":\"https:\/\/sandzakpress.net\/arhiva\/ne-daj-mu-drugu-priliku-da-ponovi-nepravdu\/#article\",\"isPartOf\":{\"@id\":\"https:\/\/sandzakpress.net\/arhiva\/ne-daj-mu-drugu-priliku-da-ponovi-nepravdu\/\"},\"author\":{\"name\":\"bosniak\",\"@id\":\"https:\/\/sandzakpress.net\/arhiva\/#\/schema\/person\/c8baee722073534b583ea7bdb2e36c02\"},\"headline\":\"Ne daj mu drugu priliku da ponovi nepravdu\",\"datePublished\":\"2011-02-12T15:34:17+00:00\",\"dateModified\":\"2011-02-12T16:27:12+00:00\",\"mainEntityOfPage\":{\"@id\":\"https:\/\/sandzakpress.net\/arhiva\/ne-daj-mu-drugu-priliku-da-ponovi-nepravdu\/\"},\"wordCount\":1336,\"commentCount\":0,\"publisher\":{\"@id\":\"https:\/\/sandzakpress.net\/arhiva\/#\/schema\/person\/6e72b67d6e51910a1117b3b483ba20bd\"},\"image\":{\"@id\":\"https:\/\/sandzakpress.net\/arhiva\/ne-daj-mu-drugu-priliku-da-ponovi-nepravdu\/#primaryimage\"},\"thumbnailUrl\":\"https:\/\/sandzakpress.net\/arhiva\/wp-content\/uploads\/2011\/02\/100_Avdo_Metjahic_Fes.jpg\",\"articleSection\":[\"Amerika\"],\"inLanguage\":\"bs-BA\",\"potentialAction\":[{\"@type\":\"CommentAction\",\"name\":\"Comment\",\"target\":[\"https:\/\/sandzakpress.net\/arhiva\/ne-daj-mu-drugu-priliku-da-ponovi-nepravdu\/#respond\"]}]},{\"@type\":\"WebPage\",\"@id\":\"https:\/\/sandzakpress.net\/arhiva\/ne-daj-mu-drugu-priliku-da-ponovi-nepravdu\/\",\"url\":\"https:\/\/sandzakpress.net\/arhiva\/ne-daj-mu-drugu-priliku-da-ponovi-nepravdu\/\",\"name\":\"Ne daj mu drugu priliku da ponovi nepravdu\",\"isPartOf\":{\"@id\":\"https:\/\/sandzakpress.net\/arhiva\/#website\"},\"primaryImageOfPage\":{\"@id\":\"https:\/\/sandzakpress.net\/arhiva\/ne-daj-mu-drugu-priliku-da-ponovi-nepravdu\/#primaryimage\"},\"image\":{\"@id\":\"https:\/\/sandzakpress.net\/arhiva\/ne-daj-mu-drugu-priliku-da-ponovi-nepravdu\/#primaryimage\"},\"thumbnailUrl\":\"https:\/\/sandzakpress.net\/arhiva\/wp-content\/uploads\/2011\/02\/100_Avdo_Metjahic_Fes.jpg\",\"datePublished\":\"2011-02-12T15:34:17+00:00\",\"dateModified\":\"2011-02-12T16:27:12+00:00\",\"breadcrumb\":{\"@id\":\"https:\/\/sandzakpress.net\/arhiva\/ne-daj-mu-drugu-priliku-da-ponovi-nepravdu\/#breadcrumb\"},\"inLanguage\":\"bs-BA\",\"potentialAction\":[{\"@type\":\"ReadAction\",\"target\":[\"https:\/\/sandzakpress.net\/arhiva\/ne-daj-mu-drugu-priliku-da-ponovi-nepravdu\/\"]}]},{\"@type\":\"ImageObject\",\"inLanguage\":\"bs-BA\",\"@id\":\"https:\/\/sandzakpress.net\/arhiva\/ne-daj-mu-drugu-priliku-da-ponovi-nepravdu\/#primaryimage\",\"url\":\"https:\/\/sandzakpress.net\/arhiva\/wp-content\/uploads\/2011\/02\/100_Avdo_Metjahic_Fes.jpg\",\"contentUrl\":\"https:\/\/sandzakpress.net\/arhiva\/wp-content\/uploads\/2011\/02\/100_Avdo_Metjahic_Fes.jpg\",\"width\":100,\"height\":126},{\"@type\":\"BreadcrumbList\",\"@id\":\"https:\/\/sandzakpress.net\/arhiva\/ne-daj-mu-drugu-priliku-da-ponovi-nepravdu\/#breadcrumb\",\"itemListElement\":[{\"@type\":\"ListItem\",\"position\":1,\"name\":\"Home\",\"item\":\"https:\/\/sandzakpress.net\/arhiva\/\"},{\"@type\":\"ListItem\",\"position\":2,\"name\":\"Ne daj mu drugu priliku da ponovi nepravdu\"}]},{\"@type\":\"WebSite\",\"@id\":\"https:\/\/sandzakpress.net\/arhiva\/#website\",\"url\":\"https:\/\/sandzakpress.net\/arhiva\/\",\"name\":\"Sand\u017eak PRESS\",\"description\":\"Prve elektronske novine u Sand\u017eaku\",\"publisher\":{\"@id\":\"https:\/\/sandzakpress.net\/arhiva\/#\/schema\/person\/6e72b67d6e51910a1117b3b483ba20bd\"},\"potentialAction\":[{\"@type\":\"SearchAction\",\"target\":{\"@type\":\"EntryPoint\",\"urlTemplate\":\"https:\/\/sandzakpress.net\/arhiva\/?s={search_term_string}\"},\"query-input\":{\"@type\":\"PropertyValueSpecification\",\"valueRequired\":true,\"valueName\":\"search_term_string\"}}],\"inLanguage\":\"bs-BA\"},{\"@type\":[\"Person\",\"Organization\"],\"@id\":\"https:\/\/sandzakpress.net\/arhiva\/#\/schema\/person\/6e72b67d6e51910a1117b3b483ba20bd\",\"name\":\"Kul\",\"image\":{\"@type\":\"ImageObject\",\"inLanguage\":\"bs-BA\",\"@id\":\"https:\/\/sandzakpress.net\/arhiva\/#\/schema\/person\/image\/\",\"url\":\"https:\/\/secure.gravatar.com\/avatar\/42263f39aa27ac04c43cab85c280eb2e?s=96&d=mm&r=pg\",\"contentUrl\":\"https:\/\/secure.gravatar.com\/avatar\/42263f39aa27ac04c43cab85c280eb2e?s=96&d=mm&r=pg\",\"caption\":\"Kul\"},\"logo\":{\"@id\":\"https:\/\/sandzakpress.net\/arhiva\/#\/schema\/person\/image\/\"}},{\"@type\":\"Person\",\"@id\":\"https:\/\/sandzakpress.net\/arhiva\/#\/schema\/person\/c8baee722073534b583ea7bdb2e36c02\",\"name\":\"bosniak\",\"image\":{\"@type\":\"ImageObject\",\"inLanguage\":\"bs-BA\",\"@id\":\"https:\/\/sandzakpress.net\/arhiva\/#\/schema\/person\/image\/\",\"url\":\"https:\/\/secure.gravatar.com\/avatar\/a04fd330bfe3a36a72a0ad4a6d89fca7?s=96&d=mm&r=pg\",\"contentUrl\":\"https:\/\/secure.gravatar.com\/avatar\/a04fd330bfe3a36a72a0ad4a6d89fca7?s=96&d=mm&r=pg\",\"caption\":\"bosniak\"},\"url\":\"https:\/\/sandzakpress.net\/arhiva\/author\/bosniak\/\"}]}<\/script>\n<!-- \/ Yoast SEO Premium plugin. -->","yoast_head_json":{"title":"Ne daj mu drugu priliku da ponovi nepravdu","robots":{"index":"index","follow":"follow","max-snippet":"max-snippet:-1","max-image-preview":"max-image-preview:large","max-video-preview":"max-video-preview:-1"},"canonical":"https:\/\/sandzakpress.net\/arhiva\/ne-daj-mu-drugu-priliku-da-ponovi-nepravdu\/","og_locale":"bs_BA","og_type":"article","og_title":"Ne daj mu drugu priliku da ponovi nepravdu","og_description":"Dijaspora &#8211; Enes Ibn Malik El Ensari prenosi da je Allahov Poslanik, sallallahu &#8216;alejhi ve selleme, rekao: &#8220;Pomozi svoga brata, zalima i mazluma (nepravednika, i onoga nad kime je nepravda u\u010dinjena)!&#8221; Jedan od ashaba re\u010de: &#8220;Allahov Poslani\u010de, pomo\u0107i \u0107u ga ako je mazlum, ali kako da ga pomognem kad je zalim?&#8221; Alejhisselam re\u010de: &#8220;Da ga [&hellip;]","og_url":"https:\/\/sandzakpress.net\/arhiva\/ne-daj-mu-drugu-priliku-da-ponovi-nepravdu\/","og_site_name":"Sand\u017eak PRESS","article_published_time":"2011-02-12T15:34:17+00:00","article_modified_time":"2011-02-12T16:27:12+00:00","og_image":[{"width":100,"height":126,"url":"https:\/\/sandzakpress.net\/arhiva\/wp-content\/uploads\/2011\/02\/100_Avdo_Metjahic_Fes.jpg","type":"image\/jpeg"}],"author":"bosniak","twitter_card":"summary_large_image","twitter_misc":{"Written by":"bosniak","Est. reading time":"7 minuta"},"schema":{"@context":"https:\/\/schema.org","@graph":[{"@type":"Article","@id":"https:\/\/sandzakpress.net\/arhiva\/ne-daj-mu-drugu-priliku-da-ponovi-nepravdu\/#article","isPartOf":{"@id":"https:\/\/sandzakpress.net\/arhiva\/ne-daj-mu-drugu-priliku-da-ponovi-nepravdu\/"},"author":{"name":"bosniak","@id":"https:\/\/sandzakpress.net\/arhiva\/#\/schema\/person\/c8baee722073534b583ea7bdb2e36c02"},"headline":"Ne daj mu drugu priliku da ponovi nepravdu","datePublished":"2011-02-12T15:34:17+00:00","dateModified":"2011-02-12T16:27:12+00:00","mainEntityOfPage":{"@id":"https:\/\/sandzakpress.net\/arhiva\/ne-daj-mu-drugu-priliku-da-ponovi-nepravdu\/"},"wordCount":1336,"commentCount":0,"publisher":{"@id":"https:\/\/sandzakpress.net\/arhiva\/#\/schema\/person\/6e72b67d6e51910a1117b3b483ba20bd"},"image":{"@id":"https:\/\/sandzakpress.net\/arhiva\/ne-daj-mu-drugu-priliku-da-ponovi-nepravdu\/#primaryimage"},"thumbnailUrl":"https:\/\/sandzakpress.net\/arhiva\/wp-content\/uploads\/2011\/02\/100_Avdo_Metjahic_Fes.jpg","articleSection":["Amerika"],"inLanguage":"bs-BA","potentialAction":[{"@type":"CommentAction","name":"Comment","target":["https:\/\/sandzakpress.net\/arhiva\/ne-daj-mu-drugu-priliku-da-ponovi-nepravdu\/#respond"]}]},{"@type":"WebPage","@id":"https:\/\/sandzakpress.net\/arhiva\/ne-daj-mu-drugu-priliku-da-ponovi-nepravdu\/","url":"https:\/\/sandzakpress.net\/arhiva\/ne-daj-mu-drugu-priliku-da-ponovi-nepravdu\/","name":"Ne daj mu drugu priliku da ponovi nepravdu","isPartOf":{"@id":"https:\/\/sandzakpress.net\/arhiva\/#website"},"primaryImageOfPage":{"@id":"https:\/\/sandzakpress.net\/arhiva\/ne-daj-mu-drugu-priliku-da-ponovi-nepravdu\/#primaryimage"},"image":{"@id":"https:\/\/sandzakpress.net\/arhiva\/ne-daj-mu-drugu-priliku-da-ponovi-nepravdu\/#primaryimage"},"thumbnailUrl":"https:\/\/sandzakpress.net\/arhiva\/wp-content\/uploads\/2011\/02\/100_Avdo_Metjahic_Fes.jpg","datePublished":"2011-02-12T15:34:17+00:00","dateModified":"2011-02-12T16:27:12+00:00","breadcrumb":{"@id":"https:\/\/sandzakpress.net\/arhiva\/ne-daj-mu-drugu-priliku-da-ponovi-nepravdu\/#breadcrumb"},"inLanguage":"bs-BA","potentialAction":[{"@type":"ReadAction","target":["https:\/\/sandzakpress.net\/arhiva\/ne-daj-mu-drugu-priliku-da-ponovi-nepravdu\/"]}]},{"@type":"ImageObject","inLanguage":"bs-BA","@id":"https:\/\/sandzakpress.net\/arhiva\/ne-daj-mu-drugu-priliku-da-ponovi-nepravdu\/#primaryimage","url":"https:\/\/sandzakpress.net\/arhiva\/wp-content\/uploads\/2011\/02\/100_Avdo_Metjahic_Fes.jpg","contentUrl":"https:\/\/sandzakpress.net\/arhiva\/wp-content\/uploads\/2011\/02\/100_Avdo_Metjahic_Fes.jpg","width":100,"height":126},{"@type":"BreadcrumbList","@id":"https:\/\/sandzakpress.net\/arhiva\/ne-daj-mu-drugu-priliku-da-ponovi-nepravdu\/#breadcrumb","itemListElement":[{"@type":"ListItem","position":1,"name":"Home","item":"https:\/\/sandzakpress.net\/arhiva\/"},{"@type":"ListItem","position":2,"name":"Ne daj mu drugu priliku da ponovi nepravdu"}]},{"@type":"WebSite","@id":"https:\/\/sandzakpress.net\/arhiva\/#website","url":"https:\/\/sandzakpress.net\/arhiva\/","name":"Sand\u017eak PRESS","description":"Prve elektronske novine u Sand\u017eaku","publisher":{"@id":"https:\/\/sandzakpress.net\/arhiva\/#\/schema\/person\/6e72b67d6e51910a1117b3b483ba20bd"},"potentialAction":[{"@type":"SearchAction","target":{"@type":"EntryPoint","urlTemplate":"https:\/\/sandzakpress.net\/arhiva\/?s={search_term_string}"},"query-input":{"@type":"PropertyValueSpecification","valueRequired":true,"valueName":"search_term_string"}}],"inLanguage":"bs-BA"},{"@type":["Person","Organization"],"@id":"https:\/\/sandzakpress.net\/arhiva\/#\/schema\/person\/6e72b67d6e51910a1117b3b483ba20bd","name":"Kul","image":{"@type":"ImageObject","inLanguage":"bs-BA","@id":"https:\/\/sandzakpress.net\/arhiva\/#\/schema\/person\/image\/","url":"https:\/\/secure.gravatar.com\/avatar\/42263f39aa27ac04c43cab85c280eb2e?s=96&d=mm&r=pg","contentUrl":"https:\/\/secure.gravatar.com\/avatar\/42263f39aa27ac04c43cab85c280eb2e?s=96&d=mm&r=pg","caption":"Kul"},"logo":{"@id":"https:\/\/sandzakpress.net\/arhiva\/#\/schema\/person\/image\/"}},{"@type":"Person","@id":"https:\/\/sandzakpress.net\/arhiva\/#\/schema\/person\/c8baee722073534b583ea7bdb2e36c02","name":"bosniak","image":{"@type":"ImageObject","inLanguage":"bs-BA","@id":"https:\/\/sandzakpress.net\/arhiva\/#\/schema\/person\/image\/","url":"https:\/\/secure.gravatar.com\/avatar\/a04fd330bfe3a36a72a0ad4a6d89fca7?s=96&d=mm&r=pg","contentUrl":"https:\/\/secure.gravatar.com\/avatar\/a04fd330bfe3a36a72a0ad4a6d89fca7?s=96&d=mm&r=pg","caption":"bosniak"},"url":"https:\/\/sandzakpress.net\/arhiva\/author\/bosniak\/"}]}},"_links":{"self":[{"href":"https:\/\/sandzakpress.net\/arhiva\/wp-json\/wp\/v2\/posts\/12581"}],"collection":[{"href":"https:\/\/sandzakpress.net\/arhiva\/wp-json\/wp\/v2\/posts"}],"about":[{"href":"https:\/\/sandzakpress.net\/arhiva\/wp-json\/wp\/v2\/types\/post"}],"author":[{"embeddable":true,"href":"https:\/\/sandzakpress.net\/arhiva\/wp-json\/wp\/v2\/users\/83"}],"replies":[{"embeddable":true,"href":"https:\/\/sandzakpress.net\/arhiva\/wp-json\/wp\/v2\/comments?post=12581"}],"version-history":[{"count":0,"href":"https:\/\/sandzakpress.net\/arhiva\/wp-json\/wp\/v2\/posts\/12581\/revisions"}],"wp:featuredmedia":[{"embeddable":true,"href":"https:\/\/sandzakpress.net\/arhiva\/wp-json\/wp\/v2\/media\/12582"}],"wp:attachment":[{"href":"https:\/\/sandzakpress.net\/arhiva\/wp-json\/wp\/v2\/media?parent=12581"}],"wp:term":[{"taxonomy":"category","embeddable":true,"href":"https:\/\/sandzakpress.net\/arhiva\/wp-json\/wp\/v2\/categories?post=12581"},{"taxonomy":"post_tag","embeddable":true,"href":"https:\/\/sandzakpress.net\/arhiva\/wp-json\/wp\/v2\/tags?post=12581"}],"curies":[{"name":"wp","href":"https:\/\/api.w.org\/{rel}","templated":true}]}}