{"id":125735,"date":"2015-03-28T14:28:57","date_gmt":"2015-03-28T13:28:57","guid":{"rendered":"https:\/\/sandzakpress.net\/arhiva\/?p=125735"},"modified":"2015-03-28T14:28:57","modified_gmt":"2015-03-28T13:28:57","slug":"korupcija-u-vo%c2%addo%c2%advo%c2%addu-radnici-podnijeli-krivicne-prijave","status":"publish","type":"post","link":"https:\/\/sandzakpress.net\/arhiva\/korupcija-u-vo%c2%addo%c2%advo%c2%addu-radnici-podnijeli-krivicne-prijave\/","title":{"rendered":"Korupcija u Vo\u00addo\u00advo\u00addu &#8211; Radnici podnijeli krivi\u010dne prijave"},"content":{"rendered":"<p><img decoding=\"async\" src=\"http:\/\/www.dan.co.me\/gfx_bb\/reg92732015.jpg\" alt=\"Slika\" \/><\/p>\n<p><strong>Bijelo Polje &#8211; Tra\u017eimo da tu\u017eila\u0161tvo ispita da li direktor Bulatovi\u0107 i \u0161ef ra\u010dunovodstva Zaimovi\u0107, uzimaju 30 odsto od otpisanog duga za vodu, koji je prema\u0161io milion eura, pi\u0161e u krivi\u010dnoj prijavi.<\/strong><\/p>\n<p>Gru\u00adpa rad\u00adni\u00adka pred\u00adu\u00adze\u00ad\u0107a \u201eVo\u00addo\u00advod Bi\u00adstri\u00adca\u201c Bi\u00adje\u00adlo Po\u00adlje pod\u00adni\u00adje\u00adla je kri\u00advi\u010d\u00adnu pri\u00adja\u00advu pro\u00adtiv di\u00adrek\u00adto\u00adra Mi\u00adla\u00adna Bu\u00adla\u00adto\u00advi\u00ad\u0107a i \u0161e\u00adfa ra\u00ad\u010du\u00adno\u00advod\u00adstva Ri\u00adza Za\u00adi\u00admo\u00advi\u00ad\u0107a, zbog ni\u00adza ne\u00adza\u00adko\u00adni\u00adto\u00adsti i ko\u00adrup\u00adtiv\u00adnih rad\u00adnji. Oni su po\u00adzva\u00adli Vr\u00adhov\u00adnog dr\u00ad\u017eav\u00adnog tu\u00ad\u017ei\u00ado\u00adca Ivi\u00adcu Stan\u00adko\u00advi\u00ad\u0107a da pro\u00advje\u00adri na\u00advo\u00adde iz nji\u00adho\u00adve kri\u00advi\u010d\u00adne pri\u00adja\u00adve, jer je pred\u00adu\u00adze\u00ad\u0107u na\u00adne\u00adse\u00adna mi\u00adli\u00adon\u00adska \u0161te\u00adta. Rad\u00adni\u00adci su kri\u00advi\u010d\u00adnu pri\u00adja\u00advu pod\u00adni\u00adje\u00adli ano\u00adnim\u00adno, jer su, ka\u00adko su na\u00adve\u00adli, jo\u0161 uvi\u00adjek u rad\u00adnom od\u00adno\u00adsu u pred\u00adu\u00adze\u00ad\u0107u \u201eVo\u00addo\u00advod Bi\u00adstri\u00adca\u201c.<\/p>\n<p>-Tvr\u00addi\u00admo, a to je la\u00adko pro\u00advje\u00adri\u00adti, da je na ne\u00adza\u00adko\u00adnit na\u00ad\u010din ot\u00adpi\u00adsan dug za utro\u00ad\u0161e\u00adnu vo\u00addu, fi\u00adzi\u010d\u00adkim li\u00adci\u00adma i pri\u00advre\u00addi, na osno\u00advu \u010de\u00adga je pred\u00adu\u00adze\u00ad\u0107e u po\u00adsled\u00adnje \u010de\u00adti\u00adri go\u00addi\u00adne o\u0161te\u00ad\u0107e\u00adno za oko mi\u00adli\u00adon eura. Na ne\u00adkim od tih fak\u00adtu\u00adra, ko\u00adje da\u00adje\u00admo tu\u00ad\u017ei\u00ado\u00adcu na uvid, sto\u00adji svo\u00adje\u00adru\u00ad\u010dan pot\u00adpis \u0161e\u00adfa ra\u00ad\u010du\u00adno\u00advod\u00adstva gdje odo\u00adbra\u00adva ta\u00adkav ot\u00adpis. Tra\u00ad\u017ei\u00admo da tu\u00ad\u017ei\u00adla\u00ad\u0161tvo is\u00adpi\u00adta da li di\u00adrek\u00adtor Bu\u00adla\u00adto\u00advi\u0107 i \u0161ef ra\u00ad\u010du\u00adno\u00advod\u00adstva Za\u00adi\u00admo\u00advi\u0107, uzi\u00adma\u00adju 30 od\u00adsto od ot\u00adpi\u00adsa\u00adnog du\u00adga za vo\u00addu. Ta\u00adko\u00ad\u0111e, utro\u00ad\u0161ak vo\u00adde kod pri\u00advat\u00adnih ka\u00adfa\u00adna, re\u00adsto\u00adra\u00adna i tr\u00adgo\u00advi\u00adna se na\u00adpla\u00ad\u0107u\u00adje, uglav\u00adnom, kom\u00adpen\u00adza\u00adci\u00adjom, ta\u00adko \u0161to di\u00adrek\u00adtor Bu\u00adla\u00adto\u00advi\u0107 sa svo\u00adjim pri\u00adja\u00adte\u00adlji\u00adma ta\u00admo pra\u00advi ra\u00ad\u010du\u00adne. In\u00adte\u00adre\u00adsant\u00adno je da se za pred\u00adu\u00adze\u00ad\u0107e \u201eMe\u00adso\u00adpro\u00admet\u201c ve\u0107 du\u00ad\u017ei pe\u00adri\u00adod utro\u00ad\u0161nja vo\u00adde ne fak\u00adtu\u00adri\u00ad\u0161e pre\u00adko vo\u00addo\u00admje\u00adra. Ovo iz raz\u00adlo\u00adga \u0161to su ra\u00ad\u010du\u00adni za to pred\u00adu\u00adze\u00ad\u0107e, na mje\u00adse\u010d\u00adnom ni\u00advou, iz\u00adno\u00adsi\u00adli iz\u00adme\u00ad\u0111u 12. i 15.000 eura, a sad im se pa\u00adu\u00ad\u0161al\u00adno na\u00adpla\u00ad\u0107u\u00adje po pet hi\u00adlja\u00adda, pa sum\u00adnja\u00admo da je u pi\u00adta\u00adnju \u010di\u00adsta ko\u00adrup\u00adci\u00adja &#8211; na\u00advo\u00addi se u kri\u00advi\u010d\u00adnoj pri\u00adja\u00advi rad\u00adni\u00adka bje\u00adlo\u00adpolj\u00adskog Vo\u00addo\u00advo\u00adda.<\/p>\n<p>U pri\u00adja\u00advi pi\u00ad\u0161e i da se u po\u00adsled\u00adnjih \u0161est go\u00addi\u00adna za\u00advr\u00ad\u0161ni ra\u00ad\u010du\u00adni pred\u00adu\u00adze\u00ad\u0107a ra\u00adde u taj\u00adno\u00adsti, \u0161to na\u00advo\u00addi na sum\u00adnju da i tu mo\u00ad\u017ee bi\u00adti ne\u00adkih ne\u00adza\u00adko\u00adni\u00adto\u00adsti.<br \/>-Me\u00adha\u00adni\u00adza\u00adci\u00adja Vo\u00addo\u00advo\u00adda je ra\u00addi\u00adla kod pred\u00adu\u00adze\u00ad\u0107a \u201ePu\u00adte\u00advi\u201c U\u017ei\u00adce. Ro\u00advo\u00adko\u00adpa\u010d je ra\u00addio 15 da\u00adna i imao je 120 rad\u00adnih sa\u00adti, dok je \u201eFap\u201c imao 200 rad\u00adnih sa\u00adti. Kod istog pred\u00adu\u00adze\u00ad\u0107a, te dvi\u00adje ma\u00ad\u0161i\u00adne su ra\u00addi\u00adle na iz\u00adgrad\u00adnji pu\u00adta Sli\u00adje\u00adpa\u010d most-To\u00adma\u00ad\u0161e\u00advo, a pre\u00adma na\u00ad\u0161im sa\u00adzna\u00adnji\u00adma, ne\u00adma ni fak\u00adtu\u00adra ni upla\u00adta, pa sum\u00adnja\u00admo da je is\u00adpla\u00adta vr\u00ad\u0161e\u00adna na ru\u00adke. Ta\u00adko\u00ad\u0111e, \u201ePu\u00adte\u00advi\u201d U\u017ei\u00adce su as\u00adfal\u00adti\u00adra\u00adli pri\u00adstup\u00adne pu\u00adte\u00adve za vi\u00ad\u0161e po\u00adro\u00addi\u00adca, a vri\u00adjed\u00adnost tih ra\u00addo\u00adva su od\u00adbi\u00adli od ra\u00adni\u00adjih fak\u00adtu\u00adra Vo\u00addo\u00advo\u00adda za uslu\u00adge ko\u00adje je na\u00ad\u0161e pred\u00adu\u00adze\u00ad\u0107e nji\u00adma ra\u00addi\u00adlo. Upla\u00adte od tih po\u00adro\u00addi\u00adca ni\u00adje\u00adsu upla\u00ad\u0107e\u00adne pred\u00adu\u00adze\u00ad\u0107u, ve\u0107 su, ka\u00adko sum\u00adnja\u00admo, za\u00advr\u00ad\u0161i\u00adle u pri\u00advat\u00adnim d\u017ee\u00adpo\u00advi\u00adma Bu\u00adla\u00adto\u00advi\u00ad\u0107a i Za\u00adi\u00admo\u00advi\u00ad\u0107a &#8211; sto\u00adji u kri\u00advi\u010d\u00adnoj pri\u00adja\u00advi.<\/p>\n<p>Oni tvr\u00adde da po\u00adsto\u00adje ne\u00adza\u00adko\u00adni\u00adto\u00adsti pri\u00adli\u00adkom na\u00adbav\u00adke po\u00adlov\u00adnih vo\u00adzi\u00adla i me\u00adha\u00adni\u00adza\u00adci\u00adje bez ras\u00adpi\u00adsa\u00adnog ten\u00adde\u00adra ili ogla\u00adsa, a pro\u00adtiv\u00adno Za\u00adko\u00adnu o jav\u00adnim na\u00adbav\u00adka\u00adma.<br \/>-Ta\u00adko je na\u00adba\u00advlje\u00adna ci\u00adsti\u00adjer\u00adna \u201eSta\u00adjer\u201c za o\u010de\u00adplje\u00adnje i cr\u00adplje\u00adnje fe\u00adka\u00adli\u00adja, ko\u00adja je pri\u00adli\u00adkom na\u00adbav\u00adke ve\u0107 bi\u00adla do\u00adtra\u00adja\u00adla i stal\u00adno iz\u00adi\u00adsku\u00adje do\u00addat\u00adne tro\u00ad\u0161ko\u00adve da bi se ospo\u00adso\u00adbi\u00adla. Pla\u00ad\u0107e\u00adna je 35.000 eura iako je nje\u00adna tr\u00ad\u017ei\u00ad\u0161na vri\u00adjed\u00adnost upo\u00adla ma\u00adnja. Ro\u00advo\u00adko\u00adpa\u010d je pla\u00ad\u0107en 40.000 eura, a tr\u00ad\u017ei\u00ad\u0161na vri\u00adjed\u00adnost mu je iz\u00adme\u00ad\u0111u 10. i 15.000 eura. Na\u00adba\u00advlje\u00adna su i tri \u201eRe\u00adno kan\u00adgua\u201c, ali ni\u00adje\u00adsmo uspje\u00adli da sa\u00adzna\u00admo ko\u00adli\u00adko su pla\u00ad\u0107e\u00adna. Vo\u00adzi\u00adlo \u201ela\u00adda ni\u00adva\u201c je pro\u00adda\u00adta, ali ne zna\u00admo ko\u00adli\u00adko, jer ne po\u00adsto\u00adji ni\u00adka\u00adkva upla\u00adta u pred\u00adu\u00adze\u00ad\u0107u. Ta\u00adko\u00ad\u0111e, ni\u00adje po\u00adzna\u00adto ni ka\u00adko i za ko\u00adli\u00adko nov\u00adca je na\u00adba\u00advlje\u00adno vo\u00adzi\u00adlo \u201efol\u00adksva\u00adgen\u201c &#8211; is\u00adti\u00ad\u010de se u pri\u00adja\u00advi.<br \/>Rad\u00adni\u00adci tvr\u00adde da da je na ne\u00adza\u00adko\u00adnit na\u00ad\u010din za\u00adpo\u00adsle\u00adno u stal\u00adni rad\u00adni oglas, i bez ogla\u00adsa, 16 rad\u00adni\u00adka, \u010di\u00adja ime\u00adna su do\u00adsta\u00advi\u00adli Vr\u00adhov\u00adnom dr\u00ad\u017eav\u00adnom tu\u00ad\u017ei\u00ado\u00adcu, iako pred\u00adu\u00adze\u00ad\u0107e ima vi\u00ad\u0161ak rad\u00adne sna\u00adge.<\/p>\n<p><strong>Rad\u00adni\u00adke strah od od\u00adma\u00adzde<\/strong><\/p>\n<p>-Strah nas je od od\u00adma\u00adzde jer je ro\u00ad\u0111e\u00adni brat di\u00adrek\u00adto\u00adra na\u00ad\u0161eg pred\u00adu\u00adze\u00ad\u0107a, Mir\u00adko Bu\u00adla\u00adto\u00advi\u0107, osnov\u00adni dr\u00ad\u017eav\u00adni tu\u00ad\u017ei\u00adlac u Bi\u00adje\u00adlom Po\u00adlju.Ta\u00adko\u00ad\u0111e, nje\u00adgov brat od stri\u00adca je na\u00ad\u010del\u00adnik po\u00adli\u00adci\u00adje u na\u00ad\u0161em gra\u00addu, se\u00adstra od tet\u00adke na\u00ad\u0161eg di\u00adrek\u00adto\u00adra je ru\u00adko\u00advo\u00addi\u00adlac in\u00adspek\u00adci\u00adje za rad, a nje\u00adgov zet je na\u00ad\u010del\u00adnik po\u00adre\u00adske in\u00adspek\u00adci\u00adje.Zbog to\u00adga mu je omo\u00adgu\u00ad\u0107e\u00adno da go\u00addi\u00adna\u00adma ra\u00addi na ne\u00adza\u00adko\u00adnit i ko\u00adrup\u00adti\u00advan na\u00ad\u010din jer ni\u00adko ne smi\u00adje da se usu\u00addi da mu se jav\u00adno su\u00adpro\u00adsta\u00advi. Na\u00adda\u00admo se da \u0107e\u00adte bez ob\u00adzi\u00adra na sve nje\u00adgo\u00adve ve\u00adze is\u00adpi\u00adta\u00adti na\u00ad\u0161e na\u00advo\u00adde &#8211; pi\u00ad\u0161e u kri\u00advi\u010d\u00adnoj pri\u00adja\u00advi do\u00adsta\u00advlje\u00adnoj Vr\u00adhov\u00adnom dr\u00ad\u017eav\u00adnom tu\u00ad\u017ei\u00ado\u00adcu.<\/p>\n<p><strong>Tu\u00ad\u017ei\u00adla\u00ad\u0161tvo po\u00adtvr\u00addi\u00adlo da se sve pro\u00advje\u00adra\u00adva<\/strong><\/p>\n<p>Iz Vr\u00adhov\u00adnog dr\u00ad\u017eav\u00adnog tu\u00ad\u017ei\u00adla\u00ad\u0161tva \u201eDa\u00adnu\u201d je sa\u00adop\u00ad\u0161te\u00adno da je kri\u00advi\u010d\u00adna pri\u00adja\u00adva rad\u00adni\u00adka bje\u00adlo\u00adpolj\u00adskog Vo\u00addo\u00advo\u00adda uze\u00adta u rad.<br \/>-Pred\u00admet je na da\u00adlje po\u00adstu\u00adpa\u00adnje pro\u00adsli\u00adje\u00ad\u0111en Ri\u00adfa\u00adtu Ha\u00addro\u00advi\u00ad\u0107u, Vi\u00ad\u0161em dr\u00ad\u017eav\u00adnom tu\u00ad\u017ei\u00ado\u00adcu u Bi\u00adje\u00adlom Po\u00adlju- sa\u00adop\u00ad\u0161te\u00adno je iz VDT-a.<\/p>\n<p>(Dan)<\/p>\n","protected":false},"excerpt":{"rendered":"<p>Bijelo Polje &#8211; Tra\u017eimo da tu\u017eila\u0161tvo ispita da li direktor Bulatovi\u0107 i \u0161ef ra\u010dunovodstva Zaimovi\u0107, uzimaju 30 odsto od otpisanog duga za vodu, koji je prema\u0161io milion eura, pi\u0161e u krivi\u010dnoj prijavi. Gru\u00adpa rad\u00adni\u00adka pred\u00adu\u00adze\u00ad\u0107a \u201eVo\u00addo\u00advod Bi\u00adstri\u00adca\u201c Bi\u00adje\u00adlo Po\u00adlje pod\u00adni\u00adje\u00adla je kri\u00advi\u010d\u00adnu pri\u00adja\u00advu pro\u00adtiv di\u00adrek\u00adto\u00adra Mi\u00adla\u00adna Bu\u00adla\u00adto\u00advi\u00ad\u0107a i \u0161e\u00adfa ra\u00ad\u010du\u00adno\u00advod\u00adstva Ri\u00adza Za\u00adi\u00admo\u00advi\u00ad\u0107a, zbog ni\u00adza ne\u00adza\u00adko\u00adni\u00adto\u00adsti [&hellip;]<\/p>\n","protected":false},"author":83,"featured_media":125736,"comment_status":"open","ping_status":"open","sticky":false,"template":"","format":"standard","meta":{"footnotes":""},"categories":[396,801],"tags":[],"class_list":{"0":"post-125735","1":"post","2":"type-post","3":"status-publish","4":"format-standard","5":"has-post-thumbnail","7":"category-bijelo_polje","8":"category-crna_hronika"},"yoast_head":"<!-- This site is optimized with the Yoast SEO Premium plugin v23.1 (Yoast SEO v24.9) - https:\/\/yoast.com\/wordpress\/plugins\/seo\/ -->\n<title>Korupcija u Vo\u00addo\u00advo\u00addu - Radnici podnijeli krivi\u010dne prijave<\/title>\n<meta name=\"robots\" content=\"index, follow, max-snippet:-1, max-image-preview:large, max-video-preview:-1\" \/>\n<link rel=\"canonical\" href=\"https:\/\/sandzakpress.net\/arhiva\/korupcija-u-vo\u00addo\u00advo\u00addu-radnici-podnijeli-krivicne-prijave\/\" \/>\n<meta property=\"og:locale\" content=\"bs_BA\" \/>\n<meta property=\"og:type\" content=\"article\" \/>\n<meta property=\"og:title\" content=\"Korupcija u Vo\u00addo\u00advo\u00addu - Radnici podnijeli krivi\u010dne prijave\" \/>\n<meta property=\"og:description\" content=\"Bijelo Polje &#8211; Tra\u017eimo da tu\u017eila\u0161tvo ispita da li direktor Bulatovi\u0107 i \u0161ef ra\u010dunovodstva Zaimovi\u0107, uzimaju 30 odsto od otpisanog duga za vodu, koji je prema\u0161io milion eura, pi\u0161e u krivi\u010dnoj prijavi. Gru\u00adpa rad\u00adni\u00adka pred\u00adu\u00adze\u00ad\u0107a \u201eVo\u00addo\u00advod Bi\u00adstri\u00adca\u201c Bi\u00adje\u00adlo Po\u00adlje pod\u00adni\u00adje\u00adla je kri\u00advi\u010d\u00adnu pri\u00adja\u00advu pro\u00adtiv di\u00adrek\u00adto\u00adra Mi\u00adla\u00adna Bu\u00adla\u00adto\u00advi\u00ad\u0107a i \u0161e\u00adfa ra\u00ad\u010du\u00adno\u00advod\u00adstva Ri\u00adza Za\u00adi\u00admo\u00advi\u00ad\u0107a, zbog ni\u00adza ne\u00adza\u00adko\u00adni\u00adto\u00adsti [&hellip;]\" \/>\n<meta property=\"og:url\" content=\"https:\/\/sandzakpress.net\/arhiva\/korupcija-u-vo\u00addo\u00advo\u00addu-radnici-podnijeli-krivicne-prijave\/\" \/>\n<meta property=\"og:site_name\" content=\"Sand\u017eak PRESS\" \/>\n<meta property=\"article:published_time\" content=\"2015-03-28T13:28:57+00:00\" \/>\n<meta property=\"og:image\" content=\"https:\/\/sandzakpress.net\/arhiva\/wp-content\/uploads\/2015\/03\/reg92732015.jpg\" \/>\n\t<meta property=\"og:image:width\" content=\"407\" \/>\n\t<meta property=\"og:image:height\" content=\"302\" \/>\n\t<meta property=\"og:image:type\" content=\"image\/jpeg\" \/>\n<meta name=\"author\" content=\"bosniak\" \/>\n<meta name=\"twitter:card\" content=\"summary_large_image\" \/>\n<meta name=\"twitter:label1\" content=\"Written by\" \/>\n\t<meta name=\"twitter:data1\" content=\"bosniak\" \/>\n\t<meta name=\"twitter:label2\" content=\"Est. reading time\" \/>\n\t<meta name=\"twitter:data2\" content=\"7 minuta\" \/>\n<script type=\"application\/ld+json\" class=\"yoast-schema-graph\">{\"@context\":\"https:\/\/schema.org\",\"@graph\":[{\"@type\":\"Article\",\"@id\":\"https:\/\/sandzakpress.net\/arhiva\/korupcija-u-vo%c2%addo%c2%advo%c2%addu-radnici-podnijeli-krivicne-prijave\/#article\",\"isPartOf\":{\"@id\":\"https:\/\/sandzakpress.net\/arhiva\/korupcija-u-vo%c2%addo%c2%advo%c2%addu-radnici-podnijeli-krivicne-prijave\/\"},\"author\":{\"name\":\"bosniak\",\"@id\":\"https:\/\/sandzakpress.net\/arhiva\/#\/schema\/person\/c8baee722073534b583ea7bdb2e36c02\"},\"headline\":\"Korupcija u Vo\u00addo\u00advo\u00addu &#8211; Radnici podnijeli krivi\u010dne prijave\",\"datePublished\":\"2015-03-28T13:28:57+00:00\",\"mainEntityOfPage\":{\"@id\":\"https:\/\/sandzakpress.net\/arhiva\/korupcija-u-vo%c2%addo%c2%advo%c2%addu-radnici-podnijeli-krivicne-prijave\/\"},\"wordCount\":1493,\"commentCount\":6,\"publisher\":{\"@id\":\"https:\/\/sandzakpress.net\/arhiva\/#\/schema\/person\/6e72b67d6e51910a1117b3b483ba20bd\"},\"image\":{\"@id\":\"https:\/\/sandzakpress.net\/arhiva\/korupcija-u-vo%c2%addo%c2%advo%c2%addu-radnici-podnijeli-krivicne-prijave\/#primaryimage\"},\"thumbnailUrl\":\"https:\/\/sandzakpress.net\/arhiva\/wp-content\/uploads\/2015\/03\/reg92732015.jpg\",\"articleSection\":[\"Bijelo Polje\",\"Hronika\"],\"inLanguage\":\"bs-BA\",\"potentialAction\":[{\"@type\":\"CommentAction\",\"name\":\"Comment\",\"target\":[\"https:\/\/sandzakpress.net\/arhiva\/korupcija-u-vo%c2%addo%c2%advo%c2%addu-radnici-podnijeli-krivicne-prijave\/#respond\"]}]},{\"@type\":\"WebPage\",\"@id\":\"https:\/\/sandzakpress.net\/arhiva\/korupcija-u-vo%c2%addo%c2%advo%c2%addu-radnici-podnijeli-krivicne-prijave\/\",\"url\":\"https:\/\/sandzakpress.net\/arhiva\/korupcija-u-vo%c2%addo%c2%advo%c2%addu-radnici-podnijeli-krivicne-prijave\/\",\"name\":\"Korupcija u Vo\u00addo\u00advo\u00addu - Radnici podnijeli krivi\u010dne prijave\",\"isPartOf\":{\"@id\":\"https:\/\/sandzakpress.net\/arhiva\/#website\"},\"primaryImageOfPage\":{\"@id\":\"https:\/\/sandzakpress.net\/arhiva\/korupcija-u-vo%c2%addo%c2%advo%c2%addu-radnici-podnijeli-krivicne-prijave\/#primaryimage\"},\"image\":{\"@id\":\"https:\/\/sandzakpress.net\/arhiva\/korupcija-u-vo%c2%addo%c2%advo%c2%addu-radnici-podnijeli-krivicne-prijave\/#primaryimage\"},\"thumbnailUrl\":\"https:\/\/sandzakpress.net\/arhiva\/wp-content\/uploads\/2015\/03\/reg92732015.jpg\",\"datePublished\":\"2015-03-28T13:28:57+00:00\",\"breadcrumb\":{\"@id\":\"https:\/\/sandzakpress.net\/arhiva\/korupcija-u-vo%c2%addo%c2%advo%c2%addu-radnici-podnijeli-krivicne-prijave\/#breadcrumb\"},\"inLanguage\":\"bs-BA\",\"potentialAction\":[{\"@type\":\"ReadAction\",\"target\":[\"https:\/\/sandzakpress.net\/arhiva\/korupcija-u-vo%c2%addo%c2%advo%c2%addu-radnici-podnijeli-krivicne-prijave\/\"]}]},{\"@type\":\"ImageObject\",\"inLanguage\":\"bs-BA\",\"@id\":\"https:\/\/sandzakpress.net\/arhiva\/korupcija-u-vo%c2%addo%c2%advo%c2%addu-radnici-podnijeli-krivicne-prijave\/#primaryimage\",\"url\":\"https:\/\/sandzakpress.net\/arhiva\/wp-content\/uploads\/2015\/03\/reg92732015.jpg\",\"contentUrl\":\"https:\/\/sandzakpress.net\/arhiva\/wp-content\/uploads\/2015\/03\/reg92732015.jpg\",\"width\":407,\"height\":302},{\"@type\":\"BreadcrumbList\",\"@id\":\"https:\/\/sandzakpress.net\/arhiva\/korupcija-u-vo%c2%addo%c2%advo%c2%addu-radnici-podnijeli-krivicne-prijave\/#breadcrumb\",\"itemListElement\":[{\"@type\":\"ListItem\",\"position\":1,\"name\":\"Home\",\"item\":\"https:\/\/sandzakpress.net\/arhiva\/\"},{\"@type\":\"ListItem\",\"position\":2,\"name\":\"Korupcija u Vo\u00addo\u00advo\u00addu &#8211; Radnici podnijeli krivi\u010dne prijave\"}]},{\"@type\":\"WebSite\",\"@id\":\"https:\/\/sandzakpress.net\/arhiva\/#website\",\"url\":\"https:\/\/sandzakpress.net\/arhiva\/\",\"name\":\"Sand\u017eak PRESS\",\"description\":\"Prve elektronske novine u Sand\u017eaku\",\"publisher\":{\"@id\":\"https:\/\/sandzakpress.net\/arhiva\/#\/schema\/person\/6e72b67d6e51910a1117b3b483ba20bd\"},\"potentialAction\":[{\"@type\":\"SearchAction\",\"target\":{\"@type\":\"EntryPoint\",\"urlTemplate\":\"https:\/\/sandzakpress.net\/arhiva\/?s={search_term_string}\"},\"query-input\":{\"@type\":\"PropertyValueSpecification\",\"valueRequired\":true,\"valueName\":\"search_term_string\"}}],\"inLanguage\":\"bs-BA\"},{\"@type\":[\"Person\",\"Organization\"],\"@id\":\"https:\/\/sandzakpress.net\/arhiva\/#\/schema\/person\/6e72b67d6e51910a1117b3b483ba20bd\",\"name\":\"Kul\",\"image\":{\"@type\":\"ImageObject\",\"inLanguage\":\"bs-BA\",\"@id\":\"https:\/\/sandzakpress.net\/arhiva\/#\/schema\/person\/image\/\",\"url\":\"https:\/\/secure.gravatar.com\/avatar\/42263f39aa27ac04c43cab85c280eb2e?s=96&d=mm&r=pg\",\"contentUrl\":\"https:\/\/secure.gravatar.com\/avatar\/42263f39aa27ac04c43cab85c280eb2e?s=96&d=mm&r=pg\",\"caption\":\"Kul\"},\"logo\":{\"@id\":\"https:\/\/sandzakpress.net\/arhiva\/#\/schema\/person\/image\/\"}},{\"@type\":\"Person\",\"@id\":\"https:\/\/sandzakpress.net\/arhiva\/#\/schema\/person\/c8baee722073534b583ea7bdb2e36c02\",\"name\":\"bosniak\",\"image\":{\"@type\":\"ImageObject\",\"inLanguage\":\"bs-BA\",\"@id\":\"https:\/\/sandzakpress.net\/arhiva\/#\/schema\/person\/image\/\",\"url\":\"https:\/\/secure.gravatar.com\/avatar\/a04fd330bfe3a36a72a0ad4a6d89fca7?s=96&d=mm&r=pg\",\"contentUrl\":\"https:\/\/secure.gravatar.com\/avatar\/a04fd330bfe3a36a72a0ad4a6d89fca7?s=96&d=mm&r=pg\",\"caption\":\"bosniak\"},\"url\":\"https:\/\/sandzakpress.net\/arhiva\/author\/bosniak\/\"}]}<\/script>\n<!-- \/ Yoast SEO Premium plugin. -->","yoast_head_json":{"title":"Korupcija u Vo\u00addo\u00advo\u00addu - Radnici podnijeli krivi\u010dne prijave","robots":{"index":"index","follow":"follow","max-snippet":"max-snippet:-1","max-image-preview":"max-image-preview:large","max-video-preview":"max-video-preview:-1"},"canonical":"https:\/\/sandzakpress.net\/arhiva\/korupcija-u-vo\u00addo\u00advo\u00addu-radnici-podnijeli-krivicne-prijave\/","og_locale":"bs_BA","og_type":"article","og_title":"Korupcija u Vo\u00addo\u00advo\u00addu - Radnici podnijeli krivi\u010dne prijave","og_description":"Bijelo Polje &#8211; Tra\u017eimo da tu\u017eila\u0161tvo ispita da li direktor Bulatovi\u0107 i \u0161ef ra\u010dunovodstva Zaimovi\u0107, uzimaju 30 odsto od otpisanog duga za vodu, koji je prema\u0161io milion eura, pi\u0161e u krivi\u010dnoj prijavi. Gru\u00adpa rad\u00adni\u00adka pred\u00adu\u00adze\u00ad\u0107a \u201eVo\u00addo\u00advod Bi\u00adstri\u00adca\u201c Bi\u00adje\u00adlo Po\u00adlje pod\u00adni\u00adje\u00adla je kri\u00advi\u010d\u00adnu pri\u00adja\u00advu pro\u00adtiv di\u00adrek\u00adto\u00adra Mi\u00adla\u00adna Bu\u00adla\u00adto\u00advi\u00ad\u0107a i \u0161e\u00adfa ra\u00ad\u010du\u00adno\u00advod\u00adstva Ri\u00adza Za\u00adi\u00admo\u00advi\u00ad\u0107a, zbog ni\u00adza ne\u00adza\u00adko\u00adni\u00adto\u00adsti [&hellip;]","og_url":"https:\/\/sandzakpress.net\/arhiva\/korupcija-u-vo\u00addo\u00advo\u00addu-radnici-podnijeli-krivicne-prijave\/","og_site_name":"Sand\u017eak PRESS","article_published_time":"2015-03-28T13:28:57+00:00","og_image":[{"width":407,"height":302,"url":"https:\/\/sandzakpress.net\/arhiva\/wp-content\/uploads\/2015\/03\/reg92732015.jpg","type":"image\/jpeg"}],"author":"bosniak","twitter_card":"summary_large_image","twitter_misc":{"Written by":"bosniak","Est. reading time":"7 minuta"},"schema":{"@context":"https:\/\/schema.org","@graph":[{"@type":"Article","@id":"https:\/\/sandzakpress.net\/arhiva\/korupcija-u-vo%c2%addo%c2%advo%c2%addu-radnici-podnijeli-krivicne-prijave\/#article","isPartOf":{"@id":"https:\/\/sandzakpress.net\/arhiva\/korupcija-u-vo%c2%addo%c2%advo%c2%addu-radnici-podnijeli-krivicne-prijave\/"},"author":{"name":"bosniak","@id":"https:\/\/sandzakpress.net\/arhiva\/#\/schema\/person\/c8baee722073534b583ea7bdb2e36c02"},"headline":"Korupcija u Vo\u00addo\u00advo\u00addu &#8211; Radnici podnijeli krivi\u010dne prijave","datePublished":"2015-03-28T13:28:57+00:00","mainEntityOfPage":{"@id":"https:\/\/sandzakpress.net\/arhiva\/korupcija-u-vo%c2%addo%c2%advo%c2%addu-radnici-podnijeli-krivicne-prijave\/"},"wordCount":1493,"commentCount":6,"publisher":{"@id":"https:\/\/sandzakpress.net\/arhiva\/#\/schema\/person\/6e72b67d6e51910a1117b3b483ba20bd"},"image":{"@id":"https:\/\/sandzakpress.net\/arhiva\/korupcija-u-vo%c2%addo%c2%advo%c2%addu-radnici-podnijeli-krivicne-prijave\/#primaryimage"},"thumbnailUrl":"https:\/\/sandzakpress.net\/arhiva\/wp-content\/uploads\/2015\/03\/reg92732015.jpg","articleSection":["Bijelo Polje","Hronika"],"inLanguage":"bs-BA","potentialAction":[{"@type":"CommentAction","name":"Comment","target":["https:\/\/sandzakpress.net\/arhiva\/korupcija-u-vo%c2%addo%c2%advo%c2%addu-radnici-podnijeli-krivicne-prijave\/#respond"]}]},{"@type":"WebPage","@id":"https:\/\/sandzakpress.net\/arhiva\/korupcija-u-vo%c2%addo%c2%advo%c2%addu-radnici-podnijeli-krivicne-prijave\/","url":"https:\/\/sandzakpress.net\/arhiva\/korupcija-u-vo%c2%addo%c2%advo%c2%addu-radnici-podnijeli-krivicne-prijave\/","name":"Korupcija u Vo\u00addo\u00advo\u00addu - Radnici podnijeli krivi\u010dne prijave","isPartOf":{"@id":"https:\/\/sandzakpress.net\/arhiva\/#website"},"primaryImageOfPage":{"@id":"https:\/\/sandzakpress.net\/arhiva\/korupcija-u-vo%c2%addo%c2%advo%c2%addu-radnici-podnijeli-krivicne-prijave\/#primaryimage"},"image":{"@id":"https:\/\/sandzakpress.net\/arhiva\/korupcija-u-vo%c2%addo%c2%advo%c2%addu-radnici-podnijeli-krivicne-prijave\/#primaryimage"},"thumbnailUrl":"https:\/\/sandzakpress.net\/arhiva\/wp-content\/uploads\/2015\/03\/reg92732015.jpg","datePublished":"2015-03-28T13:28:57+00:00","breadcrumb":{"@id":"https:\/\/sandzakpress.net\/arhiva\/korupcija-u-vo%c2%addo%c2%advo%c2%addu-radnici-podnijeli-krivicne-prijave\/#breadcrumb"},"inLanguage":"bs-BA","potentialAction":[{"@type":"ReadAction","target":["https:\/\/sandzakpress.net\/arhiva\/korupcija-u-vo%c2%addo%c2%advo%c2%addu-radnici-podnijeli-krivicne-prijave\/"]}]},{"@type":"ImageObject","inLanguage":"bs-BA","@id":"https:\/\/sandzakpress.net\/arhiva\/korupcija-u-vo%c2%addo%c2%advo%c2%addu-radnici-podnijeli-krivicne-prijave\/#primaryimage","url":"https:\/\/sandzakpress.net\/arhiva\/wp-content\/uploads\/2015\/03\/reg92732015.jpg","contentUrl":"https:\/\/sandzakpress.net\/arhiva\/wp-content\/uploads\/2015\/03\/reg92732015.jpg","width":407,"height":302},{"@type":"BreadcrumbList","@id":"https:\/\/sandzakpress.net\/arhiva\/korupcija-u-vo%c2%addo%c2%advo%c2%addu-radnici-podnijeli-krivicne-prijave\/#breadcrumb","itemListElement":[{"@type":"ListItem","position":1,"name":"Home","item":"https:\/\/sandzakpress.net\/arhiva\/"},{"@type":"ListItem","position":2,"name":"Korupcija u Vo\u00addo\u00advo\u00addu &#8211; Radnici podnijeli krivi\u010dne prijave"}]},{"@type":"WebSite","@id":"https:\/\/sandzakpress.net\/arhiva\/#website","url":"https:\/\/sandzakpress.net\/arhiva\/","name":"Sand\u017eak PRESS","description":"Prve elektronske novine u Sand\u017eaku","publisher":{"@id":"https:\/\/sandzakpress.net\/arhiva\/#\/schema\/person\/6e72b67d6e51910a1117b3b483ba20bd"},"potentialAction":[{"@type":"SearchAction","target":{"@type":"EntryPoint","urlTemplate":"https:\/\/sandzakpress.net\/arhiva\/?s={search_term_string}"},"query-input":{"@type":"PropertyValueSpecification","valueRequired":true,"valueName":"search_term_string"}}],"inLanguage":"bs-BA"},{"@type":["Person","Organization"],"@id":"https:\/\/sandzakpress.net\/arhiva\/#\/schema\/person\/6e72b67d6e51910a1117b3b483ba20bd","name":"Kul","image":{"@type":"ImageObject","inLanguage":"bs-BA","@id":"https:\/\/sandzakpress.net\/arhiva\/#\/schema\/person\/image\/","url":"https:\/\/secure.gravatar.com\/avatar\/42263f39aa27ac04c43cab85c280eb2e?s=96&d=mm&r=pg","contentUrl":"https:\/\/secure.gravatar.com\/avatar\/42263f39aa27ac04c43cab85c280eb2e?s=96&d=mm&r=pg","caption":"Kul"},"logo":{"@id":"https:\/\/sandzakpress.net\/arhiva\/#\/schema\/person\/image\/"}},{"@type":"Person","@id":"https:\/\/sandzakpress.net\/arhiva\/#\/schema\/person\/c8baee722073534b583ea7bdb2e36c02","name":"bosniak","image":{"@type":"ImageObject","inLanguage":"bs-BA","@id":"https:\/\/sandzakpress.net\/arhiva\/#\/schema\/person\/image\/","url":"https:\/\/secure.gravatar.com\/avatar\/a04fd330bfe3a36a72a0ad4a6d89fca7?s=96&d=mm&r=pg","contentUrl":"https:\/\/secure.gravatar.com\/avatar\/a04fd330bfe3a36a72a0ad4a6d89fca7?s=96&d=mm&r=pg","caption":"bosniak"},"url":"https:\/\/sandzakpress.net\/arhiva\/author\/bosniak\/"}]}},"_links":{"self":[{"href":"https:\/\/sandzakpress.net\/arhiva\/wp-json\/wp\/v2\/posts\/125735"}],"collection":[{"href":"https:\/\/sandzakpress.net\/arhiva\/wp-json\/wp\/v2\/posts"}],"about":[{"href":"https:\/\/sandzakpress.net\/arhiva\/wp-json\/wp\/v2\/types\/post"}],"author":[{"embeddable":true,"href":"https:\/\/sandzakpress.net\/arhiva\/wp-json\/wp\/v2\/users\/83"}],"replies":[{"embeddable":true,"href":"https:\/\/sandzakpress.net\/arhiva\/wp-json\/wp\/v2\/comments?post=125735"}],"version-history":[{"count":0,"href":"https:\/\/sandzakpress.net\/arhiva\/wp-json\/wp\/v2\/posts\/125735\/revisions"}],"wp:featuredmedia":[{"embeddable":true,"href":"https:\/\/sandzakpress.net\/arhiva\/wp-json\/wp\/v2\/media\/125736"}],"wp:attachment":[{"href":"https:\/\/sandzakpress.net\/arhiva\/wp-json\/wp\/v2\/media?parent=125735"}],"wp:term":[{"taxonomy":"category","embeddable":true,"href":"https:\/\/sandzakpress.net\/arhiva\/wp-json\/wp\/v2\/categories?post=125735"},{"taxonomy":"post_tag","embeddable":true,"href":"https:\/\/sandzakpress.net\/arhiva\/wp-json\/wp\/v2\/tags?post=125735"}],"curies":[{"name":"wp","href":"https:\/\/api.w.org\/{rel}","templated":true}]}}