{"id":125702,"date":"2015-03-28T10:38:25","date_gmt":"2015-03-28T09:38:25","guid":{"rendered":"https:\/\/sandzakpress.net\/arhiva\/?p=125702"},"modified":"2015-03-28T10:38:25","modified_gmt":"2015-03-28T09:38:25","slug":"zivot-bosnjaka-na-krajnjem-sjeveru-kosova","status":"publish","type":"post","link":"https:\/\/sandzakpress.net\/arhiva\/zivot-bosnjaka-na-krajnjem-sjeveru-kosova\/","title":{"rendered":"\u017divot Bo\u0161njaka na krajnjem sjeveru Kosova"},"content":{"rendered":"<p><strong><img loading=\"lazy\" decoding=\"async\" class=\"aligncenter size-full wp-image-125703\" src=\"https:\/\/sandzakpress.net\/arhiva\/wp-content\/uploads\/2015\/03\/2015-03-28-10_37_54-Bo\u0161njaci-na-krajnjem-sjeveru-Kosova-Bo\u0161njak-ks.com_.jpg\" alt=\"2015-03-28 10_37_54-Bo\u0161njaci na krajnjem sjeveru Kosova - Bo\u0161njak-ks.com\" width=\"628\" height=\"348\" srcset=\"https:\/\/sandzakpress.net\/arhiva\/wp-content\/uploads\/2015\/03\/2015-03-28-10_37_54-Bo\u0161njaci-na-krajnjem-sjeveru-Kosova-Bo\u0161njak-ks.com_.jpg 628w, https:\/\/sandzakpress.net\/arhiva\/wp-content\/uploads\/2015\/03\/2015-03-28-10_37_54-Bo\u0161njaci-na-krajnjem-sjeveru-Kosova-Bo\u0161njak-ks.com_-616x341.jpg 616w\" sizes=\"(max-width: 628px) 100vw, 628px\" \/>Kosovo &#8211; U op\u0161tini Leposavi\u0107 \u017eivi oko 1,200 pripadnika bo\u0161nja\u010dke zajednice, mahom u selima poput Kaljina, Rvatske, Jove i Vra\u010deva.<\/strong><\/p>\n<p>Njihova glavno zanimanje je sto\u010darstvo i poljoprivreda, me\u0111utim i pored solidnih uslova za \u017eivot, mladih je sve manje.<\/p>\n<p>Selo Rvatska nalazi se na petnaestak kilometara od Leposavi\u0107a, i spada u red sela u kojima je stanovni\u0161tvo razli\u010dite etni\u010dke structure, me\u0111u kojima su i Bo\u0161njaci.<\/p>\n<p>Prije nekoliko godina je do sela Rvatska ura\u0111en asfaltni put, izgra\u0111en je vodovod ali i d\u017eamija. U planu je da se asfaltira jo\u0161 nekoliko putnih pravaca, da se poplo\u010da plato oko d\u017eamije i da se izgradi kulturni centar za potrebe stanovni\u0161tva u ovom multietni\u010dkom selu.<\/p>\n<p>Ipak, ovo je ruralni kraj, u kome se ljudi mahom bave sto\u010darstvom.<\/p>\n<p>Nazim Islamovi\u0107 je poznati sto\u010dar koji ovim domenom \u017eeli ozbiljno da se bavi, jer mu je to osnovni izvor prihoda.<\/p>\n<p>\u201cMoj plan je da dr\u017eim 18-20 krava, ali nemam uslova da pripremim nov deo objekta&#8230; \u017divimo u nadi da \u0107emo jednog dana do\u017eiveti vi\u0161e, da seljak sve \u0161to proizvede proda, po boljoj cijeni\u201d, ka\u017ee on za program na bosanskom, Radio Kosovo 2.<\/p>\n<p>Me\u0111utim, Nazim spada u one koji \u017eele da eksperimentiraju, i u poljoprivredu uvodi nove kulture, ovoga puta je to borovnica.\u00a0<\/p>\n<p>Nagla\u0161ava da je njihovo uzgajanje veoma zahtjevno, da je to preskupa investicija, ipak ako se radi, od ovoga mo\u017ee i dobro da se \u017eivi, zaklju\u010duje Nazim.<\/p>\n<p>\u201cMoj cilj je bio da poku\u0161amo da imamo zdravu hranu\u201d, isti\u010de on.<\/p>\n<p>Rizvan Ejupovi\u0107 je jedan od mla\u0111ih koji planira da ostane, iako s velikom mukom zara\u0111uje za par\u010de hljeba. Te\u0161ka socijalna situacija ga je navela da poljoprivreda bude njegovo glavno zanimanje.\u00a0<\/p>\n<p>Dodatni problem je \u0161to on neobra\u0111uje svoju li\u010dnu zemlju, nego je uzima pod zakup, pla\u0107a njeno kori\u0161\u0107enje, i sve to da bi mogao da prehrani svoju deseto\u010dlanu obitelj. Jedini sigurni nov\u010dani prihod u ovo doma\u0107instvo je oko 40 eura penzija koju prima njegova majka.<\/p>\n<p>\u201cMora da se \u017eivi. Zima ne pita mo\u017ee li ili ne, nego mora da se radi\u201d, ka\u017ee on.\u00a0<\/p>\n<p>Selo Rvatska, i pored nekoliko mla\u0111ih mje\u0161tana, trpi trend iseljavanja. Ostala su mahom stara\u010dka doma\u0107instva, i kako stvari stoje, sve je manje onih koji planiraju da tu i ostanu.<\/p>\n<p>Nana Rabija Djerlek pamti selo iz vremena kada nije se nije imalo ni osnovnih uslova za \u017eivot, no i pored toga, rado se prisje\u0107a da je selo bilo puno, a i kako ka\u017ee, ljep\u0161e se i \u017eivjelo. Danas, tu\u017eno nagla\u0161ava, svega ima, ali mladih nema.<br \/>\u201cSada je sve lak\u0161e, ali, nema mladih. Ranije je sve bilo druga\u010dije\u201d, ka\u017ee nam ona.<\/p>\n<p>To potvr\u0111uje i djed Milutin Premovi\u0107.<\/p>\n<p>On ka\u017ee da uspjeva da se bavi poljoprivredom, iako su su djeca napustila selo.\u00a0<\/p>\n<p>\u201cJa i baba smo sami ovdje, a sinovi i unuci su u Le\u0161ku, dolaze redovno\u2026\u201d, isti\u010de on. \u201cSvi mla\u0111i su oti\u0161li, uglavnom ovdje \u017eive starci, po dva \u010dlana u ku\u0107i i tako\u2026\u201d, dodaje.<\/p>\n<p>Ne mo\u017ee se pri\u010dati o Rvatskoj, a da se ne pomene i su\u017eivot Bo\u0161njaka i Srba, koji je vjekovima ispunjen prijateljstvom i susjedskom suradnjom, pomalo sjetno se prisje\u0107aju djed Milutin i nana Rabija.<\/p>\n<p>\u201cMi smo me\u0161avina ovdje, ali smo uvek pomagali jedni druge. Nikada nismo imali problem, i \u017eivjeli smo kao jedna ku\u0107a. Odazivali smo se i na radost i na \u017ealost\u201d, ka\u017ee djed Milutin.\u00a0<\/p>\n<p>\u201cNikada nismo imali probleme \u0161to se ti\u010de Srba i Muslimana ovdje. Dosta se po\u0161tujemo i \u010duvamo\u201c, ka\u017ee nana Rabija.<\/p>\n<p>Mihret Salkovi\u0107, odbornik u op\u0107ini Leposavi\u0107, govori nam o te\u0161koj materijalnoj situaciji mje\u0161tana Rvatske, kojima je potrebna bilo kakva pomo\u0107. Op\u0107inski bud\u017eet je mizeran, a samim tim, ured za zajednice ne mo\u017ee iza\u0107i u susret i pomo\u0107i tim ljudima. Mihret nam kaze da ve\u0107ina mje\u0161tana pla\u0107a iznajmljenu zemlju, da bi mogli da je obradjuju i prehrane svoju obitelj, \u0161to je i njegov slu\u010daj, jer druga\u010dije se ne mo\u017ee opstati.<\/p>\n<p>\u201eImamo 5-6 slu\u010dajeva koji su ispod ivice siroma\u0161tva, i za \u010dudo je kako pre\u017eivljavaju\u201c, ka\u017ee on.<\/p>\n<p>Navodi da ima dosta socijalnih slu\u010dajeva, kojima je pomo\u0107 preko potrebna, a rje\u0161enje vidi u nekim vi\u0161im instancama. Smatra da na\u0161im institucijama nebi prestavljalo neki veliki problem da obnove 2-3 ku\u0107e, ili pak pomognu u poljoprivrednim ma\u0161inama, da bi tim ljudima pru\u017eili mogu\u0107nosti da sami zara\u0111uju i osiguraju \u017eivotnu egzistenciju.<\/p>\n<p>(Bosnjak-ks)<\/p>\n","protected":false},"excerpt":{"rendered":"<p>Kosovo &#8211; U op\u0161tini Leposavi\u0107 \u017eivi oko 1,200 pripadnika bo\u0161nja\u010dke zajednice, mahom u selima poput Kaljina, Rvatske, Jove i Vra\u010deva. Njihova glavno zanimanje je sto\u010darstvo i poljoprivreda, me\u0111utim i pored solidnih uslova za \u017eivot, mladih je sve manje. Selo Rvatska nalazi se na petnaestak kilometara od Leposavi\u0107a, i spada u red sela u kojima je [&hellip;]<\/p>\n","protected":false},"author":83,"featured_media":125703,"comment_status":"open","ping_status":"open","sticky":false,"template":"","format":"standard","meta":{"footnotes":""},"categories":[800,2690,798],"tags":[],"class_list":{"0":"post-125702","1":"post","2":"type-post","3":"status-publish","4":"format-standard","5":"has-post-thumbnail","7":"category-nacija","8":"category-kosovo-gradovi","9":"category-teme"},"yoast_head":"<!-- This site is optimized with the Yoast SEO Premium plugin v23.1 (Yoast SEO v24.9) - https:\/\/yoast.com\/wordpress\/plugins\/seo\/ -->\n<title>\u017divot Bo\u0161njaka na krajnjem sjeveru Kosova<\/title>\n<meta name=\"robots\" content=\"index, follow, max-snippet:-1, max-image-preview:large, max-video-preview:-1\" \/>\n<link rel=\"canonical\" href=\"https:\/\/sandzakpress.net\/arhiva\/zivot-bosnjaka-na-krajnjem-sjeveru-kosova\/\" \/>\n<meta property=\"og:locale\" content=\"bs_BA\" \/>\n<meta property=\"og:type\" content=\"article\" \/>\n<meta property=\"og:title\" content=\"\u017divot Bo\u0161njaka na krajnjem sjeveru Kosova\" \/>\n<meta property=\"og:description\" content=\"Kosovo &#8211; U op\u0161tini Leposavi\u0107 \u017eivi oko 1,200 pripadnika bo\u0161nja\u010dke zajednice, mahom u selima poput Kaljina, Rvatske, Jove i Vra\u010deva. Njihova glavno zanimanje je sto\u010darstvo i poljoprivreda, me\u0111utim i pored solidnih uslova za \u017eivot, mladih je sve manje. Selo Rvatska nalazi se na petnaestak kilometara od Leposavi\u0107a, i spada u red sela u kojima je [&hellip;]\" \/>\n<meta property=\"og:url\" content=\"https:\/\/sandzakpress.net\/arhiva\/zivot-bosnjaka-na-krajnjem-sjeveru-kosova\/\" \/>\n<meta property=\"og:site_name\" content=\"Sand\u017eak PRESS\" \/>\n<meta property=\"article:published_time\" content=\"2015-03-28T09:38:25+00:00\" \/>\n<meta property=\"og:image\" content=\"https:\/\/sandzakpress.net\/arhiva\/wp-content\/uploads\/2015\/03\/2015-03-28-10_37_54-Bo\u0161njaci-na-krajnjem-sjeveru-Kosova-Bo\u0161njak-ks.com_.jpg\" \/>\n\t<meta property=\"og:image:width\" content=\"628\" \/>\n\t<meta property=\"og:image:height\" content=\"348\" \/>\n\t<meta property=\"og:image:type\" content=\"image\/jpeg\" \/>\n<meta name=\"author\" content=\"bosniak\" \/>\n<meta name=\"twitter:card\" content=\"summary_large_image\" \/>\n<meta name=\"twitter:label1\" content=\"Written by\" \/>\n\t<meta name=\"twitter:data1\" content=\"bosniak\" \/>\n\t<meta name=\"twitter:label2\" content=\"Est. reading time\" \/>\n\t<meta name=\"twitter:data2\" content=\"4 minute\" \/>\n<script type=\"application\/ld+json\" class=\"yoast-schema-graph\">{\"@context\":\"https:\/\/schema.org\",\"@graph\":[{\"@type\":\"Article\",\"@id\":\"https:\/\/sandzakpress.net\/arhiva\/zivot-bosnjaka-na-krajnjem-sjeveru-kosova\/#article\",\"isPartOf\":{\"@id\":\"https:\/\/sandzakpress.net\/arhiva\/zivot-bosnjaka-na-krajnjem-sjeveru-kosova\/\"},\"author\":{\"name\":\"bosniak\",\"@id\":\"https:\/\/sandzakpress.net\/arhiva\/#\/schema\/person\/c8baee722073534b583ea7bdb2e36c02\"},\"headline\":\"\u017divot Bo\u0161njaka na krajnjem sjeveru Kosova\",\"datePublished\":\"2015-03-28T09:38:25+00:00\",\"mainEntityOfPage\":{\"@id\":\"https:\/\/sandzakpress.net\/arhiva\/zivot-bosnjaka-na-krajnjem-sjeveru-kosova\/\"},\"wordCount\":800,\"commentCount\":42,\"publisher\":{\"@id\":\"https:\/\/sandzakpress.net\/arhiva\/#\/schema\/person\/6e72b67d6e51910a1117b3b483ba20bd\"},\"image\":{\"@id\":\"https:\/\/sandzakpress.net\/arhiva\/zivot-bosnjaka-na-krajnjem-sjeveru-kosova\/#primaryimage\"},\"thumbnailUrl\":\"https:\/\/sandzakpress.net\/arhiva\/wp-content\/uploads\/2015\/03\/2015-03-28-10_37_54-Bo\u0161njaci-na-krajnjem-sjeveru-Kosova-Bo\u0161njak-ks.com_.jpg\",\"articleSection\":[\"Nacija\",\"Kosovo\",\"NAJNOVIJE\"],\"inLanguage\":\"bs-BA\",\"potentialAction\":[{\"@type\":\"CommentAction\",\"name\":\"Comment\",\"target\":[\"https:\/\/sandzakpress.net\/arhiva\/zivot-bosnjaka-na-krajnjem-sjeveru-kosova\/#respond\"]}]},{\"@type\":\"WebPage\",\"@id\":\"https:\/\/sandzakpress.net\/arhiva\/zivot-bosnjaka-na-krajnjem-sjeveru-kosova\/\",\"url\":\"https:\/\/sandzakpress.net\/arhiva\/zivot-bosnjaka-na-krajnjem-sjeveru-kosova\/\",\"name\":\"\u017divot Bo\u0161njaka na krajnjem sjeveru Kosova\",\"isPartOf\":{\"@id\":\"https:\/\/sandzakpress.net\/arhiva\/#website\"},\"primaryImageOfPage\":{\"@id\":\"https:\/\/sandzakpress.net\/arhiva\/zivot-bosnjaka-na-krajnjem-sjeveru-kosova\/#primaryimage\"},\"image\":{\"@id\":\"https:\/\/sandzakpress.net\/arhiva\/zivot-bosnjaka-na-krajnjem-sjeveru-kosova\/#primaryimage\"},\"thumbnailUrl\":\"https:\/\/sandzakpress.net\/arhiva\/wp-content\/uploads\/2015\/03\/2015-03-28-10_37_54-Bo\u0161njaci-na-krajnjem-sjeveru-Kosova-Bo\u0161njak-ks.com_.jpg\",\"datePublished\":\"2015-03-28T09:38:25+00:00\",\"breadcrumb\":{\"@id\":\"https:\/\/sandzakpress.net\/arhiva\/zivot-bosnjaka-na-krajnjem-sjeveru-kosova\/#breadcrumb\"},\"inLanguage\":\"bs-BA\",\"potentialAction\":[{\"@type\":\"ReadAction\",\"target\":[\"https:\/\/sandzakpress.net\/arhiva\/zivot-bosnjaka-na-krajnjem-sjeveru-kosova\/\"]}]},{\"@type\":\"ImageObject\",\"inLanguage\":\"bs-BA\",\"@id\":\"https:\/\/sandzakpress.net\/arhiva\/zivot-bosnjaka-na-krajnjem-sjeveru-kosova\/#primaryimage\",\"url\":\"https:\/\/sandzakpress.net\/arhiva\/wp-content\/uploads\/2015\/03\/2015-03-28-10_37_54-Bo\u0161njaci-na-krajnjem-sjeveru-Kosova-Bo\u0161njak-ks.com_.jpg\",\"contentUrl\":\"https:\/\/sandzakpress.net\/arhiva\/wp-content\/uploads\/2015\/03\/2015-03-28-10_37_54-Bo\u0161njaci-na-krajnjem-sjeveru-Kosova-Bo\u0161njak-ks.com_.jpg\",\"width\":628,\"height\":348},{\"@type\":\"BreadcrumbList\",\"@id\":\"https:\/\/sandzakpress.net\/arhiva\/zivot-bosnjaka-na-krajnjem-sjeveru-kosova\/#breadcrumb\",\"itemListElement\":[{\"@type\":\"ListItem\",\"position\":1,\"name\":\"Home\",\"item\":\"https:\/\/sandzakpress.net\/arhiva\/\"},{\"@type\":\"ListItem\",\"position\":2,\"name\":\"\u017divot Bo\u0161njaka na krajnjem sjeveru Kosova\"}]},{\"@type\":\"WebSite\",\"@id\":\"https:\/\/sandzakpress.net\/arhiva\/#website\",\"url\":\"https:\/\/sandzakpress.net\/arhiva\/\",\"name\":\"Sand\u017eak PRESS\",\"description\":\"Prve elektronske novine u Sand\u017eaku\",\"publisher\":{\"@id\":\"https:\/\/sandzakpress.net\/arhiva\/#\/schema\/person\/6e72b67d6e51910a1117b3b483ba20bd\"},\"potentialAction\":[{\"@type\":\"SearchAction\",\"target\":{\"@type\":\"EntryPoint\",\"urlTemplate\":\"https:\/\/sandzakpress.net\/arhiva\/?s={search_term_string}\"},\"query-input\":{\"@type\":\"PropertyValueSpecification\",\"valueRequired\":true,\"valueName\":\"search_term_string\"}}],\"inLanguage\":\"bs-BA\"},{\"@type\":[\"Person\",\"Organization\"],\"@id\":\"https:\/\/sandzakpress.net\/arhiva\/#\/schema\/person\/6e72b67d6e51910a1117b3b483ba20bd\",\"name\":\"Kul\",\"image\":{\"@type\":\"ImageObject\",\"inLanguage\":\"bs-BA\",\"@id\":\"https:\/\/sandzakpress.net\/arhiva\/#\/schema\/person\/image\/\",\"url\":\"https:\/\/secure.gravatar.com\/avatar\/42263f39aa27ac04c43cab85c280eb2e?s=96&d=mm&r=pg\",\"contentUrl\":\"https:\/\/secure.gravatar.com\/avatar\/42263f39aa27ac04c43cab85c280eb2e?s=96&d=mm&r=pg\",\"caption\":\"Kul\"},\"logo\":{\"@id\":\"https:\/\/sandzakpress.net\/arhiva\/#\/schema\/person\/image\/\"}},{\"@type\":\"Person\",\"@id\":\"https:\/\/sandzakpress.net\/arhiva\/#\/schema\/person\/c8baee722073534b583ea7bdb2e36c02\",\"name\":\"bosniak\",\"image\":{\"@type\":\"ImageObject\",\"inLanguage\":\"bs-BA\",\"@id\":\"https:\/\/sandzakpress.net\/arhiva\/#\/schema\/person\/image\/\",\"url\":\"https:\/\/secure.gravatar.com\/avatar\/a04fd330bfe3a36a72a0ad4a6d89fca7?s=96&d=mm&r=pg\",\"contentUrl\":\"https:\/\/secure.gravatar.com\/avatar\/a04fd330bfe3a36a72a0ad4a6d89fca7?s=96&d=mm&r=pg\",\"caption\":\"bosniak\"},\"url\":\"https:\/\/sandzakpress.net\/arhiva\/author\/bosniak\/\"}]}<\/script>\n<!-- \/ Yoast SEO Premium plugin. -->","yoast_head_json":{"title":"\u017divot Bo\u0161njaka na krajnjem sjeveru Kosova","robots":{"index":"index","follow":"follow","max-snippet":"max-snippet:-1","max-image-preview":"max-image-preview:large","max-video-preview":"max-video-preview:-1"},"canonical":"https:\/\/sandzakpress.net\/arhiva\/zivot-bosnjaka-na-krajnjem-sjeveru-kosova\/","og_locale":"bs_BA","og_type":"article","og_title":"\u017divot Bo\u0161njaka na krajnjem sjeveru Kosova","og_description":"Kosovo &#8211; U op\u0161tini Leposavi\u0107 \u017eivi oko 1,200 pripadnika bo\u0161nja\u010dke zajednice, mahom u selima poput Kaljina, Rvatske, Jove i Vra\u010deva. Njihova glavno zanimanje je sto\u010darstvo i poljoprivreda, me\u0111utim i pored solidnih uslova za \u017eivot, mladih je sve manje. Selo Rvatska nalazi se na petnaestak kilometara od Leposavi\u0107a, i spada u red sela u kojima je [&hellip;]","og_url":"https:\/\/sandzakpress.net\/arhiva\/zivot-bosnjaka-na-krajnjem-sjeveru-kosova\/","og_site_name":"Sand\u017eak PRESS","article_published_time":"2015-03-28T09:38:25+00:00","og_image":[{"width":628,"height":348,"url":"https:\/\/sandzakpress.net\/arhiva\/wp-content\/uploads\/2015\/03\/2015-03-28-10_37_54-Bo\u0161njaci-na-krajnjem-sjeveru-Kosova-Bo\u0161njak-ks.com_.jpg","type":"image\/jpeg"}],"author":"bosniak","twitter_card":"summary_large_image","twitter_misc":{"Written by":"bosniak","Est. reading time":"4 minute"},"schema":{"@context":"https:\/\/schema.org","@graph":[{"@type":"Article","@id":"https:\/\/sandzakpress.net\/arhiva\/zivot-bosnjaka-na-krajnjem-sjeveru-kosova\/#article","isPartOf":{"@id":"https:\/\/sandzakpress.net\/arhiva\/zivot-bosnjaka-na-krajnjem-sjeveru-kosova\/"},"author":{"name":"bosniak","@id":"https:\/\/sandzakpress.net\/arhiva\/#\/schema\/person\/c8baee722073534b583ea7bdb2e36c02"},"headline":"\u017divot Bo\u0161njaka na krajnjem sjeveru Kosova","datePublished":"2015-03-28T09:38:25+00:00","mainEntityOfPage":{"@id":"https:\/\/sandzakpress.net\/arhiva\/zivot-bosnjaka-na-krajnjem-sjeveru-kosova\/"},"wordCount":800,"commentCount":42,"publisher":{"@id":"https:\/\/sandzakpress.net\/arhiva\/#\/schema\/person\/6e72b67d6e51910a1117b3b483ba20bd"},"image":{"@id":"https:\/\/sandzakpress.net\/arhiva\/zivot-bosnjaka-na-krajnjem-sjeveru-kosova\/#primaryimage"},"thumbnailUrl":"https:\/\/sandzakpress.net\/arhiva\/wp-content\/uploads\/2015\/03\/2015-03-28-10_37_54-Bo\u0161njaci-na-krajnjem-sjeveru-Kosova-Bo\u0161njak-ks.com_.jpg","articleSection":["Nacija","Kosovo","NAJNOVIJE"],"inLanguage":"bs-BA","potentialAction":[{"@type":"CommentAction","name":"Comment","target":["https:\/\/sandzakpress.net\/arhiva\/zivot-bosnjaka-na-krajnjem-sjeveru-kosova\/#respond"]}]},{"@type":"WebPage","@id":"https:\/\/sandzakpress.net\/arhiva\/zivot-bosnjaka-na-krajnjem-sjeveru-kosova\/","url":"https:\/\/sandzakpress.net\/arhiva\/zivot-bosnjaka-na-krajnjem-sjeveru-kosova\/","name":"\u017divot Bo\u0161njaka na krajnjem sjeveru Kosova","isPartOf":{"@id":"https:\/\/sandzakpress.net\/arhiva\/#website"},"primaryImageOfPage":{"@id":"https:\/\/sandzakpress.net\/arhiva\/zivot-bosnjaka-na-krajnjem-sjeveru-kosova\/#primaryimage"},"image":{"@id":"https:\/\/sandzakpress.net\/arhiva\/zivot-bosnjaka-na-krajnjem-sjeveru-kosova\/#primaryimage"},"thumbnailUrl":"https:\/\/sandzakpress.net\/arhiva\/wp-content\/uploads\/2015\/03\/2015-03-28-10_37_54-Bo\u0161njaci-na-krajnjem-sjeveru-Kosova-Bo\u0161njak-ks.com_.jpg","datePublished":"2015-03-28T09:38:25+00:00","breadcrumb":{"@id":"https:\/\/sandzakpress.net\/arhiva\/zivot-bosnjaka-na-krajnjem-sjeveru-kosova\/#breadcrumb"},"inLanguage":"bs-BA","potentialAction":[{"@type":"ReadAction","target":["https:\/\/sandzakpress.net\/arhiva\/zivot-bosnjaka-na-krajnjem-sjeveru-kosova\/"]}]},{"@type":"ImageObject","inLanguage":"bs-BA","@id":"https:\/\/sandzakpress.net\/arhiva\/zivot-bosnjaka-na-krajnjem-sjeveru-kosova\/#primaryimage","url":"https:\/\/sandzakpress.net\/arhiva\/wp-content\/uploads\/2015\/03\/2015-03-28-10_37_54-Bo\u0161njaci-na-krajnjem-sjeveru-Kosova-Bo\u0161njak-ks.com_.jpg","contentUrl":"https:\/\/sandzakpress.net\/arhiva\/wp-content\/uploads\/2015\/03\/2015-03-28-10_37_54-Bo\u0161njaci-na-krajnjem-sjeveru-Kosova-Bo\u0161njak-ks.com_.jpg","width":628,"height":348},{"@type":"BreadcrumbList","@id":"https:\/\/sandzakpress.net\/arhiva\/zivot-bosnjaka-na-krajnjem-sjeveru-kosova\/#breadcrumb","itemListElement":[{"@type":"ListItem","position":1,"name":"Home","item":"https:\/\/sandzakpress.net\/arhiva\/"},{"@type":"ListItem","position":2,"name":"\u017divot Bo\u0161njaka na krajnjem sjeveru Kosova"}]},{"@type":"WebSite","@id":"https:\/\/sandzakpress.net\/arhiva\/#website","url":"https:\/\/sandzakpress.net\/arhiva\/","name":"Sand\u017eak PRESS","description":"Prve elektronske novine u Sand\u017eaku","publisher":{"@id":"https:\/\/sandzakpress.net\/arhiva\/#\/schema\/person\/6e72b67d6e51910a1117b3b483ba20bd"},"potentialAction":[{"@type":"SearchAction","target":{"@type":"EntryPoint","urlTemplate":"https:\/\/sandzakpress.net\/arhiva\/?s={search_term_string}"},"query-input":{"@type":"PropertyValueSpecification","valueRequired":true,"valueName":"search_term_string"}}],"inLanguage":"bs-BA"},{"@type":["Person","Organization"],"@id":"https:\/\/sandzakpress.net\/arhiva\/#\/schema\/person\/6e72b67d6e51910a1117b3b483ba20bd","name":"Kul","image":{"@type":"ImageObject","inLanguage":"bs-BA","@id":"https:\/\/sandzakpress.net\/arhiva\/#\/schema\/person\/image\/","url":"https:\/\/secure.gravatar.com\/avatar\/42263f39aa27ac04c43cab85c280eb2e?s=96&d=mm&r=pg","contentUrl":"https:\/\/secure.gravatar.com\/avatar\/42263f39aa27ac04c43cab85c280eb2e?s=96&d=mm&r=pg","caption":"Kul"},"logo":{"@id":"https:\/\/sandzakpress.net\/arhiva\/#\/schema\/person\/image\/"}},{"@type":"Person","@id":"https:\/\/sandzakpress.net\/arhiva\/#\/schema\/person\/c8baee722073534b583ea7bdb2e36c02","name":"bosniak","image":{"@type":"ImageObject","inLanguage":"bs-BA","@id":"https:\/\/sandzakpress.net\/arhiva\/#\/schema\/person\/image\/","url":"https:\/\/secure.gravatar.com\/avatar\/a04fd330bfe3a36a72a0ad4a6d89fca7?s=96&d=mm&r=pg","contentUrl":"https:\/\/secure.gravatar.com\/avatar\/a04fd330bfe3a36a72a0ad4a6d89fca7?s=96&d=mm&r=pg","caption":"bosniak"},"url":"https:\/\/sandzakpress.net\/arhiva\/author\/bosniak\/"}]}},"_links":{"self":[{"href":"https:\/\/sandzakpress.net\/arhiva\/wp-json\/wp\/v2\/posts\/125702"}],"collection":[{"href":"https:\/\/sandzakpress.net\/arhiva\/wp-json\/wp\/v2\/posts"}],"about":[{"href":"https:\/\/sandzakpress.net\/arhiva\/wp-json\/wp\/v2\/types\/post"}],"author":[{"embeddable":true,"href":"https:\/\/sandzakpress.net\/arhiva\/wp-json\/wp\/v2\/users\/83"}],"replies":[{"embeddable":true,"href":"https:\/\/sandzakpress.net\/arhiva\/wp-json\/wp\/v2\/comments?post=125702"}],"version-history":[{"count":0,"href":"https:\/\/sandzakpress.net\/arhiva\/wp-json\/wp\/v2\/posts\/125702\/revisions"}],"wp:featuredmedia":[{"embeddable":true,"href":"https:\/\/sandzakpress.net\/arhiva\/wp-json\/wp\/v2\/media\/125703"}],"wp:attachment":[{"href":"https:\/\/sandzakpress.net\/arhiva\/wp-json\/wp\/v2\/media?parent=125702"}],"wp:term":[{"taxonomy":"category","embeddable":true,"href":"https:\/\/sandzakpress.net\/arhiva\/wp-json\/wp\/v2\/categories?post=125702"},{"taxonomy":"post_tag","embeddable":true,"href":"https:\/\/sandzakpress.net\/arhiva\/wp-json\/wp\/v2\/tags?post=125702"}],"curies":[{"name":"wp","href":"https:\/\/api.w.org\/{rel}","templated":true}]}}