{"id":12563,"date":"2011-02-12T12:56:52","date_gmt":"2011-02-12T11:56:52","guid":{"rendered":"https:\/\/sandzakpress.net\/arhiva\/?p=12563"},"modified":"2011-02-12T12:56:52","modified_gmt":"2011-02-12T11:56:52","slug":"reagovanje-mesihata-republickoj-radiodifuznoj-agenciji","status":"publish","type":"post","link":"https:\/\/sandzakpress.net\/arhiva\/reagovanje-mesihata-republickoj-radiodifuznoj-agenciji\/","title":{"rendered":"Reagovanje Me\u0161ihata Republi\u010dkoj radiodifuznoj agenciji"},"content":{"rendered":"<p><strong><a href=\"https:\/\/sandzakpress.net\/arhiva\/wp-content\/uploads\/2011\/02\/Vladika-porfirije-foto-MILO.jpg\"><img loading=\"lazy\" decoding=\"async\" class=\"alignleft size-full wp-image-12564\" title=\"Vladika-porfirije-foto-MILO\" src=\"https:\/\/sandzakpress.net\/arhiva\/wp-content\/uploads\/2011\/02\/Vladika-porfirije-foto-MILO.jpg\" alt=\"\" width=\"250\" height=\"178\" \/><\/a>Sjeverni Sand\u017eak &#8211; Iznenadio nas je i donekle uvrijedio zaklju\u010dak Republi\u010dke radiodifuzne agencije kojim se odbacuje prijava Me\u0161ihata Islamske zajednice u Srbiji na Javni konkurs za emitovanje radio programa za regionalno podru\u010dje, radiodifuzne oblasti 6, okvirne \u017eeljene zone pokrivanja \u2013 podru\u010dja op\u0107ina Pp 30 (Prijepolje, Priboj, Pribojska banja) za podru\u010dje op\u0107ine Prijepolje, s projektom \u201eVakuf radio\u201c.<\/strong><\/p>\n<p>Me\u0161ihat Islamske zajednice u Srbiji je tradicionalna vjerska zajednica koja je, prema Zakonu o crkvama i vjerskim zajednicama, ravnopravna sa svim ostalim zvani\u010dnim tradicionalnim i priznatim vjerskim institucijama u Republici Srbiji. Pri prijavi na konkrus rukovodili smo se \u010dinjenicom da na podru\u010dju koje trebaju pokrivati talasi Radio \u201eVakufa\u201c ve\u0107 du\u017ee vrijeme bez problema svoj signal emituje crkveni radio Eparhije mile\u0161evske Radio \u201eMile\u0161eva\u201c, \u010diji se signal \u010duje u Prijepolju, Priboju, Pribojskoj banji, Novoj Varo\u0161i, dijelovima Sjenice, pa \u010dak na pojedinim dijelovima susjedne dr\u017eave Bosne i Hercegovine.<\/p>\n<p>Neshvatljivo je i ne prihvatamo da i u RRA-u postoje dvostruki standardi, naro\u010dito prema vjerskim zajednicama. Ukoliko Srpska pravoslavna crkva nesmetano emituje radijski program, za\u0161to se to ne dozvoljava Islamskoj zajednici u Srbiji. Da li to zna\u010di da je SPC privilegovana u odnosu na ostale vjerske zajednice? Ukoliko je tako, za\u0161to u Ustavu Republike Srbije ne stoji da je ona crkvena, a ne sekularna dr\u017eava? Ili je mo\u017eda razlog takvom selektivnom pona\u0161anju RRA-a to \u0161to je njen predsjednik velikodostojnik SPC? Sva ova pitanja izgledaju pomalo pamfletno, ali su su\u0161tinska.<\/p>\n<p>Stanovni\u0161tvo Zapadnog Sand\u017eaka, koji obuhvata op\u0107ine i mjesta nazna\u010dene u prijavi na Javni konkurs, primjer su vjekovnog su\u017eivota Bo\u0161njaka i Srba. Me\u0111utim, muslimani ovih krajeva nemaju niti jednog medija koji bi tretirao njihovu duhovnost. Me\u0161ihat IZ-e u Srbiji izi\u0161ao je u susret njihovom opravdanom zahtjevu da se, pokretanjem radija, bar donekle nadomjesti postoje\u0107a praznina i smanji strah od vjerske i nacionalne asimilacije.<\/p>\n<p>Me\u0161ihat Islamske zajednice u Srbiji je, kao i njegovi sljedbenici, trajno opredijeljen za po\u0161tivanje demokratskih vrijednosti, tolerancije i \u010dovjekoljublja, ali na principima ravnopravnosti svih, bez obzira na vjersku i nacionalnu razli\u010ditost. Mi svojim djelovanjem i kroz aktivnosti na\u0161ih institucija, posebno kroz Centar za humanitarni rad \u201eHajrat\u201c, iz dana u dan dokazujemo humanost kojom nas na\u0161a plemenita vjera u\u010di, ne odvajaju\u0107i nikoga prema vjerskim i nacionalnim opredjeljenjima. Vjerujemo da ovom univerzalnom principu u\u010de i sve ostale religije, ali se, na \u017ealost, kod onih koji bi prije ostalih trebali vlastitim primjerom svjedo\u010diti tu dimenziju svoje vjeroispovijesti ne mo\u017ee zna\u010dajnije primijetiti.<\/p>\n<p>Zato od Vas o\u010dekujemo da jo\u0161 jednom preispitate odluku koju ste prema na\u0161em zahtjevu donijeli i razuvjerite nas da pri odlu\u010divanju nisu postojavali dvostruki standardi, naro\u010dito prema ova dva univerzalna principa srbijanskog dru\u0161tva: ideji sekularizma i u\u010denju svih religija na odgajanje svojih sljedbenika u duhu su\u017eivota, tolerancije, plemenitosti i \u0161irokogrudosti.<\/p>\n<p><strong>Potpredsjednik Me\u0161ihata<\/strong><\/p>\n<p><em><strong>Re\u0161ad ef. Plojovi\u0107<\/strong><\/em><\/p>\n<p>Izvor: <strong>IslamskaZajednica.org<\/strong><\/p>\n","protected":false},"excerpt":{"rendered":"<p>Sjeverni Sand\u017eak &#8211; Iznenadio nas je i donekle uvrijedio zaklju\u010dak Republi\u010dke radiodifuzne agencije kojim se odbacuje prijava Me\u0161ihata Islamske zajednice u Srbiji na Javni konkurs za emitovanje radio programa za regionalno podru\u010dje, radiodifuzne oblasti 6, okvirne \u017eeljene zone pokrivanja \u2013 podru\u010dja op\u0107ina Pp 30 (Prijepolje, Priboj, Pribojska banja) za podru\u010dje op\u0107ine Prijepolje, s projektom \u201eVakuf [&hellip;]<\/p>\n","protected":false},"author":83,"featured_media":12564,"comment_status":"open","ping_status":"open","sticky":false,"template":"","format":"standard","meta":{"footnotes":""},"categories":[72,52,327,392,393,802,394],"tags":[],"class_list":{"0":"post-12563","1":"post","2":"type-post","3":"status-publish","4":"format-standard","5":"has-post-thumbnail","7":"category-novi-pazar","8":"category-sjenica","9":"category-tutin","10":"category-prijepolje_","11":"category-priboj","12":"category-islamska_zajednica","13":"category-nova-varos"},"yoast_head":"<!-- This site is optimized with the Yoast SEO Premium plugin v23.1 (Yoast SEO v24.9) - https:\/\/yoast.com\/wordpress\/plugins\/seo\/ -->\n<title>Reagovanje Me\u0161ihata Republi\u010dkoj radiodifuznoj agenciji<\/title>\n<meta name=\"robots\" content=\"index, follow, max-snippet:-1, max-image-preview:large, max-video-preview:-1\" \/>\n<link rel=\"canonical\" href=\"https:\/\/sandzakpress.net\/arhiva\/reagovanje-mesihata-republickoj-radiodifuznoj-agenciji\/\" \/>\n<meta property=\"og:locale\" content=\"bs_BA\" \/>\n<meta property=\"og:type\" content=\"article\" \/>\n<meta property=\"og:title\" content=\"Reagovanje Me\u0161ihata Republi\u010dkoj radiodifuznoj agenciji\" \/>\n<meta property=\"og:description\" content=\"Sjeverni Sand\u017eak &#8211; Iznenadio nas je i donekle uvrijedio zaklju\u010dak Republi\u010dke radiodifuzne agencije kojim se odbacuje prijava Me\u0161ihata Islamske zajednice u Srbiji na Javni konkurs za emitovanje radio programa za regionalno podru\u010dje, radiodifuzne oblasti 6, okvirne \u017eeljene zone pokrivanja \u2013 podru\u010dja op\u0107ina Pp 30 (Prijepolje, Priboj, Pribojska banja) za podru\u010dje op\u0107ine Prijepolje, s projektom \u201eVakuf [&hellip;]\" \/>\n<meta property=\"og:url\" content=\"https:\/\/sandzakpress.net\/arhiva\/reagovanje-mesihata-republickoj-radiodifuznoj-agenciji\/\" \/>\n<meta property=\"og:site_name\" content=\"Sand\u017eak PRESS\" \/>\n<meta property=\"article:published_time\" content=\"2011-02-12T11:56:52+00:00\" \/>\n<meta property=\"og:image\" content=\"https:\/\/sandzakpress.net\/arhiva\/wp-content\/uploads\/2011\/02\/Vladika-porfirije-foto-MILO.jpg\" \/>\n\t<meta property=\"og:image:width\" content=\"250\" \/>\n\t<meta property=\"og:image:height\" content=\"178\" \/>\n\t<meta property=\"og:image:type\" content=\"image\/jpeg\" \/>\n<meta name=\"author\" content=\"bosniak\" \/>\n<meta name=\"twitter:card\" content=\"summary_large_image\" \/>\n<meta name=\"twitter:label1\" content=\"Written by\" \/>\n\t<meta name=\"twitter:data1\" content=\"bosniak\" \/>\n\t<meta name=\"twitter:label2\" content=\"Est. reading time\" \/>\n\t<meta name=\"twitter:data2\" content=\"3 minute\" \/>\n<script type=\"application\/ld+json\" class=\"yoast-schema-graph\">{\"@context\":\"https:\/\/schema.org\",\"@graph\":[{\"@type\":\"Article\",\"@id\":\"https:\/\/sandzakpress.net\/arhiva\/reagovanje-mesihata-republickoj-radiodifuznoj-agenciji\/#article\",\"isPartOf\":{\"@id\":\"https:\/\/sandzakpress.net\/arhiva\/reagovanje-mesihata-republickoj-radiodifuznoj-agenciji\/\"},\"author\":{\"name\":\"bosniak\",\"@id\":\"https:\/\/sandzakpress.net\/arhiva\/#\/schema\/person\/c8baee722073534b583ea7bdb2e36c02\"},\"headline\":\"Reagovanje Me\u0161ihata Republi\u010dkoj radiodifuznoj agenciji\",\"datePublished\":\"2011-02-12T11:56:52+00:00\",\"mainEntityOfPage\":{\"@id\":\"https:\/\/sandzakpress.net\/arhiva\/reagovanje-mesihata-republickoj-radiodifuznoj-agenciji\/\"},\"wordCount\":507,\"commentCount\":6,\"publisher\":{\"@id\":\"https:\/\/sandzakpress.net\/arhiva\/#\/schema\/person\/6e72b67d6e51910a1117b3b483ba20bd\"},\"image\":{\"@id\":\"https:\/\/sandzakpress.net\/arhiva\/reagovanje-mesihata-republickoj-radiodifuznoj-agenciji\/#primaryimage\"},\"thumbnailUrl\":\"https:\/\/sandzakpress.net\/arhiva\/wp-content\/uploads\/2011\/02\/Vladika-porfirije-foto-MILO.jpg\",\"articleSection\":[\"Novi Pazar\",\"Sjenica\",\"Tutin\",\"Prijepolje\",\"Priboj\",\"Islamska zajednica\",\"Nova Varo\u0161\"],\"inLanguage\":\"bs-BA\",\"potentialAction\":[{\"@type\":\"CommentAction\",\"name\":\"Comment\",\"target\":[\"https:\/\/sandzakpress.net\/arhiva\/reagovanje-mesihata-republickoj-radiodifuznoj-agenciji\/#respond\"]}]},{\"@type\":\"WebPage\",\"@id\":\"https:\/\/sandzakpress.net\/arhiva\/reagovanje-mesihata-republickoj-radiodifuznoj-agenciji\/\",\"url\":\"https:\/\/sandzakpress.net\/arhiva\/reagovanje-mesihata-republickoj-radiodifuznoj-agenciji\/\",\"name\":\"Reagovanje Me\u0161ihata Republi\u010dkoj radiodifuznoj agenciji\",\"isPartOf\":{\"@id\":\"https:\/\/sandzakpress.net\/arhiva\/#website\"},\"primaryImageOfPage\":{\"@id\":\"https:\/\/sandzakpress.net\/arhiva\/reagovanje-mesihata-republickoj-radiodifuznoj-agenciji\/#primaryimage\"},\"image\":{\"@id\":\"https:\/\/sandzakpress.net\/arhiva\/reagovanje-mesihata-republickoj-radiodifuznoj-agenciji\/#primaryimage\"},\"thumbnailUrl\":\"https:\/\/sandzakpress.net\/arhiva\/wp-content\/uploads\/2011\/02\/Vladika-porfirije-foto-MILO.jpg\",\"datePublished\":\"2011-02-12T11:56:52+00:00\",\"breadcrumb\":{\"@id\":\"https:\/\/sandzakpress.net\/arhiva\/reagovanje-mesihata-republickoj-radiodifuznoj-agenciji\/#breadcrumb\"},\"inLanguage\":\"bs-BA\",\"potentialAction\":[{\"@type\":\"ReadAction\",\"target\":[\"https:\/\/sandzakpress.net\/arhiva\/reagovanje-mesihata-republickoj-radiodifuznoj-agenciji\/\"]}]},{\"@type\":\"ImageObject\",\"inLanguage\":\"bs-BA\",\"@id\":\"https:\/\/sandzakpress.net\/arhiva\/reagovanje-mesihata-republickoj-radiodifuznoj-agenciji\/#primaryimage\",\"url\":\"https:\/\/sandzakpress.net\/arhiva\/wp-content\/uploads\/2011\/02\/Vladika-porfirije-foto-MILO.jpg\",\"contentUrl\":\"https:\/\/sandzakpress.net\/arhiva\/wp-content\/uploads\/2011\/02\/Vladika-porfirije-foto-MILO.jpg\",\"width\":250,\"height\":178},{\"@type\":\"BreadcrumbList\",\"@id\":\"https:\/\/sandzakpress.net\/arhiva\/reagovanje-mesihata-republickoj-radiodifuznoj-agenciji\/#breadcrumb\",\"itemListElement\":[{\"@type\":\"ListItem\",\"position\":1,\"name\":\"Home\",\"item\":\"https:\/\/sandzakpress.net\/arhiva\/\"},{\"@type\":\"ListItem\",\"position\":2,\"name\":\"Reagovanje Me\u0161ihata Republi\u010dkoj radiodifuznoj agenciji\"}]},{\"@type\":\"WebSite\",\"@id\":\"https:\/\/sandzakpress.net\/arhiva\/#website\",\"url\":\"https:\/\/sandzakpress.net\/arhiva\/\",\"name\":\"Sand\u017eak PRESS\",\"description\":\"Prve elektronske novine u Sand\u017eaku\",\"publisher\":{\"@id\":\"https:\/\/sandzakpress.net\/arhiva\/#\/schema\/person\/6e72b67d6e51910a1117b3b483ba20bd\"},\"potentialAction\":[{\"@type\":\"SearchAction\",\"target\":{\"@type\":\"EntryPoint\",\"urlTemplate\":\"https:\/\/sandzakpress.net\/arhiva\/?s={search_term_string}\"},\"query-input\":{\"@type\":\"PropertyValueSpecification\",\"valueRequired\":true,\"valueName\":\"search_term_string\"}}],\"inLanguage\":\"bs-BA\"},{\"@type\":[\"Person\",\"Organization\"],\"@id\":\"https:\/\/sandzakpress.net\/arhiva\/#\/schema\/person\/6e72b67d6e51910a1117b3b483ba20bd\",\"name\":\"Kul\",\"image\":{\"@type\":\"ImageObject\",\"inLanguage\":\"bs-BA\",\"@id\":\"https:\/\/sandzakpress.net\/arhiva\/#\/schema\/person\/image\/\",\"url\":\"https:\/\/secure.gravatar.com\/avatar\/42263f39aa27ac04c43cab85c280eb2e?s=96&d=mm&r=pg\",\"contentUrl\":\"https:\/\/secure.gravatar.com\/avatar\/42263f39aa27ac04c43cab85c280eb2e?s=96&d=mm&r=pg\",\"caption\":\"Kul\"},\"logo\":{\"@id\":\"https:\/\/sandzakpress.net\/arhiva\/#\/schema\/person\/image\/\"}},{\"@type\":\"Person\",\"@id\":\"https:\/\/sandzakpress.net\/arhiva\/#\/schema\/person\/c8baee722073534b583ea7bdb2e36c02\",\"name\":\"bosniak\",\"image\":{\"@type\":\"ImageObject\",\"inLanguage\":\"bs-BA\",\"@id\":\"https:\/\/sandzakpress.net\/arhiva\/#\/schema\/person\/image\/\",\"url\":\"https:\/\/secure.gravatar.com\/avatar\/a04fd330bfe3a36a72a0ad4a6d89fca7?s=96&d=mm&r=pg\",\"contentUrl\":\"https:\/\/secure.gravatar.com\/avatar\/a04fd330bfe3a36a72a0ad4a6d89fca7?s=96&d=mm&r=pg\",\"caption\":\"bosniak\"},\"url\":\"https:\/\/sandzakpress.net\/arhiva\/author\/bosniak\/\"}]}<\/script>\n<!-- \/ Yoast SEO Premium plugin. -->","yoast_head_json":{"title":"Reagovanje Me\u0161ihata Republi\u010dkoj radiodifuznoj agenciji","robots":{"index":"index","follow":"follow","max-snippet":"max-snippet:-1","max-image-preview":"max-image-preview:large","max-video-preview":"max-video-preview:-1"},"canonical":"https:\/\/sandzakpress.net\/arhiva\/reagovanje-mesihata-republickoj-radiodifuznoj-agenciji\/","og_locale":"bs_BA","og_type":"article","og_title":"Reagovanje Me\u0161ihata Republi\u010dkoj radiodifuznoj agenciji","og_description":"Sjeverni Sand\u017eak &#8211; Iznenadio nas je i donekle uvrijedio zaklju\u010dak Republi\u010dke radiodifuzne agencije kojim se odbacuje prijava Me\u0161ihata Islamske zajednice u Srbiji na Javni konkurs za emitovanje radio programa za regionalno podru\u010dje, radiodifuzne oblasti 6, okvirne \u017eeljene zone pokrivanja \u2013 podru\u010dja op\u0107ina Pp 30 (Prijepolje, Priboj, Pribojska banja) za podru\u010dje op\u0107ine Prijepolje, s projektom \u201eVakuf [&hellip;]","og_url":"https:\/\/sandzakpress.net\/arhiva\/reagovanje-mesihata-republickoj-radiodifuznoj-agenciji\/","og_site_name":"Sand\u017eak PRESS","article_published_time":"2011-02-12T11:56:52+00:00","og_image":[{"width":250,"height":178,"url":"https:\/\/sandzakpress.net\/arhiva\/wp-content\/uploads\/2011\/02\/Vladika-porfirije-foto-MILO.jpg","type":"image\/jpeg"}],"author":"bosniak","twitter_card":"summary_large_image","twitter_misc":{"Written by":"bosniak","Est. reading time":"3 minute"},"schema":{"@context":"https:\/\/schema.org","@graph":[{"@type":"Article","@id":"https:\/\/sandzakpress.net\/arhiva\/reagovanje-mesihata-republickoj-radiodifuznoj-agenciji\/#article","isPartOf":{"@id":"https:\/\/sandzakpress.net\/arhiva\/reagovanje-mesihata-republickoj-radiodifuznoj-agenciji\/"},"author":{"name":"bosniak","@id":"https:\/\/sandzakpress.net\/arhiva\/#\/schema\/person\/c8baee722073534b583ea7bdb2e36c02"},"headline":"Reagovanje Me\u0161ihata Republi\u010dkoj radiodifuznoj agenciji","datePublished":"2011-02-12T11:56:52+00:00","mainEntityOfPage":{"@id":"https:\/\/sandzakpress.net\/arhiva\/reagovanje-mesihata-republickoj-radiodifuznoj-agenciji\/"},"wordCount":507,"commentCount":6,"publisher":{"@id":"https:\/\/sandzakpress.net\/arhiva\/#\/schema\/person\/6e72b67d6e51910a1117b3b483ba20bd"},"image":{"@id":"https:\/\/sandzakpress.net\/arhiva\/reagovanje-mesihata-republickoj-radiodifuznoj-agenciji\/#primaryimage"},"thumbnailUrl":"https:\/\/sandzakpress.net\/arhiva\/wp-content\/uploads\/2011\/02\/Vladika-porfirije-foto-MILO.jpg","articleSection":["Novi Pazar","Sjenica","Tutin","Prijepolje","Priboj","Islamska zajednica","Nova Varo\u0161"],"inLanguage":"bs-BA","potentialAction":[{"@type":"CommentAction","name":"Comment","target":["https:\/\/sandzakpress.net\/arhiva\/reagovanje-mesihata-republickoj-radiodifuznoj-agenciji\/#respond"]}]},{"@type":"WebPage","@id":"https:\/\/sandzakpress.net\/arhiva\/reagovanje-mesihata-republickoj-radiodifuznoj-agenciji\/","url":"https:\/\/sandzakpress.net\/arhiva\/reagovanje-mesihata-republickoj-radiodifuznoj-agenciji\/","name":"Reagovanje Me\u0161ihata Republi\u010dkoj radiodifuznoj agenciji","isPartOf":{"@id":"https:\/\/sandzakpress.net\/arhiva\/#website"},"primaryImageOfPage":{"@id":"https:\/\/sandzakpress.net\/arhiva\/reagovanje-mesihata-republickoj-radiodifuznoj-agenciji\/#primaryimage"},"image":{"@id":"https:\/\/sandzakpress.net\/arhiva\/reagovanje-mesihata-republickoj-radiodifuznoj-agenciji\/#primaryimage"},"thumbnailUrl":"https:\/\/sandzakpress.net\/arhiva\/wp-content\/uploads\/2011\/02\/Vladika-porfirije-foto-MILO.jpg","datePublished":"2011-02-12T11:56:52+00:00","breadcrumb":{"@id":"https:\/\/sandzakpress.net\/arhiva\/reagovanje-mesihata-republickoj-radiodifuznoj-agenciji\/#breadcrumb"},"inLanguage":"bs-BA","potentialAction":[{"@type":"ReadAction","target":["https:\/\/sandzakpress.net\/arhiva\/reagovanje-mesihata-republickoj-radiodifuznoj-agenciji\/"]}]},{"@type":"ImageObject","inLanguage":"bs-BA","@id":"https:\/\/sandzakpress.net\/arhiva\/reagovanje-mesihata-republickoj-radiodifuznoj-agenciji\/#primaryimage","url":"https:\/\/sandzakpress.net\/arhiva\/wp-content\/uploads\/2011\/02\/Vladika-porfirije-foto-MILO.jpg","contentUrl":"https:\/\/sandzakpress.net\/arhiva\/wp-content\/uploads\/2011\/02\/Vladika-porfirije-foto-MILO.jpg","width":250,"height":178},{"@type":"BreadcrumbList","@id":"https:\/\/sandzakpress.net\/arhiva\/reagovanje-mesihata-republickoj-radiodifuznoj-agenciji\/#breadcrumb","itemListElement":[{"@type":"ListItem","position":1,"name":"Home","item":"https:\/\/sandzakpress.net\/arhiva\/"},{"@type":"ListItem","position":2,"name":"Reagovanje Me\u0161ihata Republi\u010dkoj radiodifuznoj agenciji"}]},{"@type":"WebSite","@id":"https:\/\/sandzakpress.net\/arhiva\/#website","url":"https:\/\/sandzakpress.net\/arhiva\/","name":"Sand\u017eak PRESS","description":"Prve elektronske novine u Sand\u017eaku","publisher":{"@id":"https:\/\/sandzakpress.net\/arhiva\/#\/schema\/person\/6e72b67d6e51910a1117b3b483ba20bd"},"potentialAction":[{"@type":"SearchAction","target":{"@type":"EntryPoint","urlTemplate":"https:\/\/sandzakpress.net\/arhiva\/?s={search_term_string}"},"query-input":{"@type":"PropertyValueSpecification","valueRequired":true,"valueName":"search_term_string"}}],"inLanguage":"bs-BA"},{"@type":["Person","Organization"],"@id":"https:\/\/sandzakpress.net\/arhiva\/#\/schema\/person\/6e72b67d6e51910a1117b3b483ba20bd","name":"Kul","image":{"@type":"ImageObject","inLanguage":"bs-BA","@id":"https:\/\/sandzakpress.net\/arhiva\/#\/schema\/person\/image\/","url":"https:\/\/secure.gravatar.com\/avatar\/42263f39aa27ac04c43cab85c280eb2e?s=96&d=mm&r=pg","contentUrl":"https:\/\/secure.gravatar.com\/avatar\/42263f39aa27ac04c43cab85c280eb2e?s=96&d=mm&r=pg","caption":"Kul"},"logo":{"@id":"https:\/\/sandzakpress.net\/arhiva\/#\/schema\/person\/image\/"}},{"@type":"Person","@id":"https:\/\/sandzakpress.net\/arhiva\/#\/schema\/person\/c8baee722073534b583ea7bdb2e36c02","name":"bosniak","image":{"@type":"ImageObject","inLanguage":"bs-BA","@id":"https:\/\/sandzakpress.net\/arhiva\/#\/schema\/person\/image\/","url":"https:\/\/secure.gravatar.com\/avatar\/a04fd330bfe3a36a72a0ad4a6d89fca7?s=96&d=mm&r=pg","contentUrl":"https:\/\/secure.gravatar.com\/avatar\/a04fd330bfe3a36a72a0ad4a6d89fca7?s=96&d=mm&r=pg","caption":"bosniak"},"url":"https:\/\/sandzakpress.net\/arhiva\/author\/bosniak\/"}]}},"_links":{"self":[{"href":"https:\/\/sandzakpress.net\/arhiva\/wp-json\/wp\/v2\/posts\/12563"}],"collection":[{"href":"https:\/\/sandzakpress.net\/arhiva\/wp-json\/wp\/v2\/posts"}],"about":[{"href":"https:\/\/sandzakpress.net\/arhiva\/wp-json\/wp\/v2\/types\/post"}],"author":[{"embeddable":true,"href":"https:\/\/sandzakpress.net\/arhiva\/wp-json\/wp\/v2\/users\/83"}],"replies":[{"embeddable":true,"href":"https:\/\/sandzakpress.net\/arhiva\/wp-json\/wp\/v2\/comments?post=12563"}],"version-history":[{"count":0,"href":"https:\/\/sandzakpress.net\/arhiva\/wp-json\/wp\/v2\/posts\/12563\/revisions"}],"wp:featuredmedia":[{"embeddable":true,"href":"https:\/\/sandzakpress.net\/arhiva\/wp-json\/wp\/v2\/media\/12564"}],"wp:attachment":[{"href":"https:\/\/sandzakpress.net\/arhiva\/wp-json\/wp\/v2\/media?parent=12563"}],"wp:term":[{"taxonomy":"category","embeddable":true,"href":"https:\/\/sandzakpress.net\/arhiva\/wp-json\/wp\/v2\/categories?post=12563"},{"taxonomy":"post_tag","embeddable":true,"href":"https:\/\/sandzakpress.net\/arhiva\/wp-json\/wp\/v2\/tags?post=12563"}],"curies":[{"name":"wp","href":"https:\/\/api.w.org\/{rel}","templated":true}]}}