{"id":125599,"date":"2015-03-26T16:02:48","date_gmt":"2015-03-26T15:02:48","guid":{"rendered":"https:\/\/sandzakpress.net\/arhiva\/?p=125599"},"modified":"2015-03-26T16:05:59","modified_gmt":"2015-03-26T15:05:59","slug":"bkz-nacrt-akta-o-promjeni-ustava-iz-u-crnoj-gori-cijepa-bosnjake-bih-i-sandzaka","status":"publish","type":"post","link":"https:\/\/sandzakpress.net\/arhiva\/bkz-nacrt-akta-o-promjeni-ustava-iz-u-crnoj-gori-cijepa-bosnjake-bosne-i-sandzaka","title":{"rendered":"BKZ &#8211; Nacrt akta o promjeni Ustava IZ u Crnoj Gori cijepa Bo\u0161njake Bosne i Sand\u017eaka"},"content":{"rendered":"<p><strong><img loading=\"lazy\" decoding=\"async\" class=\"aligncenter size-full wp-image-125600\" src=\"https:\/\/sandzakpress.net\/arhiva\/wp-content\/uploads\/2015\/03\/timthumb.jpg\" alt=\"timthumb\" width=\"600\" height=\"375\" \/>Sand\u017eak &#8211; Povodom rasprave o nacrtu akta o promjeni Ustava Islamske zajednice u Crnoj Gori Bo\u0161nja\u010dka Kulturna Zajednica u Bijelom Polju izdala je Otvoreno pismo muslimanima Sand\u017eaka i crne gore koje prenosimo u cijelosti:<\/strong><\/p>\n<p>Cijenjena bra\u0107o i cijenjene sestre u vjeri es-selamu alejkum. Cijene\u0107i va\u017enost vremena, posebno vremena u kojem smo ro\u0111eni, sa \u010dvrstom vjerom i\u00a0 ubije\u0111eno\u0161\u0107u da \u0107e svaki pojedinac odgovarati za svaku sekundu provedenu na ovom svijetu, vo\u0111eni mi\u0161lju da je nedopustivo da se neki neodgovorni pojedinac ili grupa neodgovornih pojedinaca poigrava sa na\u0161om vitalnom organizacijom, Islamskom zajednicom u Crnoj Gori, odlu\u010dno se obra\u0107amo svima vama u nadi da \u0107emo promijeniti svijest i stanje zajednice na bolje od ovog \u0161to danas imamo.<\/p>\n<p>Historija \u010dovje\u010danstva je pokazala da jednom narodu najve\u0107u \u0161tetu mogu nanijeti oni koji su li\u010dni interes izdigli iznad interesa naroda, smatramo da se upravo to i nama de\u0161ava draga bra\u0107o i cijenjene sestre. Vlasti u Crnoj Gori su iskopale iz duboko uzdrmanog i povrije\u0111enog naroda neodgovorne pojedince sa intelektualne i duhovne periferije na\u0161ega naroda, ali i sa same periferije teritorije dr\u017eave koji su za rad li\u010dnih interesa zarobili na\u0161e nacionalne\u00a0 i vjerske institucije, podre\u0111uju\u0107i ih interesima mra\u010dnih snaga i njihovim opasnim projektima. U tom smislu vidimo da danas u Crnoj Gori najve\u0107u \u0161tetu stvarnom jedinstvu muslimana Sand\u017eaka i Crne Gore pri\u010dinjavaju upravo ustanove sa muslimanskim ili bo\u0161nja\u010dkim prefiksom. Zbog preuzetog amaneta vo\u0111enja institucija u kojem narod vidi nadu da \u0107e ih odvesti u novi kulturni, duhovni , vjerski pa i nacionalni preporod,\u00a0 ne mo\u017eemo sebi dozvoliti \u0107utanje, pa zbog toga ovim pismom \u017eelimo ukazati na procese koje osu\u0111ujemo.<\/p>\n<p>Smatramo da je svaki musliman u Sand\u017eaku i \u0161ire duboko povrije\u0111en sa prijedlogom nacrta akta o promjeni ustava Islamske zajednice u Crnoj Gori pa naravno i mi. Prosto, ne znamo \u0161ta je u ovom trenutku uvredljivije, nacrt pomenutog akta , \u010dinjenica da se ti nedgovorni pojedinci ponose njime, ili pak to \u0161to smatraju da se mogu se tako lahko igrati i eksperimentisati sa na\u0161im esencijalnim institucijama.<\/p>\n<p>Sporni nacrt akta o promjeni ustava po\u010dinje historijskim informacijama koje su namjerno istaknute upravo na po\u010detku ne bi li Islamska zajednica u Crnoj Gori bila predstavljena kao institucija koja je djelovala na prostoru Sand\u017eaka jo\u0161 u dalekoj historiji.\u00a0 Podseti\u0107emo javnost a pogotovo one koji su kreirali ovaj nacrt da je dio Sand\u017eaka prvi put u\u0161ao voljom gra\u0111ana, pod odre\u0111enim uslovima ,u sastav teritorije Crne Gore referendumom 2006 godine, a na tom prostoru legitimno djeluje Muftijstvo Sand\u017ea\u010dko kojem su zadnji put legitimitet potvrdili odbori iz cijelog Sand\u017eaka 1993. godine. A ako po\u0111emo u \u010ditanje dalje historije, primijeti\u0107emo da je u sastav Crne Gore nekada bila mala oblasta oko Cetinja, Zetske Doline, kasnije Podgorice i tako dalje se \u0161irila. Samim tim je Islamska zajednica u Crnoj Gori upravo djelovala na tom prostoru. \u010cinjenica je da su Islamski odbori gradova u Ju\u017enom Sand\u017eaku bili u sastavu Muftijstva Sand\u017ea\u010dkog koje je bilo u sastavu Islamske Zajednice u Bosni i Hercegovini.<\/p>\n<p>Dalje u nacrtu akta do\u010dekala nas je jo\u0161 pogubnija \u010dinjenica da nigdje nema ni naznaka o kona\u010dnom povezivanjau Islamske zajednice u CG sa rijasetom Islamske zajednice Bosne i Hercegovine \u0161to bi u kona\u010dnici rezultiralo sna\u017enim jedinstvom muslimana Sand\u017eaka i Crne Gore sa ostatkom islamskog \u017eivlja u okru\u017eenju. Kao \u0161to znamo u proteklom periodu tim neodgovrnim pojedincima usta su bila puna govora o jedinstvu , jedinstvu kojeg ima izgleda samo u njihovim glavama. O\u010digledno ljudi najvi\u0161e pri\u010daju o onome \u0161to nemaju pa tako i ti pojedinci najvi\u017ee govore o jedinstvu a uporno rade na podjeli jedinstvenog narod na ovim prostorima Sand\u017eaka , Crne Gore \u00a0i Bosne i Hercegovine.<\/p>\n<p>\u010citaju\u0107i nacrt spornog akta nismo mogli da ne primijetimo norme o \u201ccrtanju\u201d li\u010dnosti novog-starog, izgleda vje\u010ditog, rejsa u CG, koje izdzvajamo :<\/p>\n<p>&#8220;<strong>Uslovi za kandidaturu<\/strong><\/p>\n<p>\u010clan 56.<br \/>Za reisa mo\u017ee biti biran istaknuti alim, koji posjeduje srednje i visoko islamsko obrazovanje, koji je obavljao\u00a0du\u017enosti u Islamskoj zajednici najmanje deset godina, od cega najmanje pet godina sa visokom strucnom\u00a0spremom i koji je poznavanjem islamskog ucenja i pona\u0161anjem stekao op\u0161ti ugled i povjerenje pripadnika\u00a0Islamske zajednice.<\/p>\n<p>Kandidat za reisa nemo\u017ee biti mladi od cetrdeset, niti stariji od \u0161ezdeset godina.<\/p>\n<p>Sabor utvrduje kandidaturu.<\/p>\n<p><strong>Izbor reisa<\/strong><\/p>\n<p>\u010clan 57.<br \/>Reisa bira i razrje\u0161ava posebno izborno tijelo koje cine: clanovi Sabora, Me\u0161ihata i Islamskog vijeca.<br \/>Izbor reisa vr\u0161i se tajnim glasanjem u skladu sa Ustavom i pravilnikom koji donosi Sabor Islamske\u00a0zajednice.<\/p>\n<p>Reis se bira na period od \u0161est godina.&#8221;<\/p>\n<p>Da li ovim uslovima u Crnoj Gori odgovara neko drugi do aktueli reis ?<\/p>\n<p>Smatramo da je ovo jedno vje\u0161to, ali opet nedovoljno da neprimijetimo, preformulisanje onog spornog \u010dlana aktuelnog ustava gdje je definirano kontrlolisanje dr\u017eave, na tajan na\u010din , titule\u00a0 Rejsa. Sasvim je jasno da je ovaj \u010dlan upravo taj aktuelni samo bolje zamaskiran.<\/p>\n<p>Na\u0161a briga je jo\u0161 ve\u0107a zbog \u010dinjenice da svaki Rejs u Crnoj Gori pod ovim predlo\u017eenim nacrtom ustava Islamske Zajednice u CG mo\u017ee biti samo strogo odabrana i pogodna jedinka, koja \u0107e morati dugo godina da dokazuje svoju poslu\u0161nost ne bi li uspjela ispuniti uslove za tu funkciju.<\/p>\n<p>Trebaju mislimani Sand\u017eaka i Crne Gore znati da svi mi pojedina\u010dno \u010dinimo Islamsku zajednicu koja nam je ostavljena na amanet od na\u0161ih \u010dasnih predaka, i da ova na\u0161a esencijalna ustanova nije privatna svojina korumpiranih pojedinaca koji kako rekosmo ne biraju na\u010din kako do\u0107i do privilegija i li\u010dnih interesa sve na oromnu \u0161tetu muslimana u regionu.<\/p>\n<p>Zaklju\u010di\u0107emo na\u0161e pismo jasnom porukom koja treba da se pro\u0161iri kroz na\u0161e familije, kroz na\u0161e ulice, kroz na\u0161a naselja, gradove i dr\u017eave. NE! \u00a0NE \u017dELIMO DOKAZANO LO\u0160EG ZA NAS A POGODNOG ZA NEKE DRUGE NARODE, UPRAVO USTAVOM DEFINIRANO, REJSA \u00a0U CRNOJ GORI KOJI \u0106E RADITI ZA SVOJE INTERESE NA \u0160TETU CIJELOG NARODA. \u017dELIMO GA MI IZABRATI A PONOVO ZAMIJENITI UKOLIKO NE BUDE RADIO ZA PRAVE UNIVERZALNE VRIJEDNOSTI. \u017dELIMO POTPUNO JEDINSTVO SA RIJASETOM ISLAMSKE ZAJEDNICE U BOSNI HERCEGOVINI \u0160TO BI U KONA\u010cNICI REZULTIRALO JEDINSTVO NA SVAKOJ RAZINI MUSLIMANA NA TERITORIJI BIV\u0160E JUGOSLAVIJE POSEBNO NA PROSTORIMA SAND\u017dAKA \u0160TO JE U KONA\u010cNICI NA\u0160E POTPUNO LEGITIMNO PRAVO DEFINIRANO USTAVIMA NA\u0160IH DR\u017dAVA U KOJIM \u017dIVIMO. TRA\u017dIMO OD IMAMA U BIJELOM POLJU, SAND\u017dAKU I CRNOJ GORI DA BOJKOTU SPORNI PRIJEDLOG USTAVA I DA SVOJE ZNANJE ISKORISTE ONAKO KAKO IH ISLAM DU\u017dI U \u010cEMU \u0106E IMATI NA\u0160U PUNU PODR\u0160KU &#8211;\u00a0pi\u0161e u otvorenom pismu koje je potpisao Semir Hod\u017ei\u0107, predsjednik Bo\u0161nja\u010dke Kulturne Zajednice u Bijelom Polju.<\/p>\n<p>(SANA)<\/p>\n","protected":false},"excerpt":{"rendered":"<p>Sand\u017eak &#8211; Povodom rasprave o nacrtu akta o promjeni Ustava Islamske zajednice u Crnoj Gori Bo\u0161nja\u010dka Kulturna Zajednica u Bijelom Polju izdala je Otvoreno pismo muslimanima Sand\u017eaka i crne gore koje prenosimo u cijelosti: Cijenjena bra\u0107o i cijenjene sestre u vjeri es-selamu alejkum. Cijene\u0107i va\u017enost vremena, posebno vremena u kojem smo ro\u0111eni, sa \u010dvrstom vjerom [&hellip;]<\/p>\n","protected":false},"author":83,"featured_media":125600,"comment_status":"open","ping_status":"open","sticky":false,"template":"","format":"standard","meta":{"footnotes":""},"categories":[398,800,397,10174,396,395,399,10173,8957,798],"tags":[],"class_list":{"0":"post-125599","1":"post","2":"type-post","3":"status-publish","4":"format-standard","5":"has-post-thumbnail","7":"category-rozaje","8":"category-nacija","9":"category-berane","10":"category-petnjica-vase-vijesti","11":"category-bijelo_polje","12":"category-pljevlja_","13":"category-plav_","14":"category-gusinje-vase-vijesti","15":"category-vijesti-dana","16":"category-teme"},"yoast_head":"<!-- This site is optimized with the Yoast SEO Premium plugin v23.1 (Yoast SEO v24.9) - https:\/\/yoast.com\/wordpress\/plugins\/seo\/ -->\n<title>BKZ - Nacrt akta o promjeni Ustava IZ u Crnoj Gori cijepa Bo\u0161njake Bosne i Sand\u017eaka<\/title>\n<meta name=\"robots\" content=\"index, follow, max-snippet:-1, max-image-preview:large, max-video-preview:-1\" \/>\n<link rel=\"canonical\" href=\"https:\/\/sandzakpress.net\/arhiva\/bkz-nacrt-akta-o-promjeni-ustava-iz-u-crnoj-gori-cijepa-bosnjake-bosne-i-sandzaka\/\" \/>\n<meta property=\"og:locale\" content=\"bs_BA\" \/>\n<meta property=\"og:type\" content=\"article\" \/>\n<meta property=\"og:title\" content=\"BKZ - Nacrt akta o promjeni Ustava IZ u Crnoj Gori cijepa Bo\u0161njake Bosne i Sand\u017eaka\" \/>\n<meta property=\"og:description\" content=\"Sand\u017eak &#8211; Povodom rasprave o nacrtu akta o promjeni Ustava Islamske zajednice u Crnoj Gori Bo\u0161nja\u010dka Kulturna Zajednica u Bijelom Polju izdala je Otvoreno pismo muslimanima Sand\u017eaka i crne gore koje prenosimo u cijelosti: Cijenjena bra\u0107o i cijenjene sestre u vjeri es-selamu alejkum. Cijene\u0107i va\u017enost vremena, posebno vremena u kojem smo ro\u0111eni, sa \u010dvrstom vjerom [&hellip;]\" \/>\n<meta property=\"og:url\" content=\"https:\/\/sandzakpress.net\/arhiva\/bkz-nacrt-akta-o-promjeni-ustava-iz-u-crnoj-gori-cijepa-bosnjake-bosne-i-sandzaka\/\" \/>\n<meta property=\"og:site_name\" content=\"Sand\u017eak PRESS\" \/>\n<meta property=\"article:published_time\" content=\"2015-03-26T15:02:48+00:00\" \/>\n<meta property=\"article:modified_time\" content=\"2015-03-26T15:05:59+00:00\" \/>\n<meta property=\"og:image\" content=\"https:\/\/sandzakpress.net\/arhiva\/wp-content\/uploads\/2015\/03\/timthumb.jpg\" \/>\n\t<meta property=\"og:image:width\" content=\"600\" \/>\n\t<meta property=\"og:image:height\" content=\"375\" \/>\n\t<meta property=\"og:image:type\" content=\"image\/jpeg\" \/>\n<meta name=\"author\" content=\"bosniak\" \/>\n<meta name=\"twitter:card\" content=\"summary_large_image\" \/>\n<meta name=\"twitter:label1\" content=\"Written by\" \/>\n\t<meta name=\"twitter:data1\" content=\"bosniak\" \/>\n\t<meta name=\"twitter:label2\" content=\"Est. reading time\" \/>\n\t<meta name=\"twitter:data2\" content=\"6 minuta\" \/>\n<script type=\"application\/ld+json\" class=\"yoast-schema-graph\">{\"@context\":\"https:\/\/schema.org\",\"@graph\":[{\"@type\":\"Article\",\"@id\":\"https:\/\/sandzakpress.net\/arhiva\/bkz-nacrt-akta-o-promjeni-ustava-iz-u-crnoj-gori-cijepa-bosnjake-bosne-i-sandzaka\/#article\",\"isPartOf\":{\"@id\":\"https:\/\/sandzakpress.net\/arhiva\/bkz-nacrt-akta-o-promjeni-ustava-iz-u-crnoj-gori-cijepa-bosnjake-bosne-i-sandzaka\/\"},\"author\":{\"name\":\"bosniak\",\"@id\":\"https:\/\/sandzakpress.net\/arhiva\/#\/schema\/person\/c8baee722073534b583ea7bdb2e36c02\"},\"headline\":\"BKZ &#8211; Nacrt akta o promjeni Ustava IZ u Crnoj Gori cijepa Bo\u0161njake Bosne i Sand\u017eaka\",\"datePublished\":\"2015-03-26T15:02:48+00:00\",\"dateModified\":\"2015-03-26T15:05:59+00:00\",\"mainEntityOfPage\":{\"@id\":\"https:\/\/sandzakpress.net\/arhiva\/bkz-nacrt-akta-o-promjeni-ustava-iz-u-crnoj-gori-cijepa-bosnjake-bosne-i-sandzaka\/\"},\"wordCount\":1170,\"commentCount\":30,\"publisher\":{\"@id\":\"https:\/\/sandzakpress.net\/arhiva\/#\/schema\/person\/6e72b67d6e51910a1117b3b483ba20bd\"},\"image\":{\"@id\":\"https:\/\/sandzakpress.net\/arhiva\/bkz-nacrt-akta-o-promjeni-ustava-iz-u-crnoj-gori-cijepa-bosnjake-bosne-i-sandzaka\/#primaryimage\"},\"thumbnailUrl\":\"https:\/\/sandzakpress.net\/arhiva\/wp-content\/uploads\/2015\/03\/timthumb.jpg\",\"articleSection\":[\"Ro\u017eaje\",\"Nacija\",\"Berane\",\"Petnjica\",\"Bijelo Polje\",\"Pljevlja\",\"Plav\",\"Gusinje\",\"VIJESTI DANA\",\"NAJNOVIJE\"],\"inLanguage\":\"bs-BA\",\"potentialAction\":[{\"@type\":\"CommentAction\",\"name\":\"Comment\",\"target\":[\"https:\/\/sandzakpress.net\/arhiva\/bkz-nacrt-akta-o-promjeni-ustava-iz-u-crnoj-gori-cijepa-bosnjake-bosne-i-sandzaka\/#respond\"]}]},{\"@type\":\"WebPage\",\"@id\":\"https:\/\/sandzakpress.net\/arhiva\/bkz-nacrt-akta-o-promjeni-ustava-iz-u-crnoj-gori-cijepa-bosnjake-bosne-i-sandzaka\/\",\"url\":\"https:\/\/sandzakpress.net\/arhiva\/bkz-nacrt-akta-o-promjeni-ustava-iz-u-crnoj-gori-cijepa-bosnjake-bosne-i-sandzaka\/\",\"name\":\"BKZ - Nacrt akta o promjeni Ustava IZ u Crnoj Gori cijepa Bo\u0161njake Bosne i Sand\u017eaka\",\"isPartOf\":{\"@id\":\"https:\/\/sandzakpress.net\/arhiva\/#website\"},\"primaryImageOfPage\":{\"@id\":\"https:\/\/sandzakpress.net\/arhiva\/bkz-nacrt-akta-o-promjeni-ustava-iz-u-crnoj-gori-cijepa-bosnjake-bosne-i-sandzaka\/#primaryimage\"},\"image\":{\"@id\":\"https:\/\/sandzakpress.net\/arhiva\/bkz-nacrt-akta-o-promjeni-ustava-iz-u-crnoj-gori-cijepa-bosnjake-bosne-i-sandzaka\/#primaryimage\"},\"thumbnailUrl\":\"https:\/\/sandzakpress.net\/arhiva\/wp-content\/uploads\/2015\/03\/timthumb.jpg\",\"datePublished\":\"2015-03-26T15:02:48+00:00\",\"dateModified\":\"2015-03-26T15:05:59+00:00\",\"breadcrumb\":{\"@id\":\"https:\/\/sandzakpress.net\/arhiva\/bkz-nacrt-akta-o-promjeni-ustava-iz-u-crnoj-gori-cijepa-bosnjake-bosne-i-sandzaka\/#breadcrumb\"},\"inLanguage\":\"bs-BA\",\"potentialAction\":[{\"@type\":\"ReadAction\",\"target\":[\"https:\/\/sandzakpress.net\/arhiva\/bkz-nacrt-akta-o-promjeni-ustava-iz-u-crnoj-gori-cijepa-bosnjake-bosne-i-sandzaka\/\"]}]},{\"@type\":\"ImageObject\",\"inLanguage\":\"bs-BA\",\"@id\":\"https:\/\/sandzakpress.net\/arhiva\/bkz-nacrt-akta-o-promjeni-ustava-iz-u-crnoj-gori-cijepa-bosnjake-bosne-i-sandzaka\/#primaryimage\",\"url\":\"https:\/\/sandzakpress.net\/arhiva\/wp-content\/uploads\/2015\/03\/timthumb.jpg\",\"contentUrl\":\"https:\/\/sandzakpress.net\/arhiva\/wp-content\/uploads\/2015\/03\/timthumb.jpg\",\"width\":600,\"height\":375},{\"@type\":\"BreadcrumbList\",\"@id\":\"https:\/\/sandzakpress.net\/arhiva\/bkz-nacrt-akta-o-promjeni-ustava-iz-u-crnoj-gori-cijepa-bosnjake-bosne-i-sandzaka\/#breadcrumb\",\"itemListElement\":[{\"@type\":\"ListItem\",\"position\":1,\"name\":\"Home\",\"item\":\"https:\/\/sandzakpress.net\/arhiva\/\"},{\"@type\":\"ListItem\",\"position\":2,\"name\":\"BKZ &#8211; Nacrt akta o promjeni Ustava IZ u Crnoj Gori cijepa Bo\u0161njake Bosne i Sand\u017eaka\"}]},{\"@type\":\"WebSite\",\"@id\":\"https:\/\/sandzakpress.net\/arhiva\/#website\",\"url\":\"https:\/\/sandzakpress.net\/arhiva\/\",\"name\":\"Sand\u017eak PRESS\",\"description\":\"Prve elektronske novine u Sand\u017eaku\",\"publisher\":{\"@id\":\"https:\/\/sandzakpress.net\/arhiva\/#\/schema\/person\/6e72b67d6e51910a1117b3b483ba20bd\"},\"potentialAction\":[{\"@type\":\"SearchAction\",\"target\":{\"@type\":\"EntryPoint\",\"urlTemplate\":\"https:\/\/sandzakpress.net\/arhiva\/?s={search_term_string}\"},\"query-input\":{\"@type\":\"PropertyValueSpecification\",\"valueRequired\":true,\"valueName\":\"search_term_string\"}}],\"inLanguage\":\"bs-BA\"},{\"@type\":[\"Person\",\"Organization\"],\"@id\":\"https:\/\/sandzakpress.net\/arhiva\/#\/schema\/person\/6e72b67d6e51910a1117b3b483ba20bd\",\"name\":\"Kul\",\"image\":{\"@type\":\"ImageObject\",\"inLanguage\":\"bs-BA\",\"@id\":\"https:\/\/sandzakpress.net\/arhiva\/#\/schema\/person\/image\/\",\"url\":\"https:\/\/secure.gravatar.com\/avatar\/42263f39aa27ac04c43cab85c280eb2e?s=96&d=mm&r=pg\",\"contentUrl\":\"https:\/\/secure.gravatar.com\/avatar\/42263f39aa27ac04c43cab85c280eb2e?s=96&d=mm&r=pg\",\"caption\":\"Kul\"},\"logo\":{\"@id\":\"https:\/\/sandzakpress.net\/arhiva\/#\/schema\/person\/image\/\"}},{\"@type\":\"Person\",\"@id\":\"https:\/\/sandzakpress.net\/arhiva\/#\/schema\/person\/c8baee722073534b583ea7bdb2e36c02\",\"name\":\"bosniak\",\"image\":{\"@type\":\"ImageObject\",\"inLanguage\":\"bs-BA\",\"@id\":\"https:\/\/sandzakpress.net\/arhiva\/#\/schema\/person\/image\/\",\"url\":\"https:\/\/secure.gravatar.com\/avatar\/a04fd330bfe3a36a72a0ad4a6d89fca7?s=96&d=mm&r=pg\",\"contentUrl\":\"https:\/\/secure.gravatar.com\/avatar\/a04fd330bfe3a36a72a0ad4a6d89fca7?s=96&d=mm&r=pg\",\"caption\":\"bosniak\"},\"url\":\"https:\/\/sandzakpress.net\/arhiva\/author\/bosniak\/\"}]}<\/script>\n<!-- \/ Yoast SEO Premium plugin. -->","yoast_head_json":{"title":"BKZ - Nacrt akta o promjeni Ustava IZ u Crnoj Gori cijepa Bo\u0161njake Bosne i Sand\u017eaka","robots":{"index":"index","follow":"follow","max-snippet":"max-snippet:-1","max-image-preview":"max-image-preview:large","max-video-preview":"max-video-preview:-1"},"canonical":"https:\/\/sandzakpress.net\/arhiva\/bkz-nacrt-akta-o-promjeni-ustava-iz-u-crnoj-gori-cijepa-bosnjake-bosne-i-sandzaka\/","og_locale":"bs_BA","og_type":"article","og_title":"BKZ - Nacrt akta o promjeni Ustava IZ u Crnoj Gori cijepa Bo\u0161njake Bosne i Sand\u017eaka","og_description":"Sand\u017eak &#8211; Povodom rasprave o nacrtu akta o promjeni Ustava Islamske zajednice u Crnoj Gori Bo\u0161nja\u010dka Kulturna Zajednica u Bijelom Polju izdala je Otvoreno pismo muslimanima Sand\u017eaka i crne gore koje prenosimo u cijelosti: Cijenjena bra\u0107o i cijenjene sestre u vjeri es-selamu alejkum. Cijene\u0107i va\u017enost vremena, posebno vremena u kojem smo ro\u0111eni, sa \u010dvrstom vjerom [&hellip;]","og_url":"https:\/\/sandzakpress.net\/arhiva\/bkz-nacrt-akta-o-promjeni-ustava-iz-u-crnoj-gori-cijepa-bosnjake-bosne-i-sandzaka\/","og_site_name":"Sand\u017eak PRESS","article_published_time":"2015-03-26T15:02:48+00:00","article_modified_time":"2015-03-26T15:05:59+00:00","og_image":[{"width":600,"height":375,"url":"https:\/\/sandzakpress.net\/arhiva\/wp-content\/uploads\/2015\/03\/timthumb.jpg","type":"image\/jpeg"}],"author":"bosniak","twitter_card":"summary_large_image","twitter_misc":{"Written by":"bosniak","Est. reading time":"6 minuta"},"schema":{"@context":"https:\/\/schema.org","@graph":[{"@type":"Article","@id":"https:\/\/sandzakpress.net\/arhiva\/bkz-nacrt-akta-o-promjeni-ustava-iz-u-crnoj-gori-cijepa-bosnjake-bosne-i-sandzaka\/#article","isPartOf":{"@id":"https:\/\/sandzakpress.net\/arhiva\/bkz-nacrt-akta-o-promjeni-ustava-iz-u-crnoj-gori-cijepa-bosnjake-bosne-i-sandzaka\/"},"author":{"name":"bosniak","@id":"https:\/\/sandzakpress.net\/arhiva\/#\/schema\/person\/c8baee722073534b583ea7bdb2e36c02"},"headline":"BKZ &#8211; Nacrt akta o promjeni Ustava IZ u Crnoj Gori cijepa Bo\u0161njake Bosne i Sand\u017eaka","datePublished":"2015-03-26T15:02:48+00:00","dateModified":"2015-03-26T15:05:59+00:00","mainEntityOfPage":{"@id":"https:\/\/sandzakpress.net\/arhiva\/bkz-nacrt-akta-o-promjeni-ustava-iz-u-crnoj-gori-cijepa-bosnjake-bosne-i-sandzaka\/"},"wordCount":1170,"commentCount":30,"publisher":{"@id":"https:\/\/sandzakpress.net\/arhiva\/#\/schema\/person\/6e72b67d6e51910a1117b3b483ba20bd"},"image":{"@id":"https:\/\/sandzakpress.net\/arhiva\/bkz-nacrt-akta-o-promjeni-ustava-iz-u-crnoj-gori-cijepa-bosnjake-bosne-i-sandzaka\/#primaryimage"},"thumbnailUrl":"https:\/\/sandzakpress.net\/arhiva\/wp-content\/uploads\/2015\/03\/timthumb.jpg","articleSection":["Ro\u017eaje","Nacija","Berane","Petnjica","Bijelo Polje","Pljevlja","Plav","Gusinje","VIJESTI DANA","NAJNOVIJE"],"inLanguage":"bs-BA","potentialAction":[{"@type":"CommentAction","name":"Comment","target":["https:\/\/sandzakpress.net\/arhiva\/bkz-nacrt-akta-o-promjeni-ustava-iz-u-crnoj-gori-cijepa-bosnjake-bosne-i-sandzaka\/#respond"]}]},{"@type":"WebPage","@id":"https:\/\/sandzakpress.net\/arhiva\/bkz-nacrt-akta-o-promjeni-ustava-iz-u-crnoj-gori-cijepa-bosnjake-bosne-i-sandzaka\/","url":"https:\/\/sandzakpress.net\/arhiva\/bkz-nacrt-akta-o-promjeni-ustava-iz-u-crnoj-gori-cijepa-bosnjake-bosne-i-sandzaka\/","name":"BKZ - Nacrt akta o promjeni Ustava IZ u Crnoj Gori cijepa Bo\u0161njake Bosne i Sand\u017eaka","isPartOf":{"@id":"https:\/\/sandzakpress.net\/arhiva\/#website"},"primaryImageOfPage":{"@id":"https:\/\/sandzakpress.net\/arhiva\/bkz-nacrt-akta-o-promjeni-ustava-iz-u-crnoj-gori-cijepa-bosnjake-bosne-i-sandzaka\/#primaryimage"},"image":{"@id":"https:\/\/sandzakpress.net\/arhiva\/bkz-nacrt-akta-o-promjeni-ustava-iz-u-crnoj-gori-cijepa-bosnjake-bosne-i-sandzaka\/#primaryimage"},"thumbnailUrl":"https:\/\/sandzakpress.net\/arhiva\/wp-content\/uploads\/2015\/03\/timthumb.jpg","datePublished":"2015-03-26T15:02:48+00:00","dateModified":"2015-03-26T15:05:59+00:00","breadcrumb":{"@id":"https:\/\/sandzakpress.net\/arhiva\/bkz-nacrt-akta-o-promjeni-ustava-iz-u-crnoj-gori-cijepa-bosnjake-bosne-i-sandzaka\/#breadcrumb"},"inLanguage":"bs-BA","potentialAction":[{"@type":"ReadAction","target":["https:\/\/sandzakpress.net\/arhiva\/bkz-nacrt-akta-o-promjeni-ustava-iz-u-crnoj-gori-cijepa-bosnjake-bosne-i-sandzaka\/"]}]},{"@type":"ImageObject","inLanguage":"bs-BA","@id":"https:\/\/sandzakpress.net\/arhiva\/bkz-nacrt-akta-o-promjeni-ustava-iz-u-crnoj-gori-cijepa-bosnjake-bosne-i-sandzaka\/#primaryimage","url":"https:\/\/sandzakpress.net\/arhiva\/wp-content\/uploads\/2015\/03\/timthumb.jpg","contentUrl":"https:\/\/sandzakpress.net\/arhiva\/wp-content\/uploads\/2015\/03\/timthumb.jpg","width":600,"height":375},{"@type":"BreadcrumbList","@id":"https:\/\/sandzakpress.net\/arhiva\/bkz-nacrt-akta-o-promjeni-ustava-iz-u-crnoj-gori-cijepa-bosnjake-bosne-i-sandzaka\/#breadcrumb","itemListElement":[{"@type":"ListItem","position":1,"name":"Home","item":"https:\/\/sandzakpress.net\/arhiva\/"},{"@type":"ListItem","position":2,"name":"BKZ &#8211; Nacrt akta o promjeni Ustava IZ u Crnoj Gori cijepa Bo\u0161njake Bosne i Sand\u017eaka"}]},{"@type":"WebSite","@id":"https:\/\/sandzakpress.net\/arhiva\/#website","url":"https:\/\/sandzakpress.net\/arhiva\/","name":"Sand\u017eak PRESS","description":"Prve elektronske novine u Sand\u017eaku","publisher":{"@id":"https:\/\/sandzakpress.net\/arhiva\/#\/schema\/person\/6e72b67d6e51910a1117b3b483ba20bd"},"potentialAction":[{"@type":"SearchAction","target":{"@type":"EntryPoint","urlTemplate":"https:\/\/sandzakpress.net\/arhiva\/?s={search_term_string}"},"query-input":{"@type":"PropertyValueSpecification","valueRequired":true,"valueName":"search_term_string"}}],"inLanguage":"bs-BA"},{"@type":["Person","Organization"],"@id":"https:\/\/sandzakpress.net\/arhiva\/#\/schema\/person\/6e72b67d6e51910a1117b3b483ba20bd","name":"Kul","image":{"@type":"ImageObject","inLanguage":"bs-BA","@id":"https:\/\/sandzakpress.net\/arhiva\/#\/schema\/person\/image\/","url":"https:\/\/secure.gravatar.com\/avatar\/42263f39aa27ac04c43cab85c280eb2e?s=96&d=mm&r=pg","contentUrl":"https:\/\/secure.gravatar.com\/avatar\/42263f39aa27ac04c43cab85c280eb2e?s=96&d=mm&r=pg","caption":"Kul"},"logo":{"@id":"https:\/\/sandzakpress.net\/arhiva\/#\/schema\/person\/image\/"}},{"@type":"Person","@id":"https:\/\/sandzakpress.net\/arhiva\/#\/schema\/person\/c8baee722073534b583ea7bdb2e36c02","name":"bosniak","image":{"@type":"ImageObject","inLanguage":"bs-BA","@id":"https:\/\/sandzakpress.net\/arhiva\/#\/schema\/person\/image\/","url":"https:\/\/secure.gravatar.com\/avatar\/a04fd330bfe3a36a72a0ad4a6d89fca7?s=96&d=mm&r=pg","contentUrl":"https:\/\/secure.gravatar.com\/avatar\/a04fd330bfe3a36a72a0ad4a6d89fca7?s=96&d=mm&r=pg","caption":"bosniak"},"url":"https:\/\/sandzakpress.net\/arhiva\/author\/bosniak\/"}]}},"_links":{"self":[{"href":"https:\/\/sandzakpress.net\/arhiva\/wp-json\/wp\/v2\/posts\/125599"}],"collection":[{"href":"https:\/\/sandzakpress.net\/arhiva\/wp-json\/wp\/v2\/posts"}],"about":[{"href":"https:\/\/sandzakpress.net\/arhiva\/wp-json\/wp\/v2\/types\/post"}],"author":[{"embeddable":true,"href":"https:\/\/sandzakpress.net\/arhiva\/wp-json\/wp\/v2\/users\/83"}],"replies":[{"embeddable":true,"href":"https:\/\/sandzakpress.net\/arhiva\/wp-json\/wp\/v2\/comments?post=125599"}],"version-history":[{"count":0,"href":"https:\/\/sandzakpress.net\/arhiva\/wp-json\/wp\/v2\/posts\/125599\/revisions"}],"wp:featuredmedia":[{"embeddable":true,"href":"https:\/\/sandzakpress.net\/arhiva\/wp-json\/wp\/v2\/media\/125600"}],"wp:attachment":[{"href":"https:\/\/sandzakpress.net\/arhiva\/wp-json\/wp\/v2\/media?parent=125599"}],"wp:term":[{"taxonomy":"category","embeddable":true,"href":"https:\/\/sandzakpress.net\/arhiva\/wp-json\/wp\/v2\/categories?post=125599"},{"taxonomy":"post_tag","embeddable":true,"href":"https:\/\/sandzakpress.net\/arhiva\/wp-json\/wp\/v2\/tags?post=125599"}],"curies":[{"name":"wp","href":"https:\/\/api.w.org\/{rel}","templated":true}]}}