{"id":125488,"date":"2015-03-25T10:41:18","date_gmt":"2015-03-25T09:41:18","guid":{"rendered":"https:\/\/sandzakpress.net\/arhiva\/?p=125488"},"modified":"2015-03-25T10:41:18","modified_gmt":"2015-03-25T09:41:18","slug":"saudijska-arabija-pomjera-tesko-naoruzanje-ka-jemenu","status":"publish","type":"post","link":"https:\/\/sandzakpress.net\/arhiva\/saudijska-arabija-pomjera-tesko-naoruzanje-ka-jemenu\/","title":{"rendered":"Saudijska Arabija pomjera te\u0161ko naoru\u017eanje ka Jemenu"},"content":{"rendered":"<p><img decoding=\"async\" src=\"http:\/\/balkans.aljazeera.net\/sites\/staff.balkans.aljazeera.com\/files\/styles\/aljazeera_article_main_image\/public\/tenk_reuters_main.jpg?itok=tZgZppF7\" alt=\"Saudijska Arabija, Jemen\" \/><\/p>\n<p><strong>Svijet &#8211; Saudijska Arabija izmje\u0161ta te\u0161ko naoru\u017eanje i vojnu opremu, uklju\u010duju\u0107i artiljeriju, u oblast blizu granice s Jemenom, saop\u0107ili su ameri\u010dki zvani\u010dnici, a predsjednik Jemena je zatra\u017eio od Vije\u0107a sigurnosti Ujedinjenih naroda podr\u0161ku za vojnu akciju protiv pokreta Husi.<\/strong><\/p>\n<p>Kako se procjenjuje, potez Saudijske Arabije mogao bi pove\u0107ati rizik da najve\u0107a naftna sila na Bliskom istoku bude uvu\u010dena u pogor\u0161anje sukoba u Jemenu, prenosi Tanjug.<\/p>\n<p>Naoru\u017eanje i artiljerija koje je Saudijska Arabija izmjestila mogli bi da budu upotrijebljeni u ofanzivne ili odbrambene svrhe, procjenjuju dvojica ameri\u010dkih zvani\u010dnika, dok druga dvojica smatraju da je najvjerovatnije rije\u010d o odbrani, prenio je Reuters.<\/p>\n<p>Izmje\u0161tanje saudijskog naoru\u017eanja uslijedilo je nakon \u0161to je \u0161iitska milicija Husi po\u010dela napredovati ka jugu, po\u0161to je u septembru zauzela prijestolnicu Jemena Sanu, a za vikend i centralni grad Taiz, \u010dime se pribli\u017eila novoj bazi predsjednika Abd Rabbuha Mansura Hadija, koga podr\u017eavaju Sjedinjene Ameri\u010dke Dr\u017eave.<\/p>\n<p><strong>Hadijeva molba<\/strong><\/p>\n<p>Predsjednik Jemena je u utorak zatra\u017eio od Vije\u0107a sigurnosti Ujedinjenih naroda da podr\u017ei vojnu akciju zemalja koje \u017eele da njegovoj vladi pru\u017ee vojnu pomo\u0107 u borbi protiv pokreta Husi.<\/p>\n<p>U pismu jemenskog Hadija, to 15-\u010dlano tijelo Svjetske organizacije poziva se da usvoji rezoluciju koja \u0107e odobriti &#8220;koaliciji voljnih&#8221; da pomognu Jemenu, pru\u017eanje neodgodive podr\u0161ke legitimnim vlastima, navodi Reuters.<\/p>\n<p>U pismu Hadija, u koje je britanska agencija imala uvid, navodi se da bi podr\u0161ka podrazumijevala sva sredstva i mjere radi za\u0161tite Jemena i odbijanja agresije \u0161iitske milicije.<\/p>\n<p>AP navodi da je jemenski predsjednik tra\u017eio da rezolucija bude usvojena na osnovu Glave VII Povelje UN-a.<\/p>\n<p>Hadi je u pismu tra\u017eio i od \u0161esto\u010dlanog Vije\u0107a za saradnju zaljevskih zemalja i Arapske lige da vojno interveniraju i za\u0161tite Jemen i jemenski narod.<\/p>\n<p>\u0160iitska milicija je preuzela kontrolu u Sani u septembru i od tada nastoji pro\u0161iriti utjecaj izvan prijestolnice, a Hadi je pobjegao iz Sane u februaru u rodni Aden, na jugu zemlje.<\/p>\n<p><strong>Brojna sekta<\/strong><\/p>\n<p>Husi pripadaju \u0161iitskoj sekti Zeida, koji \u017eive uglavnom na sjeveru Jemena i prema nekim ocjenama \u010dine oko tre\u0107inu od 24,4 miliona stanovnika.<\/p>\n<p>Grupa je nazvana po njenom osniva\u010du Husseinu al-Husiju, kojeg je, kako je saop\u0107avano, jemenska armija ubila u septembru 2004. godine, poslije \u010dega je na njenom \u010delu njegov brat Abdul-Malik al-Husi.<\/p>\n<p>Od tada su organizirali nekoliko pobuna, \u017eale\u0107i se na diskriminaciju i \u017eele\u0107i pro\u0161iriti autonomiju provincije Sada, u kojoj \u017eive.<\/p>\n<p>Husi su od po\u010detka protesta protiv biv\u0161eg predsjednika Saleha pro\u0161irili svoj utjecaj na sjeveru zemlje, a u augustu 2014. po\u010deli odr\u017eavati masovne demonstracije u nekoliko regija.<\/p>\n<p>Pro\u0161le godine zauzeli su Sana'u i nekoliko provincija na sjeveru, a u januaru proglasili vladavinu zemljom, dok Hadi insistira da je on jedini legitimni lider Jemena i u\u017eiva podr\u0161ku u Adenu na jugu zemlje, koji je do 22. maja 1990. bio samostalna dr\u017eava Ju\u017eni Jemen.<\/p>\n<p>Izvor: Agencije<\/p>\n","protected":false},"excerpt":{"rendered":"<p>Svijet &#8211; Saudijska Arabija izmje\u0161ta te\u0161ko naoru\u017eanje i vojnu opremu, uklju\u010duju\u0107i artiljeriju, u oblast blizu granice s Jemenom, saop\u0107ili su ameri\u010dki zvani\u010dnici, a predsjednik Jemena je zatra\u017eio od Vije\u0107a sigurnosti Ujedinjenih naroda podr\u0161ku za vojnu akciju protiv pokreta Husi. Kako se procjenjuje, potez Saudijske Arabije mogao bi pove\u0107ati rizik da najve\u0107a naftna sila na Bliskom [&hellip;]<\/p>\n","protected":false},"author":83,"featured_media":125489,"comment_status":"open","ping_status":"open","sticky":false,"template":"","format":"standard","meta":{"footnotes":""},"categories":[9],"tags":[10491],"class_list":{"0":"post-125488","1":"post","2":"type-post","3":"status-publish","4":"format-standard","5":"has-post-thumbnail","7":"category-svijet","8":"tag-ummet"},"yoast_head":"<!-- This site is optimized with the Yoast SEO Premium plugin v23.1 (Yoast SEO v24.9) - https:\/\/yoast.com\/wordpress\/plugins\/seo\/ -->\n<title>Saudijska Arabija pomjera te\u0161ko naoru\u017eanje ka Jemenu<\/title>\n<meta name=\"robots\" content=\"index, follow, max-snippet:-1, max-image-preview:large, max-video-preview:-1\" \/>\n<link rel=\"canonical\" href=\"https:\/\/sandzakpress.net\/arhiva\/saudijska-arabija-pomjera-tesko-naoruzanje-ka-jemenu\/\" \/>\n<meta property=\"og:locale\" content=\"bs_BA\" \/>\n<meta property=\"og:type\" content=\"article\" \/>\n<meta property=\"og:title\" content=\"Saudijska Arabija pomjera te\u0161ko naoru\u017eanje ka Jemenu\" \/>\n<meta property=\"og:description\" content=\"Svijet &#8211; Saudijska Arabija izmje\u0161ta te\u0161ko naoru\u017eanje i vojnu opremu, uklju\u010duju\u0107i artiljeriju, u oblast blizu granice s Jemenom, saop\u0107ili su ameri\u010dki zvani\u010dnici, a predsjednik Jemena je zatra\u017eio od Vije\u0107a sigurnosti Ujedinjenih naroda podr\u0161ku za vojnu akciju protiv pokreta Husi. Kako se procjenjuje, potez Saudijske Arabije mogao bi pove\u0107ati rizik da najve\u0107a naftna sila na Bliskom [&hellip;]\" \/>\n<meta property=\"og:url\" content=\"https:\/\/sandzakpress.net\/arhiva\/saudijska-arabija-pomjera-tesko-naoruzanje-ka-jemenu\/\" \/>\n<meta property=\"og:site_name\" content=\"Sand\u017eak PRESS\" \/>\n<meta property=\"article:published_time\" content=\"2015-03-25T09:41:18+00:00\" \/>\n<meta property=\"og:image\" content=\"https:\/\/sandzakpress.net\/arhiva\/wp-content\/uploads\/2015\/03\/tenk_reuters_main.jpg\" \/>\n\t<meta property=\"og:image:width\" content=\"900\" \/>\n\t<meta property=\"og:image:height\" content=\"600\" \/>\n\t<meta property=\"og:image:type\" content=\"image\/jpeg\" \/>\n<meta name=\"author\" content=\"bosniak\" \/>\n<meta name=\"twitter:card\" content=\"summary_large_image\" \/>\n<meta name=\"twitter:label1\" content=\"Written by\" \/>\n\t<meta name=\"twitter:data1\" content=\"bosniak\" \/>\n\t<meta name=\"twitter:label2\" content=\"Est. reading time\" \/>\n\t<meta name=\"twitter:data2\" content=\"3 minute\" \/>\n<script type=\"application\/ld+json\" class=\"yoast-schema-graph\">{\"@context\":\"https:\/\/schema.org\",\"@graph\":[{\"@type\":\"Article\",\"@id\":\"https:\/\/sandzakpress.net\/arhiva\/saudijska-arabija-pomjera-tesko-naoruzanje-ka-jemenu\/#article\",\"isPartOf\":{\"@id\":\"https:\/\/sandzakpress.net\/arhiva\/saudijska-arabija-pomjera-tesko-naoruzanje-ka-jemenu\/\"},\"author\":{\"name\":\"bosniak\",\"@id\":\"https:\/\/sandzakpress.net\/arhiva\/#\/schema\/person\/c8baee722073534b583ea7bdb2e36c02\"},\"headline\":\"Saudijska Arabija pomjera te\u0161ko naoru\u017eanje ka Jemenu\",\"datePublished\":\"2015-03-25T09:41:18+00:00\",\"mainEntityOfPage\":{\"@id\":\"https:\/\/sandzakpress.net\/arhiva\/saudijska-arabija-pomjera-tesko-naoruzanje-ka-jemenu\/\"},\"wordCount\":514,\"commentCount\":2,\"publisher\":{\"@id\":\"https:\/\/sandzakpress.net\/arhiva\/#\/schema\/person\/6e72b67d6e51910a1117b3b483ba20bd\"},\"image\":{\"@id\":\"https:\/\/sandzakpress.net\/arhiva\/saudijska-arabija-pomjera-tesko-naoruzanje-ka-jemenu\/#primaryimage\"},\"thumbnailUrl\":\"https:\/\/sandzakpress.net\/arhiva\/wp-content\/uploads\/2015\/03\/tenk_reuters_main.jpg\",\"keywords\":[\"Ummet\"],\"articleSection\":[\"Svijet\"],\"inLanguage\":\"bs-BA\",\"potentialAction\":[{\"@type\":\"CommentAction\",\"name\":\"Comment\",\"target\":[\"https:\/\/sandzakpress.net\/arhiva\/saudijska-arabija-pomjera-tesko-naoruzanje-ka-jemenu\/#respond\"]}]},{\"@type\":\"WebPage\",\"@id\":\"https:\/\/sandzakpress.net\/arhiva\/saudijska-arabija-pomjera-tesko-naoruzanje-ka-jemenu\/\",\"url\":\"https:\/\/sandzakpress.net\/arhiva\/saudijska-arabija-pomjera-tesko-naoruzanje-ka-jemenu\/\",\"name\":\"Saudijska Arabija pomjera te\u0161ko naoru\u017eanje ka Jemenu\",\"isPartOf\":{\"@id\":\"https:\/\/sandzakpress.net\/arhiva\/#website\"},\"primaryImageOfPage\":{\"@id\":\"https:\/\/sandzakpress.net\/arhiva\/saudijska-arabija-pomjera-tesko-naoruzanje-ka-jemenu\/#primaryimage\"},\"image\":{\"@id\":\"https:\/\/sandzakpress.net\/arhiva\/saudijska-arabija-pomjera-tesko-naoruzanje-ka-jemenu\/#primaryimage\"},\"thumbnailUrl\":\"https:\/\/sandzakpress.net\/arhiva\/wp-content\/uploads\/2015\/03\/tenk_reuters_main.jpg\",\"datePublished\":\"2015-03-25T09:41:18+00:00\",\"breadcrumb\":{\"@id\":\"https:\/\/sandzakpress.net\/arhiva\/saudijska-arabija-pomjera-tesko-naoruzanje-ka-jemenu\/#breadcrumb\"},\"inLanguage\":\"bs-BA\",\"potentialAction\":[{\"@type\":\"ReadAction\",\"target\":[\"https:\/\/sandzakpress.net\/arhiva\/saudijska-arabija-pomjera-tesko-naoruzanje-ka-jemenu\/\"]}]},{\"@type\":\"ImageObject\",\"inLanguage\":\"bs-BA\",\"@id\":\"https:\/\/sandzakpress.net\/arhiva\/saudijska-arabija-pomjera-tesko-naoruzanje-ka-jemenu\/#primaryimage\",\"url\":\"https:\/\/sandzakpress.net\/arhiva\/wp-content\/uploads\/2015\/03\/tenk_reuters_main.jpg\",\"contentUrl\":\"https:\/\/sandzakpress.net\/arhiva\/wp-content\/uploads\/2015\/03\/tenk_reuters_main.jpg\",\"width\":900,\"height\":600},{\"@type\":\"BreadcrumbList\",\"@id\":\"https:\/\/sandzakpress.net\/arhiva\/saudijska-arabija-pomjera-tesko-naoruzanje-ka-jemenu\/#breadcrumb\",\"itemListElement\":[{\"@type\":\"ListItem\",\"position\":1,\"name\":\"Home\",\"item\":\"https:\/\/sandzakpress.net\/arhiva\/\"},{\"@type\":\"ListItem\",\"position\":2,\"name\":\"Saudijska Arabija pomjera te\u0161ko naoru\u017eanje ka Jemenu\"}]},{\"@type\":\"WebSite\",\"@id\":\"https:\/\/sandzakpress.net\/arhiva\/#website\",\"url\":\"https:\/\/sandzakpress.net\/arhiva\/\",\"name\":\"Sand\u017eak PRESS\",\"description\":\"Prve elektronske novine u Sand\u017eaku\",\"publisher\":{\"@id\":\"https:\/\/sandzakpress.net\/arhiva\/#\/schema\/person\/6e72b67d6e51910a1117b3b483ba20bd\"},\"potentialAction\":[{\"@type\":\"SearchAction\",\"target\":{\"@type\":\"EntryPoint\",\"urlTemplate\":\"https:\/\/sandzakpress.net\/arhiva\/?s={search_term_string}\"},\"query-input\":{\"@type\":\"PropertyValueSpecification\",\"valueRequired\":true,\"valueName\":\"search_term_string\"}}],\"inLanguage\":\"bs-BA\"},{\"@type\":[\"Person\",\"Organization\"],\"@id\":\"https:\/\/sandzakpress.net\/arhiva\/#\/schema\/person\/6e72b67d6e51910a1117b3b483ba20bd\",\"name\":\"Kul\",\"image\":{\"@type\":\"ImageObject\",\"inLanguage\":\"bs-BA\",\"@id\":\"https:\/\/sandzakpress.net\/arhiva\/#\/schema\/person\/image\/\",\"url\":\"https:\/\/secure.gravatar.com\/avatar\/42263f39aa27ac04c43cab85c280eb2e?s=96&d=mm&r=pg\",\"contentUrl\":\"https:\/\/secure.gravatar.com\/avatar\/42263f39aa27ac04c43cab85c280eb2e?s=96&d=mm&r=pg\",\"caption\":\"Kul\"},\"logo\":{\"@id\":\"https:\/\/sandzakpress.net\/arhiva\/#\/schema\/person\/image\/\"}},{\"@type\":\"Person\",\"@id\":\"https:\/\/sandzakpress.net\/arhiva\/#\/schema\/person\/c8baee722073534b583ea7bdb2e36c02\",\"name\":\"bosniak\",\"image\":{\"@type\":\"ImageObject\",\"inLanguage\":\"bs-BA\",\"@id\":\"https:\/\/sandzakpress.net\/arhiva\/#\/schema\/person\/image\/\",\"url\":\"https:\/\/secure.gravatar.com\/avatar\/a04fd330bfe3a36a72a0ad4a6d89fca7?s=96&d=mm&r=pg\",\"contentUrl\":\"https:\/\/secure.gravatar.com\/avatar\/a04fd330bfe3a36a72a0ad4a6d89fca7?s=96&d=mm&r=pg\",\"caption\":\"bosniak\"},\"url\":\"https:\/\/sandzakpress.net\/arhiva\/author\/bosniak\/\"}]}<\/script>\n<!-- \/ Yoast SEO Premium plugin. -->","yoast_head_json":{"title":"Saudijska Arabija pomjera te\u0161ko naoru\u017eanje ka Jemenu","robots":{"index":"index","follow":"follow","max-snippet":"max-snippet:-1","max-image-preview":"max-image-preview:large","max-video-preview":"max-video-preview:-1"},"canonical":"https:\/\/sandzakpress.net\/arhiva\/saudijska-arabija-pomjera-tesko-naoruzanje-ka-jemenu\/","og_locale":"bs_BA","og_type":"article","og_title":"Saudijska Arabija pomjera te\u0161ko naoru\u017eanje ka Jemenu","og_description":"Svijet &#8211; Saudijska Arabija izmje\u0161ta te\u0161ko naoru\u017eanje i vojnu opremu, uklju\u010duju\u0107i artiljeriju, u oblast blizu granice s Jemenom, saop\u0107ili su ameri\u010dki zvani\u010dnici, a predsjednik Jemena je zatra\u017eio od Vije\u0107a sigurnosti Ujedinjenih naroda podr\u0161ku za vojnu akciju protiv pokreta Husi. Kako se procjenjuje, potez Saudijske Arabije mogao bi pove\u0107ati rizik da najve\u0107a naftna sila na Bliskom [&hellip;]","og_url":"https:\/\/sandzakpress.net\/arhiva\/saudijska-arabija-pomjera-tesko-naoruzanje-ka-jemenu\/","og_site_name":"Sand\u017eak PRESS","article_published_time":"2015-03-25T09:41:18+00:00","og_image":[{"width":900,"height":600,"url":"https:\/\/sandzakpress.net\/arhiva\/wp-content\/uploads\/2015\/03\/tenk_reuters_main.jpg","type":"image\/jpeg"}],"author":"bosniak","twitter_card":"summary_large_image","twitter_misc":{"Written by":"bosniak","Est. reading time":"3 minute"},"schema":{"@context":"https:\/\/schema.org","@graph":[{"@type":"Article","@id":"https:\/\/sandzakpress.net\/arhiva\/saudijska-arabija-pomjera-tesko-naoruzanje-ka-jemenu\/#article","isPartOf":{"@id":"https:\/\/sandzakpress.net\/arhiva\/saudijska-arabija-pomjera-tesko-naoruzanje-ka-jemenu\/"},"author":{"name":"bosniak","@id":"https:\/\/sandzakpress.net\/arhiva\/#\/schema\/person\/c8baee722073534b583ea7bdb2e36c02"},"headline":"Saudijska Arabija pomjera te\u0161ko naoru\u017eanje ka Jemenu","datePublished":"2015-03-25T09:41:18+00:00","mainEntityOfPage":{"@id":"https:\/\/sandzakpress.net\/arhiva\/saudijska-arabija-pomjera-tesko-naoruzanje-ka-jemenu\/"},"wordCount":514,"commentCount":2,"publisher":{"@id":"https:\/\/sandzakpress.net\/arhiva\/#\/schema\/person\/6e72b67d6e51910a1117b3b483ba20bd"},"image":{"@id":"https:\/\/sandzakpress.net\/arhiva\/saudijska-arabija-pomjera-tesko-naoruzanje-ka-jemenu\/#primaryimage"},"thumbnailUrl":"https:\/\/sandzakpress.net\/arhiva\/wp-content\/uploads\/2015\/03\/tenk_reuters_main.jpg","keywords":["Ummet"],"articleSection":["Svijet"],"inLanguage":"bs-BA","potentialAction":[{"@type":"CommentAction","name":"Comment","target":["https:\/\/sandzakpress.net\/arhiva\/saudijska-arabija-pomjera-tesko-naoruzanje-ka-jemenu\/#respond"]}]},{"@type":"WebPage","@id":"https:\/\/sandzakpress.net\/arhiva\/saudijska-arabija-pomjera-tesko-naoruzanje-ka-jemenu\/","url":"https:\/\/sandzakpress.net\/arhiva\/saudijska-arabija-pomjera-tesko-naoruzanje-ka-jemenu\/","name":"Saudijska Arabija pomjera te\u0161ko naoru\u017eanje ka Jemenu","isPartOf":{"@id":"https:\/\/sandzakpress.net\/arhiva\/#website"},"primaryImageOfPage":{"@id":"https:\/\/sandzakpress.net\/arhiva\/saudijska-arabija-pomjera-tesko-naoruzanje-ka-jemenu\/#primaryimage"},"image":{"@id":"https:\/\/sandzakpress.net\/arhiva\/saudijska-arabija-pomjera-tesko-naoruzanje-ka-jemenu\/#primaryimage"},"thumbnailUrl":"https:\/\/sandzakpress.net\/arhiva\/wp-content\/uploads\/2015\/03\/tenk_reuters_main.jpg","datePublished":"2015-03-25T09:41:18+00:00","breadcrumb":{"@id":"https:\/\/sandzakpress.net\/arhiva\/saudijska-arabija-pomjera-tesko-naoruzanje-ka-jemenu\/#breadcrumb"},"inLanguage":"bs-BA","potentialAction":[{"@type":"ReadAction","target":["https:\/\/sandzakpress.net\/arhiva\/saudijska-arabija-pomjera-tesko-naoruzanje-ka-jemenu\/"]}]},{"@type":"ImageObject","inLanguage":"bs-BA","@id":"https:\/\/sandzakpress.net\/arhiva\/saudijska-arabija-pomjera-tesko-naoruzanje-ka-jemenu\/#primaryimage","url":"https:\/\/sandzakpress.net\/arhiva\/wp-content\/uploads\/2015\/03\/tenk_reuters_main.jpg","contentUrl":"https:\/\/sandzakpress.net\/arhiva\/wp-content\/uploads\/2015\/03\/tenk_reuters_main.jpg","width":900,"height":600},{"@type":"BreadcrumbList","@id":"https:\/\/sandzakpress.net\/arhiva\/saudijska-arabija-pomjera-tesko-naoruzanje-ka-jemenu\/#breadcrumb","itemListElement":[{"@type":"ListItem","position":1,"name":"Home","item":"https:\/\/sandzakpress.net\/arhiva\/"},{"@type":"ListItem","position":2,"name":"Saudijska Arabija pomjera te\u0161ko naoru\u017eanje ka Jemenu"}]},{"@type":"WebSite","@id":"https:\/\/sandzakpress.net\/arhiva\/#website","url":"https:\/\/sandzakpress.net\/arhiva\/","name":"Sand\u017eak PRESS","description":"Prve elektronske novine u Sand\u017eaku","publisher":{"@id":"https:\/\/sandzakpress.net\/arhiva\/#\/schema\/person\/6e72b67d6e51910a1117b3b483ba20bd"},"potentialAction":[{"@type":"SearchAction","target":{"@type":"EntryPoint","urlTemplate":"https:\/\/sandzakpress.net\/arhiva\/?s={search_term_string}"},"query-input":{"@type":"PropertyValueSpecification","valueRequired":true,"valueName":"search_term_string"}}],"inLanguage":"bs-BA"},{"@type":["Person","Organization"],"@id":"https:\/\/sandzakpress.net\/arhiva\/#\/schema\/person\/6e72b67d6e51910a1117b3b483ba20bd","name":"Kul","image":{"@type":"ImageObject","inLanguage":"bs-BA","@id":"https:\/\/sandzakpress.net\/arhiva\/#\/schema\/person\/image\/","url":"https:\/\/secure.gravatar.com\/avatar\/42263f39aa27ac04c43cab85c280eb2e?s=96&d=mm&r=pg","contentUrl":"https:\/\/secure.gravatar.com\/avatar\/42263f39aa27ac04c43cab85c280eb2e?s=96&d=mm&r=pg","caption":"Kul"},"logo":{"@id":"https:\/\/sandzakpress.net\/arhiva\/#\/schema\/person\/image\/"}},{"@type":"Person","@id":"https:\/\/sandzakpress.net\/arhiva\/#\/schema\/person\/c8baee722073534b583ea7bdb2e36c02","name":"bosniak","image":{"@type":"ImageObject","inLanguage":"bs-BA","@id":"https:\/\/sandzakpress.net\/arhiva\/#\/schema\/person\/image\/","url":"https:\/\/secure.gravatar.com\/avatar\/a04fd330bfe3a36a72a0ad4a6d89fca7?s=96&d=mm&r=pg","contentUrl":"https:\/\/secure.gravatar.com\/avatar\/a04fd330bfe3a36a72a0ad4a6d89fca7?s=96&d=mm&r=pg","caption":"bosniak"},"url":"https:\/\/sandzakpress.net\/arhiva\/author\/bosniak\/"}]}},"_links":{"self":[{"href":"https:\/\/sandzakpress.net\/arhiva\/wp-json\/wp\/v2\/posts\/125488"}],"collection":[{"href":"https:\/\/sandzakpress.net\/arhiva\/wp-json\/wp\/v2\/posts"}],"about":[{"href":"https:\/\/sandzakpress.net\/arhiva\/wp-json\/wp\/v2\/types\/post"}],"author":[{"embeddable":true,"href":"https:\/\/sandzakpress.net\/arhiva\/wp-json\/wp\/v2\/users\/83"}],"replies":[{"embeddable":true,"href":"https:\/\/sandzakpress.net\/arhiva\/wp-json\/wp\/v2\/comments?post=125488"}],"version-history":[{"count":0,"href":"https:\/\/sandzakpress.net\/arhiva\/wp-json\/wp\/v2\/posts\/125488\/revisions"}],"wp:featuredmedia":[{"embeddable":true,"href":"https:\/\/sandzakpress.net\/arhiva\/wp-json\/wp\/v2\/media\/125489"}],"wp:attachment":[{"href":"https:\/\/sandzakpress.net\/arhiva\/wp-json\/wp\/v2\/media?parent=125488"}],"wp:term":[{"taxonomy":"category","embeddable":true,"href":"https:\/\/sandzakpress.net\/arhiva\/wp-json\/wp\/v2\/categories?post=125488"},{"taxonomy":"post_tag","embeddable":true,"href":"https:\/\/sandzakpress.net\/arhiva\/wp-json\/wp\/v2\/tags?post=125488"}],"curies":[{"name":"wp","href":"https:\/\/api.w.org\/{rel}","templated":true}]}}