{"id":125361,"date":"2015-03-22T16:01:51","date_gmt":"2015-03-22T15:01:51","guid":{"rendered":"https:\/\/sandzakpress.net\/arhiva\/?p=125361"},"modified":"2015-03-22T20:51:33","modified_gmt":"2015-03-22T19:51:33","slug":"intervju-hfz-abdurahman-ef-kujevic-ciljevi-jedinstva-muslimana-u-regiji","status":"publish","type":"post","link":"https:\/\/sandzakpress.net\/arhiva\/intervju-hfz-abdurahman-ef-kujevic-ciljevi-jedinstva-muslimana-u-regiji\/","title":{"rendered":"Intervju &#8211; Hfz. Abdurahman ef. Kujevi\u0107: &#8220;Ciljevi jedinstva muslimana u regiji&#8221;"},"content":{"rendered":"<p><strong>BiH &#8211; Jutros rano, nekako poslije sabaha dogovorimo snimanje intervjua sa jo\u0161 jednim izuzetnim insanom, vrijednim imamom i daijom iz Ju\u017enog Sand\u017eaka kako vole re\u010di ovi momci, uva\u017een\u00a0im hafizom Abdurahmanom ef. Kujevi\u0107em.<\/strong><\/p>\n<p><div class=\"youtube-embed\" data-video_id=\"M2ir20ZfEgw\"><iframe loading=\"lazy\" title=\"HFZ. ABDURAHMAN EF. KUJEVIC INTERVJU ZA IML TV\" width=\"696\" height=\"392\" src=\"https:\/\/www.youtube.com\/embed\/M2ir20ZfEgw?feature=oembed&#038;enablejsapi=1\" frameborder=\"0\" allow=\"accelerometer; autoplay; encrypted-media; gyroscope; picture-in-picture\" allowfullscreen><\/iframe><\/div>\n<\/p>\n<div class=\"text_exposed_show\">\n<p>Ovako rano i na minus i ne\u0161to u Zenici te\u0161ko bi se \u010dovjek odlu\u010dio sa nekim raditi intervju ili bilo \u0161ta i snimati, ali za ovakvog ljudinu \u010dast je biti i razgovarati sa njim.<\/p>\n<p>Da ga Allah nagradi svakim dobrom i da se jo\u0161 dosta ljudi okoristi o njegovom znanju. A hafiz Kujevi\u0107 nije samo hafiz Kur &#8216;ana \u010dasnog, on zna napamet i skra\u0107enu verziju od 6 tomova sahih Buharije i Muslima (6 knjiga) \u0161to je prava rijetkost na ovim na\u0161im regionalnim krajevima pa \u010dak i \u0161ire.<\/p>\n<p>(islammylife.tv)<\/p>\n<\/div>\n","protected":false},"excerpt":{"rendered":"<p>BiH &#8211; Jutros rano, nekako poslije sabaha dogovorimo snimanje intervjua sa jo\u0161 jednim izuzetnim insanom, vrijednim imamom i daijom iz Ju\u017enog Sand\u017eaka kako vole re\u010di ovi momci, uva\u017een\u00a0im hafizom Abdurahmanom ef. Kujevi\u0107em. Ovako rano i na minus i ne\u0161to u Zenici te\u0161ko bi se \u010dovjek odlu\u010dio sa nekim raditi intervju ili bilo \u0161ta i snimati, [&hellip;]<\/p>\n","protected":false},"author":83,"featured_media":125362,"comment_status":"open","ping_status":"open","sticky":false,"template":"","format":"standard","meta":{"footnotes":""},"categories":[2860,802,8957,798],"tags":[],"class_list":{"0":"post-125361","1":"post","2":"type-post","3":"status-publish","4":"format-standard","5":"has-post-thumbnail","7":"category-bosna-i-hercegovina-gradovi","8":"category-islamska_zajednica","9":"category-vijesti-dana","10":"category-teme"},"yoast_head":"<!-- This site is optimized with the Yoast SEO Premium plugin v23.1 (Yoast SEO v24.9) - https:\/\/yoast.com\/wordpress\/plugins\/seo\/ -->\n<title>Intervju - Hfz. Abdurahman ef. Kujevi\u0107: &quot;Ciljevi jedinstva muslimana u regiji&quot;<\/title>\n<meta name=\"robots\" content=\"index, follow, max-snippet:-1, max-image-preview:large, max-video-preview:-1\" \/>\n<link rel=\"canonical\" href=\"https:\/\/sandzakpress.net\/arhiva\/intervju-hfz-abdurahman-ef-kujevic-ciljevi-jedinstva-muslimana-u-regiji\/\" \/>\n<meta property=\"og:locale\" content=\"bs_BA\" \/>\n<meta property=\"og:type\" content=\"article\" \/>\n<meta property=\"og:title\" content=\"Intervju - Hfz. Abdurahman ef. Kujevi\u0107: &quot;Ciljevi jedinstva muslimana u regiji&quot;\" \/>\n<meta property=\"og:description\" content=\"BiH &#8211; Jutros rano, nekako poslije sabaha dogovorimo snimanje intervjua sa jo\u0161 jednim izuzetnim insanom, vrijednim imamom i daijom iz Ju\u017enog Sand\u017eaka kako vole re\u010di ovi momci, uva\u017een\u00a0im hafizom Abdurahmanom ef. Kujevi\u0107em. Ovako rano i na minus i ne\u0161to u Zenici te\u0161ko bi se \u010dovjek odlu\u010dio sa nekim raditi intervju ili bilo \u0161ta i snimati, [&hellip;]\" \/>\n<meta property=\"og:url\" content=\"https:\/\/sandzakpress.net\/arhiva\/intervju-hfz-abdurahman-ef-kujevic-ciljevi-jedinstva-muslimana-u-regiji\/\" \/>\n<meta property=\"og:site_name\" content=\"Sand\u017eak PRESS\" \/>\n<meta property=\"article:published_time\" content=\"2015-03-22T15:01:51+00:00\" \/>\n<meta property=\"article:modified_time\" content=\"2015-03-22T19:51:33+00:00\" \/>\n<meta property=\"og:image\" content=\"https:\/\/sandzakpress.net\/arhiva\/wp-content\/uploads\/2015\/03\/046.jpg\" \/>\n\t<meta property=\"og:image:width\" content=\"480\" \/>\n\t<meta property=\"og:image:height\" content=\"360\" \/>\n\t<meta property=\"og:image:type\" content=\"image\/jpeg\" \/>\n<meta name=\"author\" content=\"bosniak\" \/>\n<meta name=\"twitter:card\" content=\"summary_large_image\" \/>\n<meta name=\"twitter:label1\" content=\"Written by\" \/>\n\t<meta name=\"twitter:data1\" content=\"bosniak\" \/>\n\t<meta name=\"twitter:label2\" content=\"Est. reading time\" \/>\n\t<meta name=\"twitter:data2\" content=\"1 minuta\" \/>\n<script type=\"application\/ld+json\" class=\"yoast-schema-graph\">{\"@context\":\"https:\/\/schema.org\",\"@graph\":[{\"@type\":\"Article\",\"@id\":\"https:\/\/sandzakpress.net\/arhiva\/intervju-hfz-abdurahman-ef-kujevic-ciljevi-jedinstva-muslimana-u-regiji\/#article\",\"isPartOf\":{\"@id\":\"https:\/\/sandzakpress.net\/arhiva\/intervju-hfz-abdurahman-ef-kujevic-ciljevi-jedinstva-muslimana-u-regiji\/\"},\"author\":{\"name\":\"bosniak\",\"@id\":\"https:\/\/sandzakpress.net\/arhiva\/#\/schema\/person\/c8baee722073534b583ea7bdb2e36c02\"},\"headline\":\"Intervju &#8211; Hfz. Abdurahman ef. Kujevi\u0107: &#8220;Ciljevi jedinstva muslimana u regiji&#8221;\",\"datePublished\":\"2015-03-22T15:01:51+00:00\",\"dateModified\":\"2015-03-22T19:51:33+00:00\",\"mainEntityOfPage\":{\"@id\":\"https:\/\/sandzakpress.net\/arhiva\/intervju-hfz-abdurahman-ef-kujevic-ciljevi-jedinstva-muslimana-u-regiji\/\"},\"wordCount\":150,\"commentCount\":22,\"publisher\":{\"@id\":\"https:\/\/sandzakpress.net\/arhiva\/#\/schema\/person\/6e72b67d6e51910a1117b3b483ba20bd\"},\"image\":{\"@id\":\"https:\/\/sandzakpress.net\/arhiva\/intervju-hfz-abdurahman-ef-kujevic-ciljevi-jedinstva-muslimana-u-regiji\/#primaryimage\"},\"thumbnailUrl\":\"https:\/\/sandzakpress.net\/arhiva\/wp-content\/uploads\/2015\/03\/046.jpg\",\"articleSection\":[\"Bosna i Hercegovina\",\"Islamska zajednica\",\"VIJESTI DANA\",\"NAJNOVIJE\"],\"inLanguage\":\"bs-BA\",\"potentialAction\":[{\"@type\":\"CommentAction\",\"name\":\"Comment\",\"target\":[\"https:\/\/sandzakpress.net\/arhiva\/intervju-hfz-abdurahman-ef-kujevic-ciljevi-jedinstva-muslimana-u-regiji\/#respond\"]}]},{\"@type\":\"WebPage\",\"@id\":\"https:\/\/sandzakpress.net\/arhiva\/intervju-hfz-abdurahman-ef-kujevic-ciljevi-jedinstva-muslimana-u-regiji\/\",\"url\":\"https:\/\/sandzakpress.net\/arhiva\/intervju-hfz-abdurahman-ef-kujevic-ciljevi-jedinstva-muslimana-u-regiji\/\",\"name\":\"Intervju - Hfz. Abdurahman ef. Kujevi\u0107: \\\"Ciljevi jedinstva muslimana u regiji\\\"\",\"isPartOf\":{\"@id\":\"https:\/\/sandzakpress.net\/arhiva\/#website\"},\"primaryImageOfPage\":{\"@id\":\"https:\/\/sandzakpress.net\/arhiva\/intervju-hfz-abdurahman-ef-kujevic-ciljevi-jedinstva-muslimana-u-regiji\/#primaryimage\"},\"image\":{\"@id\":\"https:\/\/sandzakpress.net\/arhiva\/intervju-hfz-abdurahman-ef-kujevic-ciljevi-jedinstva-muslimana-u-regiji\/#primaryimage\"},\"thumbnailUrl\":\"https:\/\/sandzakpress.net\/arhiva\/wp-content\/uploads\/2015\/03\/046.jpg\",\"datePublished\":\"2015-03-22T15:01:51+00:00\",\"dateModified\":\"2015-03-22T19:51:33+00:00\",\"breadcrumb\":{\"@id\":\"https:\/\/sandzakpress.net\/arhiva\/intervju-hfz-abdurahman-ef-kujevic-ciljevi-jedinstva-muslimana-u-regiji\/#breadcrumb\"},\"inLanguage\":\"bs-BA\",\"potentialAction\":[{\"@type\":\"ReadAction\",\"target\":[\"https:\/\/sandzakpress.net\/arhiva\/intervju-hfz-abdurahman-ef-kujevic-ciljevi-jedinstva-muslimana-u-regiji\/\"]}]},{\"@type\":\"ImageObject\",\"inLanguage\":\"bs-BA\",\"@id\":\"https:\/\/sandzakpress.net\/arhiva\/intervju-hfz-abdurahman-ef-kujevic-ciljevi-jedinstva-muslimana-u-regiji\/#primaryimage\",\"url\":\"https:\/\/sandzakpress.net\/arhiva\/wp-content\/uploads\/2015\/03\/046.jpg\",\"contentUrl\":\"https:\/\/sandzakpress.net\/arhiva\/wp-content\/uploads\/2015\/03\/046.jpg\",\"width\":480,\"height\":360},{\"@type\":\"BreadcrumbList\",\"@id\":\"https:\/\/sandzakpress.net\/arhiva\/intervju-hfz-abdurahman-ef-kujevic-ciljevi-jedinstva-muslimana-u-regiji\/#breadcrumb\",\"itemListElement\":[{\"@type\":\"ListItem\",\"position\":1,\"name\":\"Home\",\"item\":\"https:\/\/sandzakpress.net\/arhiva\/\"},{\"@type\":\"ListItem\",\"position\":2,\"name\":\"Intervju &#8211; Hfz. Abdurahman ef. Kujevi\u0107: &#8220;Ciljevi jedinstva muslimana u regiji&#8221;\"}]},{\"@type\":\"WebSite\",\"@id\":\"https:\/\/sandzakpress.net\/arhiva\/#website\",\"url\":\"https:\/\/sandzakpress.net\/arhiva\/\",\"name\":\"Sand\u017eak PRESS\",\"description\":\"Prve elektronske novine u Sand\u017eaku\",\"publisher\":{\"@id\":\"https:\/\/sandzakpress.net\/arhiva\/#\/schema\/person\/6e72b67d6e51910a1117b3b483ba20bd\"},\"potentialAction\":[{\"@type\":\"SearchAction\",\"target\":{\"@type\":\"EntryPoint\",\"urlTemplate\":\"https:\/\/sandzakpress.net\/arhiva\/?s={search_term_string}\"},\"query-input\":{\"@type\":\"PropertyValueSpecification\",\"valueRequired\":true,\"valueName\":\"search_term_string\"}}],\"inLanguage\":\"bs-BA\"},{\"@type\":[\"Person\",\"Organization\"],\"@id\":\"https:\/\/sandzakpress.net\/arhiva\/#\/schema\/person\/6e72b67d6e51910a1117b3b483ba20bd\",\"name\":\"Kul\",\"image\":{\"@type\":\"ImageObject\",\"inLanguage\":\"bs-BA\",\"@id\":\"https:\/\/sandzakpress.net\/arhiva\/#\/schema\/person\/image\/\",\"url\":\"https:\/\/secure.gravatar.com\/avatar\/42263f39aa27ac04c43cab85c280eb2e?s=96&d=mm&r=pg\",\"contentUrl\":\"https:\/\/secure.gravatar.com\/avatar\/42263f39aa27ac04c43cab85c280eb2e?s=96&d=mm&r=pg\",\"caption\":\"Kul\"},\"logo\":{\"@id\":\"https:\/\/sandzakpress.net\/arhiva\/#\/schema\/person\/image\/\"}},{\"@type\":\"Person\",\"@id\":\"https:\/\/sandzakpress.net\/arhiva\/#\/schema\/person\/c8baee722073534b583ea7bdb2e36c02\",\"name\":\"bosniak\",\"image\":{\"@type\":\"ImageObject\",\"inLanguage\":\"bs-BA\",\"@id\":\"https:\/\/sandzakpress.net\/arhiva\/#\/schema\/person\/image\/\",\"url\":\"https:\/\/secure.gravatar.com\/avatar\/a04fd330bfe3a36a72a0ad4a6d89fca7?s=96&d=mm&r=pg\",\"contentUrl\":\"https:\/\/secure.gravatar.com\/avatar\/a04fd330bfe3a36a72a0ad4a6d89fca7?s=96&d=mm&r=pg\",\"caption\":\"bosniak\"},\"url\":\"https:\/\/sandzakpress.net\/arhiva\/author\/bosniak\/\"}]}<\/script>\n<!-- \/ Yoast SEO Premium plugin. -->","yoast_head_json":{"title":"Intervju - Hfz. Abdurahman ef. Kujevi\u0107: \"Ciljevi jedinstva muslimana u regiji\"","robots":{"index":"index","follow":"follow","max-snippet":"max-snippet:-1","max-image-preview":"max-image-preview:large","max-video-preview":"max-video-preview:-1"},"canonical":"https:\/\/sandzakpress.net\/arhiva\/intervju-hfz-abdurahman-ef-kujevic-ciljevi-jedinstva-muslimana-u-regiji\/","og_locale":"bs_BA","og_type":"article","og_title":"Intervju - Hfz. Abdurahman ef. Kujevi\u0107: \"Ciljevi jedinstva muslimana u regiji\"","og_description":"BiH &#8211; Jutros rano, nekako poslije sabaha dogovorimo snimanje intervjua sa jo\u0161 jednim izuzetnim insanom, vrijednim imamom i daijom iz Ju\u017enog Sand\u017eaka kako vole re\u010di ovi momci, uva\u017een\u00a0im hafizom Abdurahmanom ef. Kujevi\u0107em. Ovako rano i na minus i ne\u0161to u Zenici te\u0161ko bi se \u010dovjek odlu\u010dio sa nekim raditi intervju ili bilo \u0161ta i snimati, [&hellip;]","og_url":"https:\/\/sandzakpress.net\/arhiva\/intervju-hfz-abdurahman-ef-kujevic-ciljevi-jedinstva-muslimana-u-regiji\/","og_site_name":"Sand\u017eak PRESS","article_published_time":"2015-03-22T15:01:51+00:00","article_modified_time":"2015-03-22T19:51:33+00:00","og_image":[{"width":480,"height":360,"url":"https:\/\/sandzakpress.net\/arhiva\/wp-content\/uploads\/2015\/03\/046.jpg","type":"image\/jpeg"}],"author":"bosniak","twitter_card":"summary_large_image","twitter_misc":{"Written by":"bosniak","Est. reading time":"1 minuta"},"schema":{"@context":"https:\/\/schema.org","@graph":[{"@type":"Article","@id":"https:\/\/sandzakpress.net\/arhiva\/intervju-hfz-abdurahman-ef-kujevic-ciljevi-jedinstva-muslimana-u-regiji\/#article","isPartOf":{"@id":"https:\/\/sandzakpress.net\/arhiva\/intervju-hfz-abdurahman-ef-kujevic-ciljevi-jedinstva-muslimana-u-regiji\/"},"author":{"name":"bosniak","@id":"https:\/\/sandzakpress.net\/arhiva\/#\/schema\/person\/c8baee722073534b583ea7bdb2e36c02"},"headline":"Intervju &#8211; Hfz. Abdurahman ef. Kujevi\u0107: &#8220;Ciljevi jedinstva muslimana u regiji&#8221;","datePublished":"2015-03-22T15:01:51+00:00","dateModified":"2015-03-22T19:51:33+00:00","mainEntityOfPage":{"@id":"https:\/\/sandzakpress.net\/arhiva\/intervju-hfz-abdurahman-ef-kujevic-ciljevi-jedinstva-muslimana-u-regiji\/"},"wordCount":150,"commentCount":22,"publisher":{"@id":"https:\/\/sandzakpress.net\/arhiva\/#\/schema\/person\/6e72b67d6e51910a1117b3b483ba20bd"},"image":{"@id":"https:\/\/sandzakpress.net\/arhiva\/intervju-hfz-abdurahman-ef-kujevic-ciljevi-jedinstva-muslimana-u-regiji\/#primaryimage"},"thumbnailUrl":"https:\/\/sandzakpress.net\/arhiva\/wp-content\/uploads\/2015\/03\/046.jpg","articleSection":["Bosna i Hercegovina","Islamska zajednica","VIJESTI DANA","NAJNOVIJE"],"inLanguage":"bs-BA","potentialAction":[{"@type":"CommentAction","name":"Comment","target":["https:\/\/sandzakpress.net\/arhiva\/intervju-hfz-abdurahman-ef-kujevic-ciljevi-jedinstva-muslimana-u-regiji\/#respond"]}]},{"@type":"WebPage","@id":"https:\/\/sandzakpress.net\/arhiva\/intervju-hfz-abdurahman-ef-kujevic-ciljevi-jedinstva-muslimana-u-regiji\/","url":"https:\/\/sandzakpress.net\/arhiva\/intervju-hfz-abdurahman-ef-kujevic-ciljevi-jedinstva-muslimana-u-regiji\/","name":"Intervju - Hfz. Abdurahman ef. Kujevi\u0107: \"Ciljevi jedinstva muslimana u regiji\"","isPartOf":{"@id":"https:\/\/sandzakpress.net\/arhiva\/#website"},"primaryImageOfPage":{"@id":"https:\/\/sandzakpress.net\/arhiva\/intervju-hfz-abdurahman-ef-kujevic-ciljevi-jedinstva-muslimana-u-regiji\/#primaryimage"},"image":{"@id":"https:\/\/sandzakpress.net\/arhiva\/intervju-hfz-abdurahman-ef-kujevic-ciljevi-jedinstva-muslimana-u-regiji\/#primaryimage"},"thumbnailUrl":"https:\/\/sandzakpress.net\/arhiva\/wp-content\/uploads\/2015\/03\/046.jpg","datePublished":"2015-03-22T15:01:51+00:00","dateModified":"2015-03-22T19:51:33+00:00","breadcrumb":{"@id":"https:\/\/sandzakpress.net\/arhiva\/intervju-hfz-abdurahman-ef-kujevic-ciljevi-jedinstva-muslimana-u-regiji\/#breadcrumb"},"inLanguage":"bs-BA","potentialAction":[{"@type":"ReadAction","target":["https:\/\/sandzakpress.net\/arhiva\/intervju-hfz-abdurahman-ef-kujevic-ciljevi-jedinstva-muslimana-u-regiji\/"]}]},{"@type":"ImageObject","inLanguage":"bs-BA","@id":"https:\/\/sandzakpress.net\/arhiva\/intervju-hfz-abdurahman-ef-kujevic-ciljevi-jedinstva-muslimana-u-regiji\/#primaryimage","url":"https:\/\/sandzakpress.net\/arhiva\/wp-content\/uploads\/2015\/03\/046.jpg","contentUrl":"https:\/\/sandzakpress.net\/arhiva\/wp-content\/uploads\/2015\/03\/046.jpg","width":480,"height":360},{"@type":"BreadcrumbList","@id":"https:\/\/sandzakpress.net\/arhiva\/intervju-hfz-abdurahman-ef-kujevic-ciljevi-jedinstva-muslimana-u-regiji\/#breadcrumb","itemListElement":[{"@type":"ListItem","position":1,"name":"Home","item":"https:\/\/sandzakpress.net\/arhiva\/"},{"@type":"ListItem","position":2,"name":"Intervju &#8211; Hfz. Abdurahman ef. Kujevi\u0107: &#8220;Ciljevi jedinstva muslimana u regiji&#8221;"}]},{"@type":"WebSite","@id":"https:\/\/sandzakpress.net\/arhiva\/#website","url":"https:\/\/sandzakpress.net\/arhiva\/","name":"Sand\u017eak PRESS","description":"Prve elektronske novine u Sand\u017eaku","publisher":{"@id":"https:\/\/sandzakpress.net\/arhiva\/#\/schema\/person\/6e72b67d6e51910a1117b3b483ba20bd"},"potentialAction":[{"@type":"SearchAction","target":{"@type":"EntryPoint","urlTemplate":"https:\/\/sandzakpress.net\/arhiva\/?s={search_term_string}"},"query-input":{"@type":"PropertyValueSpecification","valueRequired":true,"valueName":"search_term_string"}}],"inLanguage":"bs-BA"},{"@type":["Person","Organization"],"@id":"https:\/\/sandzakpress.net\/arhiva\/#\/schema\/person\/6e72b67d6e51910a1117b3b483ba20bd","name":"Kul","image":{"@type":"ImageObject","inLanguage":"bs-BA","@id":"https:\/\/sandzakpress.net\/arhiva\/#\/schema\/person\/image\/","url":"https:\/\/secure.gravatar.com\/avatar\/42263f39aa27ac04c43cab85c280eb2e?s=96&d=mm&r=pg","contentUrl":"https:\/\/secure.gravatar.com\/avatar\/42263f39aa27ac04c43cab85c280eb2e?s=96&d=mm&r=pg","caption":"Kul"},"logo":{"@id":"https:\/\/sandzakpress.net\/arhiva\/#\/schema\/person\/image\/"}},{"@type":"Person","@id":"https:\/\/sandzakpress.net\/arhiva\/#\/schema\/person\/c8baee722073534b583ea7bdb2e36c02","name":"bosniak","image":{"@type":"ImageObject","inLanguage":"bs-BA","@id":"https:\/\/sandzakpress.net\/arhiva\/#\/schema\/person\/image\/","url":"https:\/\/secure.gravatar.com\/avatar\/a04fd330bfe3a36a72a0ad4a6d89fca7?s=96&d=mm&r=pg","contentUrl":"https:\/\/secure.gravatar.com\/avatar\/a04fd330bfe3a36a72a0ad4a6d89fca7?s=96&d=mm&r=pg","caption":"bosniak"},"url":"https:\/\/sandzakpress.net\/arhiva\/author\/bosniak\/"}]}},"_links":{"self":[{"href":"https:\/\/sandzakpress.net\/arhiva\/wp-json\/wp\/v2\/posts\/125361"}],"collection":[{"href":"https:\/\/sandzakpress.net\/arhiva\/wp-json\/wp\/v2\/posts"}],"about":[{"href":"https:\/\/sandzakpress.net\/arhiva\/wp-json\/wp\/v2\/types\/post"}],"author":[{"embeddable":true,"href":"https:\/\/sandzakpress.net\/arhiva\/wp-json\/wp\/v2\/users\/83"}],"replies":[{"embeddable":true,"href":"https:\/\/sandzakpress.net\/arhiva\/wp-json\/wp\/v2\/comments?post=125361"}],"version-history":[{"count":0,"href":"https:\/\/sandzakpress.net\/arhiva\/wp-json\/wp\/v2\/posts\/125361\/revisions"}],"wp:featuredmedia":[{"embeddable":true,"href":"https:\/\/sandzakpress.net\/arhiva\/wp-json\/wp\/v2\/media\/125362"}],"wp:attachment":[{"href":"https:\/\/sandzakpress.net\/arhiva\/wp-json\/wp\/v2\/media?parent=125361"}],"wp:term":[{"taxonomy":"category","embeddable":true,"href":"https:\/\/sandzakpress.net\/arhiva\/wp-json\/wp\/v2\/categories?post=125361"},{"taxonomy":"post_tag","embeddable":true,"href":"https:\/\/sandzakpress.net\/arhiva\/wp-json\/wp\/v2\/tags?post=125361"}],"curies":[{"name":"wp","href":"https:\/\/api.w.org\/{rel}","templated":true}]}}