{"id":125359,"date":"2015-03-22T15:51:37","date_gmt":"2015-03-22T14:51:37","guid":{"rendered":"https:\/\/sandzakpress.net\/arhiva\/?p=125359"},"modified":"2015-03-22T15:51:37","modified_gmt":"2015-03-22T14:51:37","slug":"davutoglu-umjesto-nase-djece-zakopajmo-oruzje-za-sva-vremena","status":"publish","type":"post","link":"https:\/\/sandzakpress.net\/arhiva\/davutoglu-umjesto-nase-djece-zakopajmo-oruzje-za-sva-vremena\/","title":{"rendered":"Davutoglu: \u2018Umjesto na\u0161e djece, zakopajmo oru\u017eje za sva vremena\u2019"},"content":{"rendered":"<p><img decoding=\"async\" src=\"http:\/\/saznajemo.net\/wp-content\/uploads\/2015\/03\/IMG_1429-640x325.jpg\" alt=\"\" \/><\/p>\n<p><strong>Turska &#8211; Mr\u017enju, kulturu mr\u017enje, nasilje i oru\u017eje zakopajmo za sva vremena.\u00a0Umjesto sto \u0107emo pokopavati na\u0161u djecu, zakopajmo oru\u017eje, poru\u010dio je danas turski premijer\u00a0Ahmet Davutoglu, prenosi\u00a0Anadolu Agency (AA).<\/strong><\/p>\n<p>Davutoglu je danas u Istanbulu govorio na manifestaciji \u201cSvi zajedno smo Turska\u201d, koja je organizovana povodom proslave praznika Nevruza, odnosno praznika prolje\u0107a.<\/p>\n<p>Turski premijer tom prilikom pozdravio je i \u010destitao ovaj praznik svim stanovnicima Balkana, Srednje Azije, Mezopotamije i Bliskog Istoka, te poru\u010dio da Nevruz zna\u010di jedan novi po\u010detak i da su u tom novom po\u010detku vrlo bitni principi poput jedinstva i bratstva.\u00a0<\/p>\n<p>Kada ka\u017eemo \u2018jedinstvo\u2019 i \u2018bratstvo\u2019 to govorimo za na\u0161e pretke koji su rame uz rame ginuli u \u010canakkaleu, to govorimo za siro\u010dadi iz Halabje koja su bje\u017eala od progona Saddama Huseina, za siro\u010dadi koja bje\u017ee od Assadovog re\u017eima, za na\u0161u bra\u0107u Bo\u0161njake i Albance koji su bje\u017eali od Milo\u0161evi\u0107evog re\u017eima. Ma\u0161tamo o svijetu u kojem \u0107e, ba\u0161 kao i danas na dan Nevruza, svi biti jedan pored drugog, rame uz rame\u201d, poru\u010dio je Davutoglu.<\/p>\n<p>Turski premijer je tako\u0111er uputio i poruku mira.<\/p>\n<p>\u201cMr\u017enju, kulturu mr\u017enje, nasilje i oru\u017eje zakopajmo za sva vremena. Umjesto sto \u0107emo pokopavati na\u0161u djecu, zakopajmo oru\u017eje. Zauvijek zakopajmo bol na\u0161ih majki. Zakopajmo ih tako da se vi\u0161e nikad ne mogu vratiti\u201d, rekao je Davutoglu.<\/p>\n<p>Davutoglu je u svom obra\u0107anju naglasio da \u0107e proces rje\u0161avanja kurdskog pitanja biti uspje\u0161no\u00a0<strong>okon\u010dan po svaku cijenu<\/strong>, te je svim stanovnicima Turske \u010destitao praznik Nevruz.\u00a0<\/p>\n<p>(Radiosarajevo.ba)<\/p>\n","protected":false},"excerpt":{"rendered":"<p>Turska &#8211; Mr\u017enju, kulturu mr\u017enje, nasilje i oru\u017eje zakopajmo za sva vremena.\u00a0Umjesto sto \u0107emo pokopavati na\u0161u djecu, zakopajmo oru\u017eje, poru\u010dio je danas turski premijer\u00a0Ahmet Davutoglu, prenosi\u00a0Anadolu Agency (AA). Davutoglu je danas u Istanbulu govorio na manifestaciji \u201cSvi zajedno smo Turska\u201d, koja je organizovana povodom proslave praznika Nevruza, odnosno praznika prolje\u0107a. Turski premijer tom prilikom pozdravio [&hellip;]<\/p>\n","protected":false},"author":83,"featured_media":125360,"comment_status":"open","ping_status":"open","sticky":false,"template":"","format":"standard","meta":{"footnotes":""},"categories":[9,2692,798],"tags":[],"class_list":{"0":"post-125359","1":"post","2":"type-post","3":"status-publish","4":"format-standard","5":"has-post-thumbnail","7":"category-svijet","8":"category-turska-gradovi","9":"category-teme"},"yoast_head":"<!-- This site is optimized with the Yoast SEO Premium plugin v23.1 (Yoast SEO v24.9) - https:\/\/yoast.com\/wordpress\/plugins\/seo\/ -->\n<title>Davutoglu: \u2018Umjesto na\u0161e djece, zakopajmo oru\u017eje za sva vremena\u2019<\/title>\n<meta name=\"robots\" content=\"index, follow, max-snippet:-1, max-image-preview:large, max-video-preview:-1\" \/>\n<link rel=\"canonical\" href=\"https:\/\/sandzakpress.net\/arhiva\/davutoglu-umjesto-nase-djece-zakopajmo-oruzje-za-sva-vremena\/\" \/>\n<meta property=\"og:locale\" content=\"bs_BA\" \/>\n<meta property=\"og:type\" content=\"article\" \/>\n<meta property=\"og:title\" content=\"Davutoglu: \u2018Umjesto na\u0161e djece, zakopajmo oru\u017eje za sva vremena\u2019\" \/>\n<meta property=\"og:description\" content=\"Turska &#8211; Mr\u017enju, kulturu mr\u017enje, nasilje i oru\u017eje zakopajmo za sva vremena.\u00a0Umjesto sto \u0107emo pokopavati na\u0161u djecu, zakopajmo oru\u017eje, poru\u010dio je danas turski premijer\u00a0Ahmet Davutoglu, prenosi\u00a0Anadolu Agency (AA). Davutoglu je danas u Istanbulu govorio na manifestaciji \u201cSvi zajedno smo Turska\u201d, koja je organizovana povodom proslave praznika Nevruza, odnosno praznika prolje\u0107a. Turski premijer tom prilikom pozdravio [&hellip;]\" \/>\n<meta property=\"og:url\" content=\"https:\/\/sandzakpress.net\/arhiva\/davutoglu-umjesto-nase-djece-zakopajmo-oruzje-za-sva-vremena\/\" \/>\n<meta property=\"og:site_name\" content=\"Sand\u017eak PRESS\" \/>\n<meta property=\"article:published_time\" content=\"2015-03-22T14:51:37+00:00\" \/>\n<meta property=\"og:image\" content=\"https:\/\/sandzakpress.net\/arhiva\/wp-content\/uploads\/2015\/03\/IMG_1429-640x325.jpg\" \/>\n\t<meta property=\"og:image:width\" content=\"640\" \/>\n\t<meta property=\"og:image:height\" content=\"325\" \/>\n\t<meta property=\"og:image:type\" content=\"image\/jpeg\" \/>\n<meta name=\"author\" content=\"bosniak\" \/>\n<meta name=\"twitter:card\" content=\"summary_large_image\" \/>\n<meta name=\"twitter:label1\" content=\"Written by\" \/>\n\t<meta name=\"twitter:data1\" content=\"bosniak\" \/>\n\t<meta name=\"twitter:label2\" content=\"Est. reading time\" \/>\n\t<meta name=\"twitter:data2\" content=\"1 minuta\" \/>\n<script type=\"application\/ld+json\" class=\"yoast-schema-graph\">{\"@context\":\"https:\/\/schema.org\",\"@graph\":[{\"@type\":\"Article\",\"@id\":\"https:\/\/sandzakpress.net\/arhiva\/davutoglu-umjesto-nase-djece-zakopajmo-oruzje-za-sva-vremena\/#article\",\"isPartOf\":{\"@id\":\"https:\/\/sandzakpress.net\/arhiva\/davutoglu-umjesto-nase-djece-zakopajmo-oruzje-za-sva-vremena\/\"},\"author\":{\"name\":\"bosniak\",\"@id\":\"https:\/\/sandzakpress.net\/arhiva\/#\/schema\/person\/c8baee722073534b583ea7bdb2e36c02\"},\"headline\":\"Davutoglu: \u2018Umjesto na\u0161e djece, zakopajmo oru\u017eje za sva vremena\u2019\",\"datePublished\":\"2015-03-22T14:51:37+00:00\",\"mainEntityOfPage\":{\"@id\":\"https:\/\/sandzakpress.net\/arhiva\/davutoglu-umjesto-nase-djece-zakopajmo-oruzje-za-sva-vremena\/\"},\"wordCount\":290,\"commentCount\":3,\"publisher\":{\"@id\":\"https:\/\/sandzakpress.net\/arhiva\/#\/schema\/person\/6e72b67d6e51910a1117b3b483ba20bd\"},\"image\":{\"@id\":\"https:\/\/sandzakpress.net\/arhiva\/davutoglu-umjesto-nase-djece-zakopajmo-oruzje-za-sva-vremena\/#primaryimage\"},\"thumbnailUrl\":\"https:\/\/sandzakpress.net\/arhiva\/wp-content\/uploads\/2015\/03\/IMG_1429-640x325.jpg\",\"articleSection\":[\"Svijet\",\"Turska\",\"NAJNOVIJE\"],\"inLanguage\":\"bs-BA\",\"potentialAction\":[{\"@type\":\"CommentAction\",\"name\":\"Comment\",\"target\":[\"https:\/\/sandzakpress.net\/arhiva\/davutoglu-umjesto-nase-djece-zakopajmo-oruzje-za-sva-vremena\/#respond\"]}]},{\"@type\":\"WebPage\",\"@id\":\"https:\/\/sandzakpress.net\/arhiva\/davutoglu-umjesto-nase-djece-zakopajmo-oruzje-za-sva-vremena\/\",\"url\":\"https:\/\/sandzakpress.net\/arhiva\/davutoglu-umjesto-nase-djece-zakopajmo-oruzje-za-sva-vremena\/\",\"name\":\"Davutoglu: \u2018Umjesto na\u0161e djece, zakopajmo oru\u017eje za sva vremena\u2019\",\"isPartOf\":{\"@id\":\"https:\/\/sandzakpress.net\/arhiva\/#website\"},\"primaryImageOfPage\":{\"@id\":\"https:\/\/sandzakpress.net\/arhiva\/davutoglu-umjesto-nase-djece-zakopajmo-oruzje-za-sva-vremena\/#primaryimage\"},\"image\":{\"@id\":\"https:\/\/sandzakpress.net\/arhiva\/davutoglu-umjesto-nase-djece-zakopajmo-oruzje-za-sva-vremena\/#primaryimage\"},\"thumbnailUrl\":\"https:\/\/sandzakpress.net\/arhiva\/wp-content\/uploads\/2015\/03\/IMG_1429-640x325.jpg\",\"datePublished\":\"2015-03-22T14:51:37+00:00\",\"breadcrumb\":{\"@id\":\"https:\/\/sandzakpress.net\/arhiva\/davutoglu-umjesto-nase-djece-zakopajmo-oruzje-za-sva-vremena\/#breadcrumb\"},\"inLanguage\":\"bs-BA\",\"potentialAction\":[{\"@type\":\"ReadAction\",\"target\":[\"https:\/\/sandzakpress.net\/arhiva\/davutoglu-umjesto-nase-djece-zakopajmo-oruzje-za-sva-vremena\/\"]}]},{\"@type\":\"ImageObject\",\"inLanguage\":\"bs-BA\",\"@id\":\"https:\/\/sandzakpress.net\/arhiva\/davutoglu-umjesto-nase-djece-zakopajmo-oruzje-za-sva-vremena\/#primaryimage\",\"url\":\"https:\/\/sandzakpress.net\/arhiva\/wp-content\/uploads\/2015\/03\/IMG_1429-640x325.jpg\",\"contentUrl\":\"https:\/\/sandzakpress.net\/arhiva\/wp-content\/uploads\/2015\/03\/IMG_1429-640x325.jpg\",\"width\":640,\"height\":325},{\"@type\":\"BreadcrumbList\",\"@id\":\"https:\/\/sandzakpress.net\/arhiva\/davutoglu-umjesto-nase-djece-zakopajmo-oruzje-za-sva-vremena\/#breadcrumb\",\"itemListElement\":[{\"@type\":\"ListItem\",\"position\":1,\"name\":\"Home\",\"item\":\"https:\/\/sandzakpress.net\/arhiva\/\"},{\"@type\":\"ListItem\",\"position\":2,\"name\":\"Davutoglu: \u2018Umjesto na\u0161e djece, zakopajmo oru\u017eje za sva vremena\u2019\"}]},{\"@type\":\"WebSite\",\"@id\":\"https:\/\/sandzakpress.net\/arhiva\/#website\",\"url\":\"https:\/\/sandzakpress.net\/arhiva\/\",\"name\":\"Sand\u017eak PRESS\",\"description\":\"Prve elektronske novine u Sand\u017eaku\",\"publisher\":{\"@id\":\"https:\/\/sandzakpress.net\/arhiva\/#\/schema\/person\/6e72b67d6e51910a1117b3b483ba20bd\"},\"potentialAction\":[{\"@type\":\"SearchAction\",\"target\":{\"@type\":\"EntryPoint\",\"urlTemplate\":\"https:\/\/sandzakpress.net\/arhiva\/?s={search_term_string}\"},\"query-input\":{\"@type\":\"PropertyValueSpecification\",\"valueRequired\":true,\"valueName\":\"search_term_string\"}}],\"inLanguage\":\"bs-BA\"},{\"@type\":[\"Person\",\"Organization\"],\"@id\":\"https:\/\/sandzakpress.net\/arhiva\/#\/schema\/person\/6e72b67d6e51910a1117b3b483ba20bd\",\"name\":\"Kul\",\"image\":{\"@type\":\"ImageObject\",\"inLanguage\":\"bs-BA\",\"@id\":\"https:\/\/sandzakpress.net\/arhiva\/#\/schema\/person\/image\/\",\"url\":\"https:\/\/secure.gravatar.com\/avatar\/42263f39aa27ac04c43cab85c280eb2e?s=96&d=mm&r=pg\",\"contentUrl\":\"https:\/\/secure.gravatar.com\/avatar\/42263f39aa27ac04c43cab85c280eb2e?s=96&d=mm&r=pg\",\"caption\":\"Kul\"},\"logo\":{\"@id\":\"https:\/\/sandzakpress.net\/arhiva\/#\/schema\/person\/image\/\"}},{\"@type\":\"Person\",\"@id\":\"https:\/\/sandzakpress.net\/arhiva\/#\/schema\/person\/c8baee722073534b583ea7bdb2e36c02\",\"name\":\"bosniak\",\"image\":{\"@type\":\"ImageObject\",\"inLanguage\":\"bs-BA\",\"@id\":\"https:\/\/sandzakpress.net\/arhiva\/#\/schema\/person\/image\/\",\"url\":\"https:\/\/secure.gravatar.com\/avatar\/a04fd330bfe3a36a72a0ad4a6d89fca7?s=96&d=mm&r=pg\",\"contentUrl\":\"https:\/\/secure.gravatar.com\/avatar\/a04fd330bfe3a36a72a0ad4a6d89fca7?s=96&d=mm&r=pg\",\"caption\":\"bosniak\"},\"url\":\"https:\/\/sandzakpress.net\/arhiva\/author\/bosniak\/\"}]}<\/script>\n<!-- \/ Yoast SEO Premium plugin. -->","yoast_head_json":{"title":"Davutoglu: \u2018Umjesto na\u0161e djece, zakopajmo oru\u017eje za sva vremena\u2019","robots":{"index":"index","follow":"follow","max-snippet":"max-snippet:-1","max-image-preview":"max-image-preview:large","max-video-preview":"max-video-preview:-1"},"canonical":"https:\/\/sandzakpress.net\/arhiva\/davutoglu-umjesto-nase-djece-zakopajmo-oruzje-za-sva-vremena\/","og_locale":"bs_BA","og_type":"article","og_title":"Davutoglu: \u2018Umjesto na\u0161e djece, zakopajmo oru\u017eje za sva vremena\u2019","og_description":"Turska &#8211; Mr\u017enju, kulturu mr\u017enje, nasilje i oru\u017eje zakopajmo za sva vremena.\u00a0Umjesto sto \u0107emo pokopavati na\u0161u djecu, zakopajmo oru\u017eje, poru\u010dio je danas turski premijer\u00a0Ahmet Davutoglu, prenosi\u00a0Anadolu Agency (AA). Davutoglu je danas u Istanbulu govorio na manifestaciji \u201cSvi zajedno smo Turska\u201d, koja je organizovana povodom proslave praznika Nevruza, odnosno praznika prolje\u0107a. Turski premijer tom prilikom pozdravio [&hellip;]","og_url":"https:\/\/sandzakpress.net\/arhiva\/davutoglu-umjesto-nase-djece-zakopajmo-oruzje-za-sva-vremena\/","og_site_name":"Sand\u017eak PRESS","article_published_time":"2015-03-22T14:51:37+00:00","og_image":[{"width":640,"height":325,"url":"https:\/\/sandzakpress.net\/arhiva\/wp-content\/uploads\/2015\/03\/IMG_1429-640x325.jpg","type":"image\/jpeg"}],"author":"bosniak","twitter_card":"summary_large_image","twitter_misc":{"Written by":"bosniak","Est. reading time":"1 minuta"},"schema":{"@context":"https:\/\/schema.org","@graph":[{"@type":"Article","@id":"https:\/\/sandzakpress.net\/arhiva\/davutoglu-umjesto-nase-djece-zakopajmo-oruzje-za-sva-vremena\/#article","isPartOf":{"@id":"https:\/\/sandzakpress.net\/arhiva\/davutoglu-umjesto-nase-djece-zakopajmo-oruzje-za-sva-vremena\/"},"author":{"name":"bosniak","@id":"https:\/\/sandzakpress.net\/arhiva\/#\/schema\/person\/c8baee722073534b583ea7bdb2e36c02"},"headline":"Davutoglu: \u2018Umjesto na\u0161e djece, zakopajmo oru\u017eje za sva vremena\u2019","datePublished":"2015-03-22T14:51:37+00:00","mainEntityOfPage":{"@id":"https:\/\/sandzakpress.net\/arhiva\/davutoglu-umjesto-nase-djece-zakopajmo-oruzje-za-sva-vremena\/"},"wordCount":290,"commentCount":3,"publisher":{"@id":"https:\/\/sandzakpress.net\/arhiva\/#\/schema\/person\/6e72b67d6e51910a1117b3b483ba20bd"},"image":{"@id":"https:\/\/sandzakpress.net\/arhiva\/davutoglu-umjesto-nase-djece-zakopajmo-oruzje-za-sva-vremena\/#primaryimage"},"thumbnailUrl":"https:\/\/sandzakpress.net\/arhiva\/wp-content\/uploads\/2015\/03\/IMG_1429-640x325.jpg","articleSection":["Svijet","Turska","NAJNOVIJE"],"inLanguage":"bs-BA","potentialAction":[{"@type":"CommentAction","name":"Comment","target":["https:\/\/sandzakpress.net\/arhiva\/davutoglu-umjesto-nase-djece-zakopajmo-oruzje-za-sva-vremena\/#respond"]}]},{"@type":"WebPage","@id":"https:\/\/sandzakpress.net\/arhiva\/davutoglu-umjesto-nase-djece-zakopajmo-oruzje-za-sva-vremena\/","url":"https:\/\/sandzakpress.net\/arhiva\/davutoglu-umjesto-nase-djece-zakopajmo-oruzje-za-sva-vremena\/","name":"Davutoglu: \u2018Umjesto na\u0161e djece, zakopajmo oru\u017eje za sva vremena\u2019","isPartOf":{"@id":"https:\/\/sandzakpress.net\/arhiva\/#website"},"primaryImageOfPage":{"@id":"https:\/\/sandzakpress.net\/arhiva\/davutoglu-umjesto-nase-djece-zakopajmo-oruzje-za-sva-vremena\/#primaryimage"},"image":{"@id":"https:\/\/sandzakpress.net\/arhiva\/davutoglu-umjesto-nase-djece-zakopajmo-oruzje-za-sva-vremena\/#primaryimage"},"thumbnailUrl":"https:\/\/sandzakpress.net\/arhiva\/wp-content\/uploads\/2015\/03\/IMG_1429-640x325.jpg","datePublished":"2015-03-22T14:51:37+00:00","breadcrumb":{"@id":"https:\/\/sandzakpress.net\/arhiva\/davutoglu-umjesto-nase-djece-zakopajmo-oruzje-za-sva-vremena\/#breadcrumb"},"inLanguage":"bs-BA","potentialAction":[{"@type":"ReadAction","target":["https:\/\/sandzakpress.net\/arhiva\/davutoglu-umjesto-nase-djece-zakopajmo-oruzje-za-sva-vremena\/"]}]},{"@type":"ImageObject","inLanguage":"bs-BA","@id":"https:\/\/sandzakpress.net\/arhiva\/davutoglu-umjesto-nase-djece-zakopajmo-oruzje-za-sva-vremena\/#primaryimage","url":"https:\/\/sandzakpress.net\/arhiva\/wp-content\/uploads\/2015\/03\/IMG_1429-640x325.jpg","contentUrl":"https:\/\/sandzakpress.net\/arhiva\/wp-content\/uploads\/2015\/03\/IMG_1429-640x325.jpg","width":640,"height":325},{"@type":"BreadcrumbList","@id":"https:\/\/sandzakpress.net\/arhiva\/davutoglu-umjesto-nase-djece-zakopajmo-oruzje-za-sva-vremena\/#breadcrumb","itemListElement":[{"@type":"ListItem","position":1,"name":"Home","item":"https:\/\/sandzakpress.net\/arhiva\/"},{"@type":"ListItem","position":2,"name":"Davutoglu: \u2018Umjesto na\u0161e djece, zakopajmo oru\u017eje za sva vremena\u2019"}]},{"@type":"WebSite","@id":"https:\/\/sandzakpress.net\/arhiva\/#website","url":"https:\/\/sandzakpress.net\/arhiva\/","name":"Sand\u017eak PRESS","description":"Prve elektronske novine u Sand\u017eaku","publisher":{"@id":"https:\/\/sandzakpress.net\/arhiva\/#\/schema\/person\/6e72b67d6e51910a1117b3b483ba20bd"},"potentialAction":[{"@type":"SearchAction","target":{"@type":"EntryPoint","urlTemplate":"https:\/\/sandzakpress.net\/arhiva\/?s={search_term_string}"},"query-input":{"@type":"PropertyValueSpecification","valueRequired":true,"valueName":"search_term_string"}}],"inLanguage":"bs-BA"},{"@type":["Person","Organization"],"@id":"https:\/\/sandzakpress.net\/arhiva\/#\/schema\/person\/6e72b67d6e51910a1117b3b483ba20bd","name":"Kul","image":{"@type":"ImageObject","inLanguage":"bs-BA","@id":"https:\/\/sandzakpress.net\/arhiva\/#\/schema\/person\/image\/","url":"https:\/\/secure.gravatar.com\/avatar\/42263f39aa27ac04c43cab85c280eb2e?s=96&d=mm&r=pg","contentUrl":"https:\/\/secure.gravatar.com\/avatar\/42263f39aa27ac04c43cab85c280eb2e?s=96&d=mm&r=pg","caption":"Kul"},"logo":{"@id":"https:\/\/sandzakpress.net\/arhiva\/#\/schema\/person\/image\/"}},{"@type":"Person","@id":"https:\/\/sandzakpress.net\/arhiva\/#\/schema\/person\/c8baee722073534b583ea7bdb2e36c02","name":"bosniak","image":{"@type":"ImageObject","inLanguage":"bs-BA","@id":"https:\/\/sandzakpress.net\/arhiva\/#\/schema\/person\/image\/","url":"https:\/\/secure.gravatar.com\/avatar\/a04fd330bfe3a36a72a0ad4a6d89fca7?s=96&d=mm&r=pg","contentUrl":"https:\/\/secure.gravatar.com\/avatar\/a04fd330bfe3a36a72a0ad4a6d89fca7?s=96&d=mm&r=pg","caption":"bosniak"},"url":"https:\/\/sandzakpress.net\/arhiva\/author\/bosniak\/"}]}},"_links":{"self":[{"href":"https:\/\/sandzakpress.net\/arhiva\/wp-json\/wp\/v2\/posts\/125359"}],"collection":[{"href":"https:\/\/sandzakpress.net\/arhiva\/wp-json\/wp\/v2\/posts"}],"about":[{"href":"https:\/\/sandzakpress.net\/arhiva\/wp-json\/wp\/v2\/types\/post"}],"author":[{"embeddable":true,"href":"https:\/\/sandzakpress.net\/arhiva\/wp-json\/wp\/v2\/users\/83"}],"replies":[{"embeddable":true,"href":"https:\/\/sandzakpress.net\/arhiva\/wp-json\/wp\/v2\/comments?post=125359"}],"version-history":[{"count":0,"href":"https:\/\/sandzakpress.net\/arhiva\/wp-json\/wp\/v2\/posts\/125359\/revisions"}],"wp:featuredmedia":[{"embeddable":true,"href":"https:\/\/sandzakpress.net\/arhiva\/wp-json\/wp\/v2\/media\/125360"}],"wp:attachment":[{"href":"https:\/\/sandzakpress.net\/arhiva\/wp-json\/wp\/v2\/media?parent=125359"}],"wp:term":[{"taxonomy":"category","embeddable":true,"href":"https:\/\/sandzakpress.net\/arhiva\/wp-json\/wp\/v2\/categories?post=125359"},{"taxonomy":"post_tag","embeddable":true,"href":"https:\/\/sandzakpress.net\/arhiva\/wp-json\/wp\/v2\/tags?post=125359"}],"curies":[{"name":"wp","href":"https:\/\/api.w.org\/{rel}","templated":true}]}}