{"id":125308,"date":"2015-03-21T11:19:04","date_gmt":"2015-03-21T10:19:04","guid":{"rendered":"https:\/\/sandzakpress.net\/arhiva\/?p=125308"},"modified":"2015-03-21T11:19:04","modified_gmt":"2015-03-21T10:19:04","slug":"bosnjacko-goransko-pitanje","status":"publish","type":"post","link":"https:\/\/sandzakpress.net\/arhiva\/bosnjacko-goransko-pitanje\/","title":{"rendered":"Bo\u0161nja\u010dko-goransko pitanje"},"content":{"rendered":"<p><img loading=\"lazy\" decoding=\"async\" class=\"aligncenter size-full wp-image-125309\" src=\"https:\/\/sandzakpress.net\/arhiva\/wp-content\/uploads\/2015\/03\/bosnjaci-c4.jpg\" alt=\"bosnjaci-c4\" width=\"600\" height=\"401\" \/>Nakon rata, na Kosovu je nepoznavanjem historije ove zajednice, najvi\u0161e od strane me\u0111unarodnih slu\u017ebenika, postojala tendencija da se za Bo\u0161njake Kosova koriste razna imena, poput: na engleskom \u2018Muslim Slavs&#8217;, &#8216;Muslimani&#8217;, &#8216;Torbe\u0161i&#8217; (vi\u0161e pogrdan naziv). Na pregovorima u Rambujeu, kada su pod upravom me\u0111unarodne zajednice, na\u017ealost bez saglasnosti Bo\u0161njaka, prezentirane dvije zasebne; &#8216;muslimanska&#8217; i &#8216;goranska&#8217; zajednica.<a href=\"#_ftn1\" name=\"_ftnref1\">[1]<\/a><\/p>\n<p>\u00a0\u00a0\u00a0\u00a0\u00a0\u00a0\u00a0\u00a0\u00a0\u00a0\u00a0 Me\u0111utim, pripadnici ove nacionalne zajednice (iako ne svi u Gori), izja\u0161njavaju se kao Bo\u0161njaci, nagla\u0161avaju\u0107i da su autohton narod koji ima svoj maternji jezik i nacionalno ime, tj. da su Bo\u0161njaci i da koriste bosanski jezik. Me\u0111utim, unutar ove zajednice postoji podijeljenost, gdje se jedan dio zajednice izja\u0161njavaju kao Bo\u0161njaci dok jedan dio Goranaca ne prihvataju naziv Bo\u0161njak. Izme\u0111u Bo\u0161njaka u Gori (Goranaca) i onih u \u017dupi i Podgori razlike su neznatne. Danas veliki broj Goranaca \u017eivi u Beogradu. Njihov broj se znatno pove\u0107an nakon ulaska KFOR-a na Kosovu. Prema procjeni u Beogradu ima izme\u0111u 8.000 &#8211; 10.000 Goranaca.<a href=\"#_ftn2\" name=\"_ftnref2\">[2]<\/a><\/p>\n<p>\u00a0\u00a0\u00a0\u00a0\u00a0\u00a0\u00a0\u00a0\u00a0\u00a0\u00a0 Smatra se da je poku\u0161aj podjele ove grupe zapo\u010deo jo\u0161 projektom &#8216;GOS&#8217; (Gora-Opolje-Sredska), u nekoliko knjiga, ura\u0111en od strane Srpske akademije nauka i umjetnosti, SANU, 1992. godine<a href=\"#_ftn3\" name=\"_ftnref3\">[3]<\/a>, \u2026gdje izme\u0111u ostaloga stoji: <em>&#8220;&#8230;Imaju\u0107i sve to u vidu, smatramo da je krajnje vreme za ozvani\u010denje goranske etni\u010dke grupe kao zvani\u010dno priznate etnonacionalne i etnokulturne kategorije, \u010dime se goranska etni\u010dka grupa, bez obzira na sva dosada\u0161nja izja\u0161njavanja, dovodi na nivo primarne identifikacione zajednice&#8230; &#8220;<\/em><\/p>\n<p>\u00a0\u00a0\u00a0\u00a0\u00a0\u00a0\u00a0\u00a0\u00a0\u00a0\u00a0 Biti Goranin ili Goranac, ozna\u010davalo je mikro i regionalnu posebnost stanovni\u0161tva podru\u010dja Gore, koji su bili dio muslimanske nacije, a nikako nije ozna\u010davalo nacionalnu pripadnost. Ovo ime je bilo u normalnoj upotrebi decenijama.<\/p>\n<p>\u00a0\u00a0\u00a0\u00a0\u00a0\u00a0\u00a0\u00a0\u00a0\u00a0\u00a0 Srpska akademija nauka i umjetnosti (SANU) je uradila Memorandum u kojem je zacrtala krvavi raspad biv\u0161e Jugoslavije. Tada, krajem osamdesetih i po\u010detkom devedesetih godina pro\u0161loga stolje\u0107a, zapo\u010dinje promovisanje &#8220;goranske etni\u010dke grupe&#8221; i njeno izdvajanje iz muslimanske nacije.\u00a0 &#8220;Goranstvo&#8221; je od tada kori\u0161teno isklju\u010divo u negativnom kontekstu i \u0161to je imalo katastrofalne posljedice po stanovnike Gore. Prije svega to se odnosi na iseljavanje iz Gore koje se dogodilo nakon rata na Kosovu, a \u010demu je dosta doprinijela ideja SANU.<a href=\"#_ftn4\" name=\"_ftnref4\">[4]<\/a><\/p>\n<p>Ideje memorandumske politike su skupo ko\u0161tale gotovo sve narode biv\u0161e Jugoslavije.\u00a0 Promocija &#8220;goranske etni\u010dke grupe&#8221; se intenzivirala 1990. godine \u0161to je rezultiralo velikim istra\u017eiva\u010dkim projektom SANU, \u0161arplaninske \u017dupe Gora, Opolje i Sredska (poznatijem po skra\u0107enici GOS)<a href=\"#_ftn5\" name=\"_ftnref5\">[5]<\/a>.\u00a0 Na projektu GOS-a istra\u017eivanja su na terenu bila povjerena Geografskom institutu &#8220;Jovan Cviji\u0107&#8221; i trajala su u periodu od 1991. do 1994. godine. U ovaj projekt je bilo uklju\u010deno i dvadesetak drugih nau\u010dnih i stru\u010dnih ustanova i veliki broj istra\u017eiva\u010da. Rezultati &#8220;istra\u017eivanja&#8221; su kasnije publikovani i objavljeni u tri knjige<a href=\"#_ftn6\" name=\"_ftnref6\">[6]<\/a> na preko hiljadu stranica. Na ovom projektu je radilo i nekoliko lokalnih saradnika iz Gore, koji su bili podr\u0161ka i jedni od glavnih organizatora svih aktivnosti na ozvani\u010denju &#8220;goranske\u201c etni\u010dke grupe.<a href=\"#_ftn7\" name=\"_ftnref7\">[7]<\/a><\/p>\n<p>Na samom po\u010detku druge knjige GOS-a govori se o potrebi hitnosti ozvani\u010denja ove &#8216;grupe&#8217; te autori isti\u010du da &#8220;\u2026<em>stoji \u010dinjenica da Goranci jesu posebna etni\u010dka grupa koja je ne samo odoljela albanizaciji i aspiracijama makedonskog nacionalizma, ve\u0107 je u svom entitetu sublimirala brojne elemente i oblike srpskoslovenskih i pravoslavnih etnokulturnih korijena i slojeva, izgradiv\u0161i osje\u0107anja i pona\u0161anje bliske srodnosti sa srpskim narodom uz puno anga\u017eovanje u kulturnom i politi\u010dkom \u017eivotu svoje dr\u017eave Srbije. Stoga je status etni\u010dkegrupe za Gorance sada formalno pitanje koje bi trebalo sankcionisati prije narednog popisa stanovni\u0161tva.<\/em>&#8220;<a href=\"#_ftn8\" name=\"_ftnref8\">[8]<\/a><\/p>\n<p>Kao prvi korak predvi\u0111eno je odvajanje Goranaca od ostalih Muslimana jer tvorci projekta su bili svjesni da samo izdvajanjem Goranaca iz muslimanskog korpusa mogu uspjeti u svojim namjerama, te su stoga potencirali u svojim stavovima: <em>&#8220;Goranska etni\u010dka grupa se po svom kulturnom i etnopsihi\u010dkom entitetu bitno razlikuje od svih ostalih muslimanskih populacija u zemljama prethodne Jugoslavije.\u201c<\/em><a href=\"#_ftn9\" name=\"_ftnref9\"><em><strong>[9]<\/strong><\/em><\/a><\/p>\n<p>Posebno jak udar na Goru je izvr\u0161en u godinama koje su prethodile ratu na Kosovu. Sve je \u010dinjeno da se narod pripremi i suprotstavi svojim kom\u0161ijama Albancima i \u0161to vi\u0161e udalji od Muslimana na prostoru biv\u0161e Jugoslavije. Uklju\u010dena je cjelokupna ma\u0161inerija u cilju realizacije postavljenih zadataka &#8211; mediji, politika, umjetnici, \u0161kole. Na dr\u017eavnoj televiziji prikazuju se emisije o Gori u kojima se \u010dini sve kako bi se dokazalo kako izme\u0111u Gorana i Srba nema nikakve razlike. Kako Gorani slave Bo\u017ei\u0107 i druge pravoslavne i paganske praznike, ali se nikad ne pominju velike bajramske proslave nakon 90-tih godina kao ni veliki mevludi po goranskim selima.\u00a0 Na talasima Radio Gore (isklju\u010divo namijenjene &#8216;gorancima&#8217;) mogli su se \u010duti najnoviji hitovi srpske patriotske muzike. U par navrata Goru su obi\u0161li i pravoslavni sve\u0161tenici iz Prizrena. Posjetili su neka sela u pratnji doma\u0107ih politi\u010dara iz Draga\u0161a. <a href=\"#_ftn10\" name=\"_ftnref10\">[10]<\/a><\/p>\n<p>Na\u017ealost, tzv. goranska inteligencija indoktrinirana srbijanskom politikom prihvatila je ideje SANU projekta i poslu\u017eila tvorcima Memoranduma kao servis za implementaciju GOS projekta. U jednom &#8220;Apelu&#8221; od 20. juna 1996. godine, upu\u0107enom Srpskoj akademiji nauka i jo\u0161 nekim institucijama u Srbiji, &#8220;grupa intelektualaca Goranaca&#8221; javno pokre\u0107e pitanje &#8220;statusa Kosova i Metohije i teritorijalnog pitanja ove ju\u017ene Pokrajine&#8221;.\u00a0 Potpisnici ovog Apela isti\u010du da ogromna ve\u0107ina ljudi goranske etni\u010dke grupe moli SANU institucije da ih ne <em>&#8220;ostave u bespu\u0107u bezobzirnih balkanskih politi\u010dkih igara koje bi u nekim varijantama izbrisale sa etni\u010dke karte i iz bogate duhovne riznice Stare Srbije i nas Gorance, i nama najsrodnije Srbe i muslimane srpskog maternjeg jezika.<\/em>\u201c<a href=\"#_ftn11\" name=\"_ftnref11\"><sup><\/sup><sup>[11]<\/sup><\/a><\/p>\n<p>Projekt GOS je bio usmjeren i na manipulaciju obrazovnog i informativnog sistema, a sve u cilju promovisanja etni\u010dke grupe \u201cGoranac\u201d kao prijelazne faze ka potpunoj asimilaciji. \u010cak su Gorani u\u0161li u \u0161kolske ud\u017ebenike. U ud\u017ebenikugeografijeza VIII razred, fotografiju na kojoj je panorama sela Brod stoji: &#8220;<em>Najve\u0107i deo stanovni\u0161tva Gore \u010dine Gorani, koji su srpskog porekla, islamizirani u periodu od XV do XIX veka. Kod njih je o\u010duvano se\u0107anje na svoje nacionalno &#8211; srpsko &#8211; poreklo.<\/em>&#8220;<a href=\"#_ftn12\" name=\"_ftnref12\"><sup><\/sup><sup>[12]<\/sup><\/a>\u00a0 Na\u017ealost ovaj ud\u017ebenik, prepun mr\u017enje prema islamu i muslimanima, i danas se koristi u nekim \u0161kolama Gore.<\/p>\n<p>Stavovi goranske inteligencije i politi\u010dkih predstavnika danas se mnogo ne razlikuju od svojih prethodnika. Me\u0111utim, sada\u0161nji problem manipulacije stanovnika Gore od strane SANU politike se najvi\u0161e manifestuju kroz neodr\u017eavanje nastave na bosanskom jeziku za oko 1.000 u\u010denika osnovnih i jedne srednje \u0161kole u Gori.<\/p>\n<p>Naime, lokalno nastavno osoblje u goranskim \u0161kolama, protivno volji dobrog dijela roditelja, opredijelilo se da nastavu izvodi po starom srbijanskom sistemu i beogradskim ud\u017ebenicima za koja dobijaju znatna finansijska sredstva od Vlade Srbije. Pojedini izbjegli biv\u0161i politi\u010dki kadrovi iz Gore po Beogradu i ostalim srbijanskim destinacijama, propagirali su i pomagali nastavak ove zloupotrebe djece goranskih roditelja, sve iz razloga zadr\u017eavanja na platnim spiskovima bud\u017eeta Srbije, predvi\u0111enim za finansiranje paralelnog sistema u srpskim enklavama na Kosovu.<\/p>\n<p>Na\u017ealost, predstavnici me\u0111unarodne zajednice (ranije UNMIK-a, a sada EULEX-a) nisu htjeli na vrijeme da sprije\u010de ove probleme u Gori, niti je kosovska Vlada uspijevala da prona\u0111e adekvatno rje\u0161enje ovog problema.<\/p>\n<p>Postojanje jo\u0161 jedne manjinske zajednice pored bo\u0161nja\u010dke je jo\u0161 jedan vid manipulacije koji Srbija vr\u0161i nad Gorancima. U su\u0161tini, ovo je prvenstveno zna\u010dilo naru\u0161avanje procesa integracije bo\u0161nja\u010dkog stanovni\u0161tva iz Gore u novu kosovsku realnost, te isto tako ometanje procesa bo\u0161nja\u010dke afirmacije i nacionalne konsolidacije na Kosovu. Kao \u0161to je, tako\u0111er, manje-vi\u0161e poznato, Bo\u0161njacima Kosova je poslije rata omogu\u0107eno \u0161kolovanje na bosanskom jeziku (sa uvezenim ud\u017ebenicima iz BiH), a predstavnici njihove nastave su uzeli u\u010de\u0161\u0107e u izradi novih \u0161kolskih planova i programa u reformi nastave na Kosovu.\u00a0 Neuklju\u010divanje prosvjetnih radnika iz Gore u ovaj proces je isto tako zna\u010dilo i ru\u0161enje kosovskog integriteta, jer se neposredno zapravo ne priznaje njegov \u0161kolski plan i program dok se, posredno, preko odr\u017eavanja nastave po planu Republike Srbije, \u010duva i legitimitet Republike Srbije na ovim prostorima, sli\u010dno kao i u \u201esrpskim enklavama\u201c.<a href=\"#_ftn13\" name=\"_ftnref13\">[13]<\/a><\/p>\n<p>&nbsp;<\/p>\n<p>Fussnote<\/p>\n<ol>\n<li>Mustafa Balje, ,,Bo\u0161nja\u010dka zajednica na Kosovu\u201c , Izvje\u0161taj u Sijenci, 2005, str. 3.<\/li>\n<li>Balje, ,, Bo\u0161nja\u010dkazajednicanaKosovu\u201c, str. 3.<\/li>\n<li>SANU, <em>Projekat Gora Opolje Sredska,<\/em> 46.<\/li>\n<li>Sadik Idrizi, ,, O Gori i goranstvu\u201c, <em>Alem<\/em>, br.184. 2011, str. 41.<\/li>\n<li>SANU, <em>\u0160arplaninske \u017dupe Gora, Opolje i Sredska,<\/em> Beograd, 1995, str. 35.<\/li>\n<li>SANU, <em>Projekat GOS,<\/em> Knjiga I,II i III, Beograd, 1995.<\/li>\n<li>Idrizi, ,, O Gori i goranstvu\u201c, str. 42.<\/li>\n<li>SANU, <em>Projekat GOS,<\/em> Knjiga II, Beograd, 1995, str. 4-5.<\/li>\n<li>SANU, <em>Projekat GOS,<\/em> 14.<\/li>\n<li>Sadik Idrizi, ,, Historija Gore\u201c, 24. avgust 2007. <a href=\"http:\/\/bosnahistorija.16.forumer.com\/a\/historija-gore-clanci_post294.html\">http:\/\/bosnahistorija.16.forumer.com\/a\/historija-gore-clanci_post294.html<\/a>, (pristupljeno 15. 05. 2011.)<\/li>\n<li>Apel \/ pismo grupe intelektualaca Goranaca, 20. juni 1996., str.1. Kopija pismaproslije\u0111ena emailom od strane prof. Sadika Idrizija, 23. februar 2012.<\/li>\n<li><em>Geografija za VIII razred,<\/em> Zavod za ud\u017ebenike i nastavna sredstva, Beograd, 1996.<\/li>\n<li>\u0106erim Bajrami, ,,U procesu nacionalne afirmacije\u201c, 18. mart 2010., <a href=\"http:\/\/www.bosnjaci.net\/prilog.php?pid=37032\">http:\/\/www.bosnjaci.net\/prilog.php?pid=37032<\/a>, (pristupljeno 20. 07. 2011.)<\/li>\n<\/ol>\n<p><a href=\"#_ftnref1\" name=\"_ftn1\"><\/a>\u00a0<\/p>\n<p><a href=\"#_ftnref2\" name=\"_ftn2\"><\/a>\u00a0<\/p>\n<p><a href=\"#_ftnref3\" name=\"_ftn3\"><\/a>\u00a0<\/p>\n<p><a href=\"#_ftnref4\" name=\"_ftn4\"><\/a>\u00a0<\/p>\n<p><a href=\"#_ftnref5\" name=\"_ftn5\"><\/a>\u00a0<\/p>\n<p><a href=\"#_ftnref6\" name=\"_ftn6\"><\/a>\u00a0<\/p>\n<p><a href=\"#_ftnref7\" name=\"_ftn7\"><\/a>\u00a0<\/p>\n<p><a href=\"#_ftnref8\" name=\"_ftn8\"><\/a>\u00a0<\/p>\n<p><a href=\"#_ftnref9\" name=\"_ftn9\"><\/a>\u00a0<\/p>\n<p><a href=\"#_ftnref10\" name=\"_ftn10\"><\/a>\u00a0<\/p>\n<p><a href=\"#_ftnref11\" name=\"_ftn11\"><\/a>\u00a0<\/p>\n<p><a href=\"#_ftnref12\" name=\"_ftn12\"><\/a>\u00a0<\/p>\n<p>&nbsp;<\/p>\n<p><a href=\"#_ftnref13\" name=\"_ftn13\"><\/a>\u00a0<\/p>\n<p>&nbsp;<\/p>\n","protected":false},"excerpt":{"rendered":"<p>Tarik Saliji<\/p>\n","protected":false},"author":83,"featured_media":125309,"comment_status":"open","ping_status":"open","sticky":false,"template":"","format":"standard","meta":{"footnotes":""},"categories":[10196],"tags":[],"class_list":{"0":"post-125308","1":"post","2":"type-post","3":"status-publish","4":"format-standard","5":"has-post-thumbnail","7":"category-iz-pera-nasih-autora"},"yoast_head":"<!-- This site is optimized with the Yoast SEO Premium plugin v23.1 (Yoast SEO v24.9) - https:\/\/yoast.com\/wordpress\/plugins\/seo\/ -->\n<title>Bo\u0161nja\u010dko-goransko pitanje<\/title>\n<meta name=\"robots\" content=\"index, follow, max-snippet:-1, max-image-preview:large, max-video-preview:-1\" \/>\n<link rel=\"canonical\" href=\"https:\/\/sandzakpress.net\/arhiva\/bosnjacko-goransko-pitanje\/\" \/>\n<meta property=\"og:locale\" content=\"bs_BA\" \/>\n<meta property=\"og:type\" content=\"article\" \/>\n<meta property=\"og:title\" content=\"Bo\u0161nja\u010dko-goransko pitanje\" \/>\n<meta property=\"og:description\" content=\"Tarik Saliji\" \/>\n<meta property=\"og:url\" content=\"https:\/\/sandzakpress.net\/arhiva\/bosnjacko-goransko-pitanje\/\" \/>\n<meta property=\"og:site_name\" content=\"Sand\u017eak PRESS\" \/>\n<meta property=\"article:published_time\" content=\"2015-03-21T10:19:04+00:00\" \/>\n<meta property=\"og:image\" content=\"https:\/\/sandzakpress.net\/arhiva\/wp-content\/uploads\/2015\/03\/bosnjaci-c4.jpg\" \/>\n\t<meta property=\"og:image:width\" content=\"600\" \/>\n\t<meta property=\"og:image:height\" content=\"401\" \/>\n\t<meta property=\"og:image:type\" content=\"image\/jpeg\" \/>\n<meta name=\"author\" content=\"bosniak\" \/>\n<meta name=\"twitter:card\" content=\"summary_large_image\" \/>\n<meta name=\"twitter:label1\" content=\"Written by\" \/>\n\t<meta name=\"twitter:data1\" content=\"bosniak\" \/>\n\t<meta name=\"twitter:label2\" content=\"Est. reading time\" \/>\n\t<meta name=\"twitter:data2\" content=\"7 minuta\" \/>\n<script type=\"application\/ld+json\" class=\"yoast-schema-graph\">{\"@context\":\"https:\/\/schema.org\",\"@graph\":[{\"@type\":\"Article\",\"@id\":\"https:\/\/sandzakpress.net\/arhiva\/bosnjacko-goransko-pitanje\/#article\",\"isPartOf\":{\"@id\":\"https:\/\/sandzakpress.net\/arhiva\/bosnjacko-goransko-pitanje\/\"},\"author\":{\"name\":\"bosniak\",\"@id\":\"https:\/\/sandzakpress.net\/arhiva\/#\/schema\/person\/c8baee722073534b583ea7bdb2e36c02\"},\"headline\":\"Bo\u0161nja\u010dko-goransko pitanje\",\"datePublished\":\"2015-03-21T10:19:04+00:00\",\"mainEntityOfPage\":{\"@id\":\"https:\/\/sandzakpress.net\/arhiva\/bosnjacko-goransko-pitanje\/\"},\"wordCount\":1503,\"commentCount\":88,\"publisher\":{\"@id\":\"https:\/\/sandzakpress.net\/arhiva\/#\/schema\/person\/6e72b67d6e51910a1117b3b483ba20bd\"},\"image\":{\"@id\":\"https:\/\/sandzakpress.net\/arhiva\/bosnjacko-goransko-pitanje\/#primaryimage\"},\"thumbnailUrl\":\"https:\/\/sandzakpress.net\/arhiva\/wp-content\/uploads\/2015\/03\/bosnjaci-c4.jpg\",\"articleSection\":[\"Iz pera na\u0161ih autora\"],\"inLanguage\":\"bs-BA\",\"potentialAction\":[{\"@type\":\"CommentAction\",\"name\":\"Comment\",\"target\":[\"https:\/\/sandzakpress.net\/arhiva\/bosnjacko-goransko-pitanje\/#respond\"]}]},{\"@type\":\"WebPage\",\"@id\":\"https:\/\/sandzakpress.net\/arhiva\/bosnjacko-goransko-pitanje\/\",\"url\":\"https:\/\/sandzakpress.net\/arhiva\/bosnjacko-goransko-pitanje\/\",\"name\":\"Bo\u0161nja\u010dko-goransko pitanje\",\"isPartOf\":{\"@id\":\"https:\/\/sandzakpress.net\/arhiva\/#website\"},\"primaryImageOfPage\":{\"@id\":\"https:\/\/sandzakpress.net\/arhiva\/bosnjacko-goransko-pitanje\/#primaryimage\"},\"image\":{\"@id\":\"https:\/\/sandzakpress.net\/arhiva\/bosnjacko-goransko-pitanje\/#primaryimage\"},\"thumbnailUrl\":\"https:\/\/sandzakpress.net\/arhiva\/wp-content\/uploads\/2015\/03\/bosnjaci-c4.jpg\",\"datePublished\":\"2015-03-21T10:19:04+00:00\",\"breadcrumb\":{\"@id\":\"https:\/\/sandzakpress.net\/arhiva\/bosnjacko-goransko-pitanje\/#breadcrumb\"},\"inLanguage\":\"bs-BA\",\"potentialAction\":[{\"@type\":\"ReadAction\",\"target\":[\"https:\/\/sandzakpress.net\/arhiva\/bosnjacko-goransko-pitanje\/\"]}]},{\"@type\":\"ImageObject\",\"inLanguage\":\"bs-BA\",\"@id\":\"https:\/\/sandzakpress.net\/arhiva\/bosnjacko-goransko-pitanje\/#primaryimage\",\"url\":\"https:\/\/sandzakpress.net\/arhiva\/wp-content\/uploads\/2015\/03\/bosnjaci-c4.jpg\",\"contentUrl\":\"https:\/\/sandzakpress.net\/arhiva\/wp-content\/uploads\/2015\/03\/bosnjaci-c4.jpg\",\"width\":600,\"height\":401},{\"@type\":\"BreadcrumbList\",\"@id\":\"https:\/\/sandzakpress.net\/arhiva\/bosnjacko-goransko-pitanje\/#breadcrumb\",\"itemListElement\":[{\"@type\":\"ListItem\",\"position\":1,\"name\":\"Home\",\"item\":\"https:\/\/sandzakpress.net\/arhiva\/\"},{\"@type\":\"ListItem\",\"position\":2,\"name\":\"Bo\u0161nja\u010dko-goransko pitanje\"}]},{\"@type\":\"WebSite\",\"@id\":\"https:\/\/sandzakpress.net\/arhiva\/#website\",\"url\":\"https:\/\/sandzakpress.net\/arhiva\/\",\"name\":\"Sand\u017eak PRESS\",\"description\":\"Prve elektronske novine u Sand\u017eaku\",\"publisher\":{\"@id\":\"https:\/\/sandzakpress.net\/arhiva\/#\/schema\/person\/6e72b67d6e51910a1117b3b483ba20bd\"},\"potentialAction\":[{\"@type\":\"SearchAction\",\"target\":{\"@type\":\"EntryPoint\",\"urlTemplate\":\"https:\/\/sandzakpress.net\/arhiva\/?s={search_term_string}\"},\"query-input\":{\"@type\":\"PropertyValueSpecification\",\"valueRequired\":true,\"valueName\":\"search_term_string\"}}],\"inLanguage\":\"bs-BA\"},{\"@type\":[\"Person\",\"Organization\"],\"@id\":\"https:\/\/sandzakpress.net\/arhiva\/#\/schema\/person\/6e72b67d6e51910a1117b3b483ba20bd\",\"name\":\"Kul\",\"image\":{\"@type\":\"ImageObject\",\"inLanguage\":\"bs-BA\",\"@id\":\"https:\/\/sandzakpress.net\/arhiva\/#\/schema\/person\/image\/\",\"url\":\"https:\/\/secure.gravatar.com\/avatar\/42263f39aa27ac04c43cab85c280eb2e?s=96&d=mm&r=pg\",\"contentUrl\":\"https:\/\/secure.gravatar.com\/avatar\/42263f39aa27ac04c43cab85c280eb2e?s=96&d=mm&r=pg\",\"caption\":\"Kul\"},\"logo\":{\"@id\":\"https:\/\/sandzakpress.net\/arhiva\/#\/schema\/person\/image\/\"}},{\"@type\":\"Person\",\"@id\":\"https:\/\/sandzakpress.net\/arhiva\/#\/schema\/person\/c8baee722073534b583ea7bdb2e36c02\",\"name\":\"bosniak\",\"image\":{\"@type\":\"ImageObject\",\"inLanguage\":\"bs-BA\",\"@id\":\"https:\/\/sandzakpress.net\/arhiva\/#\/schema\/person\/image\/\",\"url\":\"https:\/\/secure.gravatar.com\/avatar\/a04fd330bfe3a36a72a0ad4a6d89fca7?s=96&d=mm&r=pg\",\"contentUrl\":\"https:\/\/secure.gravatar.com\/avatar\/a04fd330bfe3a36a72a0ad4a6d89fca7?s=96&d=mm&r=pg\",\"caption\":\"bosniak\"},\"url\":\"https:\/\/sandzakpress.net\/arhiva\/author\/bosniak\/\"}]}<\/script>\n<!-- \/ Yoast SEO Premium plugin. -->","yoast_head_json":{"title":"Bo\u0161nja\u010dko-goransko pitanje","robots":{"index":"index","follow":"follow","max-snippet":"max-snippet:-1","max-image-preview":"max-image-preview:large","max-video-preview":"max-video-preview:-1"},"canonical":"https:\/\/sandzakpress.net\/arhiva\/bosnjacko-goransko-pitanje\/","og_locale":"bs_BA","og_type":"article","og_title":"Bo\u0161nja\u010dko-goransko pitanje","og_description":"Tarik Saliji","og_url":"https:\/\/sandzakpress.net\/arhiva\/bosnjacko-goransko-pitanje\/","og_site_name":"Sand\u017eak PRESS","article_published_time":"2015-03-21T10:19:04+00:00","og_image":[{"width":600,"height":401,"url":"https:\/\/sandzakpress.net\/arhiva\/wp-content\/uploads\/2015\/03\/bosnjaci-c4.jpg","type":"image\/jpeg"}],"author":"bosniak","twitter_card":"summary_large_image","twitter_misc":{"Written by":"bosniak","Est. reading time":"7 minuta"},"schema":{"@context":"https:\/\/schema.org","@graph":[{"@type":"Article","@id":"https:\/\/sandzakpress.net\/arhiva\/bosnjacko-goransko-pitanje\/#article","isPartOf":{"@id":"https:\/\/sandzakpress.net\/arhiva\/bosnjacko-goransko-pitanje\/"},"author":{"name":"bosniak","@id":"https:\/\/sandzakpress.net\/arhiva\/#\/schema\/person\/c8baee722073534b583ea7bdb2e36c02"},"headline":"Bo\u0161nja\u010dko-goransko pitanje","datePublished":"2015-03-21T10:19:04+00:00","mainEntityOfPage":{"@id":"https:\/\/sandzakpress.net\/arhiva\/bosnjacko-goransko-pitanje\/"},"wordCount":1503,"commentCount":88,"publisher":{"@id":"https:\/\/sandzakpress.net\/arhiva\/#\/schema\/person\/6e72b67d6e51910a1117b3b483ba20bd"},"image":{"@id":"https:\/\/sandzakpress.net\/arhiva\/bosnjacko-goransko-pitanje\/#primaryimage"},"thumbnailUrl":"https:\/\/sandzakpress.net\/arhiva\/wp-content\/uploads\/2015\/03\/bosnjaci-c4.jpg","articleSection":["Iz pera na\u0161ih autora"],"inLanguage":"bs-BA","potentialAction":[{"@type":"CommentAction","name":"Comment","target":["https:\/\/sandzakpress.net\/arhiva\/bosnjacko-goransko-pitanje\/#respond"]}]},{"@type":"WebPage","@id":"https:\/\/sandzakpress.net\/arhiva\/bosnjacko-goransko-pitanje\/","url":"https:\/\/sandzakpress.net\/arhiva\/bosnjacko-goransko-pitanje\/","name":"Bo\u0161nja\u010dko-goransko pitanje","isPartOf":{"@id":"https:\/\/sandzakpress.net\/arhiva\/#website"},"primaryImageOfPage":{"@id":"https:\/\/sandzakpress.net\/arhiva\/bosnjacko-goransko-pitanje\/#primaryimage"},"image":{"@id":"https:\/\/sandzakpress.net\/arhiva\/bosnjacko-goransko-pitanje\/#primaryimage"},"thumbnailUrl":"https:\/\/sandzakpress.net\/arhiva\/wp-content\/uploads\/2015\/03\/bosnjaci-c4.jpg","datePublished":"2015-03-21T10:19:04+00:00","breadcrumb":{"@id":"https:\/\/sandzakpress.net\/arhiva\/bosnjacko-goransko-pitanje\/#breadcrumb"},"inLanguage":"bs-BA","potentialAction":[{"@type":"ReadAction","target":["https:\/\/sandzakpress.net\/arhiva\/bosnjacko-goransko-pitanje\/"]}]},{"@type":"ImageObject","inLanguage":"bs-BA","@id":"https:\/\/sandzakpress.net\/arhiva\/bosnjacko-goransko-pitanje\/#primaryimage","url":"https:\/\/sandzakpress.net\/arhiva\/wp-content\/uploads\/2015\/03\/bosnjaci-c4.jpg","contentUrl":"https:\/\/sandzakpress.net\/arhiva\/wp-content\/uploads\/2015\/03\/bosnjaci-c4.jpg","width":600,"height":401},{"@type":"BreadcrumbList","@id":"https:\/\/sandzakpress.net\/arhiva\/bosnjacko-goransko-pitanje\/#breadcrumb","itemListElement":[{"@type":"ListItem","position":1,"name":"Home","item":"https:\/\/sandzakpress.net\/arhiva\/"},{"@type":"ListItem","position":2,"name":"Bo\u0161nja\u010dko-goransko pitanje"}]},{"@type":"WebSite","@id":"https:\/\/sandzakpress.net\/arhiva\/#website","url":"https:\/\/sandzakpress.net\/arhiva\/","name":"Sand\u017eak PRESS","description":"Prve elektronske novine u Sand\u017eaku","publisher":{"@id":"https:\/\/sandzakpress.net\/arhiva\/#\/schema\/person\/6e72b67d6e51910a1117b3b483ba20bd"},"potentialAction":[{"@type":"SearchAction","target":{"@type":"EntryPoint","urlTemplate":"https:\/\/sandzakpress.net\/arhiva\/?s={search_term_string}"},"query-input":{"@type":"PropertyValueSpecification","valueRequired":true,"valueName":"search_term_string"}}],"inLanguage":"bs-BA"},{"@type":["Person","Organization"],"@id":"https:\/\/sandzakpress.net\/arhiva\/#\/schema\/person\/6e72b67d6e51910a1117b3b483ba20bd","name":"Kul","image":{"@type":"ImageObject","inLanguage":"bs-BA","@id":"https:\/\/sandzakpress.net\/arhiva\/#\/schema\/person\/image\/","url":"https:\/\/secure.gravatar.com\/avatar\/42263f39aa27ac04c43cab85c280eb2e?s=96&d=mm&r=pg","contentUrl":"https:\/\/secure.gravatar.com\/avatar\/42263f39aa27ac04c43cab85c280eb2e?s=96&d=mm&r=pg","caption":"Kul"},"logo":{"@id":"https:\/\/sandzakpress.net\/arhiva\/#\/schema\/person\/image\/"}},{"@type":"Person","@id":"https:\/\/sandzakpress.net\/arhiva\/#\/schema\/person\/c8baee722073534b583ea7bdb2e36c02","name":"bosniak","image":{"@type":"ImageObject","inLanguage":"bs-BA","@id":"https:\/\/sandzakpress.net\/arhiva\/#\/schema\/person\/image\/","url":"https:\/\/secure.gravatar.com\/avatar\/a04fd330bfe3a36a72a0ad4a6d89fca7?s=96&d=mm&r=pg","contentUrl":"https:\/\/secure.gravatar.com\/avatar\/a04fd330bfe3a36a72a0ad4a6d89fca7?s=96&d=mm&r=pg","caption":"bosniak"},"url":"https:\/\/sandzakpress.net\/arhiva\/author\/bosniak\/"}]}},"_links":{"self":[{"href":"https:\/\/sandzakpress.net\/arhiva\/wp-json\/wp\/v2\/posts\/125308"}],"collection":[{"href":"https:\/\/sandzakpress.net\/arhiva\/wp-json\/wp\/v2\/posts"}],"about":[{"href":"https:\/\/sandzakpress.net\/arhiva\/wp-json\/wp\/v2\/types\/post"}],"author":[{"embeddable":true,"href":"https:\/\/sandzakpress.net\/arhiva\/wp-json\/wp\/v2\/users\/83"}],"replies":[{"embeddable":true,"href":"https:\/\/sandzakpress.net\/arhiva\/wp-json\/wp\/v2\/comments?post=125308"}],"version-history":[{"count":0,"href":"https:\/\/sandzakpress.net\/arhiva\/wp-json\/wp\/v2\/posts\/125308\/revisions"}],"wp:featuredmedia":[{"embeddable":true,"href":"https:\/\/sandzakpress.net\/arhiva\/wp-json\/wp\/v2\/media\/125309"}],"wp:attachment":[{"href":"https:\/\/sandzakpress.net\/arhiva\/wp-json\/wp\/v2\/media?parent=125308"}],"wp:term":[{"taxonomy":"category","embeddable":true,"href":"https:\/\/sandzakpress.net\/arhiva\/wp-json\/wp\/v2\/categories?post=125308"},{"taxonomy":"post_tag","embeddable":true,"href":"https:\/\/sandzakpress.net\/arhiva\/wp-json\/wp\/v2\/tags?post=125308"}],"curies":[{"name":"wp","href":"https:\/\/api.w.org\/{rel}","templated":true}]}}