{"id":125296,"date":"2015-03-21T10:41:00","date_gmt":"2015-03-21T09:41:00","guid":{"rendered":"https:\/\/sandzakpress.net\/arhiva\/?p=125296"},"modified":"2015-03-21T11:27:11","modified_gmt":"2015-03-21T10:27:11","slug":"katakombe-u-jajcu-spomenik-pod-zemljom-u-kojem-se-skrivao-i-tito","status":"publish","type":"post","link":"https:\/\/sandzakpress.net\/arhiva\/katakombe-u-jajcu-spomenik-pod-zemljom-u-kojem-se-skrivao-i-tito\/","title":{"rendered":"Katakombe u Jajcu: Spomenik pod zemljom u kojem se skrivao i Tito"},"content":{"rendered":"<p><img decoding=\"async\" src=\"http:\/\/www.trt.net.tr\/bosanski\/fotograf\/haberler\/detay\/katakombe-u-jajcu-spomenik-pod-zemljom-u-koje_trt-bosanski-40682.jpg\" alt=\"katakombe-u-jajcu-spomenik-pod-zemljom-u-koje\" \/><\/p>\n<p><strong>BiH &#8211; Katakombe ili podzemna crkva isklesana u stijeni prije vi\u0161e od 600 godina ostala je jedan od najzanimljivijih spomenika na podru\u010dju Jajca &#8211; Kraljevskog grada. Mijenjali su se kraljevi, vlasti, grad su napadali, branio se, bio osvajan i mijenjan&#8230; Me\u0111utim, Katakombe su bile zanimljive kroz cijelu historiju. <\/strong><\/p>\n<p>U periodu krajem 14. i po\u010detkom 15. stolje\u0107a, mo\u0107ni vojvoda Hrvoje Vuk\u010di\u0107 Hrvatini\u0107, koji je bio osniva\u010d grada Jajca, dao je nalog da se iskle\u0161u Katakombe kao mjesto posljednjeg prebivali\u0161ta vojvodske porodice Hrvatini\u0107a.<\/p>\n<p>Hrvatini\u0107 je usporedo sa izgradnjom grada dao isklesati Katakombe ili podzemnu crkvu. Namjena je bila da se u ovoj crkvi sahrane on i njegova porodica. Me\u0111utim, nikad niko nije sahranjen. Postoje neke verzije zbog \u010dega je to tako ali Hrvoje je 1416. godine umro u Kotor Varo\u0161u.<\/p>\n<p>Katakombe u Jajcu godi\u0161nje posjeti izme\u0111u 13.000 i 16.000 turista iz BiH, susjednih ali i drugih evropskih zemalja. Na ulazu u podzemnu crkvu nalazi se i plo\u010da na kojoj pi\u0161e: U jesen 1943. godine ovdje je povremeno boravio i radio vrhovni komandant Narodno-oslobodila\u010dke vojske partizanskih odreda Jugoslavije Josip Broz Tito&#8221;.<\/p>\n<p>Postoji i legenda me\u0111u gra\u0111anima Jajca da su Katakombe na neki na\u010din \u010duvale i \u017eivot Tita.<\/p>\n<p>Amir Ba\u0161imamovi\u0107, turisti\u010dki vodi\u010d u Javnoj ustanovi &#8220;Agencija za kulturno-povijesnu i prirodnu ba\u0161tinu i razvoj turisti\u010dkih potencijala grada Jajca&#8221; kazao je u razgovoru za Anadolu Agency (AA) da je istina da je u Katakombama radio i skrivao se Josip Broz Tito prilikom Drugog svjetskog rata.<\/p>\n<p>&#8220;Postoji legenda da je Katakombama bio i tunel koji je vodio iz jedne prostorije unutar podzemne crkve prema vodopadu. Nema pisanih dokumenata o tome ali se mo\u017ee re\u0107i da su Katakombe u jednom periodu \u010duvale i \u017eivot Tita. Nema tragova tog tunela ali je legenda duboko usa\u0111ena u narodu&#8221;, ispri\u010dao je Ba\u0161imamovi\u0107 za AA.<\/p>\n<p>Nakon silaska niz stepenice ekipa AA ulazi u svijet prije 600 godina. Isklesani kamen osvijetljen je malim lampama. Svaki detalj pri\u010da svoju pri\u010du.<\/p>\n<p>U predvorju na zidovima stijene, nalaze se nedovr\u0161eni reljefi Hrvoja i Hrvojevog grba, te isklesana \u017eenska figura s ljiljanima u ruci.<\/p>\n<p>Iz predvorja se ulazi u crkvu gra\u0111enu u romani\u010dkom stilu, a zasvo\u0111enu u goti\u010dkom. Uz bo\u010dne zidove, u podu, nalaze se grobnice u koje niko nije sahranjen. U crkvi se nalazi i isklesan dvostruki krst, a desno i lijevo od njega sunce i polumjesec &#8211; stari simboli kulta smrti, zagrobnog \u017eivota i vje\u010dnog sna.<\/p>\n<p>Iz sredine ili glavne prostorije stepenicama se spu\u0161ta u jo\u0161 jednu prostoriju, neku vrstu kripte. Cijelu sredinu kripte zauzima oltar sa perforacijom u obliku dvostrukog krsta, polumjesecom i suncem.<\/p>\n<p>Katakombe su 2003. godine progla\u0161ene nacionalnim spomenikom BiH.<\/p>\n<p>&#8220;Rije\u010d je o jednom od najzanimljivijih spomenika. Jedini spomenik u Jajcu koji je napravljen pod zemljom&#8221;, kazao je Ba\u0161imamovi\u0107.<\/p>\n<p>Zanimljiva je bila kroz cijelu historiju.<\/p>\n<p>&#8220;Za Osmanski period se ve\u017ee legenda koja ka\u017ee da je u podzemnoj crkvi 40 dana bio zatvoren jedan dervi\u0161. Smatralo se da \u0107e postati evlija- sveti. Tih 40 dana je bio samo na vodi i hljebu i toliko je bio slab da ga je narod i smatrao evlijom&#8221;, ispri\u010dao je Ba\u0161imamovi\u0107.<\/p>\n<p>Tek dolaskom Austrougara pojavljuje se zanimanje za turizam.<\/p>\n<p>&#8220;Jedan trgovac je unutar Katakombi skladi\u0161tio pivu jer je unutar podzemne crkve tokom cijele godine temperatura oko 10 stepeni Celzijusa&#8221;, kazao je Ba\u0161imamovi\u0107 za AA.<\/p>\n<p>Katakombe su bile zanimljive i u Drugom svjetskom ratu, pred Drugo zasjedanje AVNOJ-a koje je odr\u017eano u ovom gradu. Me\u0111utim, Ba\u0161imamovi\u0107 napominje da nisu poput onih u Rimu.<\/p>\n<p>&#8220;One u Rimu su iz 2. i 3. stolje\u0107a. Ove su iz srednjeg vijeka i radi se o podzemnoj grobnoj crkvi koja je u narodu dobila ime Katakombe&#8221;, istakao je Ba\u0161imamovi\u0107.<\/p>\n<p>Dok obilazimo unutra\u0161njost Katakombi pojavljuju se i turisti. Ima ih jako puno, pri\u010da Ba\u0161imamovi\u0107, posebno u ljetnom periodu.<\/p>\n<p>&#8220;Naj\u010de\u0161\u0107i turisti su iz BiH, zatim Slovenci, zbog povezanosti sa AVNOJ-om i Josipom Brozom Titom, ali i turisti iz ostalih susjednih i evropskih zemalja. Zna se dogoditi da imamo posjete i turista iz Brazila&#8221;, ispri\u010dao je Ba\u0161imamovi\u0107.<\/p>\n<p>Trijem na Katakombama je gra\u0111en po\u010detkom 20. stolje\u0107a, po uzoru na neke rimske katakombe.<\/p>\n<p>(Trt)<\/p>\n","protected":false},"excerpt":{"rendered":"<p>BiH &#8211; Katakombe ili podzemna crkva isklesana u stijeni prije vi\u0161e od 600 godina ostala je jedan od najzanimljivijih spomenika na podru\u010dju Jajca &#8211; Kraljevskog grada. Mijenjali su se kraljevi, vlasti, grad su napadali, branio se, bio osvajan i mijenjan&#8230; Me\u0111utim, Katakombe su bile zanimljive kroz cijelu historiju. U periodu krajem 14. i po\u010detkom 15. [&hellip;]<\/p>\n","protected":false},"author":83,"featured_media":125297,"comment_status":"open","ping_status":"open","sticky":false,"template":"","format":"standard","meta":{"footnotes":""},"categories":[2860,5],"tags":[],"class_list":{"0":"post-125296","1":"post","2":"type-post","3":"status-publish","4":"format-standard","5":"has-post-thumbnail","7":"category-bosna-i-hercegovina-gradovi","8":"category-drustvo"},"yoast_head":"<!-- This site is optimized with the Yoast SEO Premium plugin v23.1 (Yoast SEO v24.9) - https:\/\/yoast.com\/wordpress\/plugins\/seo\/ -->\n<title>Katakombe u Jajcu: Spomenik pod zemljom u kojem se skrivao i Tito<\/title>\n<meta name=\"robots\" content=\"index, follow, max-snippet:-1, max-image-preview:large, max-video-preview:-1\" \/>\n<link rel=\"canonical\" href=\"https:\/\/sandzakpress.net\/arhiva\/katakombe-u-jajcu-spomenik-pod-zemljom-u-kojem-se-skrivao-i-tito\/\" \/>\n<meta property=\"og:locale\" content=\"bs_BA\" \/>\n<meta property=\"og:type\" content=\"article\" \/>\n<meta property=\"og:title\" content=\"Katakombe u Jajcu: Spomenik pod zemljom u kojem se skrivao i Tito\" \/>\n<meta property=\"og:description\" content=\"BiH &#8211; Katakombe ili podzemna crkva isklesana u stijeni prije vi\u0161e od 600 godina ostala je jedan od najzanimljivijih spomenika na podru\u010dju Jajca &#8211; Kraljevskog grada. Mijenjali su se kraljevi, vlasti, grad su napadali, branio se, bio osvajan i mijenjan&#8230; Me\u0111utim, Katakombe su bile zanimljive kroz cijelu historiju. U periodu krajem 14. i po\u010detkom 15. [&hellip;]\" \/>\n<meta property=\"og:url\" content=\"https:\/\/sandzakpress.net\/arhiva\/katakombe-u-jajcu-spomenik-pod-zemljom-u-kojem-se-skrivao-i-tito\/\" \/>\n<meta property=\"og:site_name\" content=\"Sand\u017eak PRESS\" \/>\n<meta property=\"article:published_time\" content=\"2015-03-21T09:41:00+00:00\" \/>\n<meta property=\"article:modified_time\" content=\"2015-03-21T10:27:11+00:00\" \/>\n<meta property=\"og:image\" content=\"https:\/\/sandzakpress.net\/arhiva\/wp-content\/uploads\/2015\/03\/katakombe-u-jajcu-spomenik-pod-zemljom-u-koje_trt-bosanski-40682.jpg\" \/>\n\t<meta property=\"og:image:width\" content=\"600\" \/>\n\t<meta property=\"og:image:height\" content=\"401\" \/>\n\t<meta property=\"og:image:type\" content=\"image\/jpeg\" \/>\n<meta name=\"author\" content=\"bosniak\" \/>\n<meta name=\"twitter:card\" content=\"summary_large_image\" \/>\n<meta name=\"twitter:label1\" content=\"Written by\" \/>\n\t<meta name=\"twitter:data1\" content=\"bosniak\" \/>\n\t<meta name=\"twitter:label2\" content=\"Est. reading time\" \/>\n\t<meta name=\"twitter:data2\" content=\"4 minute\" \/>\n<script type=\"application\/ld+json\" class=\"yoast-schema-graph\">{\"@context\":\"https:\/\/schema.org\",\"@graph\":[{\"@type\":\"Article\",\"@id\":\"https:\/\/sandzakpress.net\/arhiva\/katakombe-u-jajcu-spomenik-pod-zemljom-u-kojem-se-skrivao-i-tito\/#article\",\"isPartOf\":{\"@id\":\"https:\/\/sandzakpress.net\/arhiva\/katakombe-u-jajcu-spomenik-pod-zemljom-u-kojem-se-skrivao-i-tito\/\"},\"author\":{\"name\":\"bosniak\",\"@id\":\"https:\/\/sandzakpress.net\/arhiva\/#\/schema\/person\/c8baee722073534b583ea7bdb2e36c02\"},\"headline\":\"Katakombe u Jajcu: Spomenik pod zemljom u kojem se skrivao i Tito\",\"datePublished\":\"2015-03-21T09:41:00+00:00\",\"dateModified\":\"2015-03-21T10:27:11+00:00\",\"mainEntityOfPage\":{\"@id\":\"https:\/\/sandzakpress.net\/arhiva\/katakombe-u-jajcu-spomenik-pod-zemljom-u-kojem-se-skrivao-i-tito\/\"},\"wordCount\":725,\"commentCount\":0,\"publisher\":{\"@id\":\"https:\/\/sandzakpress.net\/arhiva\/#\/schema\/person\/6e72b67d6e51910a1117b3b483ba20bd\"},\"image\":{\"@id\":\"https:\/\/sandzakpress.net\/arhiva\/katakombe-u-jajcu-spomenik-pod-zemljom-u-kojem-se-skrivao-i-tito\/#primaryimage\"},\"thumbnailUrl\":\"https:\/\/sandzakpress.net\/arhiva\/wp-content\/uploads\/2015\/03\/katakombe-u-jajcu-spomenik-pod-zemljom-u-koje_trt-bosanski-40682.jpg\",\"articleSection\":[\"Bosna i Hercegovina\",\"Dru\u0161tvo\"],\"inLanguage\":\"bs-BA\",\"potentialAction\":[{\"@type\":\"CommentAction\",\"name\":\"Comment\",\"target\":[\"https:\/\/sandzakpress.net\/arhiva\/katakombe-u-jajcu-spomenik-pod-zemljom-u-kojem-se-skrivao-i-tito\/#respond\"]}]},{\"@type\":\"WebPage\",\"@id\":\"https:\/\/sandzakpress.net\/arhiva\/katakombe-u-jajcu-spomenik-pod-zemljom-u-kojem-se-skrivao-i-tito\/\",\"url\":\"https:\/\/sandzakpress.net\/arhiva\/katakombe-u-jajcu-spomenik-pod-zemljom-u-kojem-se-skrivao-i-tito\/\",\"name\":\"Katakombe u Jajcu: Spomenik pod zemljom u kojem se skrivao i Tito\",\"isPartOf\":{\"@id\":\"https:\/\/sandzakpress.net\/arhiva\/#website\"},\"primaryImageOfPage\":{\"@id\":\"https:\/\/sandzakpress.net\/arhiva\/katakombe-u-jajcu-spomenik-pod-zemljom-u-kojem-se-skrivao-i-tito\/#primaryimage\"},\"image\":{\"@id\":\"https:\/\/sandzakpress.net\/arhiva\/katakombe-u-jajcu-spomenik-pod-zemljom-u-kojem-se-skrivao-i-tito\/#primaryimage\"},\"thumbnailUrl\":\"https:\/\/sandzakpress.net\/arhiva\/wp-content\/uploads\/2015\/03\/katakombe-u-jajcu-spomenik-pod-zemljom-u-koje_trt-bosanski-40682.jpg\",\"datePublished\":\"2015-03-21T09:41:00+00:00\",\"dateModified\":\"2015-03-21T10:27:11+00:00\",\"breadcrumb\":{\"@id\":\"https:\/\/sandzakpress.net\/arhiva\/katakombe-u-jajcu-spomenik-pod-zemljom-u-kojem-se-skrivao-i-tito\/#breadcrumb\"},\"inLanguage\":\"bs-BA\",\"potentialAction\":[{\"@type\":\"ReadAction\",\"target\":[\"https:\/\/sandzakpress.net\/arhiva\/katakombe-u-jajcu-spomenik-pod-zemljom-u-kojem-se-skrivao-i-tito\/\"]}]},{\"@type\":\"ImageObject\",\"inLanguage\":\"bs-BA\",\"@id\":\"https:\/\/sandzakpress.net\/arhiva\/katakombe-u-jajcu-spomenik-pod-zemljom-u-kojem-se-skrivao-i-tito\/#primaryimage\",\"url\":\"https:\/\/sandzakpress.net\/arhiva\/wp-content\/uploads\/2015\/03\/katakombe-u-jajcu-spomenik-pod-zemljom-u-koje_trt-bosanski-40682.jpg\",\"contentUrl\":\"https:\/\/sandzakpress.net\/arhiva\/wp-content\/uploads\/2015\/03\/katakombe-u-jajcu-spomenik-pod-zemljom-u-koje_trt-bosanski-40682.jpg\",\"width\":600,\"height\":401},{\"@type\":\"BreadcrumbList\",\"@id\":\"https:\/\/sandzakpress.net\/arhiva\/katakombe-u-jajcu-spomenik-pod-zemljom-u-kojem-se-skrivao-i-tito\/#breadcrumb\",\"itemListElement\":[{\"@type\":\"ListItem\",\"position\":1,\"name\":\"Home\",\"item\":\"https:\/\/sandzakpress.net\/arhiva\/\"},{\"@type\":\"ListItem\",\"position\":2,\"name\":\"Katakombe u Jajcu: Spomenik pod zemljom u kojem se skrivao i Tito\"}]},{\"@type\":\"WebSite\",\"@id\":\"https:\/\/sandzakpress.net\/arhiva\/#website\",\"url\":\"https:\/\/sandzakpress.net\/arhiva\/\",\"name\":\"Sand\u017eak PRESS\",\"description\":\"Prve elektronske novine u Sand\u017eaku\",\"publisher\":{\"@id\":\"https:\/\/sandzakpress.net\/arhiva\/#\/schema\/person\/6e72b67d6e51910a1117b3b483ba20bd\"},\"potentialAction\":[{\"@type\":\"SearchAction\",\"target\":{\"@type\":\"EntryPoint\",\"urlTemplate\":\"https:\/\/sandzakpress.net\/arhiva\/?s={search_term_string}\"},\"query-input\":{\"@type\":\"PropertyValueSpecification\",\"valueRequired\":true,\"valueName\":\"search_term_string\"}}],\"inLanguage\":\"bs-BA\"},{\"@type\":[\"Person\",\"Organization\"],\"@id\":\"https:\/\/sandzakpress.net\/arhiva\/#\/schema\/person\/6e72b67d6e51910a1117b3b483ba20bd\",\"name\":\"Kul\",\"image\":{\"@type\":\"ImageObject\",\"inLanguage\":\"bs-BA\",\"@id\":\"https:\/\/sandzakpress.net\/arhiva\/#\/schema\/person\/image\/\",\"url\":\"https:\/\/secure.gravatar.com\/avatar\/42263f39aa27ac04c43cab85c280eb2e?s=96&d=mm&r=pg\",\"contentUrl\":\"https:\/\/secure.gravatar.com\/avatar\/42263f39aa27ac04c43cab85c280eb2e?s=96&d=mm&r=pg\",\"caption\":\"Kul\"},\"logo\":{\"@id\":\"https:\/\/sandzakpress.net\/arhiva\/#\/schema\/person\/image\/\"}},{\"@type\":\"Person\",\"@id\":\"https:\/\/sandzakpress.net\/arhiva\/#\/schema\/person\/c8baee722073534b583ea7bdb2e36c02\",\"name\":\"bosniak\",\"image\":{\"@type\":\"ImageObject\",\"inLanguage\":\"bs-BA\",\"@id\":\"https:\/\/sandzakpress.net\/arhiva\/#\/schema\/person\/image\/\",\"url\":\"https:\/\/secure.gravatar.com\/avatar\/a04fd330bfe3a36a72a0ad4a6d89fca7?s=96&d=mm&r=pg\",\"contentUrl\":\"https:\/\/secure.gravatar.com\/avatar\/a04fd330bfe3a36a72a0ad4a6d89fca7?s=96&d=mm&r=pg\",\"caption\":\"bosniak\"},\"url\":\"https:\/\/sandzakpress.net\/arhiva\/author\/bosniak\/\"}]}<\/script>\n<!-- \/ Yoast SEO Premium plugin. -->","yoast_head_json":{"title":"Katakombe u Jajcu: Spomenik pod zemljom u kojem se skrivao i Tito","robots":{"index":"index","follow":"follow","max-snippet":"max-snippet:-1","max-image-preview":"max-image-preview:large","max-video-preview":"max-video-preview:-1"},"canonical":"https:\/\/sandzakpress.net\/arhiva\/katakombe-u-jajcu-spomenik-pod-zemljom-u-kojem-se-skrivao-i-tito\/","og_locale":"bs_BA","og_type":"article","og_title":"Katakombe u Jajcu: Spomenik pod zemljom u kojem se skrivao i Tito","og_description":"BiH &#8211; Katakombe ili podzemna crkva isklesana u stijeni prije vi\u0161e od 600 godina ostala je jedan od najzanimljivijih spomenika na podru\u010dju Jajca &#8211; Kraljevskog grada. Mijenjali su se kraljevi, vlasti, grad su napadali, branio se, bio osvajan i mijenjan&#8230; Me\u0111utim, Katakombe su bile zanimljive kroz cijelu historiju. U periodu krajem 14. i po\u010detkom 15. [&hellip;]","og_url":"https:\/\/sandzakpress.net\/arhiva\/katakombe-u-jajcu-spomenik-pod-zemljom-u-kojem-se-skrivao-i-tito\/","og_site_name":"Sand\u017eak PRESS","article_published_time":"2015-03-21T09:41:00+00:00","article_modified_time":"2015-03-21T10:27:11+00:00","og_image":[{"width":600,"height":401,"url":"https:\/\/sandzakpress.net\/arhiva\/wp-content\/uploads\/2015\/03\/katakombe-u-jajcu-spomenik-pod-zemljom-u-koje_trt-bosanski-40682.jpg","type":"image\/jpeg"}],"author":"bosniak","twitter_card":"summary_large_image","twitter_misc":{"Written by":"bosniak","Est. reading time":"4 minute"},"schema":{"@context":"https:\/\/schema.org","@graph":[{"@type":"Article","@id":"https:\/\/sandzakpress.net\/arhiva\/katakombe-u-jajcu-spomenik-pod-zemljom-u-kojem-se-skrivao-i-tito\/#article","isPartOf":{"@id":"https:\/\/sandzakpress.net\/arhiva\/katakombe-u-jajcu-spomenik-pod-zemljom-u-kojem-se-skrivao-i-tito\/"},"author":{"name":"bosniak","@id":"https:\/\/sandzakpress.net\/arhiva\/#\/schema\/person\/c8baee722073534b583ea7bdb2e36c02"},"headline":"Katakombe u Jajcu: Spomenik pod zemljom u kojem se skrivao i Tito","datePublished":"2015-03-21T09:41:00+00:00","dateModified":"2015-03-21T10:27:11+00:00","mainEntityOfPage":{"@id":"https:\/\/sandzakpress.net\/arhiva\/katakombe-u-jajcu-spomenik-pod-zemljom-u-kojem-se-skrivao-i-tito\/"},"wordCount":725,"commentCount":0,"publisher":{"@id":"https:\/\/sandzakpress.net\/arhiva\/#\/schema\/person\/6e72b67d6e51910a1117b3b483ba20bd"},"image":{"@id":"https:\/\/sandzakpress.net\/arhiva\/katakombe-u-jajcu-spomenik-pod-zemljom-u-kojem-se-skrivao-i-tito\/#primaryimage"},"thumbnailUrl":"https:\/\/sandzakpress.net\/arhiva\/wp-content\/uploads\/2015\/03\/katakombe-u-jajcu-spomenik-pod-zemljom-u-koje_trt-bosanski-40682.jpg","articleSection":["Bosna i Hercegovina","Dru\u0161tvo"],"inLanguage":"bs-BA","potentialAction":[{"@type":"CommentAction","name":"Comment","target":["https:\/\/sandzakpress.net\/arhiva\/katakombe-u-jajcu-spomenik-pod-zemljom-u-kojem-se-skrivao-i-tito\/#respond"]}]},{"@type":"WebPage","@id":"https:\/\/sandzakpress.net\/arhiva\/katakombe-u-jajcu-spomenik-pod-zemljom-u-kojem-se-skrivao-i-tito\/","url":"https:\/\/sandzakpress.net\/arhiva\/katakombe-u-jajcu-spomenik-pod-zemljom-u-kojem-se-skrivao-i-tito\/","name":"Katakombe u Jajcu: Spomenik pod zemljom u kojem se skrivao i Tito","isPartOf":{"@id":"https:\/\/sandzakpress.net\/arhiva\/#website"},"primaryImageOfPage":{"@id":"https:\/\/sandzakpress.net\/arhiva\/katakombe-u-jajcu-spomenik-pod-zemljom-u-kojem-se-skrivao-i-tito\/#primaryimage"},"image":{"@id":"https:\/\/sandzakpress.net\/arhiva\/katakombe-u-jajcu-spomenik-pod-zemljom-u-kojem-se-skrivao-i-tito\/#primaryimage"},"thumbnailUrl":"https:\/\/sandzakpress.net\/arhiva\/wp-content\/uploads\/2015\/03\/katakombe-u-jajcu-spomenik-pod-zemljom-u-koje_trt-bosanski-40682.jpg","datePublished":"2015-03-21T09:41:00+00:00","dateModified":"2015-03-21T10:27:11+00:00","breadcrumb":{"@id":"https:\/\/sandzakpress.net\/arhiva\/katakombe-u-jajcu-spomenik-pod-zemljom-u-kojem-se-skrivao-i-tito\/#breadcrumb"},"inLanguage":"bs-BA","potentialAction":[{"@type":"ReadAction","target":["https:\/\/sandzakpress.net\/arhiva\/katakombe-u-jajcu-spomenik-pod-zemljom-u-kojem-se-skrivao-i-tito\/"]}]},{"@type":"ImageObject","inLanguage":"bs-BA","@id":"https:\/\/sandzakpress.net\/arhiva\/katakombe-u-jajcu-spomenik-pod-zemljom-u-kojem-se-skrivao-i-tito\/#primaryimage","url":"https:\/\/sandzakpress.net\/arhiva\/wp-content\/uploads\/2015\/03\/katakombe-u-jajcu-spomenik-pod-zemljom-u-koje_trt-bosanski-40682.jpg","contentUrl":"https:\/\/sandzakpress.net\/arhiva\/wp-content\/uploads\/2015\/03\/katakombe-u-jajcu-spomenik-pod-zemljom-u-koje_trt-bosanski-40682.jpg","width":600,"height":401},{"@type":"BreadcrumbList","@id":"https:\/\/sandzakpress.net\/arhiva\/katakombe-u-jajcu-spomenik-pod-zemljom-u-kojem-se-skrivao-i-tito\/#breadcrumb","itemListElement":[{"@type":"ListItem","position":1,"name":"Home","item":"https:\/\/sandzakpress.net\/arhiva\/"},{"@type":"ListItem","position":2,"name":"Katakombe u Jajcu: Spomenik pod zemljom u kojem se skrivao i Tito"}]},{"@type":"WebSite","@id":"https:\/\/sandzakpress.net\/arhiva\/#website","url":"https:\/\/sandzakpress.net\/arhiva\/","name":"Sand\u017eak PRESS","description":"Prve elektronske novine u Sand\u017eaku","publisher":{"@id":"https:\/\/sandzakpress.net\/arhiva\/#\/schema\/person\/6e72b67d6e51910a1117b3b483ba20bd"},"potentialAction":[{"@type":"SearchAction","target":{"@type":"EntryPoint","urlTemplate":"https:\/\/sandzakpress.net\/arhiva\/?s={search_term_string}"},"query-input":{"@type":"PropertyValueSpecification","valueRequired":true,"valueName":"search_term_string"}}],"inLanguage":"bs-BA"},{"@type":["Person","Organization"],"@id":"https:\/\/sandzakpress.net\/arhiva\/#\/schema\/person\/6e72b67d6e51910a1117b3b483ba20bd","name":"Kul","image":{"@type":"ImageObject","inLanguage":"bs-BA","@id":"https:\/\/sandzakpress.net\/arhiva\/#\/schema\/person\/image\/","url":"https:\/\/secure.gravatar.com\/avatar\/42263f39aa27ac04c43cab85c280eb2e?s=96&d=mm&r=pg","contentUrl":"https:\/\/secure.gravatar.com\/avatar\/42263f39aa27ac04c43cab85c280eb2e?s=96&d=mm&r=pg","caption":"Kul"},"logo":{"@id":"https:\/\/sandzakpress.net\/arhiva\/#\/schema\/person\/image\/"}},{"@type":"Person","@id":"https:\/\/sandzakpress.net\/arhiva\/#\/schema\/person\/c8baee722073534b583ea7bdb2e36c02","name":"bosniak","image":{"@type":"ImageObject","inLanguage":"bs-BA","@id":"https:\/\/sandzakpress.net\/arhiva\/#\/schema\/person\/image\/","url":"https:\/\/secure.gravatar.com\/avatar\/a04fd330bfe3a36a72a0ad4a6d89fca7?s=96&d=mm&r=pg","contentUrl":"https:\/\/secure.gravatar.com\/avatar\/a04fd330bfe3a36a72a0ad4a6d89fca7?s=96&d=mm&r=pg","caption":"bosniak"},"url":"https:\/\/sandzakpress.net\/arhiva\/author\/bosniak\/"}]}},"_links":{"self":[{"href":"https:\/\/sandzakpress.net\/arhiva\/wp-json\/wp\/v2\/posts\/125296"}],"collection":[{"href":"https:\/\/sandzakpress.net\/arhiva\/wp-json\/wp\/v2\/posts"}],"about":[{"href":"https:\/\/sandzakpress.net\/arhiva\/wp-json\/wp\/v2\/types\/post"}],"author":[{"embeddable":true,"href":"https:\/\/sandzakpress.net\/arhiva\/wp-json\/wp\/v2\/users\/83"}],"replies":[{"embeddable":true,"href":"https:\/\/sandzakpress.net\/arhiva\/wp-json\/wp\/v2\/comments?post=125296"}],"version-history":[{"count":0,"href":"https:\/\/sandzakpress.net\/arhiva\/wp-json\/wp\/v2\/posts\/125296\/revisions"}],"wp:featuredmedia":[{"embeddable":true,"href":"https:\/\/sandzakpress.net\/arhiva\/wp-json\/wp\/v2\/media\/125297"}],"wp:attachment":[{"href":"https:\/\/sandzakpress.net\/arhiva\/wp-json\/wp\/v2\/media?parent=125296"}],"wp:term":[{"taxonomy":"category","embeddable":true,"href":"https:\/\/sandzakpress.net\/arhiva\/wp-json\/wp\/v2\/categories?post=125296"},{"taxonomy":"post_tag","embeddable":true,"href":"https:\/\/sandzakpress.net\/arhiva\/wp-json\/wp\/v2\/tags?post=125296"}],"curies":[{"name":"wp","href":"https:\/\/api.w.org\/{rel}","templated":true}]}}