{"id":125201,"date":"2015-03-20T10:17:12","date_gmt":"2015-03-20T09:17:12","guid":{"rendered":"https:\/\/sandzakpress.net\/arhiva\/?p=125201"},"modified":"2015-03-20T10:17:12","modified_gmt":"2015-03-20T09:17:12","slug":"u-australiji-ubijena-djevojka-porijeklom-iz-bijelog-polja","status":"publish","type":"post","link":"https:\/\/sandzakpress.net\/arhiva\/u-australiji-ubijena-djevojka-porijeklom-iz-bijelog-polja\/","title":{"rendered":"U Australiji ubijena djevojka porijeklom iz Bijelog Polja"},"content":{"rendered":"<p><img decoding=\"async\" src=\"http:\/\/www.sandzacke.rs\/wp-content\/uploads\/2015\/03\/Masa-Vukotic-620x400.jpg\" alt=\"Masa Vukotic\" \/><\/p>\n<p><strong>Australija &#8211; Ma\u0161a Vukoti\u0107 (17), porijeklom iz Bijelog Polja, u utorak je na smrt izbodena u parku u blizinu svoje ku\u0107e u Stanton ulici u Doncasteru, predgra\u0111u Melburna.<\/strong><\/p>\n<p>Njeno tijelo prona\u0111eno je u blizini pje\u0161a\u010dkog mosta, oko 500 metara daleko od ku\u0107e, po\u0161to su kom\u0161ije \u010dule vrisku i vidjele \u010dovjeka kako bje\u017ei.<\/p>\n<p>Bolni\u010dari su ubrzo stigli, ali nijesu mogli da pomognu nesre\u0107noj djevojci koja je zadobila ubode u gornjem dijelu tijela.<\/p>\n<p>Australijski mediji prenose da je Ma\u0161a bila u \u0161etnji u parku u blizini ku\u0107e. Pretpostavlja se da je nosila slu\u0161alice i da nije \u010dula ubicu.<\/p>\n<p>Osumnji\u010deni za ubistvo je dvadesetogodi\u0161nji mu\u0161karac i policija traga za njim.<\/p>\n<p>Na snimku sigurnosne kamere vidi se mu\u0161karac u bijegu obu\u010den u crno sa bijelom najlon kesom u kojoj je, pretpostavlja se, oru\u017eje kojim je po\u010dinio ubistvo.<\/p>\n<p>Na novim slikama koje je policija objavila on ulazi u autobus, obu\u010den u crvenu ko\u0161ulju, crne pantalone i bijele patike. Snimak je napravljen nekoliko minuta nakon \u0161to je snimljen u blizini mjesta zlo\u010dina.<\/p>\n<p>Policija je od stanara Stanton ulice zahtijevala da u no\u0107i izme\u0111u utorka i srijede ostanu u ku\u0107ama, dok su podru\u010dje pretra\u017eivali helikopteri iz vazduha, a policajci sa psima traga\u010dima na zemlji.<\/p>\n<p>Na mjestu gdje je Ma\u0161a stradala drugovi iz \u0161kole su polo\u017eili cvije\u0107e i oplakivali svoju drugaricu.<\/p>\n<p>Direktor Canterbury Girls\u2019 Secondary College, koji je Ma\u0161a poha\u0111ala, dr Mary Cannon, kazao je da je \u0161kola \u0161okirana tragedijom.<\/p>\n<p>\u201cMa\u0161a je bila veoma popularna i cijenjena u\u010denica koja je imala bliska prijateljstva sa mnogim studentima. Na\u0161e misli i \u017eelje u ovom te\u0161kom trenutku su sa Ma\u0161inom porodicom\u201d, saop\u0161tio je on.<\/p>\n<p>Susjedi, \u0161okirani ubistvom, kazali su da su Vukoti\u0107i bili sre\u0107na porodica.<\/p>\n<p>(Izvor: fokuspress.com \/ foto:\u00a0news.yahoo.com)<\/p>\n","protected":false},"excerpt":{"rendered":"<p>Australija &#8211; Ma\u0161a Vukoti\u0107 (17), porijeklom iz Bijelog Polja, u utorak je na smrt izbodena u parku u blizinu svoje ku\u0107e u Stanton ulici u Doncasteru, predgra\u0111u Melburna. Njeno tijelo prona\u0111eno je u blizini pje\u0161a\u010dkog mosta, oko 500 metara daleko od ku\u0107e, po\u0161to su kom\u0161ije \u010dule vrisku i vidjele \u010dovjeka kako bje\u017ei. Bolni\u010dari su ubrzo [&hellip;]<\/p>\n","protected":false},"author":83,"featured_media":125202,"comment_status":"open","ping_status":"open","sticky":false,"template":"","format":"standard","meta":{"footnotes":""},"categories":[10178,9,798],"tags":[],"class_list":{"0":"post-125201","1":"post","2":"type-post","3":"status-publish","4":"format-standard","5":"has-post-thumbnail","7":"category-australija-vase-vijesti","8":"category-svijet","9":"category-teme"},"yoast_head":"<!-- This site is optimized with the Yoast SEO Premium plugin v23.1 (Yoast SEO v24.9) - https:\/\/yoast.com\/wordpress\/plugins\/seo\/ -->\n<title>U Australiji ubijena djevojka porijeklom iz Bijelog Polja<\/title>\n<meta name=\"robots\" content=\"index, follow, max-snippet:-1, max-image-preview:large, max-video-preview:-1\" \/>\n<link rel=\"canonical\" href=\"https:\/\/sandzakpress.net\/arhiva\/u-australiji-ubijena-djevojka-porijeklom-iz-bijelog-polja\/\" \/>\n<meta property=\"og:locale\" content=\"bs_BA\" \/>\n<meta property=\"og:type\" content=\"article\" \/>\n<meta property=\"og:title\" content=\"U Australiji ubijena djevojka porijeklom iz Bijelog Polja\" \/>\n<meta property=\"og:description\" content=\"Australija &#8211; Ma\u0161a Vukoti\u0107 (17), porijeklom iz Bijelog Polja, u utorak je na smrt izbodena u parku u blizinu svoje ku\u0107e u Stanton ulici u Doncasteru, predgra\u0111u Melburna. Njeno tijelo prona\u0111eno je u blizini pje\u0161a\u010dkog mosta, oko 500 metara daleko od ku\u0107e, po\u0161to su kom\u0161ije \u010dule vrisku i vidjele \u010dovjeka kako bje\u017ei. Bolni\u010dari su ubrzo [&hellip;]\" \/>\n<meta property=\"og:url\" content=\"https:\/\/sandzakpress.net\/arhiva\/u-australiji-ubijena-djevojka-porijeklom-iz-bijelog-polja\/\" \/>\n<meta property=\"og:site_name\" content=\"Sand\u017eak PRESS\" \/>\n<meta property=\"article:published_time\" content=\"2015-03-20T09:17:12+00:00\" \/>\n<meta property=\"og:image\" content=\"https:\/\/sandzakpress.net\/arhiva\/wp-content\/uploads\/2015\/03\/Masa-Vukotic-620x400.jpg\" \/>\n\t<meta property=\"og:image:width\" content=\"620\" \/>\n\t<meta property=\"og:image:height\" content=\"400\" \/>\n\t<meta property=\"og:image:type\" content=\"image\/jpeg\" \/>\n<meta name=\"author\" content=\"bosniak\" \/>\n<meta name=\"twitter:card\" content=\"summary_large_image\" \/>\n<meta name=\"twitter:label1\" content=\"Written by\" \/>\n\t<meta name=\"twitter:data1\" content=\"bosniak\" \/>\n\t<meta name=\"twitter:label2\" content=\"Est. reading time\" \/>\n\t<meta name=\"twitter:data2\" content=\"2 minute\" \/>\n<script type=\"application\/ld+json\" class=\"yoast-schema-graph\">{\"@context\":\"https:\/\/schema.org\",\"@graph\":[{\"@type\":\"Article\",\"@id\":\"https:\/\/sandzakpress.net\/arhiva\/u-australiji-ubijena-djevojka-porijeklom-iz-bijelog-polja\/#article\",\"isPartOf\":{\"@id\":\"https:\/\/sandzakpress.net\/arhiva\/u-australiji-ubijena-djevojka-porijeklom-iz-bijelog-polja\/\"},\"author\":{\"name\":\"bosniak\",\"@id\":\"https:\/\/sandzakpress.net\/arhiva\/#\/schema\/person\/c8baee722073534b583ea7bdb2e36c02\"},\"headline\":\"U Australiji ubijena djevojka porijeklom iz Bijelog Polja\",\"datePublished\":\"2015-03-20T09:17:12+00:00\",\"mainEntityOfPage\":{\"@id\":\"https:\/\/sandzakpress.net\/arhiva\/u-australiji-ubijena-djevojka-porijeklom-iz-bijelog-polja\/\"},\"wordCount\":331,\"commentCount\":1,\"publisher\":{\"@id\":\"https:\/\/sandzakpress.net\/arhiva\/#\/schema\/person\/6e72b67d6e51910a1117b3b483ba20bd\"},\"image\":{\"@id\":\"https:\/\/sandzakpress.net\/arhiva\/u-australiji-ubijena-djevojka-porijeklom-iz-bijelog-polja\/#primaryimage\"},\"thumbnailUrl\":\"https:\/\/sandzakpress.net\/arhiva\/wp-content\/uploads\/2015\/03\/Masa-Vukotic-620x400.jpg\",\"articleSection\":[\"Australija\",\"Svijet\",\"NAJNOVIJE\"],\"inLanguage\":\"bs-BA\",\"potentialAction\":[{\"@type\":\"CommentAction\",\"name\":\"Comment\",\"target\":[\"https:\/\/sandzakpress.net\/arhiva\/u-australiji-ubijena-djevojka-porijeklom-iz-bijelog-polja\/#respond\"]}]},{\"@type\":\"WebPage\",\"@id\":\"https:\/\/sandzakpress.net\/arhiva\/u-australiji-ubijena-djevojka-porijeklom-iz-bijelog-polja\/\",\"url\":\"https:\/\/sandzakpress.net\/arhiva\/u-australiji-ubijena-djevojka-porijeklom-iz-bijelog-polja\/\",\"name\":\"U Australiji ubijena djevojka porijeklom iz Bijelog Polja\",\"isPartOf\":{\"@id\":\"https:\/\/sandzakpress.net\/arhiva\/#website\"},\"primaryImageOfPage\":{\"@id\":\"https:\/\/sandzakpress.net\/arhiva\/u-australiji-ubijena-djevojka-porijeklom-iz-bijelog-polja\/#primaryimage\"},\"image\":{\"@id\":\"https:\/\/sandzakpress.net\/arhiva\/u-australiji-ubijena-djevojka-porijeklom-iz-bijelog-polja\/#primaryimage\"},\"thumbnailUrl\":\"https:\/\/sandzakpress.net\/arhiva\/wp-content\/uploads\/2015\/03\/Masa-Vukotic-620x400.jpg\",\"datePublished\":\"2015-03-20T09:17:12+00:00\",\"breadcrumb\":{\"@id\":\"https:\/\/sandzakpress.net\/arhiva\/u-australiji-ubijena-djevojka-porijeklom-iz-bijelog-polja\/#breadcrumb\"},\"inLanguage\":\"bs-BA\",\"potentialAction\":[{\"@type\":\"ReadAction\",\"target\":[\"https:\/\/sandzakpress.net\/arhiva\/u-australiji-ubijena-djevojka-porijeklom-iz-bijelog-polja\/\"]}]},{\"@type\":\"ImageObject\",\"inLanguage\":\"bs-BA\",\"@id\":\"https:\/\/sandzakpress.net\/arhiva\/u-australiji-ubijena-djevojka-porijeklom-iz-bijelog-polja\/#primaryimage\",\"url\":\"https:\/\/sandzakpress.net\/arhiva\/wp-content\/uploads\/2015\/03\/Masa-Vukotic-620x400.jpg\",\"contentUrl\":\"https:\/\/sandzakpress.net\/arhiva\/wp-content\/uploads\/2015\/03\/Masa-Vukotic-620x400.jpg\",\"width\":620,\"height\":400},{\"@type\":\"BreadcrumbList\",\"@id\":\"https:\/\/sandzakpress.net\/arhiva\/u-australiji-ubijena-djevojka-porijeklom-iz-bijelog-polja\/#breadcrumb\",\"itemListElement\":[{\"@type\":\"ListItem\",\"position\":1,\"name\":\"Home\",\"item\":\"https:\/\/sandzakpress.net\/arhiva\/\"},{\"@type\":\"ListItem\",\"position\":2,\"name\":\"U Australiji ubijena djevojka porijeklom iz Bijelog Polja\"}]},{\"@type\":\"WebSite\",\"@id\":\"https:\/\/sandzakpress.net\/arhiva\/#website\",\"url\":\"https:\/\/sandzakpress.net\/arhiva\/\",\"name\":\"Sand\u017eak PRESS\",\"description\":\"Prve elektronske novine u Sand\u017eaku\",\"publisher\":{\"@id\":\"https:\/\/sandzakpress.net\/arhiva\/#\/schema\/person\/6e72b67d6e51910a1117b3b483ba20bd\"},\"potentialAction\":[{\"@type\":\"SearchAction\",\"target\":{\"@type\":\"EntryPoint\",\"urlTemplate\":\"https:\/\/sandzakpress.net\/arhiva\/?s={search_term_string}\"},\"query-input\":{\"@type\":\"PropertyValueSpecification\",\"valueRequired\":true,\"valueName\":\"search_term_string\"}}],\"inLanguage\":\"bs-BA\"},{\"@type\":[\"Person\",\"Organization\"],\"@id\":\"https:\/\/sandzakpress.net\/arhiva\/#\/schema\/person\/6e72b67d6e51910a1117b3b483ba20bd\",\"name\":\"Kul\",\"image\":{\"@type\":\"ImageObject\",\"inLanguage\":\"bs-BA\",\"@id\":\"https:\/\/sandzakpress.net\/arhiva\/#\/schema\/person\/image\/\",\"url\":\"https:\/\/secure.gravatar.com\/avatar\/42263f39aa27ac04c43cab85c280eb2e?s=96&d=mm&r=pg\",\"contentUrl\":\"https:\/\/secure.gravatar.com\/avatar\/42263f39aa27ac04c43cab85c280eb2e?s=96&d=mm&r=pg\",\"caption\":\"Kul\"},\"logo\":{\"@id\":\"https:\/\/sandzakpress.net\/arhiva\/#\/schema\/person\/image\/\"}},{\"@type\":\"Person\",\"@id\":\"https:\/\/sandzakpress.net\/arhiva\/#\/schema\/person\/c8baee722073534b583ea7bdb2e36c02\",\"name\":\"bosniak\",\"image\":{\"@type\":\"ImageObject\",\"inLanguage\":\"bs-BA\",\"@id\":\"https:\/\/sandzakpress.net\/arhiva\/#\/schema\/person\/image\/\",\"url\":\"https:\/\/secure.gravatar.com\/avatar\/a04fd330bfe3a36a72a0ad4a6d89fca7?s=96&d=mm&r=pg\",\"contentUrl\":\"https:\/\/secure.gravatar.com\/avatar\/a04fd330bfe3a36a72a0ad4a6d89fca7?s=96&d=mm&r=pg\",\"caption\":\"bosniak\"},\"url\":\"https:\/\/sandzakpress.net\/arhiva\/author\/bosniak\/\"}]}<\/script>\n<!-- \/ Yoast SEO Premium plugin. -->","yoast_head_json":{"title":"U Australiji ubijena djevojka porijeklom iz Bijelog Polja","robots":{"index":"index","follow":"follow","max-snippet":"max-snippet:-1","max-image-preview":"max-image-preview:large","max-video-preview":"max-video-preview:-1"},"canonical":"https:\/\/sandzakpress.net\/arhiva\/u-australiji-ubijena-djevojka-porijeklom-iz-bijelog-polja\/","og_locale":"bs_BA","og_type":"article","og_title":"U Australiji ubijena djevojka porijeklom iz Bijelog Polja","og_description":"Australija &#8211; Ma\u0161a Vukoti\u0107 (17), porijeklom iz Bijelog Polja, u utorak je na smrt izbodena u parku u blizinu svoje ku\u0107e u Stanton ulici u Doncasteru, predgra\u0111u Melburna. Njeno tijelo prona\u0111eno je u blizini pje\u0161a\u010dkog mosta, oko 500 metara daleko od ku\u0107e, po\u0161to su kom\u0161ije \u010dule vrisku i vidjele \u010dovjeka kako bje\u017ei. Bolni\u010dari su ubrzo [&hellip;]","og_url":"https:\/\/sandzakpress.net\/arhiva\/u-australiji-ubijena-djevojka-porijeklom-iz-bijelog-polja\/","og_site_name":"Sand\u017eak PRESS","article_published_time":"2015-03-20T09:17:12+00:00","og_image":[{"width":620,"height":400,"url":"https:\/\/sandzakpress.net\/arhiva\/wp-content\/uploads\/2015\/03\/Masa-Vukotic-620x400.jpg","type":"image\/jpeg"}],"author":"bosniak","twitter_card":"summary_large_image","twitter_misc":{"Written by":"bosniak","Est. reading time":"2 minute"},"schema":{"@context":"https:\/\/schema.org","@graph":[{"@type":"Article","@id":"https:\/\/sandzakpress.net\/arhiva\/u-australiji-ubijena-djevojka-porijeklom-iz-bijelog-polja\/#article","isPartOf":{"@id":"https:\/\/sandzakpress.net\/arhiva\/u-australiji-ubijena-djevojka-porijeklom-iz-bijelog-polja\/"},"author":{"name":"bosniak","@id":"https:\/\/sandzakpress.net\/arhiva\/#\/schema\/person\/c8baee722073534b583ea7bdb2e36c02"},"headline":"U Australiji ubijena djevojka porijeklom iz Bijelog Polja","datePublished":"2015-03-20T09:17:12+00:00","mainEntityOfPage":{"@id":"https:\/\/sandzakpress.net\/arhiva\/u-australiji-ubijena-djevojka-porijeklom-iz-bijelog-polja\/"},"wordCount":331,"commentCount":1,"publisher":{"@id":"https:\/\/sandzakpress.net\/arhiva\/#\/schema\/person\/6e72b67d6e51910a1117b3b483ba20bd"},"image":{"@id":"https:\/\/sandzakpress.net\/arhiva\/u-australiji-ubijena-djevojka-porijeklom-iz-bijelog-polja\/#primaryimage"},"thumbnailUrl":"https:\/\/sandzakpress.net\/arhiva\/wp-content\/uploads\/2015\/03\/Masa-Vukotic-620x400.jpg","articleSection":["Australija","Svijet","NAJNOVIJE"],"inLanguage":"bs-BA","potentialAction":[{"@type":"CommentAction","name":"Comment","target":["https:\/\/sandzakpress.net\/arhiva\/u-australiji-ubijena-djevojka-porijeklom-iz-bijelog-polja\/#respond"]}]},{"@type":"WebPage","@id":"https:\/\/sandzakpress.net\/arhiva\/u-australiji-ubijena-djevojka-porijeklom-iz-bijelog-polja\/","url":"https:\/\/sandzakpress.net\/arhiva\/u-australiji-ubijena-djevojka-porijeklom-iz-bijelog-polja\/","name":"U Australiji ubijena djevojka porijeklom iz Bijelog Polja","isPartOf":{"@id":"https:\/\/sandzakpress.net\/arhiva\/#website"},"primaryImageOfPage":{"@id":"https:\/\/sandzakpress.net\/arhiva\/u-australiji-ubijena-djevojka-porijeklom-iz-bijelog-polja\/#primaryimage"},"image":{"@id":"https:\/\/sandzakpress.net\/arhiva\/u-australiji-ubijena-djevojka-porijeklom-iz-bijelog-polja\/#primaryimage"},"thumbnailUrl":"https:\/\/sandzakpress.net\/arhiva\/wp-content\/uploads\/2015\/03\/Masa-Vukotic-620x400.jpg","datePublished":"2015-03-20T09:17:12+00:00","breadcrumb":{"@id":"https:\/\/sandzakpress.net\/arhiva\/u-australiji-ubijena-djevojka-porijeklom-iz-bijelog-polja\/#breadcrumb"},"inLanguage":"bs-BA","potentialAction":[{"@type":"ReadAction","target":["https:\/\/sandzakpress.net\/arhiva\/u-australiji-ubijena-djevojka-porijeklom-iz-bijelog-polja\/"]}]},{"@type":"ImageObject","inLanguage":"bs-BA","@id":"https:\/\/sandzakpress.net\/arhiva\/u-australiji-ubijena-djevojka-porijeklom-iz-bijelog-polja\/#primaryimage","url":"https:\/\/sandzakpress.net\/arhiva\/wp-content\/uploads\/2015\/03\/Masa-Vukotic-620x400.jpg","contentUrl":"https:\/\/sandzakpress.net\/arhiva\/wp-content\/uploads\/2015\/03\/Masa-Vukotic-620x400.jpg","width":620,"height":400},{"@type":"BreadcrumbList","@id":"https:\/\/sandzakpress.net\/arhiva\/u-australiji-ubijena-djevojka-porijeklom-iz-bijelog-polja\/#breadcrumb","itemListElement":[{"@type":"ListItem","position":1,"name":"Home","item":"https:\/\/sandzakpress.net\/arhiva\/"},{"@type":"ListItem","position":2,"name":"U Australiji ubijena djevojka porijeklom iz Bijelog Polja"}]},{"@type":"WebSite","@id":"https:\/\/sandzakpress.net\/arhiva\/#website","url":"https:\/\/sandzakpress.net\/arhiva\/","name":"Sand\u017eak PRESS","description":"Prve elektronske novine u Sand\u017eaku","publisher":{"@id":"https:\/\/sandzakpress.net\/arhiva\/#\/schema\/person\/6e72b67d6e51910a1117b3b483ba20bd"},"potentialAction":[{"@type":"SearchAction","target":{"@type":"EntryPoint","urlTemplate":"https:\/\/sandzakpress.net\/arhiva\/?s={search_term_string}"},"query-input":{"@type":"PropertyValueSpecification","valueRequired":true,"valueName":"search_term_string"}}],"inLanguage":"bs-BA"},{"@type":["Person","Organization"],"@id":"https:\/\/sandzakpress.net\/arhiva\/#\/schema\/person\/6e72b67d6e51910a1117b3b483ba20bd","name":"Kul","image":{"@type":"ImageObject","inLanguage":"bs-BA","@id":"https:\/\/sandzakpress.net\/arhiva\/#\/schema\/person\/image\/","url":"https:\/\/secure.gravatar.com\/avatar\/42263f39aa27ac04c43cab85c280eb2e?s=96&d=mm&r=pg","contentUrl":"https:\/\/secure.gravatar.com\/avatar\/42263f39aa27ac04c43cab85c280eb2e?s=96&d=mm&r=pg","caption":"Kul"},"logo":{"@id":"https:\/\/sandzakpress.net\/arhiva\/#\/schema\/person\/image\/"}},{"@type":"Person","@id":"https:\/\/sandzakpress.net\/arhiva\/#\/schema\/person\/c8baee722073534b583ea7bdb2e36c02","name":"bosniak","image":{"@type":"ImageObject","inLanguage":"bs-BA","@id":"https:\/\/sandzakpress.net\/arhiva\/#\/schema\/person\/image\/","url":"https:\/\/secure.gravatar.com\/avatar\/a04fd330bfe3a36a72a0ad4a6d89fca7?s=96&d=mm&r=pg","contentUrl":"https:\/\/secure.gravatar.com\/avatar\/a04fd330bfe3a36a72a0ad4a6d89fca7?s=96&d=mm&r=pg","caption":"bosniak"},"url":"https:\/\/sandzakpress.net\/arhiva\/author\/bosniak\/"}]}},"_links":{"self":[{"href":"https:\/\/sandzakpress.net\/arhiva\/wp-json\/wp\/v2\/posts\/125201"}],"collection":[{"href":"https:\/\/sandzakpress.net\/arhiva\/wp-json\/wp\/v2\/posts"}],"about":[{"href":"https:\/\/sandzakpress.net\/arhiva\/wp-json\/wp\/v2\/types\/post"}],"author":[{"embeddable":true,"href":"https:\/\/sandzakpress.net\/arhiva\/wp-json\/wp\/v2\/users\/83"}],"replies":[{"embeddable":true,"href":"https:\/\/sandzakpress.net\/arhiva\/wp-json\/wp\/v2\/comments?post=125201"}],"version-history":[{"count":0,"href":"https:\/\/sandzakpress.net\/arhiva\/wp-json\/wp\/v2\/posts\/125201\/revisions"}],"wp:featuredmedia":[{"embeddable":true,"href":"https:\/\/sandzakpress.net\/arhiva\/wp-json\/wp\/v2\/media\/125202"}],"wp:attachment":[{"href":"https:\/\/sandzakpress.net\/arhiva\/wp-json\/wp\/v2\/media?parent=125201"}],"wp:term":[{"taxonomy":"category","embeddable":true,"href":"https:\/\/sandzakpress.net\/arhiva\/wp-json\/wp\/v2\/categories?post=125201"},{"taxonomy":"post_tag","embeddable":true,"href":"https:\/\/sandzakpress.net\/arhiva\/wp-json\/wp\/v2\/tags?post=125201"}],"curies":[{"name":"wp","href":"https:\/\/api.w.org\/{rel}","templated":true}]}}