{"id":125189,"date":"2015-03-19T18:32:03","date_gmt":"2015-03-19T17:32:03","guid":{"rendered":"https:\/\/sandzakpress.net\/arhiva\/?p=125189"},"modified":"2015-03-19T19:38:23","modified_gmt":"2015-03-19T18:38:23","slug":"nermin-drazanin-novi-direktor-gimnazije","status":"publish","type":"post","link":"https:\/\/sandzakpress.net\/arhiva\/nermin-drazanin-novi-direktor-gimnazije\/","title":{"rendered":"Nermin Dra\u017eanin novi direktor Gimnazije"},"content":{"rendered":"<p><strong><a href=\"https:\/\/sandzakpress.net\/arhiva\/wp-content\/uploads\/2015\/03\/nermin.jpg\"><img loading=\"lazy\" decoding=\"async\" class=\" size-full wp-image-125190 aligncenter\" src=\"https:\/\/sandzakpress.net\/arhiva\/wp-content\/uploads\/2015\/03\/nermin.jpg\" alt=\"nermin\" width=\"600\" height=\"361\" \/><\/a>Novi Pazar &#8211; \u0160kolski odbor Gimnazije u Novom Pazaru imenovao je za v.d. direktora ove \u0161kole Nermina Dra\u017eanina (38), umjesto Zorana Milosavljevi\u0107a, koji je po\u010detkom mjeseca stekao uslove za starosnu penziju.<\/strong><\/p>\n<p>Dra\u017eanin je radiju Sto plus rekao da je za njega ovo velika \u010dast i obaveza, jer je ova obrazovna ustanova od vitalnog zna\u010daja za grad, ali za region.<\/p>\n<p>On se nada da \u0107e uz razumijevanje kolektiva i lokalne samouprave re\u0161iti brojne probleme ove \u0161kole, me\u0111u kojima se izdvajaju dotrajala elektroinstalacija, fiskulturna sala, kao i problem pristupnog puta zbog eksproprijacije zemlji\u0161ta.<\/p>\n<p>(<a href=\"http:\/\/radiostoplus.com\/item\/16362\" target=\"_blank\">radio 100+<\/a>)<\/p>\n<p>&nbsp;<\/p>\n","protected":false},"excerpt":{"rendered":"<p>Novi Pazar &#8211; \u0160kolski odbor Gimnazije u Novom Pazaru imenovao je za v.d. direktora ove \u0161kole Nermina Dra\u017eanina (38), umjesto Zorana Milosavljevi\u0107a, koji je po\u010detkom mjeseca stekao uslove za starosnu penziju. Dra\u017eanin je radiju Sto plus rekao da je za njega ovo velika \u010dast i obaveza, jer je ova obrazovna ustanova od vitalnog zna\u010daja za [&hellip;]<\/p>\n","protected":false},"author":83,"featured_media":125190,"comment_status":"open","ping_status":"open","sticky":false,"template":"","format":"standard","meta":{"footnotes":""},"categories":[72,4,8957,798,10429,16],"tags":[],"class_list":{"0":"post-125189","1":"post","2":"type-post","3":"status-publish","4":"format-standard","5":"has-post-thumbnail","7":"category-novi-pazar","8":"category-obrazovanje","9":"category-vijesti-dana","10":"category-teme","11":"category-vazno","12":"category-novine"},"yoast_head":"<!-- This site is optimized with the Yoast SEO Premium plugin v23.1 (Yoast SEO v24.9) - https:\/\/yoast.com\/wordpress\/plugins\/seo\/ -->\n<title>Nermin Dra\u017eanin novi direktor Gimnazije<\/title>\n<meta name=\"robots\" content=\"index, follow, max-snippet:-1, max-image-preview:large, max-video-preview:-1\" \/>\n<link rel=\"canonical\" href=\"https:\/\/sandzakpress.net\/arhiva\/nermin-drazanin-novi-direktor-gimnazije\/\" \/>\n<meta property=\"og:locale\" content=\"bs_BA\" \/>\n<meta property=\"og:type\" content=\"article\" \/>\n<meta property=\"og:title\" content=\"Nermin Dra\u017eanin novi direktor Gimnazije\" \/>\n<meta property=\"og:description\" content=\"Novi Pazar &#8211; \u0160kolski odbor Gimnazije u Novom Pazaru imenovao je za v.d. direktora ove \u0161kole Nermina Dra\u017eanina (38), umjesto Zorana Milosavljevi\u0107a, koji je po\u010detkom mjeseca stekao uslove za starosnu penziju. Dra\u017eanin je radiju Sto plus rekao da je za njega ovo velika \u010dast i obaveza, jer je ova obrazovna ustanova od vitalnog zna\u010daja za [&hellip;]\" \/>\n<meta property=\"og:url\" content=\"https:\/\/sandzakpress.net\/arhiva\/nermin-drazanin-novi-direktor-gimnazije\/\" \/>\n<meta property=\"og:site_name\" content=\"Sand\u017eak PRESS\" \/>\n<meta property=\"article:published_time\" content=\"2015-03-19T17:32:03+00:00\" \/>\n<meta property=\"article:modified_time\" content=\"2015-03-19T18:38:23+00:00\" \/>\n<meta property=\"og:image\" content=\"https:\/\/sandzakpress.net\/arhiva\/wp-content\/uploads\/2015\/03\/nermin.jpg\" \/>\n\t<meta property=\"og:image:width\" content=\"600\" \/>\n\t<meta property=\"og:image:height\" content=\"361\" \/>\n\t<meta property=\"og:image:type\" content=\"image\/jpeg\" \/>\n<meta name=\"author\" content=\"bosniak\" \/>\n<meta name=\"twitter:card\" content=\"summary_large_image\" \/>\n<meta name=\"twitter:label1\" content=\"Written by\" \/>\n\t<meta name=\"twitter:data1\" content=\"bosniak\" \/>\n\t<meta name=\"twitter:label2\" content=\"Est. reading time\" \/>\n\t<meta name=\"twitter:data2\" content=\"1 minuta\" \/>\n<script type=\"application\/ld+json\" class=\"yoast-schema-graph\">{\"@context\":\"https:\/\/schema.org\",\"@graph\":[{\"@type\":\"Article\",\"@id\":\"https:\/\/sandzakpress.net\/arhiva\/nermin-drazanin-novi-direktor-gimnazije\/#article\",\"isPartOf\":{\"@id\":\"https:\/\/sandzakpress.net\/arhiva\/nermin-drazanin-novi-direktor-gimnazije\/\"},\"author\":{\"name\":\"bosniak\",\"@id\":\"https:\/\/sandzakpress.net\/arhiva\/#\/schema\/person\/c8baee722073534b583ea7bdb2e36c02\"},\"headline\":\"Nermin Dra\u017eanin novi direktor Gimnazije\",\"datePublished\":\"2015-03-19T17:32:03+00:00\",\"dateModified\":\"2015-03-19T18:38:23+00:00\",\"mainEntityOfPage\":{\"@id\":\"https:\/\/sandzakpress.net\/arhiva\/nermin-drazanin-novi-direktor-gimnazije\/\"},\"wordCount\":107,\"commentCount\":9,\"publisher\":{\"@id\":\"https:\/\/sandzakpress.net\/arhiva\/#\/schema\/person\/6e72b67d6e51910a1117b3b483ba20bd\"},\"image\":{\"@id\":\"https:\/\/sandzakpress.net\/arhiva\/nermin-drazanin-novi-direktor-gimnazije\/#primaryimage\"},\"thumbnailUrl\":\"https:\/\/sandzakpress.net\/arhiva\/wp-content\/uploads\/2015\/03\/nermin.jpg\",\"articleSection\":[\"Novi Pazar\",\"Obrazovanje\",\"VIJESTI DANA\",\"NAJNOVIJE\",\"VA\u017dNO!\",\"Novine\"],\"inLanguage\":\"bs-BA\",\"potentialAction\":[{\"@type\":\"CommentAction\",\"name\":\"Comment\",\"target\":[\"https:\/\/sandzakpress.net\/arhiva\/nermin-drazanin-novi-direktor-gimnazije\/#respond\"]}]},{\"@type\":\"WebPage\",\"@id\":\"https:\/\/sandzakpress.net\/arhiva\/nermin-drazanin-novi-direktor-gimnazije\/\",\"url\":\"https:\/\/sandzakpress.net\/arhiva\/nermin-drazanin-novi-direktor-gimnazije\/\",\"name\":\"Nermin Dra\u017eanin novi direktor Gimnazije\",\"isPartOf\":{\"@id\":\"https:\/\/sandzakpress.net\/arhiva\/#website\"},\"primaryImageOfPage\":{\"@id\":\"https:\/\/sandzakpress.net\/arhiva\/nermin-drazanin-novi-direktor-gimnazije\/#primaryimage\"},\"image\":{\"@id\":\"https:\/\/sandzakpress.net\/arhiva\/nermin-drazanin-novi-direktor-gimnazije\/#primaryimage\"},\"thumbnailUrl\":\"https:\/\/sandzakpress.net\/arhiva\/wp-content\/uploads\/2015\/03\/nermin.jpg\",\"datePublished\":\"2015-03-19T17:32:03+00:00\",\"dateModified\":\"2015-03-19T18:38:23+00:00\",\"breadcrumb\":{\"@id\":\"https:\/\/sandzakpress.net\/arhiva\/nermin-drazanin-novi-direktor-gimnazije\/#breadcrumb\"},\"inLanguage\":\"bs-BA\",\"potentialAction\":[{\"@type\":\"ReadAction\",\"target\":[\"https:\/\/sandzakpress.net\/arhiva\/nermin-drazanin-novi-direktor-gimnazije\/\"]}]},{\"@type\":\"ImageObject\",\"inLanguage\":\"bs-BA\",\"@id\":\"https:\/\/sandzakpress.net\/arhiva\/nermin-drazanin-novi-direktor-gimnazije\/#primaryimage\",\"url\":\"https:\/\/sandzakpress.net\/arhiva\/wp-content\/uploads\/2015\/03\/nermin.jpg\",\"contentUrl\":\"https:\/\/sandzakpress.net\/arhiva\/wp-content\/uploads\/2015\/03\/nermin.jpg\",\"width\":600,\"height\":361},{\"@type\":\"BreadcrumbList\",\"@id\":\"https:\/\/sandzakpress.net\/arhiva\/nermin-drazanin-novi-direktor-gimnazije\/#breadcrumb\",\"itemListElement\":[{\"@type\":\"ListItem\",\"position\":1,\"name\":\"Home\",\"item\":\"https:\/\/sandzakpress.net\/arhiva\/\"},{\"@type\":\"ListItem\",\"position\":2,\"name\":\"Nermin Dra\u017eanin novi direktor Gimnazije\"}]},{\"@type\":\"WebSite\",\"@id\":\"https:\/\/sandzakpress.net\/arhiva\/#website\",\"url\":\"https:\/\/sandzakpress.net\/arhiva\/\",\"name\":\"Sand\u017eak PRESS\",\"description\":\"Prve elektronske novine u Sand\u017eaku\",\"publisher\":{\"@id\":\"https:\/\/sandzakpress.net\/arhiva\/#\/schema\/person\/6e72b67d6e51910a1117b3b483ba20bd\"},\"potentialAction\":[{\"@type\":\"SearchAction\",\"target\":{\"@type\":\"EntryPoint\",\"urlTemplate\":\"https:\/\/sandzakpress.net\/arhiva\/?s={search_term_string}\"},\"query-input\":{\"@type\":\"PropertyValueSpecification\",\"valueRequired\":true,\"valueName\":\"search_term_string\"}}],\"inLanguage\":\"bs-BA\"},{\"@type\":[\"Person\",\"Organization\"],\"@id\":\"https:\/\/sandzakpress.net\/arhiva\/#\/schema\/person\/6e72b67d6e51910a1117b3b483ba20bd\",\"name\":\"Kul\",\"image\":{\"@type\":\"ImageObject\",\"inLanguage\":\"bs-BA\",\"@id\":\"https:\/\/sandzakpress.net\/arhiva\/#\/schema\/person\/image\/\",\"url\":\"https:\/\/secure.gravatar.com\/avatar\/42263f39aa27ac04c43cab85c280eb2e?s=96&d=mm&r=pg\",\"contentUrl\":\"https:\/\/secure.gravatar.com\/avatar\/42263f39aa27ac04c43cab85c280eb2e?s=96&d=mm&r=pg\",\"caption\":\"Kul\"},\"logo\":{\"@id\":\"https:\/\/sandzakpress.net\/arhiva\/#\/schema\/person\/image\/\"}},{\"@type\":\"Person\",\"@id\":\"https:\/\/sandzakpress.net\/arhiva\/#\/schema\/person\/c8baee722073534b583ea7bdb2e36c02\",\"name\":\"bosniak\",\"image\":{\"@type\":\"ImageObject\",\"inLanguage\":\"bs-BA\",\"@id\":\"https:\/\/sandzakpress.net\/arhiva\/#\/schema\/person\/image\/\",\"url\":\"https:\/\/secure.gravatar.com\/avatar\/a04fd330bfe3a36a72a0ad4a6d89fca7?s=96&d=mm&r=pg\",\"contentUrl\":\"https:\/\/secure.gravatar.com\/avatar\/a04fd330bfe3a36a72a0ad4a6d89fca7?s=96&d=mm&r=pg\",\"caption\":\"bosniak\"},\"url\":\"https:\/\/sandzakpress.net\/arhiva\/author\/bosniak\/\"}]}<\/script>\n<!-- \/ Yoast SEO Premium plugin. -->","yoast_head_json":{"title":"Nermin Dra\u017eanin novi direktor Gimnazije","robots":{"index":"index","follow":"follow","max-snippet":"max-snippet:-1","max-image-preview":"max-image-preview:large","max-video-preview":"max-video-preview:-1"},"canonical":"https:\/\/sandzakpress.net\/arhiva\/nermin-drazanin-novi-direktor-gimnazije\/","og_locale":"bs_BA","og_type":"article","og_title":"Nermin Dra\u017eanin novi direktor Gimnazije","og_description":"Novi Pazar &#8211; \u0160kolski odbor Gimnazije u Novom Pazaru imenovao je za v.d. direktora ove \u0161kole Nermina Dra\u017eanina (38), umjesto Zorana Milosavljevi\u0107a, koji je po\u010detkom mjeseca stekao uslove za starosnu penziju. Dra\u017eanin je radiju Sto plus rekao da je za njega ovo velika \u010dast i obaveza, jer je ova obrazovna ustanova od vitalnog zna\u010daja za [&hellip;]","og_url":"https:\/\/sandzakpress.net\/arhiva\/nermin-drazanin-novi-direktor-gimnazije\/","og_site_name":"Sand\u017eak PRESS","article_published_time":"2015-03-19T17:32:03+00:00","article_modified_time":"2015-03-19T18:38:23+00:00","og_image":[{"width":600,"height":361,"url":"https:\/\/sandzakpress.net\/arhiva\/wp-content\/uploads\/2015\/03\/nermin.jpg","type":"image\/jpeg"}],"author":"bosniak","twitter_card":"summary_large_image","twitter_misc":{"Written by":"bosniak","Est. reading time":"1 minuta"},"schema":{"@context":"https:\/\/schema.org","@graph":[{"@type":"Article","@id":"https:\/\/sandzakpress.net\/arhiva\/nermin-drazanin-novi-direktor-gimnazije\/#article","isPartOf":{"@id":"https:\/\/sandzakpress.net\/arhiva\/nermin-drazanin-novi-direktor-gimnazije\/"},"author":{"name":"bosniak","@id":"https:\/\/sandzakpress.net\/arhiva\/#\/schema\/person\/c8baee722073534b583ea7bdb2e36c02"},"headline":"Nermin Dra\u017eanin novi direktor Gimnazije","datePublished":"2015-03-19T17:32:03+00:00","dateModified":"2015-03-19T18:38:23+00:00","mainEntityOfPage":{"@id":"https:\/\/sandzakpress.net\/arhiva\/nermin-drazanin-novi-direktor-gimnazije\/"},"wordCount":107,"commentCount":9,"publisher":{"@id":"https:\/\/sandzakpress.net\/arhiva\/#\/schema\/person\/6e72b67d6e51910a1117b3b483ba20bd"},"image":{"@id":"https:\/\/sandzakpress.net\/arhiva\/nermin-drazanin-novi-direktor-gimnazije\/#primaryimage"},"thumbnailUrl":"https:\/\/sandzakpress.net\/arhiva\/wp-content\/uploads\/2015\/03\/nermin.jpg","articleSection":["Novi Pazar","Obrazovanje","VIJESTI DANA","NAJNOVIJE","VA\u017dNO!","Novine"],"inLanguage":"bs-BA","potentialAction":[{"@type":"CommentAction","name":"Comment","target":["https:\/\/sandzakpress.net\/arhiva\/nermin-drazanin-novi-direktor-gimnazije\/#respond"]}]},{"@type":"WebPage","@id":"https:\/\/sandzakpress.net\/arhiva\/nermin-drazanin-novi-direktor-gimnazije\/","url":"https:\/\/sandzakpress.net\/arhiva\/nermin-drazanin-novi-direktor-gimnazije\/","name":"Nermin Dra\u017eanin novi direktor Gimnazije","isPartOf":{"@id":"https:\/\/sandzakpress.net\/arhiva\/#website"},"primaryImageOfPage":{"@id":"https:\/\/sandzakpress.net\/arhiva\/nermin-drazanin-novi-direktor-gimnazije\/#primaryimage"},"image":{"@id":"https:\/\/sandzakpress.net\/arhiva\/nermin-drazanin-novi-direktor-gimnazije\/#primaryimage"},"thumbnailUrl":"https:\/\/sandzakpress.net\/arhiva\/wp-content\/uploads\/2015\/03\/nermin.jpg","datePublished":"2015-03-19T17:32:03+00:00","dateModified":"2015-03-19T18:38:23+00:00","breadcrumb":{"@id":"https:\/\/sandzakpress.net\/arhiva\/nermin-drazanin-novi-direktor-gimnazije\/#breadcrumb"},"inLanguage":"bs-BA","potentialAction":[{"@type":"ReadAction","target":["https:\/\/sandzakpress.net\/arhiva\/nermin-drazanin-novi-direktor-gimnazije\/"]}]},{"@type":"ImageObject","inLanguage":"bs-BA","@id":"https:\/\/sandzakpress.net\/arhiva\/nermin-drazanin-novi-direktor-gimnazije\/#primaryimage","url":"https:\/\/sandzakpress.net\/arhiva\/wp-content\/uploads\/2015\/03\/nermin.jpg","contentUrl":"https:\/\/sandzakpress.net\/arhiva\/wp-content\/uploads\/2015\/03\/nermin.jpg","width":600,"height":361},{"@type":"BreadcrumbList","@id":"https:\/\/sandzakpress.net\/arhiva\/nermin-drazanin-novi-direktor-gimnazije\/#breadcrumb","itemListElement":[{"@type":"ListItem","position":1,"name":"Home","item":"https:\/\/sandzakpress.net\/arhiva\/"},{"@type":"ListItem","position":2,"name":"Nermin Dra\u017eanin novi direktor Gimnazije"}]},{"@type":"WebSite","@id":"https:\/\/sandzakpress.net\/arhiva\/#website","url":"https:\/\/sandzakpress.net\/arhiva\/","name":"Sand\u017eak PRESS","description":"Prve elektronske novine u Sand\u017eaku","publisher":{"@id":"https:\/\/sandzakpress.net\/arhiva\/#\/schema\/person\/6e72b67d6e51910a1117b3b483ba20bd"},"potentialAction":[{"@type":"SearchAction","target":{"@type":"EntryPoint","urlTemplate":"https:\/\/sandzakpress.net\/arhiva\/?s={search_term_string}"},"query-input":{"@type":"PropertyValueSpecification","valueRequired":true,"valueName":"search_term_string"}}],"inLanguage":"bs-BA"},{"@type":["Person","Organization"],"@id":"https:\/\/sandzakpress.net\/arhiva\/#\/schema\/person\/6e72b67d6e51910a1117b3b483ba20bd","name":"Kul","image":{"@type":"ImageObject","inLanguage":"bs-BA","@id":"https:\/\/sandzakpress.net\/arhiva\/#\/schema\/person\/image\/","url":"https:\/\/secure.gravatar.com\/avatar\/42263f39aa27ac04c43cab85c280eb2e?s=96&d=mm&r=pg","contentUrl":"https:\/\/secure.gravatar.com\/avatar\/42263f39aa27ac04c43cab85c280eb2e?s=96&d=mm&r=pg","caption":"Kul"},"logo":{"@id":"https:\/\/sandzakpress.net\/arhiva\/#\/schema\/person\/image\/"}},{"@type":"Person","@id":"https:\/\/sandzakpress.net\/arhiva\/#\/schema\/person\/c8baee722073534b583ea7bdb2e36c02","name":"bosniak","image":{"@type":"ImageObject","inLanguage":"bs-BA","@id":"https:\/\/sandzakpress.net\/arhiva\/#\/schema\/person\/image\/","url":"https:\/\/secure.gravatar.com\/avatar\/a04fd330bfe3a36a72a0ad4a6d89fca7?s=96&d=mm&r=pg","contentUrl":"https:\/\/secure.gravatar.com\/avatar\/a04fd330bfe3a36a72a0ad4a6d89fca7?s=96&d=mm&r=pg","caption":"bosniak"},"url":"https:\/\/sandzakpress.net\/arhiva\/author\/bosniak\/"}]}},"_links":{"self":[{"href":"https:\/\/sandzakpress.net\/arhiva\/wp-json\/wp\/v2\/posts\/125189"}],"collection":[{"href":"https:\/\/sandzakpress.net\/arhiva\/wp-json\/wp\/v2\/posts"}],"about":[{"href":"https:\/\/sandzakpress.net\/arhiva\/wp-json\/wp\/v2\/types\/post"}],"author":[{"embeddable":true,"href":"https:\/\/sandzakpress.net\/arhiva\/wp-json\/wp\/v2\/users\/83"}],"replies":[{"embeddable":true,"href":"https:\/\/sandzakpress.net\/arhiva\/wp-json\/wp\/v2\/comments?post=125189"}],"version-history":[{"count":0,"href":"https:\/\/sandzakpress.net\/arhiva\/wp-json\/wp\/v2\/posts\/125189\/revisions"}],"wp:featuredmedia":[{"embeddable":true,"href":"https:\/\/sandzakpress.net\/arhiva\/wp-json\/wp\/v2\/media\/125190"}],"wp:attachment":[{"href":"https:\/\/sandzakpress.net\/arhiva\/wp-json\/wp\/v2\/media?parent=125189"}],"wp:term":[{"taxonomy":"category","embeddable":true,"href":"https:\/\/sandzakpress.net\/arhiva\/wp-json\/wp\/v2\/categories?post=125189"},{"taxonomy":"post_tag","embeddable":true,"href":"https:\/\/sandzakpress.net\/arhiva\/wp-json\/wp\/v2\/tags?post=125189"}],"curies":[{"name":"wp","href":"https:\/\/api.w.org\/{rel}","templated":true}]}}