{"id":125104,"date":"2015-03-18T15:32:36","date_gmt":"2015-03-18T14:32:36","guid":{"rendered":"https:\/\/sandzakpress.net\/arhiva\/?p=125104"},"modified":"2015-03-18T15:32:36","modified_gmt":"2015-03-18T14:32:36","slug":"tunis-osmero-mrtvih-u-talackoj-krizi-i-pucnjavi","status":"publish","type":"post","link":"https:\/\/sandzakpress.net\/arhiva\/tunis-osmero-mrtvih-u-talackoj-krizi-i-pucnjavi\/","title":{"rendered":"Tunis: Osmero mrtvih u tala\u010dkoj krizi i pucnjavi"},"content":{"rendered":"<p><img decoding=\"async\" src=\"http:\/\/www.trt.net.tr\/bosanski\/fotograf\/haberler\/detay\/trtbosanski-tunis-osmero-mrtvih-u-talakoj-krizi-i-pucnjav-40504.jpg\" alt=\"tunis-osmero-mrtvih-u-talakoj-krizi-i-pucnjav\" \/><\/p>\n<p><strong>Svijet &#8211; U tala\u010dkoj krizi u Tunisu ubijeno je najmanje osmero ljudi. Me\u0111u ubijenim nalazi se sedmero stranih turista, saop\u0107io je izvor iz Ministarstva unutra\u0161njih poslova. <\/strong><\/p>\n<p>Do pucnjave iz zasad nerazja\u0161njenih razloga, kako su prenijeli lokalni mediji, do\u0161lo je u blizini jednog od vode\u0107ih muzeja u Tunisu. Radi se o Muzeju Bardo koji predstavlja najve\u0107i arheolo\u0161ki muzej u Africi sa zna\u010dajnom kolekcijom rimskih mozaika.<\/p>\n<p>Jo\u0161 nije objavljeno ko su napada\u010di niti kako je do\u0161lo do pucnjave.<\/p>\n<p> (Trt)<\/p>\n","protected":false},"excerpt":{"rendered":"<p>Svijet &#8211; U tala\u010dkoj krizi u Tunisu ubijeno je najmanje osmero ljudi. Me\u0111u ubijenim nalazi se sedmero stranih turista, saop\u0107io je izvor iz Ministarstva unutra\u0161njih poslova. Do pucnjave iz zasad nerazja\u0161njenih razloga, kako su prenijeli lokalni mediji, do\u0161lo je u blizini jednog od vode\u0107ih muzeja u Tunisu. Radi se o Muzeju Bardo koji predstavlja najve\u0107i [&hellip;]<\/p>\n","protected":false},"author":83,"featured_media":125105,"comment_status":"open","ping_status":"open","sticky":false,"template":"","format":"standard","meta":{"footnotes":""},"categories":[9,798],"tags":[10491],"class_list":{"0":"post-125104","1":"post","2":"type-post","3":"status-publish","4":"format-standard","5":"has-post-thumbnail","7":"category-svijet","8":"category-teme","9":"tag-ummet"},"yoast_head":"<!-- This site is optimized with the Yoast SEO Premium plugin v23.1 (Yoast SEO v24.9) - https:\/\/yoast.com\/wordpress\/plugins\/seo\/ -->\n<title>Tunis: Osmero mrtvih u tala\u010dkoj krizi i pucnjavi<\/title>\n<meta name=\"robots\" content=\"index, follow, max-snippet:-1, max-image-preview:large, max-video-preview:-1\" \/>\n<link rel=\"canonical\" href=\"https:\/\/sandzakpress.net\/arhiva\/tunis-osmero-mrtvih-u-talackoj-krizi-i-pucnjavi\/\" \/>\n<meta property=\"og:locale\" content=\"bs_BA\" \/>\n<meta property=\"og:type\" content=\"article\" \/>\n<meta property=\"og:title\" content=\"Tunis: Osmero mrtvih u tala\u010dkoj krizi i pucnjavi\" \/>\n<meta property=\"og:description\" content=\"Svijet &#8211; U tala\u010dkoj krizi u Tunisu ubijeno je najmanje osmero ljudi. Me\u0111u ubijenim nalazi se sedmero stranih turista, saop\u0107io je izvor iz Ministarstva unutra\u0161njih poslova. Do pucnjave iz zasad nerazja\u0161njenih razloga, kako su prenijeli lokalni mediji, do\u0161lo je u blizini jednog od vode\u0107ih muzeja u Tunisu. Radi se o Muzeju Bardo koji predstavlja najve\u0107i [&hellip;]\" \/>\n<meta property=\"og:url\" content=\"https:\/\/sandzakpress.net\/arhiva\/tunis-osmero-mrtvih-u-talackoj-krizi-i-pucnjavi\/\" \/>\n<meta property=\"og:site_name\" content=\"Sand\u017eak PRESS\" \/>\n<meta property=\"article:published_time\" content=\"2015-03-18T14:32:36+00:00\" \/>\n<meta property=\"og:image\" content=\"https:\/\/sandzakpress.net\/arhiva\/wp-content\/uploads\/2015\/03\/trtbosanski-tunis-osmero-mrtvih-u-talakoj-krizi-i-pucnjav-40504.jpg\" \/>\n\t<meta property=\"og:image:width\" content=\"600\" \/>\n\t<meta property=\"og:image:height\" content=\"459\" \/>\n\t<meta property=\"og:image:type\" content=\"image\/jpeg\" \/>\n<meta name=\"author\" content=\"bosniak\" \/>\n<meta name=\"twitter:card\" content=\"summary_large_image\" \/>\n<meta name=\"twitter:label1\" content=\"Written by\" \/>\n\t<meta name=\"twitter:data1\" content=\"bosniak\" \/>\n<script type=\"application\/ld+json\" class=\"yoast-schema-graph\">{\"@context\":\"https:\/\/schema.org\",\"@graph\":[{\"@type\":\"Article\",\"@id\":\"https:\/\/sandzakpress.net\/arhiva\/tunis-osmero-mrtvih-u-talackoj-krizi-i-pucnjavi\/#article\",\"isPartOf\":{\"@id\":\"https:\/\/sandzakpress.net\/arhiva\/tunis-osmero-mrtvih-u-talackoj-krizi-i-pucnjavi\/\"},\"author\":{\"name\":\"bosniak\",\"@id\":\"https:\/\/sandzakpress.net\/arhiva\/#\/schema\/person\/c8baee722073534b583ea7bdb2e36c02\"},\"headline\":\"Tunis: Osmero mrtvih u tala\u010dkoj krizi i pucnjavi\",\"datePublished\":\"2015-03-18T14:32:36+00:00\",\"mainEntityOfPage\":{\"@id\":\"https:\/\/sandzakpress.net\/arhiva\/tunis-osmero-mrtvih-u-talackoj-krizi-i-pucnjavi\/\"},\"wordCount\":98,\"commentCount\":1,\"publisher\":{\"@id\":\"https:\/\/sandzakpress.net\/arhiva\/#\/schema\/person\/6e72b67d6e51910a1117b3b483ba20bd\"},\"image\":{\"@id\":\"https:\/\/sandzakpress.net\/arhiva\/tunis-osmero-mrtvih-u-talackoj-krizi-i-pucnjavi\/#primaryimage\"},\"thumbnailUrl\":\"https:\/\/sandzakpress.net\/arhiva\/wp-content\/uploads\/2015\/03\/trtbosanski-tunis-osmero-mrtvih-u-talakoj-krizi-i-pucnjav-40504.jpg\",\"keywords\":[\"Ummet\"],\"articleSection\":[\"Svijet\",\"NAJNOVIJE\"],\"inLanguage\":\"bs-BA\",\"potentialAction\":[{\"@type\":\"CommentAction\",\"name\":\"Comment\",\"target\":[\"https:\/\/sandzakpress.net\/arhiva\/tunis-osmero-mrtvih-u-talackoj-krizi-i-pucnjavi\/#respond\"]}]},{\"@type\":\"WebPage\",\"@id\":\"https:\/\/sandzakpress.net\/arhiva\/tunis-osmero-mrtvih-u-talackoj-krizi-i-pucnjavi\/\",\"url\":\"https:\/\/sandzakpress.net\/arhiva\/tunis-osmero-mrtvih-u-talackoj-krizi-i-pucnjavi\/\",\"name\":\"Tunis: Osmero mrtvih u tala\u010dkoj krizi i pucnjavi\",\"isPartOf\":{\"@id\":\"https:\/\/sandzakpress.net\/arhiva\/#website\"},\"primaryImageOfPage\":{\"@id\":\"https:\/\/sandzakpress.net\/arhiva\/tunis-osmero-mrtvih-u-talackoj-krizi-i-pucnjavi\/#primaryimage\"},\"image\":{\"@id\":\"https:\/\/sandzakpress.net\/arhiva\/tunis-osmero-mrtvih-u-talackoj-krizi-i-pucnjavi\/#primaryimage\"},\"thumbnailUrl\":\"https:\/\/sandzakpress.net\/arhiva\/wp-content\/uploads\/2015\/03\/trtbosanski-tunis-osmero-mrtvih-u-talakoj-krizi-i-pucnjav-40504.jpg\",\"datePublished\":\"2015-03-18T14:32:36+00:00\",\"breadcrumb\":{\"@id\":\"https:\/\/sandzakpress.net\/arhiva\/tunis-osmero-mrtvih-u-talackoj-krizi-i-pucnjavi\/#breadcrumb\"},\"inLanguage\":\"bs-BA\",\"potentialAction\":[{\"@type\":\"ReadAction\",\"target\":[\"https:\/\/sandzakpress.net\/arhiva\/tunis-osmero-mrtvih-u-talackoj-krizi-i-pucnjavi\/\"]}]},{\"@type\":\"ImageObject\",\"inLanguage\":\"bs-BA\",\"@id\":\"https:\/\/sandzakpress.net\/arhiva\/tunis-osmero-mrtvih-u-talackoj-krizi-i-pucnjavi\/#primaryimage\",\"url\":\"https:\/\/sandzakpress.net\/arhiva\/wp-content\/uploads\/2015\/03\/trtbosanski-tunis-osmero-mrtvih-u-talakoj-krizi-i-pucnjav-40504.jpg\",\"contentUrl\":\"https:\/\/sandzakpress.net\/arhiva\/wp-content\/uploads\/2015\/03\/trtbosanski-tunis-osmero-mrtvih-u-talakoj-krizi-i-pucnjav-40504.jpg\",\"width\":600,\"height\":459},{\"@type\":\"BreadcrumbList\",\"@id\":\"https:\/\/sandzakpress.net\/arhiva\/tunis-osmero-mrtvih-u-talackoj-krizi-i-pucnjavi\/#breadcrumb\",\"itemListElement\":[{\"@type\":\"ListItem\",\"position\":1,\"name\":\"Home\",\"item\":\"https:\/\/sandzakpress.net\/arhiva\/\"},{\"@type\":\"ListItem\",\"position\":2,\"name\":\"Tunis: Osmero mrtvih u tala\u010dkoj krizi i pucnjavi\"}]},{\"@type\":\"WebSite\",\"@id\":\"https:\/\/sandzakpress.net\/arhiva\/#website\",\"url\":\"https:\/\/sandzakpress.net\/arhiva\/\",\"name\":\"Sand\u017eak PRESS\",\"description\":\"Prve elektronske novine u Sand\u017eaku\",\"publisher\":{\"@id\":\"https:\/\/sandzakpress.net\/arhiva\/#\/schema\/person\/6e72b67d6e51910a1117b3b483ba20bd\"},\"potentialAction\":[{\"@type\":\"SearchAction\",\"target\":{\"@type\":\"EntryPoint\",\"urlTemplate\":\"https:\/\/sandzakpress.net\/arhiva\/?s={search_term_string}\"},\"query-input\":{\"@type\":\"PropertyValueSpecification\",\"valueRequired\":true,\"valueName\":\"search_term_string\"}}],\"inLanguage\":\"bs-BA\"},{\"@type\":[\"Person\",\"Organization\"],\"@id\":\"https:\/\/sandzakpress.net\/arhiva\/#\/schema\/person\/6e72b67d6e51910a1117b3b483ba20bd\",\"name\":\"Kul\",\"image\":{\"@type\":\"ImageObject\",\"inLanguage\":\"bs-BA\",\"@id\":\"https:\/\/sandzakpress.net\/arhiva\/#\/schema\/person\/image\/\",\"url\":\"https:\/\/secure.gravatar.com\/avatar\/42263f39aa27ac04c43cab85c280eb2e?s=96&d=mm&r=pg\",\"contentUrl\":\"https:\/\/secure.gravatar.com\/avatar\/42263f39aa27ac04c43cab85c280eb2e?s=96&d=mm&r=pg\",\"caption\":\"Kul\"},\"logo\":{\"@id\":\"https:\/\/sandzakpress.net\/arhiva\/#\/schema\/person\/image\/\"}},{\"@type\":\"Person\",\"@id\":\"https:\/\/sandzakpress.net\/arhiva\/#\/schema\/person\/c8baee722073534b583ea7bdb2e36c02\",\"name\":\"bosniak\",\"image\":{\"@type\":\"ImageObject\",\"inLanguage\":\"bs-BA\",\"@id\":\"https:\/\/sandzakpress.net\/arhiva\/#\/schema\/person\/image\/\",\"url\":\"https:\/\/secure.gravatar.com\/avatar\/a04fd330bfe3a36a72a0ad4a6d89fca7?s=96&d=mm&r=pg\",\"contentUrl\":\"https:\/\/secure.gravatar.com\/avatar\/a04fd330bfe3a36a72a0ad4a6d89fca7?s=96&d=mm&r=pg\",\"caption\":\"bosniak\"},\"url\":\"https:\/\/sandzakpress.net\/arhiva\/author\/bosniak\/\"}]}<\/script>\n<!-- \/ Yoast SEO Premium plugin. -->","yoast_head_json":{"title":"Tunis: Osmero mrtvih u tala\u010dkoj krizi i pucnjavi","robots":{"index":"index","follow":"follow","max-snippet":"max-snippet:-1","max-image-preview":"max-image-preview:large","max-video-preview":"max-video-preview:-1"},"canonical":"https:\/\/sandzakpress.net\/arhiva\/tunis-osmero-mrtvih-u-talackoj-krizi-i-pucnjavi\/","og_locale":"bs_BA","og_type":"article","og_title":"Tunis: Osmero mrtvih u tala\u010dkoj krizi i pucnjavi","og_description":"Svijet &#8211; U tala\u010dkoj krizi u Tunisu ubijeno je najmanje osmero ljudi. Me\u0111u ubijenim nalazi se sedmero stranih turista, saop\u0107io je izvor iz Ministarstva unutra\u0161njih poslova. Do pucnjave iz zasad nerazja\u0161njenih razloga, kako su prenijeli lokalni mediji, do\u0161lo je u blizini jednog od vode\u0107ih muzeja u Tunisu. Radi se o Muzeju Bardo koji predstavlja najve\u0107i [&hellip;]","og_url":"https:\/\/sandzakpress.net\/arhiva\/tunis-osmero-mrtvih-u-talackoj-krizi-i-pucnjavi\/","og_site_name":"Sand\u017eak PRESS","article_published_time":"2015-03-18T14:32:36+00:00","og_image":[{"width":600,"height":459,"url":"https:\/\/sandzakpress.net\/arhiva\/wp-content\/uploads\/2015\/03\/trtbosanski-tunis-osmero-mrtvih-u-talakoj-krizi-i-pucnjav-40504.jpg","type":"image\/jpeg"}],"author":"bosniak","twitter_card":"summary_large_image","twitter_misc":{"Written by":"bosniak"},"schema":{"@context":"https:\/\/schema.org","@graph":[{"@type":"Article","@id":"https:\/\/sandzakpress.net\/arhiva\/tunis-osmero-mrtvih-u-talackoj-krizi-i-pucnjavi\/#article","isPartOf":{"@id":"https:\/\/sandzakpress.net\/arhiva\/tunis-osmero-mrtvih-u-talackoj-krizi-i-pucnjavi\/"},"author":{"name":"bosniak","@id":"https:\/\/sandzakpress.net\/arhiva\/#\/schema\/person\/c8baee722073534b583ea7bdb2e36c02"},"headline":"Tunis: Osmero mrtvih u tala\u010dkoj krizi i pucnjavi","datePublished":"2015-03-18T14:32:36+00:00","mainEntityOfPage":{"@id":"https:\/\/sandzakpress.net\/arhiva\/tunis-osmero-mrtvih-u-talackoj-krizi-i-pucnjavi\/"},"wordCount":98,"commentCount":1,"publisher":{"@id":"https:\/\/sandzakpress.net\/arhiva\/#\/schema\/person\/6e72b67d6e51910a1117b3b483ba20bd"},"image":{"@id":"https:\/\/sandzakpress.net\/arhiva\/tunis-osmero-mrtvih-u-talackoj-krizi-i-pucnjavi\/#primaryimage"},"thumbnailUrl":"https:\/\/sandzakpress.net\/arhiva\/wp-content\/uploads\/2015\/03\/trtbosanski-tunis-osmero-mrtvih-u-talakoj-krizi-i-pucnjav-40504.jpg","keywords":["Ummet"],"articleSection":["Svijet","NAJNOVIJE"],"inLanguage":"bs-BA","potentialAction":[{"@type":"CommentAction","name":"Comment","target":["https:\/\/sandzakpress.net\/arhiva\/tunis-osmero-mrtvih-u-talackoj-krizi-i-pucnjavi\/#respond"]}]},{"@type":"WebPage","@id":"https:\/\/sandzakpress.net\/arhiva\/tunis-osmero-mrtvih-u-talackoj-krizi-i-pucnjavi\/","url":"https:\/\/sandzakpress.net\/arhiva\/tunis-osmero-mrtvih-u-talackoj-krizi-i-pucnjavi\/","name":"Tunis: Osmero mrtvih u tala\u010dkoj krizi i pucnjavi","isPartOf":{"@id":"https:\/\/sandzakpress.net\/arhiva\/#website"},"primaryImageOfPage":{"@id":"https:\/\/sandzakpress.net\/arhiva\/tunis-osmero-mrtvih-u-talackoj-krizi-i-pucnjavi\/#primaryimage"},"image":{"@id":"https:\/\/sandzakpress.net\/arhiva\/tunis-osmero-mrtvih-u-talackoj-krizi-i-pucnjavi\/#primaryimage"},"thumbnailUrl":"https:\/\/sandzakpress.net\/arhiva\/wp-content\/uploads\/2015\/03\/trtbosanski-tunis-osmero-mrtvih-u-talakoj-krizi-i-pucnjav-40504.jpg","datePublished":"2015-03-18T14:32:36+00:00","breadcrumb":{"@id":"https:\/\/sandzakpress.net\/arhiva\/tunis-osmero-mrtvih-u-talackoj-krizi-i-pucnjavi\/#breadcrumb"},"inLanguage":"bs-BA","potentialAction":[{"@type":"ReadAction","target":["https:\/\/sandzakpress.net\/arhiva\/tunis-osmero-mrtvih-u-talackoj-krizi-i-pucnjavi\/"]}]},{"@type":"ImageObject","inLanguage":"bs-BA","@id":"https:\/\/sandzakpress.net\/arhiva\/tunis-osmero-mrtvih-u-talackoj-krizi-i-pucnjavi\/#primaryimage","url":"https:\/\/sandzakpress.net\/arhiva\/wp-content\/uploads\/2015\/03\/trtbosanski-tunis-osmero-mrtvih-u-talakoj-krizi-i-pucnjav-40504.jpg","contentUrl":"https:\/\/sandzakpress.net\/arhiva\/wp-content\/uploads\/2015\/03\/trtbosanski-tunis-osmero-mrtvih-u-talakoj-krizi-i-pucnjav-40504.jpg","width":600,"height":459},{"@type":"BreadcrumbList","@id":"https:\/\/sandzakpress.net\/arhiva\/tunis-osmero-mrtvih-u-talackoj-krizi-i-pucnjavi\/#breadcrumb","itemListElement":[{"@type":"ListItem","position":1,"name":"Home","item":"https:\/\/sandzakpress.net\/arhiva\/"},{"@type":"ListItem","position":2,"name":"Tunis: Osmero mrtvih u tala\u010dkoj krizi i pucnjavi"}]},{"@type":"WebSite","@id":"https:\/\/sandzakpress.net\/arhiva\/#website","url":"https:\/\/sandzakpress.net\/arhiva\/","name":"Sand\u017eak PRESS","description":"Prve elektronske novine u Sand\u017eaku","publisher":{"@id":"https:\/\/sandzakpress.net\/arhiva\/#\/schema\/person\/6e72b67d6e51910a1117b3b483ba20bd"},"potentialAction":[{"@type":"SearchAction","target":{"@type":"EntryPoint","urlTemplate":"https:\/\/sandzakpress.net\/arhiva\/?s={search_term_string}"},"query-input":{"@type":"PropertyValueSpecification","valueRequired":true,"valueName":"search_term_string"}}],"inLanguage":"bs-BA"},{"@type":["Person","Organization"],"@id":"https:\/\/sandzakpress.net\/arhiva\/#\/schema\/person\/6e72b67d6e51910a1117b3b483ba20bd","name":"Kul","image":{"@type":"ImageObject","inLanguage":"bs-BA","@id":"https:\/\/sandzakpress.net\/arhiva\/#\/schema\/person\/image\/","url":"https:\/\/secure.gravatar.com\/avatar\/42263f39aa27ac04c43cab85c280eb2e?s=96&d=mm&r=pg","contentUrl":"https:\/\/secure.gravatar.com\/avatar\/42263f39aa27ac04c43cab85c280eb2e?s=96&d=mm&r=pg","caption":"Kul"},"logo":{"@id":"https:\/\/sandzakpress.net\/arhiva\/#\/schema\/person\/image\/"}},{"@type":"Person","@id":"https:\/\/sandzakpress.net\/arhiva\/#\/schema\/person\/c8baee722073534b583ea7bdb2e36c02","name":"bosniak","image":{"@type":"ImageObject","inLanguage":"bs-BA","@id":"https:\/\/sandzakpress.net\/arhiva\/#\/schema\/person\/image\/","url":"https:\/\/secure.gravatar.com\/avatar\/a04fd330bfe3a36a72a0ad4a6d89fca7?s=96&d=mm&r=pg","contentUrl":"https:\/\/secure.gravatar.com\/avatar\/a04fd330bfe3a36a72a0ad4a6d89fca7?s=96&d=mm&r=pg","caption":"bosniak"},"url":"https:\/\/sandzakpress.net\/arhiva\/author\/bosniak\/"}]}},"_links":{"self":[{"href":"https:\/\/sandzakpress.net\/arhiva\/wp-json\/wp\/v2\/posts\/125104"}],"collection":[{"href":"https:\/\/sandzakpress.net\/arhiva\/wp-json\/wp\/v2\/posts"}],"about":[{"href":"https:\/\/sandzakpress.net\/arhiva\/wp-json\/wp\/v2\/types\/post"}],"author":[{"embeddable":true,"href":"https:\/\/sandzakpress.net\/arhiva\/wp-json\/wp\/v2\/users\/83"}],"replies":[{"embeddable":true,"href":"https:\/\/sandzakpress.net\/arhiva\/wp-json\/wp\/v2\/comments?post=125104"}],"version-history":[{"count":0,"href":"https:\/\/sandzakpress.net\/arhiva\/wp-json\/wp\/v2\/posts\/125104\/revisions"}],"wp:featuredmedia":[{"embeddable":true,"href":"https:\/\/sandzakpress.net\/arhiva\/wp-json\/wp\/v2\/media\/125105"}],"wp:attachment":[{"href":"https:\/\/sandzakpress.net\/arhiva\/wp-json\/wp\/v2\/media?parent=125104"}],"wp:term":[{"taxonomy":"category","embeddable":true,"href":"https:\/\/sandzakpress.net\/arhiva\/wp-json\/wp\/v2\/categories?post=125104"},{"taxonomy":"post_tag","embeddable":true,"href":"https:\/\/sandzakpress.net\/arhiva\/wp-json\/wp\/v2\/tags?post=125104"}],"curies":[{"name":"wp","href":"https:\/\/api.w.org\/{rel}","templated":true}]}}