{"id":125095,"date":"2015-03-18T18:14:10","date_gmt":"2015-03-18T17:14:10","guid":{"rendered":"https:\/\/sandzakpress.net\/arhiva\/?p=125095"},"modified":"2015-03-18T23:11:54","modified_gmt":"2015-03-18T22:11:54","slug":"muhic-ja-sam-akademik-banu-licnosti-prolaze-institucije-opstaju","status":"publish","type":"post","link":"https:\/\/sandzakpress.net\/arhiva\/muhic-ja-sam-akademik-banu-licnosti-prolaze-institucije-opstaju\/","title":{"rendered":"Muhi\u0107 &#8211; Ja sam akademik BANU &#8211; Li\u010dnosti prolaze, institucije opstaju"},"content":{"rendered":"<p><img loading=\"lazy\" decoding=\"async\" class=\"\" src=\"http:\/\/tuzlalive.ba\/wp-content\/uploads\/2013\/03\/ferid_muhic.jpg\" alt=\"\" width=\"576\" height=\"329\" \/><\/p>\n<p><strong>BiH, Makedonija &#8211; Diwan Magazine, blizak vlastima u Sand\u017eaku, koji djeluje u dijaspori sa centrom u Luksemburgu, na \u010delu sa Almirom Mehoni\u0107em, je obavio intervjuu sa akademikom Feridom Muhi\u0107em, biv\u0161im predsjednikom BANU. Pitali su ga:<\/strong><\/p>\n<p><strong>I vi ste bili na \u010delu jedne institucije u nastanku BANU. No, izgleda da nije sve bilo onako kako ste zamislili kada ste osnivali BANU. Javnost je ostala uskra\u0107ena za razloge Va\u0161e ostavke kao i Va\u0161 status unutar BANU danas?<\/strong><\/p>\n<p><strong>MUHI\u0106:<\/strong> Ja sam i dalje \u010dlan BANU. Tehni\u010dki problemi funkcionisanja sa daljine (Skopje\/Sarajevo), bitno so ote\u017eavali kontinuirano funkcionisanje i onemogu\u0107avali neophodno stalno prisustvo Predsjednika u prostorijama institucije ovakvog ranga. Ovo je dovelo i do nekih neslaganja, ali to ve\u0107 nije bitno za opstanak i funkcionisanje BANU. Neslaganja mogu i ostati, sve dok ne dovode u pitanje ostvarivanje ciljeva BANU.<\/p>\n<p>To zna\u010di da odgovornost BANU za afirmaciju historijske istine o Bosni i Bo\u0161njacima i konstituisanje kulturnih i duhovnih pretpostavki za povratak punog suvereniteta, odnosno, teritorijalnog integriteta Bosne i Hercegovine, ostaju njeni najva\u017eniji sadr\u017eaji rada. Kao prvo, podsjeti\u0107u da me, iako vi\u0161e ne kao predsjednika BANU, i dalje ima tu. Kao drugo, li\u010dnosti dolaze i odlaze, institucije traju i opstaju. Sada je najva\u017enije kona\u010dno realizovati par fundamentalnih istra\u017eiva\u010dkih projekata koji \u0107e oja\u010dati entuzijazam, probuditi interes i podi\u0107i optimizam Bo\u0161njaka u pogledu njihovog istorijskog zadatka da rekonstitui\u0161u svoj nacionalni, kulturni i dr\u017eavotvorni identitet i uspostave svoj puni politi\u010dki kapacitet.<\/p>\n<p>Sa zadovoljstvom mogu re\u0107i da sam sa uva\u017eenim kolegom Muhamedom Filipovi\u0107em, novim predsjednikom BANU, postigao punu saglasnost u pogledu definisanja osnovnih zadataka pred kojima stoji BANU i na\u0161e spremnosti da maksimalno sara\u0111ujemo na njihovoj uspje\u0161noj realizaciji.<\/p>\n<p>(Diwan Magazine)<\/p>\n","protected":false},"excerpt":{"rendered":"<p>BiH, Makedonija &#8211; Diwan Magazine, blizak vlastima u Sand\u017eaku, koji djeluje u dijaspori sa centrom u Luksemburgu, na \u010delu sa Almirom Mehoni\u0107em, je obavio intervjuu sa akademikom Feridom Muhi\u0107em, biv\u0161im predsjednikom BANU. Pitali su ga: I vi ste bili na \u010delu jedne institucije u nastanku BANU. No, izgleda da nije sve bilo onako kako ste [&hellip;]<\/p>\n","protected":false},"author":83,"featured_media":125116,"comment_status":"open","ping_status":"open","sticky":false,"template":"","format":"standard","meta":{"footnotes":""},"categories":[800,2860,10507,2691,8957],"tags":[10270],"class_list":{"0":"post-125095","1":"post","2":"type-post","3":"status-publish","4":"format-standard","5":"has-post-thumbnail","7":"category-nacija","8":"category-bosna-i-hercegovina-gradovi","9":"category-notifikacije","10":"category-makedonija","11":"category-vijesti-dana","12":"tag-bosnjacka-akademija-nauka-i-umjetnosti"},"yoast_head":"<!-- This site is optimized with the Yoast SEO Premium plugin v23.1 (Yoast SEO v24.9) - https:\/\/yoast.com\/wordpress\/plugins\/seo\/ -->\n<title>Muhi\u0107 - Ja sam akademik BANU - Li\u010dnosti prolaze, institucije opstaju<\/title>\n<meta name=\"robots\" content=\"index, follow, max-snippet:-1, max-image-preview:large, max-video-preview:-1\" \/>\n<link rel=\"canonical\" href=\"https:\/\/sandzakpress.net\/arhiva\/muhic-ja-sam-akademik-banu-licnosti-prolaze-institucije-opstaju\/\" \/>\n<meta property=\"og:locale\" content=\"bs_BA\" \/>\n<meta property=\"og:type\" content=\"article\" \/>\n<meta property=\"og:title\" content=\"Muhi\u0107 - Ja sam akademik BANU - Li\u010dnosti prolaze, institucije opstaju\" \/>\n<meta property=\"og:description\" content=\"BiH, Makedonija &#8211; Diwan Magazine, blizak vlastima u Sand\u017eaku, koji djeluje u dijaspori sa centrom u Luksemburgu, na \u010delu sa Almirom Mehoni\u0107em, je obavio intervjuu sa akademikom Feridom Muhi\u0107em, biv\u0161im predsjednikom BANU. Pitali su ga: I vi ste bili na \u010delu jedne institucije u nastanku BANU. No, izgleda da nije sve bilo onako kako ste [&hellip;]\" \/>\n<meta property=\"og:url\" content=\"https:\/\/sandzakpress.net\/arhiva\/muhic-ja-sam-akademik-banu-licnosti-prolaze-institucije-opstaju\/\" \/>\n<meta property=\"og:site_name\" content=\"Sand\u017eak PRESS\" \/>\n<meta property=\"article:published_time\" content=\"2015-03-18T17:14:10+00:00\" \/>\n<meta property=\"article:modified_time\" content=\"2015-03-18T22:11:54+00:00\" \/>\n<meta property=\"og:image\" content=\"https:\/\/sandzakpress.net\/arhiva\/wp-content\/uploads\/2015\/03\/ferid_muhic.jpg\" \/>\n\t<meta property=\"og:image:width\" content=\"550\" \/>\n\t<meta property=\"og:image:height\" content=\"314\" \/>\n\t<meta property=\"og:image:type\" content=\"image\/jpeg\" \/>\n<meta name=\"author\" content=\"bosniak\" \/>\n<meta name=\"twitter:card\" content=\"summary_large_image\" \/>\n<meta name=\"twitter:label1\" content=\"Written by\" \/>\n\t<meta name=\"twitter:data1\" content=\"bosniak\" \/>\n\t<meta name=\"twitter:label2\" content=\"Est. reading time\" \/>\n\t<meta name=\"twitter:data2\" content=\"2 minute\" \/>\n<script type=\"application\/ld+json\" class=\"yoast-schema-graph\">{\"@context\":\"https:\/\/schema.org\",\"@graph\":[{\"@type\":\"Article\",\"@id\":\"https:\/\/sandzakpress.net\/arhiva\/muhic-ja-sam-akademik-banu-licnosti-prolaze-institucije-opstaju\/#article\",\"isPartOf\":{\"@id\":\"https:\/\/sandzakpress.net\/arhiva\/muhic-ja-sam-akademik-banu-licnosti-prolaze-institucije-opstaju\/\"},\"author\":{\"name\":\"bosniak\",\"@id\":\"https:\/\/sandzakpress.net\/arhiva\/#\/schema\/person\/c8baee722073534b583ea7bdb2e36c02\"},\"headline\":\"Muhi\u0107 &#8211; Ja sam akademik BANU &#8211; Li\u010dnosti prolaze, institucije opstaju\",\"datePublished\":\"2015-03-18T17:14:10+00:00\",\"dateModified\":\"2015-03-18T22:11:54+00:00\",\"mainEntityOfPage\":{\"@id\":\"https:\/\/sandzakpress.net\/arhiva\/muhic-ja-sam-akademik-banu-licnosti-prolaze-institucije-opstaju\/\"},\"wordCount\":314,\"commentCount\":39,\"publisher\":{\"@id\":\"https:\/\/sandzakpress.net\/arhiva\/#\/schema\/person\/6e72b67d6e51910a1117b3b483ba20bd\"},\"image\":{\"@id\":\"https:\/\/sandzakpress.net\/arhiva\/muhic-ja-sam-akademik-banu-licnosti-prolaze-institucije-opstaju\/#primaryimage\"},\"thumbnailUrl\":\"https:\/\/sandzakpress.net\/arhiva\/wp-content\/uploads\/2015\/03\/ferid_muhic.jpg\",\"keywords\":[\"Bo\u0161nja\u010dka akademija nauka i umjetnosti\"],\"articleSection\":[\"Nacija\",\"Bosna i Hercegovina\",\"Notifikacije\",\"Makedonija\",\"VIJESTI DANA\"],\"inLanguage\":\"bs-BA\",\"potentialAction\":[{\"@type\":\"CommentAction\",\"name\":\"Comment\",\"target\":[\"https:\/\/sandzakpress.net\/arhiva\/muhic-ja-sam-akademik-banu-licnosti-prolaze-institucije-opstaju\/#respond\"]}]},{\"@type\":\"WebPage\",\"@id\":\"https:\/\/sandzakpress.net\/arhiva\/muhic-ja-sam-akademik-banu-licnosti-prolaze-institucije-opstaju\/\",\"url\":\"https:\/\/sandzakpress.net\/arhiva\/muhic-ja-sam-akademik-banu-licnosti-prolaze-institucije-opstaju\/\",\"name\":\"Muhi\u0107 - Ja sam akademik BANU - Li\u010dnosti prolaze, institucije opstaju\",\"isPartOf\":{\"@id\":\"https:\/\/sandzakpress.net\/arhiva\/#website\"},\"primaryImageOfPage\":{\"@id\":\"https:\/\/sandzakpress.net\/arhiva\/muhic-ja-sam-akademik-banu-licnosti-prolaze-institucije-opstaju\/#primaryimage\"},\"image\":{\"@id\":\"https:\/\/sandzakpress.net\/arhiva\/muhic-ja-sam-akademik-banu-licnosti-prolaze-institucije-opstaju\/#primaryimage\"},\"thumbnailUrl\":\"https:\/\/sandzakpress.net\/arhiva\/wp-content\/uploads\/2015\/03\/ferid_muhic.jpg\",\"datePublished\":\"2015-03-18T17:14:10+00:00\",\"dateModified\":\"2015-03-18T22:11:54+00:00\",\"breadcrumb\":{\"@id\":\"https:\/\/sandzakpress.net\/arhiva\/muhic-ja-sam-akademik-banu-licnosti-prolaze-institucije-opstaju\/#breadcrumb\"},\"inLanguage\":\"bs-BA\",\"potentialAction\":[{\"@type\":\"ReadAction\",\"target\":[\"https:\/\/sandzakpress.net\/arhiva\/muhic-ja-sam-akademik-banu-licnosti-prolaze-institucije-opstaju\/\"]}]},{\"@type\":\"ImageObject\",\"inLanguage\":\"bs-BA\",\"@id\":\"https:\/\/sandzakpress.net\/arhiva\/muhic-ja-sam-akademik-banu-licnosti-prolaze-institucije-opstaju\/#primaryimage\",\"url\":\"https:\/\/sandzakpress.net\/arhiva\/wp-content\/uploads\/2015\/03\/ferid_muhic.jpg\",\"contentUrl\":\"https:\/\/sandzakpress.net\/arhiva\/wp-content\/uploads\/2015\/03\/ferid_muhic.jpg\",\"width\":550,\"height\":314},{\"@type\":\"BreadcrumbList\",\"@id\":\"https:\/\/sandzakpress.net\/arhiva\/muhic-ja-sam-akademik-banu-licnosti-prolaze-institucije-opstaju\/#breadcrumb\",\"itemListElement\":[{\"@type\":\"ListItem\",\"position\":1,\"name\":\"Home\",\"item\":\"https:\/\/sandzakpress.net\/arhiva\/\"},{\"@type\":\"ListItem\",\"position\":2,\"name\":\"Muhi\u0107 &#8211; Ja sam akademik BANU &#8211; Li\u010dnosti prolaze, institucije opstaju\"}]},{\"@type\":\"WebSite\",\"@id\":\"https:\/\/sandzakpress.net\/arhiva\/#website\",\"url\":\"https:\/\/sandzakpress.net\/arhiva\/\",\"name\":\"Sand\u017eak PRESS\",\"description\":\"Prve elektronske novine u Sand\u017eaku\",\"publisher\":{\"@id\":\"https:\/\/sandzakpress.net\/arhiva\/#\/schema\/person\/6e72b67d6e51910a1117b3b483ba20bd\"},\"potentialAction\":[{\"@type\":\"SearchAction\",\"target\":{\"@type\":\"EntryPoint\",\"urlTemplate\":\"https:\/\/sandzakpress.net\/arhiva\/?s={search_term_string}\"},\"query-input\":{\"@type\":\"PropertyValueSpecification\",\"valueRequired\":true,\"valueName\":\"search_term_string\"}}],\"inLanguage\":\"bs-BA\"},{\"@type\":[\"Person\",\"Organization\"],\"@id\":\"https:\/\/sandzakpress.net\/arhiva\/#\/schema\/person\/6e72b67d6e51910a1117b3b483ba20bd\",\"name\":\"Kul\",\"image\":{\"@type\":\"ImageObject\",\"inLanguage\":\"bs-BA\",\"@id\":\"https:\/\/sandzakpress.net\/arhiva\/#\/schema\/person\/image\/\",\"url\":\"https:\/\/secure.gravatar.com\/avatar\/42263f39aa27ac04c43cab85c280eb2e?s=96&d=mm&r=pg\",\"contentUrl\":\"https:\/\/secure.gravatar.com\/avatar\/42263f39aa27ac04c43cab85c280eb2e?s=96&d=mm&r=pg\",\"caption\":\"Kul\"},\"logo\":{\"@id\":\"https:\/\/sandzakpress.net\/arhiva\/#\/schema\/person\/image\/\"}},{\"@type\":\"Person\",\"@id\":\"https:\/\/sandzakpress.net\/arhiva\/#\/schema\/person\/c8baee722073534b583ea7bdb2e36c02\",\"name\":\"bosniak\",\"image\":{\"@type\":\"ImageObject\",\"inLanguage\":\"bs-BA\",\"@id\":\"https:\/\/sandzakpress.net\/arhiva\/#\/schema\/person\/image\/\",\"url\":\"https:\/\/secure.gravatar.com\/avatar\/a04fd330bfe3a36a72a0ad4a6d89fca7?s=96&d=mm&r=pg\",\"contentUrl\":\"https:\/\/secure.gravatar.com\/avatar\/a04fd330bfe3a36a72a0ad4a6d89fca7?s=96&d=mm&r=pg\",\"caption\":\"bosniak\"},\"url\":\"https:\/\/sandzakpress.net\/arhiva\/author\/bosniak\/\"}]}<\/script>\n<!-- \/ Yoast SEO Premium plugin. -->","yoast_head_json":{"title":"Muhi\u0107 - Ja sam akademik BANU - Li\u010dnosti prolaze, institucije opstaju","robots":{"index":"index","follow":"follow","max-snippet":"max-snippet:-1","max-image-preview":"max-image-preview:large","max-video-preview":"max-video-preview:-1"},"canonical":"https:\/\/sandzakpress.net\/arhiva\/muhic-ja-sam-akademik-banu-licnosti-prolaze-institucije-opstaju\/","og_locale":"bs_BA","og_type":"article","og_title":"Muhi\u0107 - Ja sam akademik BANU - Li\u010dnosti prolaze, institucije opstaju","og_description":"BiH, Makedonija &#8211; Diwan Magazine, blizak vlastima u Sand\u017eaku, koji djeluje u dijaspori sa centrom u Luksemburgu, na \u010delu sa Almirom Mehoni\u0107em, je obavio intervjuu sa akademikom Feridom Muhi\u0107em, biv\u0161im predsjednikom BANU. Pitali su ga: I vi ste bili na \u010delu jedne institucije u nastanku BANU. No, izgleda da nije sve bilo onako kako ste [&hellip;]","og_url":"https:\/\/sandzakpress.net\/arhiva\/muhic-ja-sam-akademik-banu-licnosti-prolaze-institucije-opstaju\/","og_site_name":"Sand\u017eak PRESS","article_published_time":"2015-03-18T17:14:10+00:00","article_modified_time":"2015-03-18T22:11:54+00:00","og_image":[{"width":550,"height":314,"url":"https:\/\/sandzakpress.net\/arhiva\/wp-content\/uploads\/2015\/03\/ferid_muhic.jpg","type":"image\/jpeg"}],"author":"bosniak","twitter_card":"summary_large_image","twitter_misc":{"Written by":"bosniak","Est. reading time":"2 minute"},"schema":{"@context":"https:\/\/schema.org","@graph":[{"@type":"Article","@id":"https:\/\/sandzakpress.net\/arhiva\/muhic-ja-sam-akademik-banu-licnosti-prolaze-institucije-opstaju\/#article","isPartOf":{"@id":"https:\/\/sandzakpress.net\/arhiva\/muhic-ja-sam-akademik-banu-licnosti-prolaze-institucije-opstaju\/"},"author":{"name":"bosniak","@id":"https:\/\/sandzakpress.net\/arhiva\/#\/schema\/person\/c8baee722073534b583ea7bdb2e36c02"},"headline":"Muhi\u0107 &#8211; Ja sam akademik BANU &#8211; Li\u010dnosti prolaze, institucije opstaju","datePublished":"2015-03-18T17:14:10+00:00","dateModified":"2015-03-18T22:11:54+00:00","mainEntityOfPage":{"@id":"https:\/\/sandzakpress.net\/arhiva\/muhic-ja-sam-akademik-banu-licnosti-prolaze-institucije-opstaju\/"},"wordCount":314,"commentCount":39,"publisher":{"@id":"https:\/\/sandzakpress.net\/arhiva\/#\/schema\/person\/6e72b67d6e51910a1117b3b483ba20bd"},"image":{"@id":"https:\/\/sandzakpress.net\/arhiva\/muhic-ja-sam-akademik-banu-licnosti-prolaze-institucije-opstaju\/#primaryimage"},"thumbnailUrl":"https:\/\/sandzakpress.net\/arhiva\/wp-content\/uploads\/2015\/03\/ferid_muhic.jpg","keywords":["Bo\u0161nja\u010dka akademija nauka i umjetnosti"],"articleSection":["Nacija","Bosna i Hercegovina","Notifikacije","Makedonija","VIJESTI DANA"],"inLanguage":"bs-BA","potentialAction":[{"@type":"CommentAction","name":"Comment","target":["https:\/\/sandzakpress.net\/arhiva\/muhic-ja-sam-akademik-banu-licnosti-prolaze-institucije-opstaju\/#respond"]}]},{"@type":"WebPage","@id":"https:\/\/sandzakpress.net\/arhiva\/muhic-ja-sam-akademik-banu-licnosti-prolaze-institucije-opstaju\/","url":"https:\/\/sandzakpress.net\/arhiva\/muhic-ja-sam-akademik-banu-licnosti-prolaze-institucije-opstaju\/","name":"Muhi\u0107 - Ja sam akademik BANU - Li\u010dnosti prolaze, institucije opstaju","isPartOf":{"@id":"https:\/\/sandzakpress.net\/arhiva\/#website"},"primaryImageOfPage":{"@id":"https:\/\/sandzakpress.net\/arhiva\/muhic-ja-sam-akademik-banu-licnosti-prolaze-institucije-opstaju\/#primaryimage"},"image":{"@id":"https:\/\/sandzakpress.net\/arhiva\/muhic-ja-sam-akademik-banu-licnosti-prolaze-institucije-opstaju\/#primaryimage"},"thumbnailUrl":"https:\/\/sandzakpress.net\/arhiva\/wp-content\/uploads\/2015\/03\/ferid_muhic.jpg","datePublished":"2015-03-18T17:14:10+00:00","dateModified":"2015-03-18T22:11:54+00:00","breadcrumb":{"@id":"https:\/\/sandzakpress.net\/arhiva\/muhic-ja-sam-akademik-banu-licnosti-prolaze-institucije-opstaju\/#breadcrumb"},"inLanguage":"bs-BA","potentialAction":[{"@type":"ReadAction","target":["https:\/\/sandzakpress.net\/arhiva\/muhic-ja-sam-akademik-banu-licnosti-prolaze-institucije-opstaju\/"]}]},{"@type":"ImageObject","inLanguage":"bs-BA","@id":"https:\/\/sandzakpress.net\/arhiva\/muhic-ja-sam-akademik-banu-licnosti-prolaze-institucije-opstaju\/#primaryimage","url":"https:\/\/sandzakpress.net\/arhiva\/wp-content\/uploads\/2015\/03\/ferid_muhic.jpg","contentUrl":"https:\/\/sandzakpress.net\/arhiva\/wp-content\/uploads\/2015\/03\/ferid_muhic.jpg","width":550,"height":314},{"@type":"BreadcrumbList","@id":"https:\/\/sandzakpress.net\/arhiva\/muhic-ja-sam-akademik-banu-licnosti-prolaze-institucije-opstaju\/#breadcrumb","itemListElement":[{"@type":"ListItem","position":1,"name":"Home","item":"https:\/\/sandzakpress.net\/arhiva\/"},{"@type":"ListItem","position":2,"name":"Muhi\u0107 &#8211; Ja sam akademik BANU &#8211; Li\u010dnosti prolaze, institucije opstaju"}]},{"@type":"WebSite","@id":"https:\/\/sandzakpress.net\/arhiva\/#website","url":"https:\/\/sandzakpress.net\/arhiva\/","name":"Sand\u017eak PRESS","description":"Prve elektronske novine u Sand\u017eaku","publisher":{"@id":"https:\/\/sandzakpress.net\/arhiva\/#\/schema\/person\/6e72b67d6e51910a1117b3b483ba20bd"},"potentialAction":[{"@type":"SearchAction","target":{"@type":"EntryPoint","urlTemplate":"https:\/\/sandzakpress.net\/arhiva\/?s={search_term_string}"},"query-input":{"@type":"PropertyValueSpecification","valueRequired":true,"valueName":"search_term_string"}}],"inLanguage":"bs-BA"},{"@type":["Person","Organization"],"@id":"https:\/\/sandzakpress.net\/arhiva\/#\/schema\/person\/6e72b67d6e51910a1117b3b483ba20bd","name":"Kul","image":{"@type":"ImageObject","inLanguage":"bs-BA","@id":"https:\/\/sandzakpress.net\/arhiva\/#\/schema\/person\/image\/","url":"https:\/\/secure.gravatar.com\/avatar\/42263f39aa27ac04c43cab85c280eb2e?s=96&d=mm&r=pg","contentUrl":"https:\/\/secure.gravatar.com\/avatar\/42263f39aa27ac04c43cab85c280eb2e?s=96&d=mm&r=pg","caption":"Kul"},"logo":{"@id":"https:\/\/sandzakpress.net\/arhiva\/#\/schema\/person\/image\/"}},{"@type":"Person","@id":"https:\/\/sandzakpress.net\/arhiva\/#\/schema\/person\/c8baee722073534b583ea7bdb2e36c02","name":"bosniak","image":{"@type":"ImageObject","inLanguage":"bs-BA","@id":"https:\/\/sandzakpress.net\/arhiva\/#\/schema\/person\/image\/","url":"https:\/\/secure.gravatar.com\/avatar\/a04fd330bfe3a36a72a0ad4a6d89fca7?s=96&d=mm&r=pg","contentUrl":"https:\/\/secure.gravatar.com\/avatar\/a04fd330bfe3a36a72a0ad4a6d89fca7?s=96&d=mm&r=pg","caption":"bosniak"},"url":"https:\/\/sandzakpress.net\/arhiva\/author\/bosniak\/"}]}},"_links":{"self":[{"href":"https:\/\/sandzakpress.net\/arhiva\/wp-json\/wp\/v2\/posts\/125095"}],"collection":[{"href":"https:\/\/sandzakpress.net\/arhiva\/wp-json\/wp\/v2\/posts"}],"about":[{"href":"https:\/\/sandzakpress.net\/arhiva\/wp-json\/wp\/v2\/types\/post"}],"author":[{"embeddable":true,"href":"https:\/\/sandzakpress.net\/arhiva\/wp-json\/wp\/v2\/users\/83"}],"replies":[{"embeddable":true,"href":"https:\/\/sandzakpress.net\/arhiva\/wp-json\/wp\/v2\/comments?post=125095"}],"version-history":[{"count":0,"href":"https:\/\/sandzakpress.net\/arhiva\/wp-json\/wp\/v2\/posts\/125095\/revisions"}],"wp:featuredmedia":[{"embeddable":true,"href":"https:\/\/sandzakpress.net\/arhiva\/wp-json\/wp\/v2\/media\/125116"}],"wp:attachment":[{"href":"https:\/\/sandzakpress.net\/arhiva\/wp-json\/wp\/v2\/media?parent=125095"}],"wp:term":[{"taxonomy":"category","embeddable":true,"href":"https:\/\/sandzakpress.net\/arhiva\/wp-json\/wp\/v2\/categories?post=125095"},{"taxonomy":"post_tag","embeddable":true,"href":"https:\/\/sandzakpress.net\/arhiva\/wp-json\/wp\/v2\/tags?post=125095"}],"curies":[{"name":"wp","href":"https:\/\/api.w.org\/{rel}","templated":true}]}}