{"id":12500,"date":"2011-02-11T09:12:07","date_gmt":"2011-02-11T08:12:07","guid":{"rendered":"https:\/\/sandzakpress.net\/arhiva\/?p=12500"},"modified":"2011-02-11T16:37:03","modified_gmt":"2011-02-11T15:37:03","slug":"sdp-u-sluzbi-ugrozavanja-islamske-zajednice","status":"publish","type":"post","link":"https:\/\/sandzakpress.net\/arhiva\/sdp-u-sluzbi-ugrozavanja-islamske-zajednice\/","title":{"rendered":"SDP u slu\u017ebi ugro\u017eavanja Islamske zajednice"},"content":{"rendered":"<p><strong><a href=\"https:\/\/sandzakpress.net\/arhiva\/wp-content\/uploads\/2011\/02\/sdp-eami-demirovic3.jpg\"><img loading=\"lazy\" decoding=\"async\" class=\"alignleft size-medium wp-image-12543\" title=\"sdp - eami - demirovic\" src=\"https:\/\/sandzakpress.net\/arhiva\/wp-content\/uploads\/2011\/02\/sdp-eami-demirovic3-300x83.jpg\" alt=\"\" width=\"300\" height=\"83\" \/><\/a>Sjeverni Sand\u017eak &#8211; Od kako su se desili izbori za Bo\u0161nja\u010dko nacionalno vije\u0107e da se primjetiti da i Ljaji\u0107eva SDP otvoreno u\u010destvuje u razbijanju jedinstvene Islamske zajednice u Srbiji.<\/strong><\/p>\n<p>Poznato je da op\u0107ine Novi Pazar, Tutin, Sjenica i Prijepolje vi\u0161e ne upla\u0107uju nikakve finansije Islamskuoj zajednici, ve\u0107 te finansije poklanjaju paravjerskoj tvorevini na \u010delu sa Ademom Zilki\u0107em.<a href=\"https:\/\/sandzakpress.net\/arhiva\/wp-content\/uploads\/2011\/02\/26624_367299470740_314515120740_4231169_5558480_n.jpg\"><img loading=\"lazy\" decoding=\"async\" class=\"alignright size-medium wp-image-12502\" title=\"26624_367299470740_314515120740_4231169_5558480_n\" src=\"https:\/\/sandzakpress.net\/arhiva\/wp-content\/uploads\/2011\/02\/26624_367299470740_314515120740_4231169_5558480_n-300x225.jpg\" alt=\"\" width=\"137\" height=\"102\" \/><\/a><\/p>\n<p>Osim toga osnivaju se, poma\u017eu i finansiraju, od strane SDA i SDP sve organizacije koje bivaju nastrojene protiv Islamske zajednice, a nad kojima ima ingerencije Adem Zilki\u0107.<\/p>\n<p>Jedan od primjera je tzv. \u201e\u0160kola Kur'ana Ismail Filibali\u0107\u201c kojom rukovodi izvjesni Rami Nasrala koju je re\u017eimska Regionalna TV, pod kontrolom Ljaji\u0107a, reklamirala cijelog ramazana.<\/p>\n<figure id=\"attachment_12539\" aria-describedby=\"caption-attachment-12539\" style=\"width: 138px\" class=\"wp-caption alignright\"><a href=\"https:\/\/sandzakpress.net\/arhiva\/wp-content\/uploads\/2011\/02\/n26067752513_6610.jpg\"><img loading=\"lazy\" decoding=\"async\" class=\"size-full wp-image-12539\" title=\"n26067752513_6610\" src=\"https:\/\/sandzakpress.net\/arhiva\/wp-content\/uploads\/2011\/02\/n26067752513_6610.jpg\" alt=\"\" width=\"138\" height=\"185\" \/><\/a><figcaption id=\"caption-attachment-12539\" class=\"wp-caption-text\">Ugljaninov hor &quot;Isa-beg&quot;<\/figcaption><\/figure>\n<p><a href=\"https:\/\/sandzakpress.net\/arhiva\/wp-content\/uploads\/2011\/02\/obavestenja-126.jpg\"><img loading=\"lazy\" decoding=\"async\" class=\"alignleft size-full wp-image-12542\" title=\"obavestenja-126\" src=\"https:\/\/sandzakpress.net\/arhiva\/wp-content\/uploads\/2011\/02\/obavestenja-126.jpg\" alt=\"\" width=\"114\" height=\"90\" \/><\/a>Osim nje je primjetna i nevladina organizacija \u201eSvetionik\u201c kojom rukovodi Muhamed Demirovi\u0107, a koja ovih dana organizuje navodni \u201eHumanitarni koncert\u201c na dan ro\u0111enja Poslanika, s.a.w.s., gdje \u0107e predavanje odr\u017eati li\u010dno Demirovi\u0107. Ovaj skup \u0107e se odr\u017eati pod pokroviteljstvom Gradske uprave na \u010delu sa Mehom Mahmutovi\u0107em.<\/p>\n<p>Kao vjerni pratilac svih skupova koji imaju za cilj razbijanje Islamske zajednice\u00a0 je neizostavan i hor &#8220;Isa-beg&#8221; koji je pod direktnom kontrolom Sulejmana Ugaljanina.<\/p>\n<p>Da li je za\u010du\u0111uju\u0107e to kako se predstavnici SDP-a gr\u010devito bore da se osvete Islamskoj zajednici \u0161to ih vi\u0161e ne podr\u017eava, pa i davanjem podr\u0161ke paravjerskim institucijama, pospje\u0161uju\u0107i tako podjele u narodu, \u0161to je suprotno predizbornim obe\u0107anjima Rasima Ljaji\u0107a da \u0107e ukinuti paravjersku tvorivinu tzv. \u201eRijaset\u201c koji je Ugljanin napravio?<\/p>\n<p>Izvor: <strong>SandzakPRESS.net<\/strong><\/p>\n","protected":false},"excerpt":{"rendered":"<p>Sjeverni Sand\u017eak &#8211; Od kako su se desili izbori za Bo\u0161nja\u010dko nacionalno vije\u0107e da se primjetiti da i Ljaji\u0107eva SDP otvoreno u\u010destvuje u razbijanju jedinstvene Islamske zajednice u Srbiji. Poznato je da op\u0107ine Novi Pazar, Tutin, Sjenica i Prijepolje vi\u0161e ne upla\u0107uju nikakve finansije Islamskuoj zajednici, ve\u0107 te finansije poklanjaju paravjerskoj tvorevini na \u010delu sa [&hellip;]<\/p>\n","protected":false},"author":83,"featured_media":12543,"comment_status":"open","ping_status":"open","sticky":false,"template":"","format":"standard","meta":{"footnotes":""},"categories":[72,52,1,327,392],"tags":[],"class_list":{"0":"post-12500","1":"post","2":"type-post","3":"status-publish","4":"format-standard","5":"has-post-thumbnail","7":"category-novi-pazar","8":"category-sjenica","9":"category-politika","10":"category-tutin","11":"category-prijepolje_"},"yoast_head":"<!-- This site is optimized with the Yoast SEO Premium plugin v23.1 (Yoast SEO v24.9) - https:\/\/yoast.com\/wordpress\/plugins\/seo\/ -->\n<title>SDP u slu\u017ebi ugro\u017eavanja Islamske zajednice<\/title>\n<meta name=\"robots\" content=\"index, follow, max-snippet:-1, max-image-preview:large, max-video-preview:-1\" \/>\n<link rel=\"canonical\" href=\"https:\/\/sandzakpress.net\/arhiva\/sdp-u-sluzbi-ugrozavanja-islamske-zajednice\/\" \/>\n<meta property=\"og:locale\" content=\"bs_BA\" \/>\n<meta property=\"og:type\" content=\"article\" \/>\n<meta property=\"og:title\" content=\"SDP u slu\u017ebi ugro\u017eavanja Islamske zajednice\" \/>\n<meta property=\"og:description\" content=\"Sjeverni Sand\u017eak &#8211; Od kako su se desili izbori za Bo\u0161nja\u010dko nacionalno vije\u0107e da se primjetiti da i Ljaji\u0107eva SDP otvoreno u\u010destvuje u razbijanju jedinstvene Islamske zajednice u Srbiji. Poznato je da op\u0107ine Novi Pazar, Tutin, Sjenica i Prijepolje vi\u0161e ne upla\u0107uju nikakve finansije Islamskuoj zajednici, ve\u0107 te finansije poklanjaju paravjerskoj tvorevini na \u010delu sa [&hellip;]\" \/>\n<meta property=\"og:url\" content=\"https:\/\/sandzakpress.net\/arhiva\/sdp-u-sluzbi-ugrozavanja-islamske-zajednice\/\" \/>\n<meta property=\"og:site_name\" content=\"Sand\u017eak PRESS\" \/>\n<meta property=\"article:published_time\" content=\"2011-02-11T08:12:07+00:00\" \/>\n<meta property=\"article:modified_time\" content=\"2011-02-11T15:37:03+00:00\" \/>\n<meta property=\"og:image\" content=\"https:\/\/sandzakpress.net\/arhiva\/wp-content\/uploads\/2011\/02\/sdp-eami-demirovic3.jpg\" \/>\n\t<meta property=\"og:image:width\" content=\"500\" \/>\n\t<meta property=\"og:image:height\" content=\"139\" \/>\n\t<meta property=\"og:image:type\" content=\"image\/jpeg\" \/>\n<meta name=\"author\" content=\"bosniak\" \/>\n<meta name=\"twitter:card\" content=\"summary_large_image\" \/>\n<meta name=\"twitter:label1\" content=\"Written by\" \/>\n\t<meta name=\"twitter:data1\" content=\"bosniak\" \/>\n\t<meta name=\"twitter:label2\" content=\"Est. reading time\" \/>\n\t<meta name=\"twitter:data2\" content=\"1 minuta\" \/>\n<script type=\"application\/ld+json\" class=\"yoast-schema-graph\">{\"@context\":\"https:\/\/schema.org\",\"@graph\":[{\"@type\":\"Article\",\"@id\":\"https:\/\/sandzakpress.net\/arhiva\/sdp-u-sluzbi-ugrozavanja-islamske-zajednice\/#article\",\"isPartOf\":{\"@id\":\"https:\/\/sandzakpress.net\/arhiva\/sdp-u-sluzbi-ugrozavanja-islamske-zajednice\/\"},\"author\":{\"name\":\"bosniak\",\"@id\":\"https:\/\/sandzakpress.net\/arhiva\/#\/schema\/person\/c8baee722073534b583ea7bdb2e36c02\"},\"headline\":\"SDP u slu\u017ebi ugro\u017eavanja Islamske zajednice\",\"datePublished\":\"2011-02-11T08:12:07+00:00\",\"dateModified\":\"2011-02-11T15:37:03+00:00\",\"mainEntityOfPage\":{\"@id\":\"https:\/\/sandzakpress.net\/arhiva\/sdp-u-sluzbi-ugrozavanja-islamske-zajednice\/\"},\"wordCount\":285,\"commentCount\":29,\"publisher\":{\"@id\":\"https:\/\/sandzakpress.net\/arhiva\/#\/schema\/person\/6e72b67d6e51910a1117b3b483ba20bd\"},\"image\":{\"@id\":\"https:\/\/sandzakpress.net\/arhiva\/sdp-u-sluzbi-ugrozavanja-islamske-zajednice\/#primaryimage\"},\"thumbnailUrl\":\"https:\/\/sandzakpress.net\/arhiva\/wp-content\/uploads\/2011\/02\/sdp-eami-demirovic3.jpg\",\"articleSection\":[\"Novi Pazar\",\"Sjenica\",\"Politika\",\"Tutin\",\"Prijepolje\"],\"inLanguage\":\"bs-BA\",\"potentialAction\":[{\"@type\":\"CommentAction\",\"name\":\"Comment\",\"target\":[\"https:\/\/sandzakpress.net\/arhiva\/sdp-u-sluzbi-ugrozavanja-islamske-zajednice\/#respond\"]}]},{\"@type\":\"WebPage\",\"@id\":\"https:\/\/sandzakpress.net\/arhiva\/sdp-u-sluzbi-ugrozavanja-islamske-zajednice\/\",\"url\":\"https:\/\/sandzakpress.net\/arhiva\/sdp-u-sluzbi-ugrozavanja-islamske-zajednice\/\",\"name\":\"SDP u slu\u017ebi ugro\u017eavanja Islamske zajednice\",\"isPartOf\":{\"@id\":\"https:\/\/sandzakpress.net\/arhiva\/#website\"},\"primaryImageOfPage\":{\"@id\":\"https:\/\/sandzakpress.net\/arhiva\/sdp-u-sluzbi-ugrozavanja-islamske-zajednice\/#primaryimage\"},\"image\":{\"@id\":\"https:\/\/sandzakpress.net\/arhiva\/sdp-u-sluzbi-ugrozavanja-islamske-zajednice\/#primaryimage\"},\"thumbnailUrl\":\"https:\/\/sandzakpress.net\/arhiva\/wp-content\/uploads\/2011\/02\/sdp-eami-demirovic3.jpg\",\"datePublished\":\"2011-02-11T08:12:07+00:00\",\"dateModified\":\"2011-02-11T15:37:03+00:00\",\"breadcrumb\":{\"@id\":\"https:\/\/sandzakpress.net\/arhiva\/sdp-u-sluzbi-ugrozavanja-islamske-zajednice\/#breadcrumb\"},\"inLanguage\":\"bs-BA\",\"potentialAction\":[{\"@type\":\"ReadAction\",\"target\":[\"https:\/\/sandzakpress.net\/arhiva\/sdp-u-sluzbi-ugrozavanja-islamske-zajednice\/\"]}]},{\"@type\":\"ImageObject\",\"inLanguage\":\"bs-BA\",\"@id\":\"https:\/\/sandzakpress.net\/arhiva\/sdp-u-sluzbi-ugrozavanja-islamske-zajednice\/#primaryimage\",\"url\":\"https:\/\/sandzakpress.net\/arhiva\/wp-content\/uploads\/2011\/02\/sdp-eami-demirovic3.jpg\",\"contentUrl\":\"https:\/\/sandzakpress.net\/arhiva\/wp-content\/uploads\/2011\/02\/sdp-eami-demirovic3.jpg\",\"width\":500,\"height\":139},{\"@type\":\"BreadcrumbList\",\"@id\":\"https:\/\/sandzakpress.net\/arhiva\/sdp-u-sluzbi-ugrozavanja-islamske-zajednice\/#breadcrumb\",\"itemListElement\":[{\"@type\":\"ListItem\",\"position\":1,\"name\":\"Home\",\"item\":\"https:\/\/sandzakpress.net\/arhiva\/\"},{\"@type\":\"ListItem\",\"position\":2,\"name\":\"SDP u slu\u017ebi ugro\u017eavanja Islamske zajednice\"}]},{\"@type\":\"WebSite\",\"@id\":\"https:\/\/sandzakpress.net\/arhiva\/#website\",\"url\":\"https:\/\/sandzakpress.net\/arhiva\/\",\"name\":\"Sand\u017eak PRESS\",\"description\":\"Prve elektronske novine u Sand\u017eaku\",\"publisher\":{\"@id\":\"https:\/\/sandzakpress.net\/arhiva\/#\/schema\/person\/6e72b67d6e51910a1117b3b483ba20bd\"},\"potentialAction\":[{\"@type\":\"SearchAction\",\"target\":{\"@type\":\"EntryPoint\",\"urlTemplate\":\"https:\/\/sandzakpress.net\/arhiva\/?s={search_term_string}\"},\"query-input\":{\"@type\":\"PropertyValueSpecification\",\"valueRequired\":true,\"valueName\":\"search_term_string\"}}],\"inLanguage\":\"bs-BA\"},{\"@type\":[\"Person\",\"Organization\"],\"@id\":\"https:\/\/sandzakpress.net\/arhiva\/#\/schema\/person\/6e72b67d6e51910a1117b3b483ba20bd\",\"name\":\"Kul\",\"image\":{\"@type\":\"ImageObject\",\"inLanguage\":\"bs-BA\",\"@id\":\"https:\/\/sandzakpress.net\/arhiva\/#\/schema\/person\/image\/\",\"url\":\"https:\/\/secure.gravatar.com\/avatar\/42263f39aa27ac04c43cab85c280eb2e?s=96&d=mm&r=pg\",\"contentUrl\":\"https:\/\/secure.gravatar.com\/avatar\/42263f39aa27ac04c43cab85c280eb2e?s=96&d=mm&r=pg\",\"caption\":\"Kul\"},\"logo\":{\"@id\":\"https:\/\/sandzakpress.net\/arhiva\/#\/schema\/person\/image\/\"}},{\"@type\":\"Person\",\"@id\":\"https:\/\/sandzakpress.net\/arhiva\/#\/schema\/person\/c8baee722073534b583ea7bdb2e36c02\",\"name\":\"bosniak\",\"image\":{\"@type\":\"ImageObject\",\"inLanguage\":\"bs-BA\",\"@id\":\"https:\/\/sandzakpress.net\/arhiva\/#\/schema\/person\/image\/\",\"url\":\"https:\/\/secure.gravatar.com\/avatar\/a04fd330bfe3a36a72a0ad4a6d89fca7?s=96&d=mm&r=pg\",\"contentUrl\":\"https:\/\/secure.gravatar.com\/avatar\/a04fd330bfe3a36a72a0ad4a6d89fca7?s=96&d=mm&r=pg\",\"caption\":\"bosniak\"},\"url\":\"https:\/\/sandzakpress.net\/arhiva\/author\/bosniak\/\"}]}<\/script>\n<!-- \/ Yoast SEO Premium plugin. -->","yoast_head_json":{"title":"SDP u slu\u017ebi ugro\u017eavanja Islamske zajednice","robots":{"index":"index","follow":"follow","max-snippet":"max-snippet:-1","max-image-preview":"max-image-preview:large","max-video-preview":"max-video-preview:-1"},"canonical":"https:\/\/sandzakpress.net\/arhiva\/sdp-u-sluzbi-ugrozavanja-islamske-zajednice\/","og_locale":"bs_BA","og_type":"article","og_title":"SDP u slu\u017ebi ugro\u017eavanja Islamske zajednice","og_description":"Sjeverni Sand\u017eak &#8211; Od kako su se desili izbori za Bo\u0161nja\u010dko nacionalno vije\u0107e da se primjetiti da i Ljaji\u0107eva SDP otvoreno u\u010destvuje u razbijanju jedinstvene Islamske zajednice u Srbiji. Poznato je da op\u0107ine Novi Pazar, Tutin, Sjenica i Prijepolje vi\u0161e ne upla\u0107uju nikakve finansije Islamskuoj zajednici, ve\u0107 te finansije poklanjaju paravjerskoj tvorevini na \u010delu sa [&hellip;]","og_url":"https:\/\/sandzakpress.net\/arhiva\/sdp-u-sluzbi-ugrozavanja-islamske-zajednice\/","og_site_name":"Sand\u017eak PRESS","article_published_time":"2011-02-11T08:12:07+00:00","article_modified_time":"2011-02-11T15:37:03+00:00","og_image":[{"width":500,"height":139,"url":"https:\/\/sandzakpress.net\/arhiva\/wp-content\/uploads\/2011\/02\/sdp-eami-demirovic3.jpg","type":"image\/jpeg"}],"author":"bosniak","twitter_card":"summary_large_image","twitter_misc":{"Written by":"bosniak","Est. reading time":"1 minuta"},"schema":{"@context":"https:\/\/schema.org","@graph":[{"@type":"Article","@id":"https:\/\/sandzakpress.net\/arhiva\/sdp-u-sluzbi-ugrozavanja-islamske-zajednice\/#article","isPartOf":{"@id":"https:\/\/sandzakpress.net\/arhiva\/sdp-u-sluzbi-ugrozavanja-islamske-zajednice\/"},"author":{"name":"bosniak","@id":"https:\/\/sandzakpress.net\/arhiva\/#\/schema\/person\/c8baee722073534b583ea7bdb2e36c02"},"headline":"SDP u slu\u017ebi ugro\u017eavanja Islamske zajednice","datePublished":"2011-02-11T08:12:07+00:00","dateModified":"2011-02-11T15:37:03+00:00","mainEntityOfPage":{"@id":"https:\/\/sandzakpress.net\/arhiva\/sdp-u-sluzbi-ugrozavanja-islamske-zajednice\/"},"wordCount":285,"commentCount":29,"publisher":{"@id":"https:\/\/sandzakpress.net\/arhiva\/#\/schema\/person\/6e72b67d6e51910a1117b3b483ba20bd"},"image":{"@id":"https:\/\/sandzakpress.net\/arhiva\/sdp-u-sluzbi-ugrozavanja-islamske-zajednice\/#primaryimage"},"thumbnailUrl":"https:\/\/sandzakpress.net\/arhiva\/wp-content\/uploads\/2011\/02\/sdp-eami-demirovic3.jpg","articleSection":["Novi Pazar","Sjenica","Politika","Tutin","Prijepolje"],"inLanguage":"bs-BA","potentialAction":[{"@type":"CommentAction","name":"Comment","target":["https:\/\/sandzakpress.net\/arhiva\/sdp-u-sluzbi-ugrozavanja-islamske-zajednice\/#respond"]}]},{"@type":"WebPage","@id":"https:\/\/sandzakpress.net\/arhiva\/sdp-u-sluzbi-ugrozavanja-islamske-zajednice\/","url":"https:\/\/sandzakpress.net\/arhiva\/sdp-u-sluzbi-ugrozavanja-islamske-zajednice\/","name":"SDP u slu\u017ebi ugro\u017eavanja Islamske zajednice","isPartOf":{"@id":"https:\/\/sandzakpress.net\/arhiva\/#website"},"primaryImageOfPage":{"@id":"https:\/\/sandzakpress.net\/arhiva\/sdp-u-sluzbi-ugrozavanja-islamske-zajednice\/#primaryimage"},"image":{"@id":"https:\/\/sandzakpress.net\/arhiva\/sdp-u-sluzbi-ugrozavanja-islamske-zajednice\/#primaryimage"},"thumbnailUrl":"https:\/\/sandzakpress.net\/arhiva\/wp-content\/uploads\/2011\/02\/sdp-eami-demirovic3.jpg","datePublished":"2011-02-11T08:12:07+00:00","dateModified":"2011-02-11T15:37:03+00:00","breadcrumb":{"@id":"https:\/\/sandzakpress.net\/arhiva\/sdp-u-sluzbi-ugrozavanja-islamske-zajednice\/#breadcrumb"},"inLanguage":"bs-BA","potentialAction":[{"@type":"ReadAction","target":["https:\/\/sandzakpress.net\/arhiva\/sdp-u-sluzbi-ugrozavanja-islamske-zajednice\/"]}]},{"@type":"ImageObject","inLanguage":"bs-BA","@id":"https:\/\/sandzakpress.net\/arhiva\/sdp-u-sluzbi-ugrozavanja-islamske-zajednice\/#primaryimage","url":"https:\/\/sandzakpress.net\/arhiva\/wp-content\/uploads\/2011\/02\/sdp-eami-demirovic3.jpg","contentUrl":"https:\/\/sandzakpress.net\/arhiva\/wp-content\/uploads\/2011\/02\/sdp-eami-demirovic3.jpg","width":500,"height":139},{"@type":"BreadcrumbList","@id":"https:\/\/sandzakpress.net\/arhiva\/sdp-u-sluzbi-ugrozavanja-islamske-zajednice\/#breadcrumb","itemListElement":[{"@type":"ListItem","position":1,"name":"Home","item":"https:\/\/sandzakpress.net\/arhiva\/"},{"@type":"ListItem","position":2,"name":"SDP u slu\u017ebi ugro\u017eavanja Islamske zajednice"}]},{"@type":"WebSite","@id":"https:\/\/sandzakpress.net\/arhiva\/#website","url":"https:\/\/sandzakpress.net\/arhiva\/","name":"Sand\u017eak PRESS","description":"Prve elektronske novine u Sand\u017eaku","publisher":{"@id":"https:\/\/sandzakpress.net\/arhiva\/#\/schema\/person\/6e72b67d6e51910a1117b3b483ba20bd"},"potentialAction":[{"@type":"SearchAction","target":{"@type":"EntryPoint","urlTemplate":"https:\/\/sandzakpress.net\/arhiva\/?s={search_term_string}"},"query-input":{"@type":"PropertyValueSpecification","valueRequired":true,"valueName":"search_term_string"}}],"inLanguage":"bs-BA"},{"@type":["Person","Organization"],"@id":"https:\/\/sandzakpress.net\/arhiva\/#\/schema\/person\/6e72b67d6e51910a1117b3b483ba20bd","name":"Kul","image":{"@type":"ImageObject","inLanguage":"bs-BA","@id":"https:\/\/sandzakpress.net\/arhiva\/#\/schema\/person\/image\/","url":"https:\/\/secure.gravatar.com\/avatar\/42263f39aa27ac04c43cab85c280eb2e?s=96&d=mm&r=pg","contentUrl":"https:\/\/secure.gravatar.com\/avatar\/42263f39aa27ac04c43cab85c280eb2e?s=96&d=mm&r=pg","caption":"Kul"},"logo":{"@id":"https:\/\/sandzakpress.net\/arhiva\/#\/schema\/person\/image\/"}},{"@type":"Person","@id":"https:\/\/sandzakpress.net\/arhiva\/#\/schema\/person\/c8baee722073534b583ea7bdb2e36c02","name":"bosniak","image":{"@type":"ImageObject","inLanguage":"bs-BA","@id":"https:\/\/sandzakpress.net\/arhiva\/#\/schema\/person\/image\/","url":"https:\/\/secure.gravatar.com\/avatar\/a04fd330bfe3a36a72a0ad4a6d89fca7?s=96&d=mm&r=pg","contentUrl":"https:\/\/secure.gravatar.com\/avatar\/a04fd330bfe3a36a72a0ad4a6d89fca7?s=96&d=mm&r=pg","caption":"bosniak"},"url":"https:\/\/sandzakpress.net\/arhiva\/author\/bosniak\/"}]}},"_links":{"self":[{"href":"https:\/\/sandzakpress.net\/arhiva\/wp-json\/wp\/v2\/posts\/12500"}],"collection":[{"href":"https:\/\/sandzakpress.net\/arhiva\/wp-json\/wp\/v2\/posts"}],"about":[{"href":"https:\/\/sandzakpress.net\/arhiva\/wp-json\/wp\/v2\/types\/post"}],"author":[{"embeddable":true,"href":"https:\/\/sandzakpress.net\/arhiva\/wp-json\/wp\/v2\/users\/83"}],"replies":[{"embeddable":true,"href":"https:\/\/sandzakpress.net\/arhiva\/wp-json\/wp\/v2\/comments?post=12500"}],"version-history":[{"count":0,"href":"https:\/\/sandzakpress.net\/arhiva\/wp-json\/wp\/v2\/posts\/12500\/revisions"}],"wp:featuredmedia":[{"embeddable":true,"href":"https:\/\/sandzakpress.net\/arhiva\/wp-json\/wp\/v2\/media\/12543"}],"wp:attachment":[{"href":"https:\/\/sandzakpress.net\/arhiva\/wp-json\/wp\/v2\/media?parent=12500"}],"wp:term":[{"taxonomy":"category","embeddable":true,"href":"https:\/\/sandzakpress.net\/arhiva\/wp-json\/wp\/v2\/categories?post=12500"},{"taxonomy":"post_tag","embeddable":true,"href":"https:\/\/sandzakpress.net\/arhiva\/wp-json\/wp\/v2\/tags?post=12500"}],"curies":[{"name":"wp","href":"https:\/\/api.w.org\/{rel}","templated":true}]}}