{"id":124981,"date":"2015-03-17T12:43:59","date_gmt":"2015-03-17T11:43:59","guid":{"rendered":"https:\/\/sandzakpress.net\/arhiva\/?p=124981"},"modified":"2015-03-17T12:43:59","modified_gmt":"2015-03-17T11:43:59","slug":"snp-zalagacemo-se-za-veci-budzet-plava","status":"publish","type":"post","link":"https:\/\/sandzakpress.net\/arhiva\/snp-zalagacemo-se-za-veci-budzet-plava\/","title":{"rendered":"SNP: Zalaga\u0107emo se za ve\u0107i bud\u017eet Plava"},"content":{"rendered":"<p><img decoding=\"async\" src=\"http:\/\/www.img2.cdm.me\/sites\/cdm.bild-studio.me\/files\/styles\/301x227\/public\/multimedia\/foto\/2015\/03\/16\/plav.jpg\" alt=\"\" \/><\/p>\n<p><strong>Plav \u00a0&#8211; Socijalisti\u010dka narodna partija SNP \u0107e se, kao konstituent lokalne vlasti u Plavu, zalagati za transparentan na\u010din dono\u0161enja bud\u017eeta i za njegov realan, odr\u017eiv i u dovoljnoj mjeri razvojni karakter, saop\u0161teno je iz Op\u0161tinskog odbora te stranke.<\/strong><\/p>\n<p>Plav u toku ovog mjeseca treba da dobije plan prihoda i rashoda odnosno bud\u017eet za 2015. godinu.<\/p>\n<p>SNP smatra da ova godina, kao prva poslije izborne, treba da bude obilje\u017eena nastavkom ulaganja u infrastrukturu, pogotovo na seoskom podru\u010dju, kao i zavr\u0161etkom nekih krupnih infrastrukturnih projekata na podru\u010dju na\u0161e op\u0161tine, zapo\u010detih u protekle dvije godine.<\/p>\n<p>Zato u SNP-u najavljuju da \u0107e se zalagati za ve\u0107i iznos kapitalnog bud\u017eeta u ovoj, u odnosu na pro\u0161lu godinu.<\/p>\n<p>\u201cSNP je sna\u017eno zainteresovan za razvoj mjesnih zajednica Brezojevice, Velika i Murina kao i ostalih mjesnih zajednica i sela na podru\u010dju op\u0161tine Plav, jer upravo sa seoskog podru\u010dja bilje\u017eimo najve\u0107i odliv i migraciju stanovni\u0161tva, pogotovo mladih ljudi koji nepovratno napu\u0161taju svoje rodno mjesto u potrazi za boljim \u017eivotom i zaposlenjem koje u svom mjestu nisu mogli da imaju. U tom smislu MZ Velika koja obuhvata istoimeno selo, kao i Nov\u0161i\u0107e, predstavlja sigurno najsiroma\u0161nije podru\u010dje na prostoru op\u0161tine Plav. Na prostoru Velike i Nov\u0161i\u0107a zabilje\u017een je najve\u0107i odliv odnosno iseljavanje stanovni\u0161tva u toku proteklih nekoliko decenija. Krajnje je vrijeme da nadle\u017eni dr\u017eavni organi posvete vi\u0161e pa\u017enje ovom podru\u010dju na \u0161ta SNP kontinuirano ukazuje du\u017ei niz godina\u201d, navodi se u saop\u0161tenju SNP-a.<\/p>\n<p>U toj partiji nagla\u0161avaju da \u0107e insistirati da u plan op\u0161tinske Direkcije za ure\u0111enje prostora i investicije za 2015. godinu bude uvr\u0161tena i rekonstrukcija puta od zaseoka Lije\u0161\u0107e u Brezojevici do doma u Velici sa krakom za Nov\u0161i\u0107e.<\/p>\n<p>\u201cSNP \u0107e se zalagati za rekonstrukciju ovog izuzetno va\u017enog puta za mje\u0161tane pomenutih sela u toku ove godine za \u0161ta se nadamo da \u0107emo imati podr\u0161ku i dr\u017eave. U tom pravcu o\u010dekujemo i saradnju op\u0161tinske i dr\u017eavne vlasti kako bi do\u0161lo do pobolj\u0161anja kvaliteta \u017eivota i opstanka ljudi na svojim vjekovnim ognji\u0161tima\u201d, zaklju\u010deno je u saop\u0161tenju.<\/p>\n<p>(Cdm)<\/p>\n","protected":false},"excerpt":{"rendered":"<p>Plav \u00a0&#8211; Socijalisti\u010dka narodna partija SNP \u0107e se, kao konstituent lokalne vlasti u Plavu, zalagati za transparentan na\u010din dono\u0161enja bud\u017eeta i za njegov realan, odr\u017eiv i u dovoljnoj mjeri razvojni karakter, saop\u0161teno je iz Op\u0161tinskog odbora te stranke. Plav u toku ovog mjeseca treba da dobije plan prihoda i rashoda odnosno bud\u017eet za 2015. godinu. [&hellip;]<\/p>\n","protected":false},"author":83,"featured_media":124982,"comment_status":"open","ping_status":"open","sticky":false,"template":"","format":"standard","meta":{"footnotes":""},"categories":[1,399],"tags":[],"class_list":{"0":"post-124981","1":"post","2":"type-post","3":"status-publish","4":"format-standard","5":"has-post-thumbnail","7":"category-politika","8":"category-plav_"},"yoast_head":"<!-- This site is optimized with the Yoast SEO Premium plugin v23.1 (Yoast SEO v24.9) - https:\/\/yoast.com\/wordpress\/plugins\/seo\/ -->\n<title>SNP: Zalaga\u0107emo se za ve\u0107i bud\u017eet Plava<\/title>\n<meta name=\"robots\" content=\"index, follow, max-snippet:-1, max-image-preview:large, max-video-preview:-1\" \/>\n<link rel=\"canonical\" href=\"https:\/\/sandzakpress.net\/arhiva\/snp-zalagacemo-se-za-veci-budzet-plava\/\" \/>\n<meta property=\"og:locale\" content=\"bs_BA\" \/>\n<meta property=\"og:type\" content=\"article\" \/>\n<meta property=\"og:title\" content=\"SNP: Zalaga\u0107emo se za ve\u0107i bud\u017eet Plava\" \/>\n<meta property=\"og:description\" content=\"Plav \u00a0&#8211; Socijalisti\u010dka narodna partija SNP \u0107e se, kao konstituent lokalne vlasti u Plavu, zalagati za transparentan na\u010din dono\u0161enja bud\u017eeta i za njegov realan, odr\u017eiv i u dovoljnoj mjeri razvojni karakter, saop\u0161teno je iz Op\u0161tinskog odbora te stranke. Plav u toku ovog mjeseca treba da dobije plan prihoda i rashoda odnosno bud\u017eet za 2015. godinu. [&hellip;]\" \/>\n<meta property=\"og:url\" content=\"https:\/\/sandzakpress.net\/arhiva\/snp-zalagacemo-se-za-veci-budzet-plava\/\" \/>\n<meta property=\"og:site_name\" content=\"Sand\u017eak PRESS\" \/>\n<meta property=\"article:published_time\" content=\"2015-03-17T11:43:59+00:00\" \/>\n<meta property=\"og:image\" content=\"https:\/\/sandzakpress.net\/arhiva\/wp-content\/uploads\/2015\/03\/plav.jpg\" \/>\n\t<meta property=\"og:image:width\" content=\"573\" \/>\n\t<meta property=\"og:image:height\" content=\"344\" \/>\n\t<meta property=\"og:image:type\" content=\"image\/jpeg\" \/>\n<meta name=\"author\" content=\"bosniak\" \/>\n<meta name=\"twitter:card\" content=\"summary_large_image\" \/>\n<meta name=\"twitter:label1\" content=\"Written by\" \/>\n\t<meta name=\"twitter:data1\" content=\"bosniak\" \/>\n\t<meta name=\"twitter:label2\" content=\"Est. reading time\" \/>\n\t<meta name=\"twitter:data2\" content=\"2 minute\" \/>\n<script type=\"application\/ld+json\" class=\"yoast-schema-graph\">{\"@context\":\"https:\/\/schema.org\",\"@graph\":[{\"@type\":\"Article\",\"@id\":\"https:\/\/sandzakpress.net\/arhiva\/snp-zalagacemo-se-za-veci-budzet-plava\/#article\",\"isPartOf\":{\"@id\":\"https:\/\/sandzakpress.net\/arhiva\/snp-zalagacemo-se-za-veci-budzet-plava\/\"},\"author\":{\"name\":\"bosniak\",\"@id\":\"https:\/\/sandzakpress.net\/arhiva\/#\/schema\/person\/c8baee722073534b583ea7bdb2e36c02\"},\"headline\":\"SNP: Zalaga\u0107emo se za ve\u0107i bud\u017eet Plava\",\"datePublished\":\"2015-03-17T11:43:59+00:00\",\"mainEntityOfPage\":{\"@id\":\"https:\/\/sandzakpress.net\/arhiva\/snp-zalagacemo-se-za-veci-budzet-plava\/\"},\"wordCount\":397,\"commentCount\":0,\"publisher\":{\"@id\":\"https:\/\/sandzakpress.net\/arhiva\/#\/schema\/person\/6e72b67d6e51910a1117b3b483ba20bd\"},\"image\":{\"@id\":\"https:\/\/sandzakpress.net\/arhiva\/snp-zalagacemo-se-za-veci-budzet-plava\/#primaryimage\"},\"thumbnailUrl\":\"https:\/\/sandzakpress.net\/arhiva\/wp-content\/uploads\/2015\/03\/plav.jpg\",\"articleSection\":[\"Politika\",\"Plav\"],\"inLanguage\":\"bs-BA\",\"potentialAction\":[{\"@type\":\"CommentAction\",\"name\":\"Comment\",\"target\":[\"https:\/\/sandzakpress.net\/arhiva\/snp-zalagacemo-se-za-veci-budzet-plava\/#respond\"]}]},{\"@type\":\"WebPage\",\"@id\":\"https:\/\/sandzakpress.net\/arhiva\/snp-zalagacemo-se-za-veci-budzet-plava\/\",\"url\":\"https:\/\/sandzakpress.net\/arhiva\/snp-zalagacemo-se-za-veci-budzet-plava\/\",\"name\":\"SNP: Zalaga\u0107emo se za ve\u0107i bud\u017eet Plava\",\"isPartOf\":{\"@id\":\"https:\/\/sandzakpress.net\/arhiva\/#website\"},\"primaryImageOfPage\":{\"@id\":\"https:\/\/sandzakpress.net\/arhiva\/snp-zalagacemo-se-za-veci-budzet-plava\/#primaryimage\"},\"image\":{\"@id\":\"https:\/\/sandzakpress.net\/arhiva\/snp-zalagacemo-se-za-veci-budzet-plava\/#primaryimage\"},\"thumbnailUrl\":\"https:\/\/sandzakpress.net\/arhiva\/wp-content\/uploads\/2015\/03\/plav.jpg\",\"datePublished\":\"2015-03-17T11:43:59+00:00\",\"breadcrumb\":{\"@id\":\"https:\/\/sandzakpress.net\/arhiva\/snp-zalagacemo-se-za-veci-budzet-plava\/#breadcrumb\"},\"inLanguage\":\"bs-BA\",\"potentialAction\":[{\"@type\":\"ReadAction\",\"target\":[\"https:\/\/sandzakpress.net\/arhiva\/snp-zalagacemo-se-za-veci-budzet-plava\/\"]}]},{\"@type\":\"ImageObject\",\"inLanguage\":\"bs-BA\",\"@id\":\"https:\/\/sandzakpress.net\/arhiva\/snp-zalagacemo-se-za-veci-budzet-plava\/#primaryimage\",\"url\":\"https:\/\/sandzakpress.net\/arhiva\/wp-content\/uploads\/2015\/03\/plav.jpg\",\"contentUrl\":\"https:\/\/sandzakpress.net\/arhiva\/wp-content\/uploads\/2015\/03\/plav.jpg\",\"width\":573,\"height\":344},{\"@type\":\"BreadcrumbList\",\"@id\":\"https:\/\/sandzakpress.net\/arhiva\/snp-zalagacemo-se-za-veci-budzet-plava\/#breadcrumb\",\"itemListElement\":[{\"@type\":\"ListItem\",\"position\":1,\"name\":\"Home\",\"item\":\"https:\/\/sandzakpress.net\/arhiva\/\"},{\"@type\":\"ListItem\",\"position\":2,\"name\":\"SNP: Zalaga\u0107emo se za ve\u0107i bud\u017eet Plava\"}]},{\"@type\":\"WebSite\",\"@id\":\"https:\/\/sandzakpress.net\/arhiva\/#website\",\"url\":\"https:\/\/sandzakpress.net\/arhiva\/\",\"name\":\"Sand\u017eak PRESS\",\"description\":\"Prve elektronske novine u Sand\u017eaku\",\"publisher\":{\"@id\":\"https:\/\/sandzakpress.net\/arhiva\/#\/schema\/person\/6e72b67d6e51910a1117b3b483ba20bd\"},\"potentialAction\":[{\"@type\":\"SearchAction\",\"target\":{\"@type\":\"EntryPoint\",\"urlTemplate\":\"https:\/\/sandzakpress.net\/arhiva\/?s={search_term_string}\"},\"query-input\":{\"@type\":\"PropertyValueSpecification\",\"valueRequired\":true,\"valueName\":\"search_term_string\"}}],\"inLanguage\":\"bs-BA\"},{\"@type\":[\"Person\",\"Organization\"],\"@id\":\"https:\/\/sandzakpress.net\/arhiva\/#\/schema\/person\/6e72b67d6e51910a1117b3b483ba20bd\",\"name\":\"Kul\",\"image\":{\"@type\":\"ImageObject\",\"inLanguage\":\"bs-BA\",\"@id\":\"https:\/\/sandzakpress.net\/arhiva\/#\/schema\/person\/image\/\",\"url\":\"https:\/\/secure.gravatar.com\/avatar\/42263f39aa27ac04c43cab85c280eb2e?s=96&d=mm&r=pg\",\"contentUrl\":\"https:\/\/secure.gravatar.com\/avatar\/42263f39aa27ac04c43cab85c280eb2e?s=96&d=mm&r=pg\",\"caption\":\"Kul\"},\"logo\":{\"@id\":\"https:\/\/sandzakpress.net\/arhiva\/#\/schema\/person\/image\/\"}},{\"@type\":\"Person\",\"@id\":\"https:\/\/sandzakpress.net\/arhiva\/#\/schema\/person\/c8baee722073534b583ea7bdb2e36c02\",\"name\":\"bosniak\",\"image\":{\"@type\":\"ImageObject\",\"inLanguage\":\"bs-BA\",\"@id\":\"https:\/\/sandzakpress.net\/arhiva\/#\/schema\/person\/image\/\",\"url\":\"https:\/\/secure.gravatar.com\/avatar\/a04fd330bfe3a36a72a0ad4a6d89fca7?s=96&d=mm&r=pg\",\"contentUrl\":\"https:\/\/secure.gravatar.com\/avatar\/a04fd330bfe3a36a72a0ad4a6d89fca7?s=96&d=mm&r=pg\",\"caption\":\"bosniak\"},\"url\":\"https:\/\/sandzakpress.net\/arhiva\/author\/bosniak\/\"}]}<\/script>\n<!-- \/ Yoast SEO Premium plugin. -->","yoast_head_json":{"title":"SNP: Zalaga\u0107emo se za ve\u0107i bud\u017eet Plava","robots":{"index":"index","follow":"follow","max-snippet":"max-snippet:-1","max-image-preview":"max-image-preview:large","max-video-preview":"max-video-preview:-1"},"canonical":"https:\/\/sandzakpress.net\/arhiva\/snp-zalagacemo-se-za-veci-budzet-plava\/","og_locale":"bs_BA","og_type":"article","og_title":"SNP: Zalaga\u0107emo se za ve\u0107i bud\u017eet Plava","og_description":"Plav \u00a0&#8211; Socijalisti\u010dka narodna partija SNP \u0107e se, kao konstituent lokalne vlasti u Plavu, zalagati za transparentan na\u010din dono\u0161enja bud\u017eeta i za njegov realan, odr\u017eiv i u dovoljnoj mjeri razvojni karakter, saop\u0161teno je iz Op\u0161tinskog odbora te stranke. Plav u toku ovog mjeseca treba da dobije plan prihoda i rashoda odnosno bud\u017eet za 2015. godinu. [&hellip;]","og_url":"https:\/\/sandzakpress.net\/arhiva\/snp-zalagacemo-se-za-veci-budzet-plava\/","og_site_name":"Sand\u017eak PRESS","article_published_time":"2015-03-17T11:43:59+00:00","og_image":[{"width":573,"height":344,"url":"https:\/\/sandzakpress.net\/arhiva\/wp-content\/uploads\/2015\/03\/plav.jpg","type":"image\/jpeg"}],"author":"bosniak","twitter_card":"summary_large_image","twitter_misc":{"Written by":"bosniak","Est. reading time":"2 minute"},"schema":{"@context":"https:\/\/schema.org","@graph":[{"@type":"Article","@id":"https:\/\/sandzakpress.net\/arhiva\/snp-zalagacemo-se-za-veci-budzet-plava\/#article","isPartOf":{"@id":"https:\/\/sandzakpress.net\/arhiva\/snp-zalagacemo-se-za-veci-budzet-plava\/"},"author":{"name":"bosniak","@id":"https:\/\/sandzakpress.net\/arhiva\/#\/schema\/person\/c8baee722073534b583ea7bdb2e36c02"},"headline":"SNP: Zalaga\u0107emo se za ve\u0107i bud\u017eet Plava","datePublished":"2015-03-17T11:43:59+00:00","mainEntityOfPage":{"@id":"https:\/\/sandzakpress.net\/arhiva\/snp-zalagacemo-se-za-veci-budzet-plava\/"},"wordCount":397,"commentCount":0,"publisher":{"@id":"https:\/\/sandzakpress.net\/arhiva\/#\/schema\/person\/6e72b67d6e51910a1117b3b483ba20bd"},"image":{"@id":"https:\/\/sandzakpress.net\/arhiva\/snp-zalagacemo-se-za-veci-budzet-plava\/#primaryimage"},"thumbnailUrl":"https:\/\/sandzakpress.net\/arhiva\/wp-content\/uploads\/2015\/03\/plav.jpg","articleSection":["Politika","Plav"],"inLanguage":"bs-BA","potentialAction":[{"@type":"CommentAction","name":"Comment","target":["https:\/\/sandzakpress.net\/arhiva\/snp-zalagacemo-se-za-veci-budzet-plava\/#respond"]}]},{"@type":"WebPage","@id":"https:\/\/sandzakpress.net\/arhiva\/snp-zalagacemo-se-za-veci-budzet-plava\/","url":"https:\/\/sandzakpress.net\/arhiva\/snp-zalagacemo-se-za-veci-budzet-plava\/","name":"SNP: Zalaga\u0107emo se za ve\u0107i bud\u017eet Plava","isPartOf":{"@id":"https:\/\/sandzakpress.net\/arhiva\/#website"},"primaryImageOfPage":{"@id":"https:\/\/sandzakpress.net\/arhiva\/snp-zalagacemo-se-za-veci-budzet-plava\/#primaryimage"},"image":{"@id":"https:\/\/sandzakpress.net\/arhiva\/snp-zalagacemo-se-za-veci-budzet-plava\/#primaryimage"},"thumbnailUrl":"https:\/\/sandzakpress.net\/arhiva\/wp-content\/uploads\/2015\/03\/plav.jpg","datePublished":"2015-03-17T11:43:59+00:00","breadcrumb":{"@id":"https:\/\/sandzakpress.net\/arhiva\/snp-zalagacemo-se-za-veci-budzet-plava\/#breadcrumb"},"inLanguage":"bs-BA","potentialAction":[{"@type":"ReadAction","target":["https:\/\/sandzakpress.net\/arhiva\/snp-zalagacemo-se-za-veci-budzet-plava\/"]}]},{"@type":"ImageObject","inLanguage":"bs-BA","@id":"https:\/\/sandzakpress.net\/arhiva\/snp-zalagacemo-se-za-veci-budzet-plava\/#primaryimage","url":"https:\/\/sandzakpress.net\/arhiva\/wp-content\/uploads\/2015\/03\/plav.jpg","contentUrl":"https:\/\/sandzakpress.net\/arhiva\/wp-content\/uploads\/2015\/03\/plav.jpg","width":573,"height":344},{"@type":"BreadcrumbList","@id":"https:\/\/sandzakpress.net\/arhiva\/snp-zalagacemo-se-za-veci-budzet-plava\/#breadcrumb","itemListElement":[{"@type":"ListItem","position":1,"name":"Home","item":"https:\/\/sandzakpress.net\/arhiva\/"},{"@type":"ListItem","position":2,"name":"SNP: Zalaga\u0107emo se za ve\u0107i bud\u017eet Plava"}]},{"@type":"WebSite","@id":"https:\/\/sandzakpress.net\/arhiva\/#website","url":"https:\/\/sandzakpress.net\/arhiva\/","name":"Sand\u017eak PRESS","description":"Prve elektronske novine u Sand\u017eaku","publisher":{"@id":"https:\/\/sandzakpress.net\/arhiva\/#\/schema\/person\/6e72b67d6e51910a1117b3b483ba20bd"},"potentialAction":[{"@type":"SearchAction","target":{"@type":"EntryPoint","urlTemplate":"https:\/\/sandzakpress.net\/arhiva\/?s={search_term_string}"},"query-input":{"@type":"PropertyValueSpecification","valueRequired":true,"valueName":"search_term_string"}}],"inLanguage":"bs-BA"},{"@type":["Person","Organization"],"@id":"https:\/\/sandzakpress.net\/arhiva\/#\/schema\/person\/6e72b67d6e51910a1117b3b483ba20bd","name":"Kul","image":{"@type":"ImageObject","inLanguage":"bs-BA","@id":"https:\/\/sandzakpress.net\/arhiva\/#\/schema\/person\/image\/","url":"https:\/\/secure.gravatar.com\/avatar\/42263f39aa27ac04c43cab85c280eb2e?s=96&d=mm&r=pg","contentUrl":"https:\/\/secure.gravatar.com\/avatar\/42263f39aa27ac04c43cab85c280eb2e?s=96&d=mm&r=pg","caption":"Kul"},"logo":{"@id":"https:\/\/sandzakpress.net\/arhiva\/#\/schema\/person\/image\/"}},{"@type":"Person","@id":"https:\/\/sandzakpress.net\/arhiva\/#\/schema\/person\/c8baee722073534b583ea7bdb2e36c02","name":"bosniak","image":{"@type":"ImageObject","inLanguage":"bs-BA","@id":"https:\/\/sandzakpress.net\/arhiva\/#\/schema\/person\/image\/","url":"https:\/\/secure.gravatar.com\/avatar\/a04fd330bfe3a36a72a0ad4a6d89fca7?s=96&d=mm&r=pg","contentUrl":"https:\/\/secure.gravatar.com\/avatar\/a04fd330bfe3a36a72a0ad4a6d89fca7?s=96&d=mm&r=pg","caption":"bosniak"},"url":"https:\/\/sandzakpress.net\/arhiva\/author\/bosniak\/"}]}},"_links":{"self":[{"href":"https:\/\/sandzakpress.net\/arhiva\/wp-json\/wp\/v2\/posts\/124981"}],"collection":[{"href":"https:\/\/sandzakpress.net\/arhiva\/wp-json\/wp\/v2\/posts"}],"about":[{"href":"https:\/\/sandzakpress.net\/arhiva\/wp-json\/wp\/v2\/types\/post"}],"author":[{"embeddable":true,"href":"https:\/\/sandzakpress.net\/arhiva\/wp-json\/wp\/v2\/users\/83"}],"replies":[{"embeddable":true,"href":"https:\/\/sandzakpress.net\/arhiva\/wp-json\/wp\/v2\/comments?post=124981"}],"version-history":[{"count":0,"href":"https:\/\/sandzakpress.net\/arhiva\/wp-json\/wp\/v2\/posts\/124981\/revisions"}],"wp:featuredmedia":[{"embeddable":true,"href":"https:\/\/sandzakpress.net\/arhiva\/wp-json\/wp\/v2\/media\/124982"}],"wp:attachment":[{"href":"https:\/\/sandzakpress.net\/arhiva\/wp-json\/wp\/v2\/media?parent=124981"}],"wp:term":[{"taxonomy":"category","embeddable":true,"href":"https:\/\/sandzakpress.net\/arhiva\/wp-json\/wp\/v2\/categories?post=124981"},{"taxonomy":"post_tag","embeddable":true,"href":"https:\/\/sandzakpress.net\/arhiva\/wp-json\/wp\/v2\/tags?post=124981"}],"curies":[{"name":"wp","href":"https:\/\/api.w.org\/{rel}","templated":true}]}}