{"id":124921,"date":"2015-03-16T21:29:17","date_gmt":"2015-03-16T20:29:17","guid":{"rendered":"https:\/\/sandzakpress.net\/arhiva\/?p=124921"},"modified":"2015-03-16T21:29:17","modified_gmt":"2015-03-16T20:29:17","slug":"zarif-u-briselu-nakon-pregovora-s-kerryjem","status":"publish","type":"post","link":"https:\/\/sandzakpress.net\/arhiva\/zarif-u-briselu-nakon-pregovora-s-kerryjem\/","title":{"rendered":"Zarif u Briselu nakon pregovora s Kerryjem"},"content":{"rendered":"<p><img loading=\"lazy\" decoding=\"async\" class=\"\" src=\"http:\/\/balkans.aljazeera.net\/sites\/staff.balkans.aljazeera.com\/files\/styles\/aljazeera_article_main_image\/public\/kerry-zavad-svicarska-reuters-main.jpg?itok=bjbFVRw1\" alt=\"John Kerry, Mohamed Javad Zarif\" width=\"599\" height=\"400\" \/><\/p>\n<p><strong>Svijet &#8211; \u0160ef iranske diplomatije na sastanku s evropskim ministrima nakon nuklearnih pregovora sa SAD-om.<\/strong><\/p>\n<p>Ministar vanjskih poslova Irana Mohamad Javad Zarif otputovao je u Brisel nakon nuklearnih pregovora\u00a0s ameri\u010dkim dr\u017eavnim sekretarom u Lozani.<\/p>\n<p>Zarif se u Briselu sastanje s ministrima vanjskih poslova Francuske, Velike Britanije i Njema\u010dke, na poziv \u0161efice evropske diplomatije Federice Mogherini.<\/p>\n<p>Pregovori u Lozani su odr\u017eani kako bi Iran i SAD poku\u0161ali smanjiti razila\u017eenja prije roka, 31. marta, za postizanje okvirnog politi\u010dkog sporazuma, prenose agencije.<\/p>\n<p>Sastanku u Lozani su prisustvovali i ameri\u010dki ministar energetike Ernest Moniz i iranski nuklearni \u0161ef Ali Akbar Salehi, koji su razgovarali i u nedjelju kako bi ispregovarali tehni\u010dke detalje ograni\u010davanja iranskog nuklearnog programa.<\/p>\n<p><strong>Ekonomske sankcije<\/strong><\/p>\n<p>Kerry je pozvao Iran da u\u010dini ustupke koji bi omogu\u0107ili postizanje politi\u010dkog okvirnog sporazuma izme\u0111u Irana i \u0161est svjetskih sila.<\/p>\n<p>Sjedinjene Ameri\u010dke Dr\u017eave, Rusija, Kina, Francuska, Velika Britanija i Njema\u010dka poku\u0161avaju pregovorima s Teheranom dogovoriti sporazum o nuklearnom programu, a u zamjenu \u0107e ubla\u017eiti ekonomske sankcije nametnute Iranu zbog njegove nesaradnje u nuklearnom sektoru.<\/p>\n<p>Pregovori s ovom azijskom dr\u017eavom uglavnom se bave mogu\u0107no\u0161\u0107u ograni\u010davanja iranske sposobnosti da proizvede materijal za upotrebu u nuklearnom oru\u017eju, a da istovremeno mo\u017ee proizvoditi elektri\u010dnu energiju.<\/p>\n<p>Iran tvrdi kako je njegov nuklearni program namijenjen isklju\u010divo mirnodopskim svrhama, a Zapad sumnja da Teheran \u017eeli proizvesti atomsko oru\u017eje.<\/p>\n<p>Iran i \u0161est svjetskih sila namjeravaju dogovoriti okvirni sporazum do 31. marta i razraditi detaljni sporazum do kraja juna kojim bi se okon\u010dali 12-godi\u0161nji pregovori o iranskom nuklearnom programu.<\/p>\n<p><em>(Agencije)<\/em><\/p>\n","protected":false},"excerpt":{"rendered":"<p>Svijet &#8211; \u0160ef iranske diplomatije na sastanku s evropskim ministrima nakon nuklearnih pregovora sa SAD-om. Ministar vanjskih poslova Irana Mohamad Javad Zarif otputovao je u Brisel nakon nuklearnih pregovora\u00a0s ameri\u010dkim dr\u017eavnim sekretarom u Lozani. Zarif se u Briselu sastanje s ministrima vanjskih poslova Francuske, Velike Britanije i Njema\u010dke, na poziv \u0161efice evropske diplomatije Federice Mogherini. [&hellip;]<\/p>\n","protected":false},"author":509,"featured_media":124922,"comment_status":"open","ping_status":"open","sticky":false,"template":"","format":"standard","meta":{"footnotes":""},"categories":[3012,9544,9,798],"tags":[],"class_list":{"0":"post-124921","1":"post","2":"type-post","3":"status-publish","4":"format-standard","5":"has-post-thumbnail","7":"category-amerika-gradovi","8":"category-svicarska-dijaspora-gradovi-vase-vijesti","9":"category-svijet","10":"category-teme"},"yoast_head":"<!-- This site is optimized with the Yoast SEO Premium plugin v23.1 (Yoast SEO v24.9) - https:\/\/yoast.com\/wordpress\/plugins\/seo\/ -->\n<title>Zarif u Briselu nakon pregovora s Kerryjem<\/title>\n<meta name=\"robots\" content=\"index, follow, max-snippet:-1, max-image-preview:large, max-video-preview:-1\" \/>\n<link rel=\"canonical\" href=\"https:\/\/sandzakpress.net\/arhiva\/zarif-u-briselu-nakon-pregovora-s-kerryjem\/\" \/>\n<meta property=\"og:locale\" content=\"bs_BA\" \/>\n<meta property=\"og:type\" content=\"article\" \/>\n<meta property=\"og:title\" content=\"Zarif u Briselu nakon pregovora s Kerryjem\" \/>\n<meta property=\"og:description\" content=\"Svijet &#8211; \u0160ef iranske diplomatije na sastanku s evropskim ministrima nakon nuklearnih pregovora sa SAD-om. Ministar vanjskih poslova Irana Mohamad Javad Zarif otputovao je u Brisel nakon nuklearnih pregovora\u00a0s ameri\u010dkim dr\u017eavnim sekretarom u Lozani. Zarif se u Briselu sastanje s ministrima vanjskih poslova Francuske, Velike Britanije i Njema\u010dke, na poziv \u0161efice evropske diplomatije Federice Mogherini. [&hellip;]\" \/>\n<meta property=\"og:url\" content=\"https:\/\/sandzakpress.net\/arhiva\/zarif-u-briselu-nakon-pregovora-s-kerryjem\/\" \/>\n<meta property=\"og:site_name\" content=\"Sand\u017eak PRESS\" \/>\n<meta property=\"article:published_time\" content=\"2015-03-16T20:29:17+00:00\" \/>\n<meta property=\"og:image\" content=\"https:\/\/sandzakpress.net\/arhiva\/wp-content\/uploads\/2015\/03\/kerry-zavad-svicarska-reuters-main.jpg\" \/>\n\t<meta property=\"og:image:width\" content=\"900\" \/>\n\t<meta property=\"og:image:height\" content=\"602\" \/>\n\t<meta property=\"og:image:type\" content=\"image\/jpeg\" \/>\n<meta name=\"author\" content=\"Agencija\" \/>\n<meta name=\"twitter:card\" content=\"summary_large_image\" \/>\n<meta name=\"twitter:label1\" content=\"Written by\" \/>\n\t<meta name=\"twitter:data1\" content=\"Agencija\" \/>\n\t<meta name=\"twitter:label2\" content=\"Est. reading time\" \/>\n\t<meta name=\"twitter:data2\" content=\"1 minuta\" \/>\n<script type=\"application\/ld+json\" class=\"yoast-schema-graph\">{\"@context\":\"https:\/\/schema.org\",\"@graph\":[{\"@type\":\"Article\",\"@id\":\"https:\/\/sandzakpress.net\/arhiva\/zarif-u-briselu-nakon-pregovora-s-kerryjem\/#article\",\"isPartOf\":{\"@id\":\"https:\/\/sandzakpress.net\/arhiva\/zarif-u-briselu-nakon-pregovora-s-kerryjem\/\"},\"author\":{\"name\":\"Agencija\",\"@id\":\"https:\/\/sandzakpress.net\/arhiva\/#\/schema\/person\/cb59d7e3ab91ab90dd680ad0305a6185\"},\"headline\":\"Zarif u Briselu nakon pregovora s Kerryjem\",\"datePublished\":\"2015-03-16T20:29:17+00:00\",\"mainEntityOfPage\":{\"@id\":\"https:\/\/sandzakpress.net\/arhiva\/zarif-u-briselu-nakon-pregovora-s-kerryjem\/\"},\"wordCount\":281,\"commentCount\":0,\"publisher\":{\"@id\":\"https:\/\/sandzakpress.net\/arhiva\/#\/schema\/person\/6e72b67d6e51910a1117b3b483ba20bd\"},\"image\":{\"@id\":\"https:\/\/sandzakpress.net\/arhiva\/zarif-u-briselu-nakon-pregovora-s-kerryjem\/#primaryimage\"},\"thumbnailUrl\":\"https:\/\/sandzakpress.net\/arhiva\/wp-content\/uploads\/2015\/03\/kerry-zavad-svicarska-reuters-main.jpg\",\"articleSection\":[\"Amerika\",\"\u0160vicarska\",\"Svijet\",\"NAJNOVIJE\"],\"inLanguage\":\"bs-BA\",\"potentialAction\":[{\"@type\":\"CommentAction\",\"name\":\"Comment\",\"target\":[\"https:\/\/sandzakpress.net\/arhiva\/zarif-u-briselu-nakon-pregovora-s-kerryjem\/#respond\"]}]},{\"@type\":\"WebPage\",\"@id\":\"https:\/\/sandzakpress.net\/arhiva\/zarif-u-briselu-nakon-pregovora-s-kerryjem\/\",\"url\":\"https:\/\/sandzakpress.net\/arhiva\/zarif-u-briselu-nakon-pregovora-s-kerryjem\/\",\"name\":\"Zarif u Briselu nakon pregovora s Kerryjem\",\"isPartOf\":{\"@id\":\"https:\/\/sandzakpress.net\/arhiva\/#website\"},\"primaryImageOfPage\":{\"@id\":\"https:\/\/sandzakpress.net\/arhiva\/zarif-u-briselu-nakon-pregovora-s-kerryjem\/#primaryimage\"},\"image\":{\"@id\":\"https:\/\/sandzakpress.net\/arhiva\/zarif-u-briselu-nakon-pregovora-s-kerryjem\/#primaryimage\"},\"thumbnailUrl\":\"https:\/\/sandzakpress.net\/arhiva\/wp-content\/uploads\/2015\/03\/kerry-zavad-svicarska-reuters-main.jpg\",\"datePublished\":\"2015-03-16T20:29:17+00:00\",\"breadcrumb\":{\"@id\":\"https:\/\/sandzakpress.net\/arhiva\/zarif-u-briselu-nakon-pregovora-s-kerryjem\/#breadcrumb\"},\"inLanguage\":\"bs-BA\",\"potentialAction\":[{\"@type\":\"ReadAction\",\"target\":[\"https:\/\/sandzakpress.net\/arhiva\/zarif-u-briselu-nakon-pregovora-s-kerryjem\/\"]}]},{\"@type\":\"ImageObject\",\"inLanguage\":\"bs-BA\",\"@id\":\"https:\/\/sandzakpress.net\/arhiva\/zarif-u-briselu-nakon-pregovora-s-kerryjem\/#primaryimage\",\"url\":\"https:\/\/sandzakpress.net\/arhiva\/wp-content\/uploads\/2015\/03\/kerry-zavad-svicarska-reuters-main.jpg\",\"contentUrl\":\"https:\/\/sandzakpress.net\/arhiva\/wp-content\/uploads\/2015\/03\/kerry-zavad-svicarska-reuters-main.jpg\",\"width\":900,\"height\":602},{\"@type\":\"BreadcrumbList\",\"@id\":\"https:\/\/sandzakpress.net\/arhiva\/zarif-u-briselu-nakon-pregovora-s-kerryjem\/#breadcrumb\",\"itemListElement\":[{\"@type\":\"ListItem\",\"position\":1,\"name\":\"Home\",\"item\":\"https:\/\/sandzakpress.net\/arhiva\/\"},{\"@type\":\"ListItem\",\"position\":2,\"name\":\"Zarif u Briselu nakon pregovora s Kerryjem\"}]},{\"@type\":\"WebSite\",\"@id\":\"https:\/\/sandzakpress.net\/arhiva\/#website\",\"url\":\"https:\/\/sandzakpress.net\/arhiva\/\",\"name\":\"Sand\u017eak PRESS\",\"description\":\"Prve elektronske novine u Sand\u017eaku\",\"publisher\":{\"@id\":\"https:\/\/sandzakpress.net\/arhiva\/#\/schema\/person\/6e72b67d6e51910a1117b3b483ba20bd\"},\"potentialAction\":[{\"@type\":\"SearchAction\",\"target\":{\"@type\":\"EntryPoint\",\"urlTemplate\":\"https:\/\/sandzakpress.net\/arhiva\/?s={search_term_string}\"},\"query-input\":{\"@type\":\"PropertyValueSpecification\",\"valueRequired\":true,\"valueName\":\"search_term_string\"}}],\"inLanguage\":\"bs-BA\"},{\"@type\":[\"Person\",\"Organization\"],\"@id\":\"https:\/\/sandzakpress.net\/arhiva\/#\/schema\/person\/6e72b67d6e51910a1117b3b483ba20bd\",\"name\":\"Kul\",\"image\":{\"@type\":\"ImageObject\",\"inLanguage\":\"bs-BA\",\"@id\":\"https:\/\/sandzakpress.net\/arhiva\/#\/schema\/person\/image\/\",\"url\":\"https:\/\/secure.gravatar.com\/avatar\/42263f39aa27ac04c43cab85c280eb2e?s=96&d=mm&r=pg\",\"contentUrl\":\"https:\/\/secure.gravatar.com\/avatar\/42263f39aa27ac04c43cab85c280eb2e?s=96&d=mm&r=pg\",\"caption\":\"Kul\"},\"logo\":{\"@id\":\"https:\/\/sandzakpress.net\/arhiva\/#\/schema\/person\/image\/\"}},{\"@type\":\"Person\",\"@id\":\"https:\/\/sandzakpress.net\/arhiva\/#\/schema\/person\/cb59d7e3ab91ab90dd680ad0305a6185\",\"name\":\"Agencija\",\"image\":{\"@type\":\"ImageObject\",\"inLanguage\":\"bs-BA\",\"@id\":\"https:\/\/sandzakpress.net\/arhiva\/#\/schema\/person\/image\/\",\"url\":\"https:\/\/secure.gravatar.com\/avatar\/4b7fafa80a22f0c2afe23966b3961fe0?s=96&d=mm&r=pg\",\"contentUrl\":\"https:\/\/secure.gravatar.com\/avatar\/4b7fafa80a22f0c2afe23966b3961fe0?s=96&d=mm&r=pg\",\"caption\":\"Agencija\"},\"url\":\"https:\/\/sandzakpress.net\/arhiva\/author\/agencija\/\"}]}<\/script>\n<!-- \/ Yoast SEO Premium plugin. -->","yoast_head_json":{"title":"Zarif u Briselu nakon pregovora s Kerryjem","robots":{"index":"index","follow":"follow","max-snippet":"max-snippet:-1","max-image-preview":"max-image-preview:large","max-video-preview":"max-video-preview:-1"},"canonical":"https:\/\/sandzakpress.net\/arhiva\/zarif-u-briselu-nakon-pregovora-s-kerryjem\/","og_locale":"bs_BA","og_type":"article","og_title":"Zarif u Briselu nakon pregovora s Kerryjem","og_description":"Svijet &#8211; \u0160ef iranske diplomatije na sastanku s evropskim ministrima nakon nuklearnih pregovora sa SAD-om. Ministar vanjskih poslova Irana Mohamad Javad Zarif otputovao je u Brisel nakon nuklearnih pregovora\u00a0s ameri\u010dkim dr\u017eavnim sekretarom u Lozani. Zarif se u Briselu sastanje s ministrima vanjskih poslova Francuske, Velike Britanije i Njema\u010dke, na poziv \u0161efice evropske diplomatije Federice Mogherini. [&hellip;]","og_url":"https:\/\/sandzakpress.net\/arhiva\/zarif-u-briselu-nakon-pregovora-s-kerryjem\/","og_site_name":"Sand\u017eak PRESS","article_published_time":"2015-03-16T20:29:17+00:00","og_image":[{"width":900,"height":602,"url":"https:\/\/sandzakpress.net\/arhiva\/wp-content\/uploads\/2015\/03\/kerry-zavad-svicarska-reuters-main.jpg","type":"image\/jpeg"}],"author":"Agencija","twitter_card":"summary_large_image","twitter_misc":{"Written by":"Agencija","Est. reading time":"1 minuta"},"schema":{"@context":"https:\/\/schema.org","@graph":[{"@type":"Article","@id":"https:\/\/sandzakpress.net\/arhiva\/zarif-u-briselu-nakon-pregovora-s-kerryjem\/#article","isPartOf":{"@id":"https:\/\/sandzakpress.net\/arhiva\/zarif-u-briselu-nakon-pregovora-s-kerryjem\/"},"author":{"name":"Agencija","@id":"https:\/\/sandzakpress.net\/arhiva\/#\/schema\/person\/cb59d7e3ab91ab90dd680ad0305a6185"},"headline":"Zarif u Briselu nakon pregovora s Kerryjem","datePublished":"2015-03-16T20:29:17+00:00","mainEntityOfPage":{"@id":"https:\/\/sandzakpress.net\/arhiva\/zarif-u-briselu-nakon-pregovora-s-kerryjem\/"},"wordCount":281,"commentCount":0,"publisher":{"@id":"https:\/\/sandzakpress.net\/arhiva\/#\/schema\/person\/6e72b67d6e51910a1117b3b483ba20bd"},"image":{"@id":"https:\/\/sandzakpress.net\/arhiva\/zarif-u-briselu-nakon-pregovora-s-kerryjem\/#primaryimage"},"thumbnailUrl":"https:\/\/sandzakpress.net\/arhiva\/wp-content\/uploads\/2015\/03\/kerry-zavad-svicarska-reuters-main.jpg","articleSection":["Amerika","\u0160vicarska","Svijet","NAJNOVIJE"],"inLanguage":"bs-BA","potentialAction":[{"@type":"CommentAction","name":"Comment","target":["https:\/\/sandzakpress.net\/arhiva\/zarif-u-briselu-nakon-pregovora-s-kerryjem\/#respond"]}]},{"@type":"WebPage","@id":"https:\/\/sandzakpress.net\/arhiva\/zarif-u-briselu-nakon-pregovora-s-kerryjem\/","url":"https:\/\/sandzakpress.net\/arhiva\/zarif-u-briselu-nakon-pregovora-s-kerryjem\/","name":"Zarif u Briselu nakon pregovora s Kerryjem","isPartOf":{"@id":"https:\/\/sandzakpress.net\/arhiva\/#website"},"primaryImageOfPage":{"@id":"https:\/\/sandzakpress.net\/arhiva\/zarif-u-briselu-nakon-pregovora-s-kerryjem\/#primaryimage"},"image":{"@id":"https:\/\/sandzakpress.net\/arhiva\/zarif-u-briselu-nakon-pregovora-s-kerryjem\/#primaryimage"},"thumbnailUrl":"https:\/\/sandzakpress.net\/arhiva\/wp-content\/uploads\/2015\/03\/kerry-zavad-svicarska-reuters-main.jpg","datePublished":"2015-03-16T20:29:17+00:00","breadcrumb":{"@id":"https:\/\/sandzakpress.net\/arhiva\/zarif-u-briselu-nakon-pregovora-s-kerryjem\/#breadcrumb"},"inLanguage":"bs-BA","potentialAction":[{"@type":"ReadAction","target":["https:\/\/sandzakpress.net\/arhiva\/zarif-u-briselu-nakon-pregovora-s-kerryjem\/"]}]},{"@type":"ImageObject","inLanguage":"bs-BA","@id":"https:\/\/sandzakpress.net\/arhiva\/zarif-u-briselu-nakon-pregovora-s-kerryjem\/#primaryimage","url":"https:\/\/sandzakpress.net\/arhiva\/wp-content\/uploads\/2015\/03\/kerry-zavad-svicarska-reuters-main.jpg","contentUrl":"https:\/\/sandzakpress.net\/arhiva\/wp-content\/uploads\/2015\/03\/kerry-zavad-svicarska-reuters-main.jpg","width":900,"height":602},{"@type":"BreadcrumbList","@id":"https:\/\/sandzakpress.net\/arhiva\/zarif-u-briselu-nakon-pregovora-s-kerryjem\/#breadcrumb","itemListElement":[{"@type":"ListItem","position":1,"name":"Home","item":"https:\/\/sandzakpress.net\/arhiva\/"},{"@type":"ListItem","position":2,"name":"Zarif u Briselu nakon pregovora s Kerryjem"}]},{"@type":"WebSite","@id":"https:\/\/sandzakpress.net\/arhiva\/#website","url":"https:\/\/sandzakpress.net\/arhiva\/","name":"Sand\u017eak PRESS","description":"Prve elektronske novine u Sand\u017eaku","publisher":{"@id":"https:\/\/sandzakpress.net\/arhiva\/#\/schema\/person\/6e72b67d6e51910a1117b3b483ba20bd"},"potentialAction":[{"@type":"SearchAction","target":{"@type":"EntryPoint","urlTemplate":"https:\/\/sandzakpress.net\/arhiva\/?s={search_term_string}"},"query-input":{"@type":"PropertyValueSpecification","valueRequired":true,"valueName":"search_term_string"}}],"inLanguage":"bs-BA"},{"@type":["Person","Organization"],"@id":"https:\/\/sandzakpress.net\/arhiva\/#\/schema\/person\/6e72b67d6e51910a1117b3b483ba20bd","name":"Kul","image":{"@type":"ImageObject","inLanguage":"bs-BA","@id":"https:\/\/sandzakpress.net\/arhiva\/#\/schema\/person\/image\/","url":"https:\/\/secure.gravatar.com\/avatar\/42263f39aa27ac04c43cab85c280eb2e?s=96&d=mm&r=pg","contentUrl":"https:\/\/secure.gravatar.com\/avatar\/42263f39aa27ac04c43cab85c280eb2e?s=96&d=mm&r=pg","caption":"Kul"},"logo":{"@id":"https:\/\/sandzakpress.net\/arhiva\/#\/schema\/person\/image\/"}},{"@type":"Person","@id":"https:\/\/sandzakpress.net\/arhiva\/#\/schema\/person\/cb59d7e3ab91ab90dd680ad0305a6185","name":"Agencija","image":{"@type":"ImageObject","inLanguage":"bs-BA","@id":"https:\/\/sandzakpress.net\/arhiva\/#\/schema\/person\/image\/","url":"https:\/\/secure.gravatar.com\/avatar\/4b7fafa80a22f0c2afe23966b3961fe0?s=96&d=mm&r=pg","contentUrl":"https:\/\/secure.gravatar.com\/avatar\/4b7fafa80a22f0c2afe23966b3961fe0?s=96&d=mm&r=pg","caption":"Agencija"},"url":"https:\/\/sandzakpress.net\/arhiva\/author\/agencija\/"}]}},"_links":{"self":[{"href":"https:\/\/sandzakpress.net\/arhiva\/wp-json\/wp\/v2\/posts\/124921"}],"collection":[{"href":"https:\/\/sandzakpress.net\/arhiva\/wp-json\/wp\/v2\/posts"}],"about":[{"href":"https:\/\/sandzakpress.net\/arhiva\/wp-json\/wp\/v2\/types\/post"}],"author":[{"embeddable":true,"href":"https:\/\/sandzakpress.net\/arhiva\/wp-json\/wp\/v2\/users\/509"}],"replies":[{"embeddable":true,"href":"https:\/\/sandzakpress.net\/arhiva\/wp-json\/wp\/v2\/comments?post=124921"}],"version-history":[{"count":0,"href":"https:\/\/sandzakpress.net\/arhiva\/wp-json\/wp\/v2\/posts\/124921\/revisions"}],"wp:featuredmedia":[{"embeddable":true,"href":"https:\/\/sandzakpress.net\/arhiva\/wp-json\/wp\/v2\/media\/124922"}],"wp:attachment":[{"href":"https:\/\/sandzakpress.net\/arhiva\/wp-json\/wp\/v2\/media?parent=124921"}],"wp:term":[{"taxonomy":"category","embeddable":true,"href":"https:\/\/sandzakpress.net\/arhiva\/wp-json\/wp\/v2\/categories?post=124921"},{"taxonomy":"post_tag","embeddable":true,"href":"https:\/\/sandzakpress.net\/arhiva\/wp-json\/wp\/v2\/tags?post=124921"}],"curies":[{"name":"wp","href":"https:\/\/api.w.org\/{rel}","templated":true}]}}