{"id":124913,"date":"2015-03-16T21:23:54","date_gmt":"2015-03-16T20:23:54","guid":{"rendered":"https:\/\/sandzakpress.net\/arhiva\/?p=124913"},"modified":"2015-03-17T11:08:11","modified_gmt":"2015-03-17T10:08:11","slug":"erdogan-turska-ce-razviti-vojnu-industriju","status":"publish","type":"post","link":"https:\/\/sandzakpress.net\/arhiva\/erdogan-turska-ce-razviti-vojnu-industriju\/","title":{"rendered":"Erdogan: Turska \u0107e razviti vojnu industriju"},"content":{"rendered":"<p><img loading=\"lazy\" decoding=\"async\" class=\"\" src=\"http:\/\/balkans.aljazeera.net\/sites\/staff.balkans.aljazeera.com\/files\/styles\/aljazeera_article_main_image\/public\/erdogan-recep-tayyip-aselsan-aa-main.jpg?itok=tYm5OD1G\" alt=\"Turska, Recep Tayyip Erdgan\" width=\"600\" height=\"400\" \/><\/p>\n<p><strong>Turska &#8211; Turska nije odgovorna samo za svoju teritoriju i narod, njene odgovornosti su mnogo \u0161ire, kazao predsjednik Turske.<\/strong><\/p>\n<p>Turski predsjednik Recep Tayyip Erdogan tvrdi da Turska do 2023. godine planira razviti vojnu industriju kako bi u velikoj mjeri otklonila vanjsku ovisnost, a sve s ciljem kako bi pove\u0107ala sigurnosne kapacitete neophodne za nastavak trenda rasta nove Turske<\/p>\n<p>Predsjednik Erdogan je prisustvovao sve\u010danom otvorenju Centra za radarske i elektronske tehnologije ASELSAN u mjestu Golbasi u Ankari i tom prilikom istakao da je okon\u010dana era stare, a da je po\u010dela era nove Turske, prenosi Anadolija.<\/p>\n<p>Isti\u010du\u0107i da je u proteklom periodu isprobano sve kako bi se zaustavio uspon Turske, Erdogan je kazao da je Turska sprije\u010dila sve te udare, poput onih u Gezi parku u Istanbulu. On je dodao da \u0107e turske vlasti nastaviti borbu sve dok nezdrava tkiva ne budu potpuno odstranjena.<\/p>\n<p>Ukazuju\u0107i na \u010dinjenicu da se Turska nalazi u regiji koja je \u017eari\u0161te najve\u0107ih kriza, poput onih u Siriji, Libiji, Iraku, Jemenu, Armeniji, Gruziji i Ukrajini, Erdogan je kazao da je i Balkan danas miran, ali da je svakog trenutka prisutan potencijal za izbijanje problema u toj regiji.<\/p>\n<p>&#8220;Mi se u toj problemati\u010dnoj regiji moramo ekonomski, politi\u010dki i, naravno, sa sigurnosnog aspekta osigurati. Ukoliko ne budemo sigurni, ne\u0107emo mo\u0107i pomo\u0107i ni na\u0161oj bra\u0107i u drugim zemljama. Turska nije odgovorna samo za svoju teritoriju i narod. Njene historijske i kulturne odgovornosti su mnogo \u0161ire i ve\u0107e&#8221;, poru\u010dio je Erdogan.<\/p>\n<p>Turski predsjednik Erdogan je dalje kazao da je Turska unazad nekoliko decenija bila zatvorena u sebe i tra\u017eila rje\u0161enja svojih problema, a da nije bila jaka da pru\u017ei ruku svojim prijateljima u tom periodu kada se mnogo doga de\u0161avalo u regiji.<\/p>\n<p><strong>&#8216;Pru\u017eanje ruke&#8217;<\/strong><\/p>\n<p>&#8220;Nismo mogli dovoljno pru\u017eiti ruku na\u0161oj bra\u0107i i nismo im mogli pomo\u0107i. Jedna 50-godi\u0161nja hanuma je u Sarajevu rekla na\u0161em zvani\u010dniku ne\u0161to veoma va\u017eno i upe\u010datljivo. Ta \u017eena je kazala da je &#8216;tih 90-tih godina bila dana\u0161nja Turska, ne bi nam mogli po\u010diniti one zlo\u010dine koje su po\u010dinili&#8217;. To je to. Uvjeren sam da isto to va\u017ei i za de\u0161avanja u Karabahu i na brojnim mjestima na Bliskom istoku&#8221;, kazao je Erdogan.<\/p>\n<p>Erdogan tvrdi da je jedan od pozadinskih razloga dana\u0161njih sukoba u Siriji, upravo ugro\u017eavanje jake pozicije Turske, te dodaje da Turska nije mogla zaustaviti rat u Siriji, ali da je otvorila ruke i u zagrljaj primila sve ugro\u017eene Sirijce.<\/p>\n<p>Podsjetiv\u0161i da se danas obilje\u017eava 27. godi\u0161njica masakra u Halabju, gdje je re\u017eim Saddama Husseina hemijskim napadom ubio 5.000, a ranio vi\u0161e od 7.000 ljudi, Erdogan je kazao da svijet koji je nijemo gledao to stradanje i danas nijemo posmatra stradanje ljudi u sirijskom Halepu.<\/p>\n<p>&#8220;Mi nismo nikada bili, niti \u0107emo biti zemlja koja \u017eeli ratovati. Ali, ne\u0107emo nikada ni odustati od svoje odlu\u010dnosti da budemo spremni na sve vrste borbe. Nastavit \u0107emo razvijati vojnu industriju sa percepcijom da budemo najbolji i najja\u010di u toj oblasti&#8221;, zaklju\u010dio je Erdogan.<\/p>\n<p>Centar ASELSAN zauzima 350.000 metara kvadratnih prostora i rije\u010d je o radarskoj platformi opremljenoj za sve aktivnosti u oblasti kopnenih, zra\u010dnih, pomorskih, svemirskih, elektronskih i bespilotnih vojnih aktivnosti.<\/p>\n<p><em>(Agencije)<\/em><\/p>\n","protected":false},"excerpt":{"rendered":"<p>Turska &#8211; Turska nije odgovorna samo za svoju teritoriju i narod, njene odgovornosti su mnogo \u0161ire, kazao predsjednik Turske. Turski predsjednik Recep Tayyip Erdogan tvrdi da Turska do 2023. godine planira razviti vojnu industriju kako bi u velikoj mjeri otklonila vanjsku ovisnost, a sve s ciljem kako bi pove\u0107ala sigurnosne kapacitete neophodne za nastavak trenda [&hellip;]<\/p>\n","protected":false},"author":509,"featured_media":124914,"comment_status":"open","ping_status":"open","sticky":false,"template":"","format":"standard","meta":{"footnotes":""},"categories":[9,8957,798,2692,10429],"tags":[],"class_list":{"0":"post-124913","1":"post","2":"type-post","3":"status-publish","4":"format-standard","5":"has-post-thumbnail","7":"category-svijet","8":"category-vijesti-dana","9":"category-teme","10":"category-turska-gradovi","11":"category-vazno"},"yoast_head":"<!-- This site is optimized with the Yoast SEO Premium plugin v23.1 (Yoast SEO v24.9) - https:\/\/yoast.com\/wordpress\/plugins\/seo\/ -->\n<title>Erdogan: Turska \u0107e razviti vojnu industriju<\/title>\n<meta name=\"robots\" content=\"index, follow, max-snippet:-1, max-image-preview:large, max-video-preview:-1\" \/>\n<link rel=\"canonical\" href=\"https:\/\/sandzakpress.net\/arhiva\/erdogan-turska-ce-razviti-vojnu-industriju\/\" \/>\n<meta property=\"og:locale\" content=\"bs_BA\" \/>\n<meta property=\"og:type\" content=\"article\" \/>\n<meta property=\"og:title\" content=\"Erdogan: Turska \u0107e razviti vojnu industriju\" \/>\n<meta property=\"og:description\" content=\"Turska &#8211; Turska nije odgovorna samo za svoju teritoriju i narod, njene odgovornosti su mnogo \u0161ire, kazao predsjednik Turske. Turski predsjednik Recep Tayyip Erdogan tvrdi da Turska do 2023. godine planira razviti vojnu industriju kako bi u velikoj mjeri otklonila vanjsku ovisnost, a sve s ciljem kako bi pove\u0107ala sigurnosne kapacitete neophodne za nastavak trenda [&hellip;]\" \/>\n<meta property=\"og:url\" content=\"https:\/\/sandzakpress.net\/arhiva\/erdogan-turska-ce-razviti-vojnu-industriju\/\" \/>\n<meta property=\"og:site_name\" content=\"Sand\u017eak PRESS\" \/>\n<meta property=\"article:published_time\" content=\"2015-03-16T20:23:54+00:00\" \/>\n<meta property=\"article:modified_time\" content=\"2015-03-17T10:08:11+00:00\" \/>\n<meta property=\"og:image\" content=\"https:\/\/sandzakpress.net\/arhiva\/wp-content\/uploads\/2015\/03\/erdogan-recep-tayyip-aselsan-aa-main.jpg\" \/>\n\t<meta property=\"og:image:width\" content=\"900\" \/>\n\t<meta property=\"og:image:height\" content=\"600\" \/>\n\t<meta property=\"og:image:type\" content=\"image\/jpeg\" \/>\n<meta name=\"author\" content=\"Agencija\" \/>\n<meta name=\"twitter:card\" content=\"summary_large_image\" \/>\n<meta name=\"twitter:label1\" content=\"Written by\" \/>\n\t<meta name=\"twitter:data1\" content=\"Agencija\" \/>\n\t<meta name=\"twitter:label2\" content=\"Est. reading time\" \/>\n\t<meta name=\"twitter:data2\" content=\"3 minute\" \/>\n<script type=\"application\/ld+json\" class=\"yoast-schema-graph\">{\"@context\":\"https:\/\/schema.org\",\"@graph\":[{\"@type\":\"Article\",\"@id\":\"https:\/\/sandzakpress.net\/arhiva\/erdogan-turska-ce-razviti-vojnu-industriju\/#article\",\"isPartOf\":{\"@id\":\"https:\/\/sandzakpress.net\/arhiva\/erdogan-turska-ce-razviti-vojnu-industriju\/\"},\"author\":{\"name\":\"Agencija\",\"@id\":\"https:\/\/sandzakpress.net\/arhiva\/#\/schema\/person\/cb59d7e3ab91ab90dd680ad0305a6185\"},\"headline\":\"Erdogan: Turska \u0107e razviti vojnu industriju\",\"datePublished\":\"2015-03-16T20:23:54+00:00\",\"dateModified\":\"2015-03-17T10:08:11+00:00\",\"mainEntityOfPage\":{\"@id\":\"https:\/\/sandzakpress.net\/arhiva\/erdogan-turska-ce-razviti-vojnu-industriju\/\"},\"wordCount\":565,\"commentCount\":5,\"publisher\":{\"@id\":\"https:\/\/sandzakpress.net\/arhiva\/#\/schema\/person\/6e72b67d6e51910a1117b3b483ba20bd\"},\"image\":{\"@id\":\"https:\/\/sandzakpress.net\/arhiva\/erdogan-turska-ce-razviti-vojnu-industriju\/#primaryimage\"},\"thumbnailUrl\":\"https:\/\/sandzakpress.net\/arhiva\/wp-content\/uploads\/2015\/03\/erdogan-recep-tayyip-aselsan-aa-main.jpg\",\"articleSection\":[\"Svijet\",\"VIJESTI DANA\",\"NAJNOVIJE\",\"Turska\",\"VA\u017dNO!\"],\"inLanguage\":\"bs-BA\",\"potentialAction\":[{\"@type\":\"CommentAction\",\"name\":\"Comment\",\"target\":[\"https:\/\/sandzakpress.net\/arhiva\/erdogan-turska-ce-razviti-vojnu-industriju\/#respond\"]}]},{\"@type\":\"WebPage\",\"@id\":\"https:\/\/sandzakpress.net\/arhiva\/erdogan-turska-ce-razviti-vojnu-industriju\/\",\"url\":\"https:\/\/sandzakpress.net\/arhiva\/erdogan-turska-ce-razviti-vojnu-industriju\/\",\"name\":\"Erdogan: Turska \u0107e razviti vojnu industriju\",\"isPartOf\":{\"@id\":\"https:\/\/sandzakpress.net\/arhiva\/#website\"},\"primaryImageOfPage\":{\"@id\":\"https:\/\/sandzakpress.net\/arhiva\/erdogan-turska-ce-razviti-vojnu-industriju\/#primaryimage\"},\"image\":{\"@id\":\"https:\/\/sandzakpress.net\/arhiva\/erdogan-turska-ce-razviti-vojnu-industriju\/#primaryimage\"},\"thumbnailUrl\":\"https:\/\/sandzakpress.net\/arhiva\/wp-content\/uploads\/2015\/03\/erdogan-recep-tayyip-aselsan-aa-main.jpg\",\"datePublished\":\"2015-03-16T20:23:54+00:00\",\"dateModified\":\"2015-03-17T10:08:11+00:00\",\"breadcrumb\":{\"@id\":\"https:\/\/sandzakpress.net\/arhiva\/erdogan-turska-ce-razviti-vojnu-industriju\/#breadcrumb\"},\"inLanguage\":\"bs-BA\",\"potentialAction\":[{\"@type\":\"ReadAction\",\"target\":[\"https:\/\/sandzakpress.net\/arhiva\/erdogan-turska-ce-razviti-vojnu-industriju\/\"]}]},{\"@type\":\"ImageObject\",\"inLanguage\":\"bs-BA\",\"@id\":\"https:\/\/sandzakpress.net\/arhiva\/erdogan-turska-ce-razviti-vojnu-industriju\/#primaryimage\",\"url\":\"https:\/\/sandzakpress.net\/arhiva\/wp-content\/uploads\/2015\/03\/erdogan-recep-tayyip-aselsan-aa-main.jpg\",\"contentUrl\":\"https:\/\/sandzakpress.net\/arhiva\/wp-content\/uploads\/2015\/03\/erdogan-recep-tayyip-aselsan-aa-main.jpg\",\"width\":900,\"height\":600},{\"@type\":\"BreadcrumbList\",\"@id\":\"https:\/\/sandzakpress.net\/arhiva\/erdogan-turska-ce-razviti-vojnu-industriju\/#breadcrumb\",\"itemListElement\":[{\"@type\":\"ListItem\",\"position\":1,\"name\":\"Home\",\"item\":\"https:\/\/sandzakpress.net\/arhiva\/\"},{\"@type\":\"ListItem\",\"position\":2,\"name\":\"Erdogan: Turska \u0107e razviti vojnu industriju\"}]},{\"@type\":\"WebSite\",\"@id\":\"https:\/\/sandzakpress.net\/arhiva\/#website\",\"url\":\"https:\/\/sandzakpress.net\/arhiva\/\",\"name\":\"Sand\u017eak PRESS\",\"description\":\"Prve elektronske novine u Sand\u017eaku\",\"publisher\":{\"@id\":\"https:\/\/sandzakpress.net\/arhiva\/#\/schema\/person\/6e72b67d6e51910a1117b3b483ba20bd\"},\"potentialAction\":[{\"@type\":\"SearchAction\",\"target\":{\"@type\":\"EntryPoint\",\"urlTemplate\":\"https:\/\/sandzakpress.net\/arhiva\/?s={search_term_string}\"},\"query-input\":{\"@type\":\"PropertyValueSpecification\",\"valueRequired\":true,\"valueName\":\"search_term_string\"}}],\"inLanguage\":\"bs-BA\"},{\"@type\":[\"Person\",\"Organization\"],\"@id\":\"https:\/\/sandzakpress.net\/arhiva\/#\/schema\/person\/6e72b67d6e51910a1117b3b483ba20bd\",\"name\":\"Kul\",\"image\":{\"@type\":\"ImageObject\",\"inLanguage\":\"bs-BA\",\"@id\":\"https:\/\/sandzakpress.net\/arhiva\/#\/schema\/person\/image\/\",\"url\":\"https:\/\/secure.gravatar.com\/avatar\/42263f39aa27ac04c43cab85c280eb2e?s=96&d=mm&r=pg\",\"contentUrl\":\"https:\/\/secure.gravatar.com\/avatar\/42263f39aa27ac04c43cab85c280eb2e?s=96&d=mm&r=pg\",\"caption\":\"Kul\"},\"logo\":{\"@id\":\"https:\/\/sandzakpress.net\/arhiva\/#\/schema\/person\/image\/\"}},{\"@type\":\"Person\",\"@id\":\"https:\/\/sandzakpress.net\/arhiva\/#\/schema\/person\/cb59d7e3ab91ab90dd680ad0305a6185\",\"name\":\"Agencija\",\"image\":{\"@type\":\"ImageObject\",\"inLanguage\":\"bs-BA\",\"@id\":\"https:\/\/sandzakpress.net\/arhiva\/#\/schema\/person\/image\/\",\"url\":\"https:\/\/secure.gravatar.com\/avatar\/4b7fafa80a22f0c2afe23966b3961fe0?s=96&d=mm&r=pg\",\"contentUrl\":\"https:\/\/secure.gravatar.com\/avatar\/4b7fafa80a22f0c2afe23966b3961fe0?s=96&d=mm&r=pg\",\"caption\":\"Agencija\"},\"url\":\"https:\/\/sandzakpress.net\/arhiva\/author\/agencija\/\"}]}<\/script>\n<!-- \/ Yoast SEO Premium plugin. -->","yoast_head_json":{"title":"Erdogan: Turska \u0107e razviti vojnu industriju","robots":{"index":"index","follow":"follow","max-snippet":"max-snippet:-1","max-image-preview":"max-image-preview:large","max-video-preview":"max-video-preview:-1"},"canonical":"https:\/\/sandzakpress.net\/arhiva\/erdogan-turska-ce-razviti-vojnu-industriju\/","og_locale":"bs_BA","og_type":"article","og_title":"Erdogan: Turska \u0107e razviti vojnu industriju","og_description":"Turska &#8211; Turska nije odgovorna samo za svoju teritoriju i narod, njene odgovornosti su mnogo \u0161ire, kazao predsjednik Turske. Turski predsjednik Recep Tayyip Erdogan tvrdi da Turska do 2023. godine planira razviti vojnu industriju kako bi u velikoj mjeri otklonila vanjsku ovisnost, a sve s ciljem kako bi pove\u0107ala sigurnosne kapacitete neophodne za nastavak trenda [&hellip;]","og_url":"https:\/\/sandzakpress.net\/arhiva\/erdogan-turska-ce-razviti-vojnu-industriju\/","og_site_name":"Sand\u017eak PRESS","article_published_time":"2015-03-16T20:23:54+00:00","article_modified_time":"2015-03-17T10:08:11+00:00","og_image":[{"width":900,"height":600,"url":"https:\/\/sandzakpress.net\/arhiva\/wp-content\/uploads\/2015\/03\/erdogan-recep-tayyip-aselsan-aa-main.jpg","type":"image\/jpeg"}],"author":"Agencija","twitter_card":"summary_large_image","twitter_misc":{"Written by":"Agencija","Est. reading time":"3 minute"},"schema":{"@context":"https:\/\/schema.org","@graph":[{"@type":"Article","@id":"https:\/\/sandzakpress.net\/arhiva\/erdogan-turska-ce-razviti-vojnu-industriju\/#article","isPartOf":{"@id":"https:\/\/sandzakpress.net\/arhiva\/erdogan-turska-ce-razviti-vojnu-industriju\/"},"author":{"name":"Agencija","@id":"https:\/\/sandzakpress.net\/arhiva\/#\/schema\/person\/cb59d7e3ab91ab90dd680ad0305a6185"},"headline":"Erdogan: Turska \u0107e razviti vojnu industriju","datePublished":"2015-03-16T20:23:54+00:00","dateModified":"2015-03-17T10:08:11+00:00","mainEntityOfPage":{"@id":"https:\/\/sandzakpress.net\/arhiva\/erdogan-turska-ce-razviti-vojnu-industriju\/"},"wordCount":565,"commentCount":5,"publisher":{"@id":"https:\/\/sandzakpress.net\/arhiva\/#\/schema\/person\/6e72b67d6e51910a1117b3b483ba20bd"},"image":{"@id":"https:\/\/sandzakpress.net\/arhiva\/erdogan-turska-ce-razviti-vojnu-industriju\/#primaryimage"},"thumbnailUrl":"https:\/\/sandzakpress.net\/arhiva\/wp-content\/uploads\/2015\/03\/erdogan-recep-tayyip-aselsan-aa-main.jpg","articleSection":["Svijet","VIJESTI DANA","NAJNOVIJE","Turska","VA\u017dNO!"],"inLanguage":"bs-BA","potentialAction":[{"@type":"CommentAction","name":"Comment","target":["https:\/\/sandzakpress.net\/arhiva\/erdogan-turska-ce-razviti-vojnu-industriju\/#respond"]}]},{"@type":"WebPage","@id":"https:\/\/sandzakpress.net\/arhiva\/erdogan-turska-ce-razviti-vojnu-industriju\/","url":"https:\/\/sandzakpress.net\/arhiva\/erdogan-turska-ce-razviti-vojnu-industriju\/","name":"Erdogan: Turska \u0107e razviti vojnu industriju","isPartOf":{"@id":"https:\/\/sandzakpress.net\/arhiva\/#website"},"primaryImageOfPage":{"@id":"https:\/\/sandzakpress.net\/arhiva\/erdogan-turska-ce-razviti-vojnu-industriju\/#primaryimage"},"image":{"@id":"https:\/\/sandzakpress.net\/arhiva\/erdogan-turska-ce-razviti-vojnu-industriju\/#primaryimage"},"thumbnailUrl":"https:\/\/sandzakpress.net\/arhiva\/wp-content\/uploads\/2015\/03\/erdogan-recep-tayyip-aselsan-aa-main.jpg","datePublished":"2015-03-16T20:23:54+00:00","dateModified":"2015-03-17T10:08:11+00:00","breadcrumb":{"@id":"https:\/\/sandzakpress.net\/arhiva\/erdogan-turska-ce-razviti-vojnu-industriju\/#breadcrumb"},"inLanguage":"bs-BA","potentialAction":[{"@type":"ReadAction","target":["https:\/\/sandzakpress.net\/arhiva\/erdogan-turska-ce-razviti-vojnu-industriju\/"]}]},{"@type":"ImageObject","inLanguage":"bs-BA","@id":"https:\/\/sandzakpress.net\/arhiva\/erdogan-turska-ce-razviti-vojnu-industriju\/#primaryimage","url":"https:\/\/sandzakpress.net\/arhiva\/wp-content\/uploads\/2015\/03\/erdogan-recep-tayyip-aselsan-aa-main.jpg","contentUrl":"https:\/\/sandzakpress.net\/arhiva\/wp-content\/uploads\/2015\/03\/erdogan-recep-tayyip-aselsan-aa-main.jpg","width":900,"height":600},{"@type":"BreadcrumbList","@id":"https:\/\/sandzakpress.net\/arhiva\/erdogan-turska-ce-razviti-vojnu-industriju\/#breadcrumb","itemListElement":[{"@type":"ListItem","position":1,"name":"Home","item":"https:\/\/sandzakpress.net\/arhiva\/"},{"@type":"ListItem","position":2,"name":"Erdogan: Turska \u0107e razviti vojnu industriju"}]},{"@type":"WebSite","@id":"https:\/\/sandzakpress.net\/arhiva\/#website","url":"https:\/\/sandzakpress.net\/arhiva\/","name":"Sand\u017eak PRESS","description":"Prve elektronske novine u Sand\u017eaku","publisher":{"@id":"https:\/\/sandzakpress.net\/arhiva\/#\/schema\/person\/6e72b67d6e51910a1117b3b483ba20bd"},"potentialAction":[{"@type":"SearchAction","target":{"@type":"EntryPoint","urlTemplate":"https:\/\/sandzakpress.net\/arhiva\/?s={search_term_string}"},"query-input":{"@type":"PropertyValueSpecification","valueRequired":true,"valueName":"search_term_string"}}],"inLanguage":"bs-BA"},{"@type":["Person","Organization"],"@id":"https:\/\/sandzakpress.net\/arhiva\/#\/schema\/person\/6e72b67d6e51910a1117b3b483ba20bd","name":"Kul","image":{"@type":"ImageObject","inLanguage":"bs-BA","@id":"https:\/\/sandzakpress.net\/arhiva\/#\/schema\/person\/image\/","url":"https:\/\/secure.gravatar.com\/avatar\/42263f39aa27ac04c43cab85c280eb2e?s=96&d=mm&r=pg","contentUrl":"https:\/\/secure.gravatar.com\/avatar\/42263f39aa27ac04c43cab85c280eb2e?s=96&d=mm&r=pg","caption":"Kul"},"logo":{"@id":"https:\/\/sandzakpress.net\/arhiva\/#\/schema\/person\/image\/"}},{"@type":"Person","@id":"https:\/\/sandzakpress.net\/arhiva\/#\/schema\/person\/cb59d7e3ab91ab90dd680ad0305a6185","name":"Agencija","image":{"@type":"ImageObject","inLanguage":"bs-BA","@id":"https:\/\/sandzakpress.net\/arhiva\/#\/schema\/person\/image\/","url":"https:\/\/secure.gravatar.com\/avatar\/4b7fafa80a22f0c2afe23966b3961fe0?s=96&d=mm&r=pg","contentUrl":"https:\/\/secure.gravatar.com\/avatar\/4b7fafa80a22f0c2afe23966b3961fe0?s=96&d=mm&r=pg","caption":"Agencija"},"url":"https:\/\/sandzakpress.net\/arhiva\/author\/agencija\/"}]}},"_links":{"self":[{"href":"https:\/\/sandzakpress.net\/arhiva\/wp-json\/wp\/v2\/posts\/124913"}],"collection":[{"href":"https:\/\/sandzakpress.net\/arhiva\/wp-json\/wp\/v2\/posts"}],"about":[{"href":"https:\/\/sandzakpress.net\/arhiva\/wp-json\/wp\/v2\/types\/post"}],"author":[{"embeddable":true,"href":"https:\/\/sandzakpress.net\/arhiva\/wp-json\/wp\/v2\/users\/509"}],"replies":[{"embeddable":true,"href":"https:\/\/sandzakpress.net\/arhiva\/wp-json\/wp\/v2\/comments?post=124913"}],"version-history":[{"count":0,"href":"https:\/\/sandzakpress.net\/arhiva\/wp-json\/wp\/v2\/posts\/124913\/revisions"}],"wp:featuredmedia":[{"embeddable":true,"href":"https:\/\/sandzakpress.net\/arhiva\/wp-json\/wp\/v2\/media\/124914"}],"wp:attachment":[{"href":"https:\/\/sandzakpress.net\/arhiva\/wp-json\/wp\/v2\/media?parent=124913"}],"wp:term":[{"taxonomy":"category","embeddable":true,"href":"https:\/\/sandzakpress.net\/arhiva\/wp-json\/wp\/v2\/categories?post=124913"},{"taxonomy":"post_tag","embeddable":true,"href":"https:\/\/sandzakpress.net\/arhiva\/wp-json\/wp\/v2\/tags?post=124913"}],"curies":[{"name":"wp","href":"https:\/\/api.w.org\/{rel}","templated":true}]}}