{"id":124685,"date":"2015-03-13T20:58:14","date_gmt":"2015-03-13T19:58:14","guid":{"rendered":"https:\/\/sandzakpress.net\/arhiva\/?p=124685"},"modified":"2015-03-13T20:59:20","modified_gmt":"2015-03-13T19:59:20","slug":"muftija-dudic-odrzao-hutbu-u-dzematu-et-taqwa-u-becu","status":"publish","type":"post","link":"https:\/\/sandzakpress.net\/arhiva\/muftija-dudic-odrzao-hutbu-u-dzematu-et-taqwa-u-becu\/","title":{"rendered":"Muftija Dudi\u0107 odr\u017eao hutbu u d\u017eematu Et-Taqwa u Be\u010du"},"content":{"rendered":"<p>&nbsp;<\/p>\n<p><img loading=\"lazy\" decoding=\"async\" class=\"\" src=\"http:\/\/mesihat.org\/images\/stories\/muftija%20dudic%20u%20becu%201303%20(6).jpg\" alt=\"\" width=\"599\" height=\"398\" \/><\/p>\n<p><strong>Austrija &#8211; Tokom trodnevne posjete Be\u010du, predsjednik Me\u0161ihata Islamske zajednice u Srbiji, muftija Mevlud ef. Dudi\u0107 13.03.2015. godine odr\u017eao je hutbu i predvodio d\u017euma namaz u novoosnovanom d\u017eematu ET-Taqwa.<\/strong><\/p>\n<p>Muftija Dudi\u0107 je u hutbi podsjetio d\u017eematlije na najva\u017eniju osobinu vjernika takvaluk to jest bogobojaznost, te da je ovaj d\u017eemat nastao kao rezultat dugogodi\u0161njeg rada iskrenih vjernika poreklom iz Sand\u017eaka.<\/p>\n<p>Imam u d\u017eematu Et-Taqwa je Mesud ef. Zukorli\u0107.<\/p>\n<p>U subotu 14.marta nakon ikindije namaza bi\u0107e organizovana centralna sve\u010danost povodom otvaranja ovog d\u017eemata. U pratnji muftije Mevlud ef. Dudi\u0107a je i generalni sekretar Me\u0161ihata Samir \u0160krijelj.<\/p>\n<p>(mesihat)<\/p>\n","protected":false},"excerpt":{"rendered":"<p>&nbsp; Austrija &#8211; Tokom trodnevne posjete Be\u010du, predsjednik Me\u0161ihata Islamske zajednice u Srbiji, muftija Mevlud ef. Dudi\u0107 13.03.2015. godine odr\u017eao je hutbu i predvodio d\u017euma namaz u novoosnovanom d\u017eematu ET-Taqwa. Muftija Dudi\u0107 je u hutbi podsjetio d\u017eematlije na najva\u017eniju osobinu vjernika takvaluk to jest bogobojaznost, te da je ovaj d\u017eemat nastao kao rezultat dugogodi\u0161njeg rada [&hellip;]<\/p>\n","protected":false},"author":509,"featured_media":124686,"comment_status":"open","ping_status":"open","sticky":false,"template":"","format":"standard","meta":{"footnotes":""},"categories":[9539,802,8957,798,10193,10429],"tags":[],"class_list":{"0":"post-124685","1":"post","2":"type-post","3":"status-publish","4":"format-standard","5":"has-post-thumbnail","7":"category-austrija-dijaspora-gradovi-vase-vijesti","8":"category-islamska_zajednica","9":"category-vijesti-dana","10":"category-teme","11":"category-sandzak-2","12":"category-vazno"},"yoast_head":"<!-- This site is optimized with the Yoast SEO Premium plugin v23.1 (Yoast SEO v24.9) - https:\/\/yoast.com\/wordpress\/plugins\/seo\/ -->\n<title>Muftija Dudi\u0107 odr\u017eao hutbu u d\u017eematu Et-Taqwa u Be\u010du<\/title>\n<meta name=\"robots\" content=\"index, follow, max-snippet:-1, max-image-preview:large, max-video-preview:-1\" \/>\n<link rel=\"canonical\" href=\"https:\/\/sandzakpress.net\/arhiva\/muftija-dudic-odrzao-hutbu-u-dzematu-et-taqwa-u-becu\/\" \/>\n<meta property=\"og:locale\" content=\"bs_BA\" \/>\n<meta property=\"og:type\" content=\"article\" \/>\n<meta property=\"og:title\" content=\"Muftija Dudi\u0107 odr\u017eao hutbu u d\u017eematu Et-Taqwa u Be\u010du\" \/>\n<meta property=\"og:description\" content=\"&nbsp; Austrija &#8211; Tokom trodnevne posjete Be\u010du, predsjednik Me\u0161ihata Islamske zajednice u Srbiji, muftija Mevlud ef. Dudi\u0107 13.03.2015. godine odr\u017eao je hutbu i predvodio d\u017euma namaz u novoosnovanom d\u017eematu ET-Taqwa. Muftija Dudi\u0107 je u hutbi podsjetio d\u017eematlije na najva\u017eniju osobinu vjernika takvaluk to jest bogobojaznost, te da je ovaj d\u017eemat nastao kao rezultat dugogodi\u0161njeg rada [&hellip;]\" \/>\n<meta property=\"og:url\" content=\"https:\/\/sandzakpress.net\/arhiva\/muftija-dudic-odrzao-hutbu-u-dzematu-et-taqwa-u-becu\/\" \/>\n<meta property=\"og:site_name\" content=\"Sand\u017eak PRESS\" \/>\n<meta property=\"article:published_time\" content=\"2015-03-13T19:58:14+00:00\" \/>\n<meta property=\"article:modified_time\" content=\"2015-03-13T19:59:20+00:00\" \/>\n<meta property=\"og:image\" content=\"https:\/\/sandzakpress.net\/arhiva\/wp-content\/uploads\/2015\/03\/muftija-dudic-u-becu-1303-6.jpg\" \/>\n\t<meta property=\"og:image:width\" content=\"1000\" \/>\n\t<meta property=\"og:image:height\" content=\"664\" \/>\n\t<meta property=\"og:image:type\" content=\"image\/jpeg\" \/>\n<meta name=\"author\" content=\"Agencija\" \/>\n<meta name=\"twitter:card\" content=\"summary_large_image\" \/>\n<meta name=\"twitter:label1\" content=\"Written by\" \/>\n\t<meta name=\"twitter:data1\" content=\"Agencija\" \/>\n\t<meta name=\"twitter:label2\" content=\"Est. reading time\" \/>\n\t<meta name=\"twitter:data2\" content=\"1 minuta\" \/>\n<script type=\"application\/ld+json\" class=\"yoast-schema-graph\">{\"@context\":\"https:\/\/schema.org\",\"@graph\":[{\"@type\":\"Article\",\"@id\":\"https:\/\/sandzakpress.net\/arhiva\/muftija-dudic-odrzao-hutbu-u-dzematu-et-taqwa-u-becu\/#article\",\"isPartOf\":{\"@id\":\"https:\/\/sandzakpress.net\/arhiva\/muftija-dudic-odrzao-hutbu-u-dzematu-et-taqwa-u-becu\/\"},\"author\":{\"name\":\"Agencija\",\"@id\":\"https:\/\/sandzakpress.net\/arhiva\/#\/schema\/person\/cb59d7e3ab91ab90dd680ad0305a6185\"},\"headline\":\"Muftija Dudi\u0107 odr\u017eao hutbu u d\u017eematu Et-Taqwa u Be\u010du\",\"datePublished\":\"2015-03-13T19:58:14+00:00\",\"dateModified\":\"2015-03-13T19:59:20+00:00\",\"mainEntityOfPage\":{\"@id\":\"https:\/\/sandzakpress.net\/arhiva\/muftija-dudic-odrzao-hutbu-u-dzematu-et-taqwa-u-becu\/\"},\"wordCount\":123,\"commentCount\":2,\"publisher\":{\"@id\":\"https:\/\/sandzakpress.net\/arhiva\/#\/schema\/person\/6e72b67d6e51910a1117b3b483ba20bd\"},\"image\":{\"@id\":\"https:\/\/sandzakpress.net\/arhiva\/muftija-dudic-odrzao-hutbu-u-dzematu-et-taqwa-u-becu\/#primaryimage\"},\"thumbnailUrl\":\"https:\/\/sandzakpress.net\/arhiva\/wp-content\/uploads\/2015\/03\/muftija-dudic-u-becu-1303-6.jpg\",\"articleSection\":[\"Austrija\",\"Islamska zajednica\",\"VIJESTI DANA\",\"NAJNOVIJE\",\"Sand\u017eak\",\"VA\u017dNO!\"],\"inLanguage\":\"bs-BA\",\"potentialAction\":[{\"@type\":\"CommentAction\",\"name\":\"Comment\",\"target\":[\"https:\/\/sandzakpress.net\/arhiva\/muftija-dudic-odrzao-hutbu-u-dzematu-et-taqwa-u-becu\/#respond\"]}]},{\"@type\":\"WebPage\",\"@id\":\"https:\/\/sandzakpress.net\/arhiva\/muftija-dudic-odrzao-hutbu-u-dzematu-et-taqwa-u-becu\/\",\"url\":\"https:\/\/sandzakpress.net\/arhiva\/muftija-dudic-odrzao-hutbu-u-dzematu-et-taqwa-u-becu\/\",\"name\":\"Muftija Dudi\u0107 odr\u017eao hutbu u d\u017eematu Et-Taqwa u Be\u010du\",\"isPartOf\":{\"@id\":\"https:\/\/sandzakpress.net\/arhiva\/#website\"},\"primaryImageOfPage\":{\"@id\":\"https:\/\/sandzakpress.net\/arhiva\/muftija-dudic-odrzao-hutbu-u-dzematu-et-taqwa-u-becu\/#primaryimage\"},\"image\":{\"@id\":\"https:\/\/sandzakpress.net\/arhiva\/muftija-dudic-odrzao-hutbu-u-dzematu-et-taqwa-u-becu\/#primaryimage\"},\"thumbnailUrl\":\"https:\/\/sandzakpress.net\/arhiva\/wp-content\/uploads\/2015\/03\/muftija-dudic-u-becu-1303-6.jpg\",\"datePublished\":\"2015-03-13T19:58:14+00:00\",\"dateModified\":\"2015-03-13T19:59:20+00:00\",\"breadcrumb\":{\"@id\":\"https:\/\/sandzakpress.net\/arhiva\/muftija-dudic-odrzao-hutbu-u-dzematu-et-taqwa-u-becu\/#breadcrumb\"},\"inLanguage\":\"bs-BA\",\"potentialAction\":[{\"@type\":\"ReadAction\",\"target\":[\"https:\/\/sandzakpress.net\/arhiva\/muftija-dudic-odrzao-hutbu-u-dzematu-et-taqwa-u-becu\/\"]}]},{\"@type\":\"ImageObject\",\"inLanguage\":\"bs-BA\",\"@id\":\"https:\/\/sandzakpress.net\/arhiva\/muftija-dudic-odrzao-hutbu-u-dzematu-et-taqwa-u-becu\/#primaryimage\",\"url\":\"https:\/\/sandzakpress.net\/arhiva\/wp-content\/uploads\/2015\/03\/muftija-dudic-u-becu-1303-6.jpg\",\"contentUrl\":\"https:\/\/sandzakpress.net\/arhiva\/wp-content\/uploads\/2015\/03\/muftija-dudic-u-becu-1303-6.jpg\",\"width\":1000,\"height\":664},{\"@type\":\"BreadcrumbList\",\"@id\":\"https:\/\/sandzakpress.net\/arhiva\/muftija-dudic-odrzao-hutbu-u-dzematu-et-taqwa-u-becu\/#breadcrumb\",\"itemListElement\":[{\"@type\":\"ListItem\",\"position\":1,\"name\":\"Home\",\"item\":\"https:\/\/sandzakpress.net\/arhiva\/\"},{\"@type\":\"ListItem\",\"position\":2,\"name\":\"Muftija Dudi\u0107 odr\u017eao hutbu u d\u017eematu Et-Taqwa u Be\u010du\"}]},{\"@type\":\"WebSite\",\"@id\":\"https:\/\/sandzakpress.net\/arhiva\/#website\",\"url\":\"https:\/\/sandzakpress.net\/arhiva\/\",\"name\":\"Sand\u017eak PRESS\",\"description\":\"Prve elektronske novine u Sand\u017eaku\",\"publisher\":{\"@id\":\"https:\/\/sandzakpress.net\/arhiva\/#\/schema\/person\/6e72b67d6e51910a1117b3b483ba20bd\"},\"potentialAction\":[{\"@type\":\"SearchAction\",\"target\":{\"@type\":\"EntryPoint\",\"urlTemplate\":\"https:\/\/sandzakpress.net\/arhiva\/?s={search_term_string}\"},\"query-input\":{\"@type\":\"PropertyValueSpecification\",\"valueRequired\":true,\"valueName\":\"search_term_string\"}}],\"inLanguage\":\"bs-BA\"},{\"@type\":[\"Person\",\"Organization\"],\"@id\":\"https:\/\/sandzakpress.net\/arhiva\/#\/schema\/person\/6e72b67d6e51910a1117b3b483ba20bd\",\"name\":\"Kul\",\"image\":{\"@type\":\"ImageObject\",\"inLanguage\":\"bs-BA\",\"@id\":\"https:\/\/sandzakpress.net\/arhiva\/#\/schema\/person\/image\/\",\"url\":\"https:\/\/secure.gravatar.com\/avatar\/42263f39aa27ac04c43cab85c280eb2e?s=96&d=mm&r=pg\",\"contentUrl\":\"https:\/\/secure.gravatar.com\/avatar\/42263f39aa27ac04c43cab85c280eb2e?s=96&d=mm&r=pg\",\"caption\":\"Kul\"},\"logo\":{\"@id\":\"https:\/\/sandzakpress.net\/arhiva\/#\/schema\/person\/image\/\"}},{\"@type\":\"Person\",\"@id\":\"https:\/\/sandzakpress.net\/arhiva\/#\/schema\/person\/cb59d7e3ab91ab90dd680ad0305a6185\",\"name\":\"Agencija\",\"image\":{\"@type\":\"ImageObject\",\"inLanguage\":\"bs-BA\",\"@id\":\"https:\/\/sandzakpress.net\/arhiva\/#\/schema\/person\/image\/\",\"url\":\"https:\/\/secure.gravatar.com\/avatar\/4b7fafa80a22f0c2afe23966b3961fe0?s=96&d=mm&r=pg\",\"contentUrl\":\"https:\/\/secure.gravatar.com\/avatar\/4b7fafa80a22f0c2afe23966b3961fe0?s=96&d=mm&r=pg\",\"caption\":\"Agencija\"},\"url\":\"https:\/\/sandzakpress.net\/arhiva\/author\/agencija\/\"}]}<\/script>\n<!-- \/ Yoast SEO Premium plugin. -->","yoast_head_json":{"title":"Muftija Dudi\u0107 odr\u017eao hutbu u d\u017eematu Et-Taqwa u Be\u010du","robots":{"index":"index","follow":"follow","max-snippet":"max-snippet:-1","max-image-preview":"max-image-preview:large","max-video-preview":"max-video-preview:-1"},"canonical":"https:\/\/sandzakpress.net\/arhiva\/muftija-dudic-odrzao-hutbu-u-dzematu-et-taqwa-u-becu\/","og_locale":"bs_BA","og_type":"article","og_title":"Muftija Dudi\u0107 odr\u017eao hutbu u d\u017eematu Et-Taqwa u Be\u010du","og_description":"&nbsp; Austrija &#8211; Tokom trodnevne posjete Be\u010du, predsjednik Me\u0161ihata Islamske zajednice u Srbiji, muftija Mevlud ef. Dudi\u0107 13.03.2015. godine odr\u017eao je hutbu i predvodio d\u017euma namaz u novoosnovanom d\u017eematu ET-Taqwa. Muftija Dudi\u0107 je u hutbi podsjetio d\u017eematlije na najva\u017eniju osobinu vjernika takvaluk to jest bogobojaznost, te da je ovaj d\u017eemat nastao kao rezultat dugogodi\u0161njeg rada [&hellip;]","og_url":"https:\/\/sandzakpress.net\/arhiva\/muftija-dudic-odrzao-hutbu-u-dzematu-et-taqwa-u-becu\/","og_site_name":"Sand\u017eak PRESS","article_published_time":"2015-03-13T19:58:14+00:00","article_modified_time":"2015-03-13T19:59:20+00:00","og_image":[{"width":1000,"height":664,"url":"https:\/\/sandzakpress.net\/arhiva\/wp-content\/uploads\/2015\/03\/muftija-dudic-u-becu-1303-6.jpg","type":"image\/jpeg"}],"author":"Agencija","twitter_card":"summary_large_image","twitter_misc":{"Written by":"Agencija","Est. reading time":"1 minuta"},"schema":{"@context":"https:\/\/schema.org","@graph":[{"@type":"Article","@id":"https:\/\/sandzakpress.net\/arhiva\/muftija-dudic-odrzao-hutbu-u-dzematu-et-taqwa-u-becu\/#article","isPartOf":{"@id":"https:\/\/sandzakpress.net\/arhiva\/muftija-dudic-odrzao-hutbu-u-dzematu-et-taqwa-u-becu\/"},"author":{"name":"Agencija","@id":"https:\/\/sandzakpress.net\/arhiva\/#\/schema\/person\/cb59d7e3ab91ab90dd680ad0305a6185"},"headline":"Muftija Dudi\u0107 odr\u017eao hutbu u d\u017eematu Et-Taqwa u Be\u010du","datePublished":"2015-03-13T19:58:14+00:00","dateModified":"2015-03-13T19:59:20+00:00","mainEntityOfPage":{"@id":"https:\/\/sandzakpress.net\/arhiva\/muftija-dudic-odrzao-hutbu-u-dzematu-et-taqwa-u-becu\/"},"wordCount":123,"commentCount":2,"publisher":{"@id":"https:\/\/sandzakpress.net\/arhiva\/#\/schema\/person\/6e72b67d6e51910a1117b3b483ba20bd"},"image":{"@id":"https:\/\/sandzakpress.net\/arhiva\/muftija-dudic-odrzao-hutbu-u-dzematu-et-taqwa-u-becu\/#primaryimage"},"thumbnailUrl":"https:\/\/sandzakpress.net\/arhiva\/wp-content\/uploads\/2015\/03\/muftija-dudic-u-becu-1303-6.jpg","articleSection":["Austrija","Islamska zajednica","VIJESTI DANA","NAJNOVIJE","Sand\u017eak","VA\u017dNO!"],"inLanguage":"bs-BA","potentialAction":[{"@type":"CommentAction","name":"Comment","target":["https:\/\/sandzakpress.net\/arhiva\/muftija-dudic-odrzao-hutbu-u-dzematu-et-taqwa-u-becu\/#respond"]}]},{"@type":"WebPage","@id":"https:\/\/sandzakpress.net\/arhiva\/muftija-dudic-odrzao-hutbu-u-dzematu-et-taqwa-u-becu\/","url":"https:\/\/sandzakpress.net\/arhiva\/muftija-dudic-odrzao-hutbu-u-dzematu-et-taqwa-u-becu\/","name":"Muftija Dudi\u0107 odr\u017eao hutbu u d\u017eematu Et-Taqwa u Be\u010du","isPartOf":{"@id":"https:\/\/sandzakpress.net\/arhiva\/#website"},"primaryImageOfPage":{"@id":"https:\/\/sandzakpress.net\/arhiva\/muftija-dudic-odrzao-hutbu-u-dzematu-et-taqwa-u-becu\/#primaryimage"},"image":{"@id":"https:\/\/sandzakpress.net\/arhiva\/muftija-dudic-odrzao-hutbu-u-dzematu-et-taqwa-u-becu\/#primaryimage"},"thumbnailUrl":"https:\/\/sandzakpress.net\/arhiva\/wp-content\/uploads\/2015\/03\/muftija-dudic-u-becu-1303-6.jpg","datePublished":"2015-03-13T19:58:14+00:00","dateModified":"2015-03-13T19:59:20+00:00","breadcrumb":{"@id":"https:\/\/sandzakpress.net\/arhiva\/muftija-dudic-odrzao-hutbu-u-dzematu-et-taqwa-u-becu\/#breadcrumb"},"inLanguage":"bs-BA","potentialAction":[{"@type":"ReadAction","target":["https:\/\/sandzakpress.net\/arhiva\/muftija-dudic-odrzao-hutbu-u-dzematu-et-taqwa-u-becu\/"]}]},{"@type":"ImageObject","inLanguage":"bs-BA","@id":"https:\/\/sandzakpress.net\/arhiva\/muftija-dudic-odrzao-hutbu-u-dzematu-et-taqwa-u-becu\/#primaryimage","url":"https:\/\/sandzakpress.net\/arhiva\/wp-content\/uploads\/2015\/03\/muftija-dudic-u-becu-1303-6.jpg","contentUrl":"https:\/\/sandzakpress.net\/arhiva\/wp-content\/uploads\/2015\/03\/muftija-dudic-u-becu-1303-6.jpg","width":1000,"height":664},{"@type":"BreadcrumbList","@id":"https:\/\/sandzakpress.net\/arhiva\/muftija-dudic-odrzao-hutbu-u-dzematu-et-taqwa-u-becu\/#breadcrumb","itemListElement":[{"@type":"ListItem","position":1,"name":"Home","item":"https:\/\/sandzakpress.net\/arhiva\/"},{"@type":"ListItem","position":2,"name":"Muftija Dudi\u0107 odr\u017eao hutbu u d\u017eematu Et-Taqwa u Be\u010du"}]},{"@type":"WebSite","@id":"https:\/\/sandzakpress.net\/arhiva\/#website","url":"https:\/\/sandzakpress.net\/arhiva\/","name":"Sand\u017eak PRESS","description":"Prve elektronske novine u Sand\u017eaku","publisher":{"@id":"https:\/\/sandzakpress.net\/arhiva\/#\/schema\/person\/6e72b67d6e51910a1117b3b483ba20bd"},"potentialAction":[{"@type":"SearchAction","target":{"@type":"EntryPoint","urlTemplate":"https:\/\/sandzakpress.net\/arhiva\/?s={search_term_string}"},"query-input":{"@type":"PropertyValueSpecification","valueRequired":true,"valueName":"search_term_string"}}],"inLanguage":"bs-BA"},{"@type":["Person","Organization"],"@id":"https:\/\/sandzakpress.net\/arhiva\/#\/schema\/person\/6e72b67d6e51910a1117b3b483ba20bd","name":"Kul","image":{"@type":"ImageObject","inLanguage":"bs-BA","@id":"https:\/\/sandzakpress.net\/arhiva\/#\/schema\/person\/image\/","url":"https:\/\/secure.gravatar.com\/avatar\/42263f39aa27ac04c43cab85c280eb2e?s=96&d=mm&r=pg","contentUrl":"https:\/\/secure.gravatar.com\/avatar\/42263f39aa27ac04c43cab85c280eb2e?s=96&d=mm&r=pg","caption":"Kul"},"logo":{"@id":"https:\/\/sandzakpress.net\/arhiva\/#\/schema\/person\/image\/"}},{"@type":"Person","@id":"https:\/\/sandzakpress.net\/arhiva\/#\/schema\/person\/cb59d7e3ab91ab90dd680ad0305a6185","name":"Agencija","image":{"@type":"ImageObject","inLanguage":"bs-BA","@id":"https:\/\/sandzakpress.net\/arhiva\/#\/schema\/person\/image\/","url":"https:\/\/secure.gravatar.com\/avatar\/4b7fafa80a22f0c2afe23966b3961fe0?s=96&d=mm&r=pg","contentUrl":"https:\/\/secure.gravatar.com\/avatar\/4b7fafa80a22f0c2afe23966b3961fe0?s=96&d=mm&r=pg","caption":"Agencija"},"url":"https:\/\/sandzakpress.net\/arhiva\/author\/agencija\/"}]}},"_links":{"self":[{"href":"https:\/\/sandzakpress.net\/arhiva\/wp-json\/wp\/v2\/posts\/124685"}],"collection":[{"href":"https:\/\/sandzakpress.net\/arhiva\/wp-json\/wp\/v2\/posts"}],"about":[{"href":"https:\/\/sandzakpress.net\/arhiva\/wp-json\/wp\/v2\/types\/post"}],"author":[{"embeddable":true,"href":"https:\/\/sandzakpress.net\/arhiva\/wp-json\/wp\/v2\/users\/509"}],"replies":[{"embeddable":true,"href":"https:\/\/sandzakpress.net\/arhiva\/wp-json\/wp\/v2\/comments?post=124685"}],"version-history":[{"count":0,"href":"https:\/\/sandzakpress.net\/arhiva\/wp-json\/wp\/v2\/posts\/124685\/revisions"}],"wp:featuredmedia":[{"embeddable":true,"href":"https:\/\/sandzakpress.net\/arhiva\/wp-json\/wp\/v2\/media\/124686"}],"wp:attachment":[{"href":"https:\/\/sandzakpress.net\/arhiva\/wp-json\/wp\/v2\/media?parent=124685"}],"wp:term":[{"taxonomy":"category","embeddable":true,"href":"https:\/\/sandzakpress.net\/arhiva\/wp-json\/wp\/v2\/categories?post=124685"},{"taxonomy":"post_tag","embeddable":true,"href":"https:\/\/sandzakpress.net\/arhiva\/wp-json\/wp\/v2\/tags?post=124685"}],"curies":[{"name":"wp","href":"https:\/\/api.w.org\/{rel}","templated":true}]}}