{"id":124587,"date":"2015-03-12T17:41:24","date_gmt":"2015-03-12T16:41:24","guid":{"rendered":"https:\/\/sandzakpress.net\/arhiva\/?p=124587"},"modified":"2015-03-12T17:41:24","modified_gmt":"2015-03-12T16:41:24","slug":"prvi-susret-grabar-kitarovic-i-milanovica","status":"publish","type":"post","link":"https:\/\/sandzakpress.net\/arhiva\/prvi-susret-grabar-kitarovic-i-milanovica\/","title":{"rendered":"Prvi susret Grabar-Kitarovi\u0107 i Milanovi\u0107a"},"content":{"rendered":"<p><img loading=\"lazy\" decoding=\"async\" class=\"\" src=\"http:\/\/balkans.aljazeera.net\/sites\/staff.balkans.aljazeera.com\/files\/styles\/aljazeera_article_main_image\/public\/kitarovic_leko_pixsell_main.jpg?itok=0xeJTUJp\" alt=\"Kolinda Grabar-Kitarovi\u0107, Josip Leko\" width=\"599\" height=\"399\" \/><\/p>\n<p><strong>Hrvatska &#8211; Hrvatska predsjednica i premijer potvrdno odgovorili na novinarsko pitanje o ispru\u017eenoj ruci saradnje.<\/strong><\/p>\n<p>Hrvatska predsjednica Kolinda Grabar-Kitarovi\u0107 i premijer\u00a0Zoran Milanovi\u0107 u \u010detvrtak\u00a0su izrazili zadovoljstvo sjednicom Vije\u0107a za nacionalnu\u00a0sigurnost, prvom u ovoj godini, na kojoj su usvojene smjernice za rad sigurnosno-obavje\u0161tajnih\u00a0agencija u 2015. godini, a Vlada dobila zadatak da pripremi Strategiju nacionalne sigurnosti\u00a02015 &#8211; 2024.<\/p>\n<p>&#8220;Atmosfera je bila dobra. Bila je to atmosfera suradnje&#8221;, odgovorila je novinarima hrvatska predsjednica na pitanje kako je protekao sastanak. Dodala je da je zadovoljna onim \u0161to je re\u010deno na sjednici.<\/p>\n<p>Razgovor s premijerom, kazala je na pitanje novinara, &#8220;protekao je vrlo dobro o temama nacionalne\u00a0sigurnosti&#8221;.<\/p>\n<p>Upitana zna\u010di li dana\u0161nji sastanak i pomak ka boljoj suradnji nje i premijera, Grabar-Kitarovi\u0107 je\u00a0odgovorila pozitivno.<\/p>\n<p>&#8220;\u0160to se mene ti\u010de jest. Nadam se, jer moja ruka za suradnju je i dalje ispru\u017eena. Za tu suradnju stojim\u00a0na raspolaganju i nadam se da \u0107emo krenuti dalje u pozitivnom tonu&#8221;, rekla je.<\/p>\n<p>Milanovi\u0107 je potvrdno odgovorio na pitanje je li &#8220;ispru\u017eena ruka Vlade prema predsjednici Grabar-Kitarovi\u0107&#8221;\u00a0te istaknuo da Vlada vodi vanjsku i unutarnju politiku i u tim pitanjima ima najve\u0107u\u00a0odgovornost.<\/p>\n<p>Zalo\u017eio se za daljnju suradnju s predsjednicom Republike, ali i ponovio da Vlada na kraju snosi\u00a0najve\u0107u odgovornost, &#8220;dok predsjednica Grabar-Kitarovi\u0107 tu mo\u017ee pomo\u0107i&#8221;.<\/p>\n<p>Vezano uz odr\u017eavanje sjednice Vlade na temu gospodarskog stanja u zemlji, koju je od premijera\u00a0zatra\u017eila odmah po stupanju na du\u017enost, Grabar-Kitarovi\u0107 je danas kazala kako jo\u0161 \u010deka Milanovi\u0107ev\u00a0odgovor.<\/p>\n<p>&#8220;To ovisi o premijeru i pitanje je za njega&#8221;, rekla je.<\/p>\n<p>Milanovi\u0107 je, pak, ponovio da i dalje stoji njegov prijedlog predsjednici Republike da do\u0111e na bilo koju\u00a0sjednicu Vlade.<\/p>\n<p>&#8220;Moramo biti konkretni, s konkretnim prijedlozima i prora\u010dunskim u\u010dincima jer su to veoma ozbiljne stvari.\u00a0Za ozbiljan razgovor sam otvoren, s predsjednicom Grabar-Kitarovi\u0107 prije svih ostalih, ali i svim\u00a0drugima. Volio bih da u Saboru imamo aktivnu i konstruktivnu oporbu koja \u0107e predlagati ideje, a toga, na\u017ealost, nema&#8221;, kazao je Milanovi\u0107.<\/p>\n<p>Po\u010detak sjednice VNS-a novinari nisu mogli snimati, a Grabar-Kitarovi\u0107 je rekla da je osobno bila za\u00a0to, a premijer Milanovi\u0107 kako on o tome nije odlu\u010divao.<\/p>\n<p><strong>Prvi susret nakon \u017eustre polemike<\/strong><\/p>\n<p>Sjednica Vije\u0107a za nacionalnu sigurnost, odr\u017eana u Hrvatskom saboru, prvi je susret\u00a0Kolinde Grabar-Kitarovi\u0107 i Zorana Milanovi\u0107a nakon \u017eustre prepiske ranijih sedmica.\u00a0<\/p>\n<p>Pro\u0161log mjeseca, prvog radnog dana, predsjednica Grabar-Kitarovi\u0107 je nazvala Milanovi\u0107a te ga pozvala na Pantov\u010dak, a on je njoj uzvratio protupozivom na sjednicu Vlade. Nakon toga je po\u010dela prepiska izme\u0111u njih dvoje.<\/p>\n<p>Hrvatska predsjednica predlo\u017eila je potom Milanovi\u0107u da podnese ostavku.<\/p>\n<p>To je navedeno u saop\u0107enju Ureda predsjednice nakon prepiske s Milanovi\u0107em, u kojoj je prvo Grabar-Kitarovi\u0107 predlo\u017eila zajedni\u010dku sjednicu Vlade zbog &#8220;te\u0161kog ekonomskog i socijalnog stanja u dr\u017eavi&#8221;.<\/p>\n<p>Milanovi\u0107 je hrvatskoj predsjednici pisao da na\u010delno pozdravlja takvu sjednicu, ali ju je pozvao da &#8220;pripremi konkretne prijedloge, na\u010din provedbe i procjenu financijskih u\u010dinaka tih prijedloga&#8221;.<\/p>\n<p>&#8220;U vezi s pozivom predsjednika Vlade, predsjednica je, nakon temeljitih analiza i obavljenih konzultacija s gospodarskim stru\u010dnjacima, do\u0161la do zaklju\u010dka kako je najkonkretniji prijedlog za izlazak Hrvatske iz krize ostavka premijera&#8221;, pisalo je u saop\u0107enju Ureda predsjednice.<\/p>\n<p>Predsjednik Hrvatskog sabora Josip Leko je pismo, kojim je predsjednica zatra\u017eila ostavku premijera, nazvao &#8220;strana\u010dki sebi\u010dnim&#8221;.<\/p>\n<p>&#8220;Ovo nije analiza stanja, nego politi\u010dki refleks. To ne rje\u0161ava problem, \u010dini mi se da je to prije &#8216;tko \u0107e kome zakucati&#8217;, a ne kako rije\u0161iti problem&#8221;, komentirao je Leko.<\/p>\n<p>Grabar-Kitarovi\u0107 je, izme\u0111u ostalog, Milanovi\u0107u zamjerila \u0161to joj nije \u010destitato na izbornoj pobjedi.<\/p>\n<p><em>(Al Jazeera i agencije)<\/em><\/p>\n","protected":false},"excerpt":{"rendered":"<p>Hrvatska &#8211; Hrvatska predsjednica i premijer potvrdno odgovorili na novinarsko pitanje o ispru\u017eenoj ruci saradnje. Hrvatska predsjednica Kolinda Grabar-Kitarovi\u0107 i premijer\u00a0Zoran Milanovi\u0107 u \u010detvrtak\u00a0su izrazili zadovoljstvo sjednicom Vije\u0107a za nacionalnu\u00a0sigurnost, prvom u ovoj godini, na kojoj su usvojene smjernice za rad sigurnosno-obavje\u0161tajnih\u00a0agencija u 2015. godini, a Vlada dobila zadatak da pripremi Strategiju nacionalne sigurnosti\u00a02015 &#8211; [&hellip;]<\/p>\n","protected":false},"author":509,"featured_media":124588,"comment_status":"open","ping_status":"open","sticky":false,"template":"","format":"standard","meta":{"footnotes":""},"categories":[1,10306,798],"tags":[],"class_list":{"0":"post-124587","1":"post","2":"type-post","3":"status-publish","4":"format-standard","5":"has-post-thumbnail","7":"category-politika","8":"category-hrvatska","9":"category-teme"},"yoast_head":"<!-- This site is optimized with the Yoast SEO Premium plugin v23.1 (Yoast SEO v24.9) - https:\/\/yoast.com\/wordpress\/plugins\/seo\/ -->\n<title>Prvi susret Grabar-Kitarovi\u0107 i Milanovi\u0107a<\/title>\n<meta name=\"robots\" content=\"index, follow, max-snippet:-1, max-image-preview:large, max-video-preview:-1\" \/>\n<link rel=\"canonical\" href=\"https:\/\/sandzakpress.net\/arhiva\/prvi-susret-grabar-kitarovic-i-milanovica\/\" \/>\n<meta property=\"og:locale\" content=\"bs_BA\" \/>\n<meta property=\"og:type\" content=\"article\" \/>\n<meta property=\"og:title\" content=\"Prvi susret Grabar-Kitarovi\u0107 i Milanovi\u0107a\" \/>\n<meta property=\"og:description\" content=\"Hrvatska &#8211; Hrvatska predsjednica i premijer potvrdno odgovorili na novinarsko pitanje o ispru\u017eenoj ruci saradnje. Hrvatska predsjednica Kolinda Grabar-Kitarovi\u0107 i premijer\u00a0Zoran Milanovi\u0107 u \u010detvrtak\u00a0su izrazili zadovoljstvo sjednicom Vije\u0107a za nacionalnu\u00a0sigurnost, prvom u ovoj godini, na kojoj su usvojene smjernice za rad sigurnosno-obavje\u0161tajnih\u00a0agencija u 2015. godini, a Vlada dobila zadatak da pripremi Strategiju nacionalne sigurnosti\u00a02015 &#8211; [&hellip;]\" \/>\n<meta property=\"og:url\" content=\"https:\/\/sandzakpress.net\/arhiva\/prvi-susret-grabar-kitarovic-i-milanovica\/\" \/>\n<meta property=\"og:site_name\" content=\"Sand\u017eak PRESS\" \/>\n<meta property=\"article:published_time\" content=\"2015-03-12T16:41:24+00:00\" \/>\n<meta property=\"og:image\" content=\"https:\/\/sandzakpress.net\/arhiva\/wp-content\/uploads\/2015\/03\/kitarovic_leko_pixsell_main.jpg\" \/>\n\t<meta property=\"og:image:width\" content=\"900\" \/>\n\t<meta property=\"og:image:height\" content=\"600\" \/>\n\t<meta property=\"og:image:type\" content=\"image\/jpeg\" \/>\n<meta name=\"author\" content=\"Agencija\" \/>\n<meta name=\"twitter:card\" content=\"summary_large_image\" \/>\n<meta name=\"twitter:label1\" content=\"Written by\" \/>\n\t<meta name=\"twitter:data1\" content=\"Agencija\" \/>\n\t<meta name=\"twitter:label2\" content=\"Est. reading time\" \/>\n\t<meta name=\"twitter:data2\" content=\"3 minute\" \/>\n<script type=\"application\/ld+json\" class=\"yoast-schema-graph\">{\"@context\":\"https:\/\/schema.org\",\"@graph\":[{\"@type\":\"Article\",\"@id\":\"https:\/\/sandzakpress.net\/arhiva\/prvi-susret-grabar-kitarovic-i-milanovica\/#article\",\"isPartOf\":{\"@id\":\"https:\/\/sandzakpress.net\/arhiva\/prvi-susret-grabar-kitarovic-i-milanovica\/\"},\"author\":{\"name\":\"Agencija\",\"@id\":\"https:\/\/sandzakpress.net\/arhiva\/#\/schema\/person\/cb59d7e3ab91ab90dd680ad0305a6185\"},\"headline\":\"Prvi susret Grabar-Kitarovi\u0107 i Milanovi\u0107a\",\"datePublished\":\"2015-03-12T16:41:24+00:00\",\"mainEntityOfPage\":{\"@id\":\"https:\/\/sandzakpress.net\/arhiva\/prvi-susret-grabar-kitarovic-i-milanovica\/\"},\"wordCount\":630,\"commentCount\":0,\"publisher\":{\"@id\":\"https:\/\/sandzakpress.net\/arhiva\/#\/schema\/person\/6e72b67d6e51910a1117b3b483ba20bd\"},\"image\":{\"@id\":\"https:\/\/sandzakpress.net\/arhiva\/prvi-susret-grabar-kitarovic-i-milanovica\/#primaryimage\"},\"thumbnailUrl\":\"https:\/\/sandzakpress.net\/arhiva\/wp-content\/uploads\/2015\/03\/kitarovic_leko_pixsell_main.jpg\",\"articleSection\":[\"Politika\",\"Hrvatska\",\"NAJNOVIJE\"],\"inLanguage\":\"bs-BA\",\"potentialAction\":[{\"@type\":\"CommentAction\",\"name\":\"Comment\",\"target\":[\"https:\/\/sandzakpress.net\/arhiva\/prvi-susret-grabar-kitarovic-i-milanovica\/#respond\"]}]},{\"@type\":\"WebPage\",\"@id\":\"https:\/\/sandzakpress.net\/arhiva\/prvi-susret-grabar-kitarovic-i-milanovica\/\",\"url\":\"https:\/\/sandzakpress.net\/arhiva\/prvi-susret-grabar-kitarovic-i-milanovica\/\",\"name\":\"Prvi susret Grabar-Kitarovi\u0107 i Milanovi\u0107a\",\"isPartOf\":{\"@id\":\"https:\/\/sandzakpress.net\/arhiva\/#website\"},\"primaryImageOfPage\":{\"@id\":\"https:\/\/sandzakpress.net\/arhiva\/prvi-susret-grabar-kitarovic-i-milanovica\/#primaryimage\"},\"image\":{\"@id\":\"https:\/\/sandzakpress.net\/arhiva\/prvi-susret-grabar-kitarovic-i-milanovica\/#primaryimage\"},\"thumbnailUrl\":\"https:\/\/sandzakpress.net\/arhiva\/wp-content\/uploads\/2015\/03\/kitarovic_leko_pixsell_main.jpg\",\"datePublished\":\"2015-03-12T16:41:24+00:00\",\"breadcrumb\":{\"@id\":\"https:\/\/sandzakpress.net\/arhiva\/prvi-susret-grabar-kitarovic-i-milanovica\/#breadcrumb\"},\"inLanguage\":\"bs-BA\",\"potentialAction\":[{\"@type\":\"ReadAction\",\"target\":[\"https:\/\/sandzakpress.net\/arhiva\/prvi-susret-grabar-kitarovic-i-milanovica\/\"]}]},{\"@type\":\"ImageObject\",\"inLanguage\":\"bs-BA\",\"@id\":\"https:\/\/sandzakpress.net\/arhiva\/prvi-susret-grabar-kitarovic-i-milanovica\/#primaryimage\",\"url\":\"https:\/\/sandzakpress.net\/arhiva\/wp-content\/uploads\/2015\/03\/kitarovic_leko_pixsell_main.jpg\",\"contentUrl\":\"https:\/\/sandzakpress.net\/arhiva\/wp-content\/uploads\/2015\/03\/kitarovic_leko_pixsell_main.jpg\",\"width\":900,\"height\":600},{\"@type\":\"BreadcrumbList\",\"@id\":\"https:\/\/sandzakpress.net\/arhiva\/prvi-susret-grabar-kitarovic-i-milanovica\/#breadcrumb\",\"itemListElement\":[{\"@type\":\"ListItem\",\"position\":1,\"name\":\"Home\",\"item\":\"https:\/\/sandzakpress.net\/arhiva\/\"},{\"@type\":\"ListItem\",\"position\":2,\"name\":\"Prvi susret Grabar-Kitarovi\u0107 i Milanovi\u0107a\"}]},{\"@type\":\"WebSite\",\"@id\":\"https:\/\/sandzakpress.net\/arhiva\/#website\",\"url\":\"https:\/\/sandzakpress.net\/arhiva\/\",\"name\":\"Sand\u017eak PRESS\",\"description\":\"Prve elektronske novine u Sand\u017eaku\",\"publisher\":{\"@id\":\"https:\/\/sandzakpress.net\/arhiva\/#\/schema\/person\/6e72b67d6e51910a1117b3b483ba20bd\"},\"potentialAction\":[{\"@type\":\"SearchAction\",\"target\":{\"@type\":\"EntryPoint\",\"urlTemplate\":\"https:\/\/sandzakpress.net\/arhiva\/?s={search_term_string}\"},\"query-input\":{\"@type\":\"PropertyValueSpecification\",\"valueRequired\":true,\"valueName\":\"search_term_string\"}}],\"inLanguage\":\"bs-BA\"},{\"@type\":[\"Person\",\"Organization\"],\"@id\":\"https:\/\/sandzakpress.net\/arhiva\/#\/schema\/person\/6e72b67d6e51910a1117b3b483ba20bd\",\"name\":\"Kul\",\"image\":{\"@type\":\"ImageObject\",\"inLanguage\":\"bs-BA\",\"@id\":\"https:\/\/sandzakpress.net\/arhiva\/#\/schema\/person\/image\/\",\"url\":\"https:\/\/secure.gravatar.com\/avatar\/42263f39aa27ac04c43cab85c280eb2e?s=96&d=mm&r=pg\",\"contentUrl\":\"https:\/\/secure.gravatar.com\/avatar\/42263f39aa27ac04c43cab85c280eb2e?s=96&d=mm&r=pg\",\"caption\":\"Kul\"},\"logo\":{\"@id\":\"https:\/\/sandzakpress.net\/arhiva\/#\/schema\/person\/image\/\"}},{\"@type\":\"Person\",\"@id\":\"https:\/\/sandzakpress.net\/arhiva\/#\/schema\/person\/cb59d7e3ab91ab90dd680ad0305a6185\",\"name\":\"Agencija\",\"image\":{\"@type\":\"ImageObject\",\"inLanguage\":\"bs-BA\",\"@id\":\"https:\/\/sandzakpress.net\/arhiva\/#\/schema\/person\/image\/\",\"url\":\"https:\/\/secure.gravatar.com\/avatar\/4b7fafa80a22f0c2afe23966b3961fe0?s=96&d=mm&r=pg\",\"contentUrl\":\"https:\/\/secure.gravatar.com\/avatar\/4b7fafa80a22f0c2afe23966b3961fe0?s=96&d=mm&r=pg\",\"caption\":\"Agencija\"},\"url\":\"https:\/\/sandzakpress.net\/arhiva\/author\/agencija\/\"}]}<\/script>\n<!-- \/ Yoast SEO Premium plugin. -->","yoast_head_json":{"title":"Prvi susret Grabar-Kitarovi\u0107 i Milanovi\u0107a","robots":{"index":"index","follow":"follow","max-snippet":"max-snippet:-1","max-image-preview":"max-image-preview:large","max-video-preview":"max-video-preview:-1"},"canonical":"https:\/\/sandzakpress.net\/arhiva\/prvi-susret-grabar-kitarovic-i-milanovica\/","og_locale":"bs_BA","og_type":"article","og_title":"Prvi susret Grabar-Kitarovi\u0107 i Milanovi\u0107a","og_description":"Hrvatska &#8211; Hrvatska predsjednica i premijer potvrdno odgovorili na novinarsko pitanje o ispru\u017eenoj ruci saradnje. Hrvatska predsjednica Kolinda Grabar-Kitarovi\u0107 i premijer\u00a0Zoran Milanovi\u0107 u \u010detvrtak\u00a0su izrazili zadovoljstvo sjednicom Vije\u0107a za nacionalnu\u00a0sigurnost, prvom u ovoj godini, na kojoj su usvojene smjernice za rad sigurnosno-obavje\u0161tajnih\u00a0agencija u 2015. godini, a Vlada dobila zadatak da pripremi Strategiju nacionalne sigurnosti\u00a02015 &#8211; [&hellip;]","og_url":"https:\/\/sandzakpress.net\/arhiva\/prvi-susret-grabar-kitarovic-i-milanovica\/","og_site_name":"Sand\u017eak PRESS","article_published_time":"2015-03-12T16:41:24+00:00","og_image":[{"width":900,"height":600,"url":"https:\/\/sandzakpress.net\/arhiva\/wp-content\/uploads\/2015\/03\/kitarovic_leko_pixsell_main.jpg","type":"image\/jpeg"}],"author":"Agencija","twitter_card":"summary_large_image","twitter_misc":{"Written by":"Agencija","Est. reading time":"3 minute"},"schema":{"@context":"https:\/\/schema.org","@graph":[{"@type":"Article","@id":"https:\/\/sandzakpress.net\/arhiva\/prvi-susret-grabar-kitarovic-i-milanovica\/#article","isPartOf":{"@id":"https:\/\/sandzakpress.net\/arhiva\/prvi-susret-grabar-kitarovic-i-milanovica\/"},"author":{"name":"Agencija","@id":"https:\/\/sandzakpress.net\/arhiva\/#\/schema\/person\/cb59d7e3ab91ab90dd680ad0305a6185"},"headline":"Prvi susret Grabar-Kitarovi\u0107 i Milanovi\u0107a","datePublished":"2015-03-12T16:41:24+00:00","mainEntityOfPage":{"@id":"https:\/\/sandzakpress.net\/arhiva\/prvi-susret-grabar-kitarovic-i-milanovica\/"},"wordCount":630,"commentCount":0,"publisher":{"@id":"https:\/\/sandzakpress.net\/arhiva\/#\/schema\/person\/6e72b67d6e51910a1117b3b483ba20bd"},"image":{"@id":"https:\/\/sandzakpress.net\/arhiva\/prvi-susret-grabar-kitarovic-i-milanovica\/#primaryimage"},"thumbnailUrl":"https:\/\/sandzakpress.net\/arhiva\/wp-content\/uploads\/2015\/03\/kitarovic_leko_pixsell_main.jpg","articleSection":["Politika","Hrvatska","NAJNOVIJE"],"inLanguage":"bs-BA","potentialAction":[{"@type":"CommentAction","name":"Comment","target":["https:\/\/sandzakpress.net\/arhiva\/prvi-susret-grabar-kitarovic-i-milanovica\/#respond"]}]},{"@type":"WebPage","@id":"https:\/\/sandzakpress.net\/arhiva\/prvi-susret-grabar-kitarovic-i-milanovica\/","url":"https:\/\/sandzakpress.net\/arhiva\/prvi-susret-grabar-kitarovic-i-milanovica\/","name":"Prvi susret Grabar-Kitarovi\u0107 i Milanovi\u0107a","isPartOf":{"@id":"https:\/\/sandzakpress.net\/arhiva\/#website"},"primaryImageOfPage":{"@id":"https:\/\/sandzakpress.net\/arhiva\/prvi-susret-grabar-kitarovic-i-milanovica\/#primaryimage"},"image":{"@id":"https:\/\/sandzakpress.net\/arhiva\/prvi-susret-grabar-kitarovic-i-milanovica\/#primaryimage"},"thumbnailUrl":"https:\/\/sandzakpress.net\/arhiva\/wp-content\/uploads\/2015\/03\/kitarovic_leko_pixsell_main.jpg","datePublished":"2015-03-12T16:41:24+00:00","breadcrumb":{"@id":"https:\/\/sandzakpress.net\/arhiva\/prvi-susret-grabar-kitarovic-i-milanovica\/#breadcrumb"},"inLanguage":"bs-BA","potentialAction":[{"@type":"ReadAction","target":["https:\/\/sandzakpress.net\/arhiva\/prvi-susret-grabar-kitarovic-i-milanovica\/"]}]},{"@type":"ImageObject","inLanguage":"bs-BA","@id":"https:\/\/sandzakpress.net\/arhiva\/prvi-susret-grabar-kitarovic-i-milanovica\/#primaryimage","url":"https:\/\/sandzakpress.net\/arhiva\/wp-content\/uploads\/2015\/03\/kitarovic_leko_pixsell_main.jpg","contentUrl":"https:\/\/sandzakpress.net\/arhiva\/wp-content\/uploads\/2015\/03\/kitarovic_leko_pixsell_main.jpg","width":900,"height":600},{"@type":"BreadcrumbList","@id":"https:\/\/sandzakpress.net\/arhiva\/prvi-susret-grabar-kitarovic-i-milanovica\/#breadcrumb","itemListElement":[{"@type":"ListItem","position":1,"name":"Home","item":"https:\/\/sandzakpress.net\/arhiva\/"},{"@type":"ListItem","position":2,"name":"Prvi susret Grabar-Kitarovi\u0107 i Milanovi\u0107a"}]},{"@type":"WebSite","@id":"https:\/\/sandzakpress.net\/arhiva\/#website","url":"https:\/\/sandzakpress.net\/arhiva\/","name":"Sand\u017eak PRESS","description":"Prve elektronske novine u Sand\u017eaku","publisher":{"@id":"https:\/\/sandzakpress.net\/arhiva\/#\/schema\/person\/6e72b67d6e51910a1117b3b483ba20bd"},"potentialAction":[{"@type":"SearchAction","target":{"@type":"EntryPoint","urlTemplate":"https:\/\/sandzakpress.net\/arhiva\/?s={search_term_string}"},"query-input":{"@type":"PropertyValueSpecification","valueRequired":true,"valueName":"search_term_string"}}],"inLanguage":"bs-BA"},{"@type":["Person","Organization"],"@id":"https:\/\/sandzakpress.net\/arhiva\/#\/schema\/person\/6e72b67d6e51910a1117b3b483ba20bd","name":"Kul","image":{"@type":"ImageObject","inLanguage":"bs-BA","@id":"https:\/\/sandzakpress.net\/arhiva\/#\/schema\/person\/image\/","url":"https:\/\/secure.gravatar.com\/avatar\/42263f39aa27ac04c43cab85c280eb2e?s=96&d=mm&r=pg","contentUrl":"https:\/\/secure.gravatar.com\/avatar\/42263f39aa27ac04c43cab85c280eb2e?s=96&d=mm&r=pg","caption":"Kul"},"logo":{"@id":"https:\/\/sandzakpress.net\/arhiva\/#\/schema\/person\/image\/"}},{"@type":"Person","@id":"https:\/\/sandzakpress.net\/arhiva\/#\/schema\/person\/cb59d7e3ab91ab90dd680ad0305a6185","name":"Agencija","image":{"@type":"ImageObject","inLanguage":"bs-BA","@id":"https:\/\/sandzakpress.net\/arhiva\/#\/schema\/person\/image\/","url":"https:\/\/secure.gravatar.com\/avatar\/4b7fafa80a22f0c2afe23966b3961fe0?s=96&d=mm&r=pg","contentUrl":"https:\/\/secure.gravatar.com\/avatar\/4b7fafa80a22f0c2afe23966b3961fe0?s=96&d=mm&r=pg","caption":"Agencija"},"url":"https:\/\/sandzakpress.net\/arhiva\/author\/agencija\/"}]}},"_links":{"self":[{"href":"https:\/\/sandzakpress.net\/arhiva\/wp-json\/wp\/v2\/posts\/124587"}],"collection":[{"href":"https:\/\/sandzakpress.net\/arhiva\/wp-json\/wp\/v2\/posts"}],"about":[{"href":"https:\/\/sandzakpress.net\/arhiva\/wp-json\/wp\/v2\/types\/post"}],"author":[{"embeddable":true,"href":"https:\/\/sandzakpress.net\/arhiva\/wp-json\/wp\/v2\/users\/509"}],"replies":[{"embeddable":true,"href":"https:\/\/sandzakpress.net\/arhiva\/wp-json\/wp\/v2\/comments?post=124587"}],"version-history":[{"count":0,"href":"https:\/\/sandzakpress.net\/arhiva\/wp-json\/wp\/v2\/posts\/124587\/revisions"}],"wp:featuredmedia":[{"embeddable":true,"href":"https:\/\/sandzakpress.net\/arhiva\/wp-json\/wp\/v2\/media\/124588"}],"wp:attachment":[{"href":"https:\/\/sandzakpress.net\/arhiva\/wp-json\/wp\/v2\/media?parent=124587"}],"wp:term":[{"taxonomy":"category","embeddable":true,"href":"https:\/\/sandzakpress.net\/arhiva\/wp-json\/wp\/v2\/categories?post=124587"},{"taxonomy":"post_tag","embeddable":true,"href":"https:\/\/sandzakpress.net\/arhiva\/wp-json\/wp\/v2\/tags?post=124587"}],"curies":[{"name":"wp","href":"https:\/\/api.w.org\/{rel}","templated":true}]}}