{"id":124568,"date":"2015-03-12T14:34:00","date_gmt":"2015-03-12T13:34:00","guid":{"rendered":"https:\/\/sandzakpress.net\/arhiva\/?p=124568"},"modified":"2015-03-12T14:34:00","modified_gmt":"2015-03-12T13:34:01","slug":"treba-li-nam-se-desiti-sudan-pa-da-shvatimo-ozbiljnost-sijskih-prozelitistickih-namjera-u-bih","status":"publish","type":"post","link":"https:\/\/sandzakpress.net\/arhiva\/treba-li-nam-se-desiti-sudan-pa-da-shvatimo-ozbiljnost-sijskih-prozelitistickih-namjera-u-bih\/","title":{"rendered":"Treba li nam se desiti \u201eSudan\u201c, pa da shvatimo ozbiljnost \u0161ijskih prozelitisti\u010dkih namjera u BiH?"},"content":{"rendered":"<p><img loading=\"lazy\" decoding=\"async\" class=\"aligncenter size-full wp-image-124569\" src=\"https:\/\/sandzakpress.net\/arhiva\/wp-content\/uploads\/2015\/03\/10422175_976878939003674_5120035318890658314_n-650x433.jpg\" alt=\"10422175_976878939003674_5120035318890658314_n-650x433\" width=\"600\" height=\"399\" \/>Islamska zajednica u Bosni i Hercegovini, u posljednjih nekoliko godina, ulo\u017eila je poseban napor na institucionalnom i vjerskom ujedinjenju Bo\u0161njaka, potpuno svjesna da bi svaki, i najmanji raskol i podjela unutar bo\u0161nja\u010dkog vjerni\u010dkog korpusa, mogla imati nesagledive posljedice, kako po Bo\u0161njake, tako po njihovu dr\u017eavu Bosnu i Hercegovinu.<\/p>\n<p>Ako je suditi po aktuelnoj, poprili\u010dno stabilnoj situaciji u ve\u0107ini na\u0161ih d\u017eemata, iz kojih nam sve rije\u0111e dolaze vijesti o me\u0111uvjerni\u010dkim nesuglasicama i sva\u0111ama, Islamska zajednica je uspjela u ovoj svojoj misiji. Posebno je va\u017eno \u0161to u tom procesu, iako se to mo\u017eda, u njegovim pojedinim etapama, tako \u010dinilo, IZ i njeni organi, ni\u010dim nisu povrijedili pravo pojedinca na slobodu mi\u0161ljenja i uvjerenja, unutar priznatih islamskih, pravnih i teolo\u0161kih, u\u010denja.<\/p>\n<p>Ohrabruje i to \u0161to je IZ pravovremeno i adekvatno reagovala na sve poku\u0161aje vje\u0161ta\u010dkog izazivanja sukoba u bo\u0161nja\u010dkim d\u017eematima u zemlji i dijaspori, i uspje\u0161no odbila mnogobrojne, zdru\u017eene, medijsko-politi\u010dko-obavje\u0161tajne, nasrtaje na njen autoritet i ugled, koji su imali za cilj destabilizaciju njenih unutra\u0161njih prilika i instaliranje nereda i haosa. Aktuelni rejsul-ulema mr. Husejn ef. Kavazovi\u0107, u jednom od svojih saop\u0107enja, naglasio je da IZ ne\u0107e tolerisati aktivnosti stranih organizacija koje <em>\u201epodsti\u010du sumnju u islamsku tradiciju Bo\u0161njaka i institucije Islamske zajednice\u201c<\/em> i da \u0107e ukoliko se nastavi ignorisanje njenih uputa u tom pravcu, IZ biti primorana <em>\u201eda \u00a0preispita nastavak i oblike saradnje sa svima koji ignoriraju bo\u0161nja\u010dku islamsku tradiciju i jedinstvo muslimana.\u201c\u00a0<\/em><\/p>\n<p>Kavazovi\u0107 se u svom saop\u0107enju dotakao i pozicije i uloge IZ u o\u010duvanju ehlisunnetske tradicije islama, istakav\u0161i <em>\u201eda Islamska zajednica razumije negodovanje mnogih muslimana i svojih \u010dlanova zbog pojave ovakvih djelatnosti, ali i dobro razumije svoju obavezu da \u010duva od rastakanja ehlisunnetsku tradicija islama i hanefijski mezheb, koji su i va\u017ee\u0107im Ustavom IZ za\u0161ti\u0107eni.\u201c <\/em>Iz svega navednog jasno je da unutar Islamske zajednice postoji \u010dvrsto opredjeljenje i spremnost da se u objektima i prostorima koji se nalaze pod njenom kontrolom i upravom, izbjegnu svi oblici me\u0111umuslimanskog konfrontiranja, kako na individualnom tako na kolektivnom planu, a sve u cilju ja\u010danja muslimanske zajednice i njenog promovisanja kao faktora stabilnosti, prosperiteta i napretka, a ne faktora destrukcije i haosa.<\/p>\n<p><img loading=\"lazy\" decoding=\"async\" class=\"wp-image-13698 alignleft\" src=\"http:\/\/saff.ba\/wp-content\/uploads\/2015\/03\/mulla-sadra.jpg\" alt=\"mulla sadra\" width=\"405\" height=\"490\" \/>Sasvim je drugo pitanje da li i koliko je IZ uspjela implementirati ovaj koncept na terenu, odnosno da li sve organizacije i udru\u017eenja koja rade na promociji Islama, podjednako, prihvataju autoritet IZ i njeno ekskluzivno pravo na upravljanje vjerskim poslovima u Bosni i Hercegovini i institucionalno tuma\u010denje vjerskih propisa, ili ipak ima onih koji to sve druga\u010dije razumijevaju i koji se u svom \u201eislamskom\u201c djelovanju i aktivizmu rukovode nekim drugim principima i idealima? Svakako je tu neizostavno pitanje djelovanja i rada stranih organizacija, a posebno onih sa \u0161ijskim predzankom, kao \u0161to su Fondacija Mulla Sadra i Iranski kulturni centar. Prate\u0107i rad spomenutih organizacija, u posljednjih nekoliko godina, primje\u0107ujemo da su ove organizacije, u relativno kratkom periodu, uspjele razviti \u0161iroku doma\u0107u prozelitisti\u010dku mre\u017eu, koja ima svoje pristalice i simpatizere u svim slojevima bosansko-hercegova\u010dkog dru\u0161tva, od intelektualaca i profesora do obi\u010dnih ljudi i d\u017eematlija. \u0160ijski d\u017eemat u Lje\u0161evu kod Ilija\u0161a, \u017eenska edukaciona organizacija Kewser, nau\u010dno istra\u017eiva\u010dki institut \u201eIbn Sina\u201c, fondacija\/izdava\u010dka ku\u0107a \u201e\u017divot\u201c (Ilija\u0161), samo su neki od ogranaka te mre\u017ee.<\/p>\n<p>Na fotografiji koju prila\u017eemo uz ovaj tekst mogu se vidjeti bo\u0161nja\u010dki mladi\u0107i i djevojke kako izvode performans na temu \u201eKerbela\u201c u skladu sa \u0161ijskim u\u010denjem, \u0161to je samo jedan od mnogobrojnih dokaza duboke infiltriranosti \u0161ijskog elementa u vjerski \u017eivot Bo\u0161njaka. Na oficijelnoj stranici fondacije Mulla Sadra mogu se na\u0107i mnogobrojni tekstovi koji daju \u0161ijski pogled na razli\u010dita akaidska i \u0161erijatskopravna pitanja, koji jasno proturije\u010di hanefijskom mezhebu i islamskoj tradciji Bo\u0161njaka, kao \u0161to su pitanja imameta, krivotvorenosti Kur\u2019ana, (ne)pravednosti ashaba,\u00a0 mut\u2018a braka i sl. Fondacija \u201e\u017divot\u201c iz Ilija\u0161a, prije tri godine, izdala je na bosankom jeziku knjigu \u201e<em>\u017divotopisi imama ehli-bejta<\/em>\u201c, iranskog autora Mehdija Pi\u0161vaja, koja obiluje la\u017eima, falsificiranjem islamske povijesti i vrije\u0111anje poslanikovih pravovjernih halifa. Tako se na na 44. Strani ove knjige, u poglavlju \u201cPrvi Imam \u2013 Ali ibn ebi Talib\u201d, navodi da je <em>\u201et<strong>re\u0107i halifa Osman, zbog nov\u010danih pronevjera, nedopu\u0161tenog i nezakonitog raspolaganja dr\u017eavnom blagajnom, povjeravanja odgovornih pozicija emevijskim slu\u017eebnicima, koji ih nisu bili dostojni, te naposlijetku, zbog udaljavanja iz svoje blizine muhad\u017eira i ensarija i prepu\u0161tanja sudbine islamskog ummeta u ruke emevija, navukao na sebe silnu srd\u017ebu naroda. Budu\u0107i da nije odgovorio na opravdana i zakonita protivljenja muslimana, do\u0161lo je do ustanka protiv vlasti koji je za posljedicu imao njegovo pogubljenje.\u201d<\/strong><\/em><strong> Na policama \u010car\u0161ijske d\u017eamiji u Tuzli, uz ehlisunetsku literaturu, mogu se na\u0107i i besplatna izdanja \u0161ijske Fondacija Mulla Sadra. A o kavim se izdanjima radi, najbolje nam govori sljede\u0107i citat: <\/strong><em>\u201eJedan od propisa aktuelnih u islamu jeste privremeni brak, koji ima svoju posebnu su\u0161tinu i narav. On ne smije biti kori\u0161ten zarad raspojasanosti i nelogi\u010dnih zadovoljenja strasti ili biti u\u010dinjen sredstvom kojim se razara porodi\u010dno gnijezdo. Na taj bi na\u010din ovo vrijedno i konstruktivno pravilo bilo pretvoreno u \u0161tetno i nemoralno. Ukoliko se pak ispo\u0161tuju dobrobiti i ukoliko se ispostave nu\u017enosti toga u mjeri potrebe i \u010duvanja svetosti vjerozakonika, mo\u017ee se imati vi\u0161e od jedne ili dvije privremene \u017eene. Trajanje ovog braka mo\u017ee biti od jednog sata pa do nekoliko godina. Svakako, \u017eena nakon isteka dogovorenog roka, ukoliko \u017eeli stupiti u brak s nekim drugim, mora obavezno \u010dekati iddet, koji je u ovom slu\u010daju kra\u0107i nego idet prilikom razvoda trajnog braka\u201d<\/em> (\u201eOdgovori na pitanja \u2013 izbor sa web stranice\u201d, Akbar Eydi). Fondacija Mulla Sadra ve\u0107 nekoliko godina, u saradnji sa Med\u017elisom IZ Tuzla, organizuje edukacijsko putovanje u Iran za tuzlanske imame. Kakvu to edukaciju bosanski imami mogu imati u \u201esrcu \u0161iizma\u201c, nije te\u0161ko odgonetnuti.<\/p>\n<p>&nbsp;<\/p>\n<p><img loading=\"lazy\" decoding=\"async\" class=\"alignnone wp-image-13700 \" src=\"http:\/\/saff.ba\/wp-content\/uploads\/2015\/03\/10708183_10204678665303581_773399534_n1.jpg\" alt=\"10708183_10204678665303581_773399534_n\" width=\"624\" height=\"124\" \/>Istina, IZ je u vi\u0161e navrata, \u0161to u direktnim razgovorima, \u0161to putem saop\u0107enja, pozvala Fondaciju Mulla Sadra da trenutno obustavi sve aktivnosti na \u0161irenju \u0161iizma me\u0111u Bo\u0161njacima (http:\/\/www.rijaset.ba\/index.php?option=com_content&amp;view=article&amp;id=18715:saopcenje-kabineta-reisu-l-uleme&amp;catid=203&amp;Itemid=457), ali ta upozorenja, koliko god ih u IZ smatrali ozbiljnim i dovoljnim, nisu urodila konkretnim rezultatima na terenu. \u0160ijske aktivnosti ne samo da nisu obustavljenje, nego su se inetnzivirale. Vjerovatno su \u0161ijski misionari u verbalnim upozorenjima, koja nisu bila popra\u0107ena konkretnim mjerama, vidjeli povoljnu priliku za dodatno ja\u010danje svojih misionarskih pozicija.<\/p>\n<p>Situcija sa \u0161ijskim misionarstvom u Bosni i Hercegovini uveliko podsje\u0107a na Sudan, u kojem su \u0161ije, blagonklon stav sudanskih vlasti prema \u201ebratskim\u201c iranskim organizacijama, iskoristile za masovno \u0161irenje \u0161iizma me\u0111u Sudancima. Kada su sudanske sunijske vlasti, nakon skoro jedne decenije, kona\u010dno postale svjesne ove \u201e\u0161ijske prevare\u201c, desetine hiljada Sudanaca ve\u0107 je bilo uhva\u0107eno u mre\u017eu \u0161iizma. Detaljnom istragom aktivnosti iranskih misionara, utvr\u0111eno je da su \u0161ije, u periodu od samo nekoliko godina, stvorile svoju pravu malu \u201eimperiju\u201c u Sudanu, koja je imala svoje obrazovne ustanove, institute, izdava\u010dke ku\u0107e, kulturne institucije, obdani\u0161ta, bolnice. Ono \u0161to je sudanskim vlastima u tom trenutku jedino preostalo, kako bi zaustavili dalje \u0161irenje ove po\u0161asti, a \u0161to su i u\u010dinili, jeste da se zabrani rad svim iranskim organizacijama i da se iranski misionari trajno protjeraju iz Sudana. \u0160teta je ve\u0107 bila u\u010dinjenja, i ona se nije mogla popraviti jednom odlukom!<\/p>\n<p>Trebamo li i mi \u010dekati da nam se desi \u201eSudan\u201c, pa da onda tek ne\u0161to konkretno uradimo? \u0160ta jo\u0161 trebaju \u0161ijski misionari uraditi u Bosni da shvatimo ozbiljnost njihovih prozelitisti\u010dkih namjera? Po\u010deti javno progla\u0161avati ehlisunnestke autoritete nevjernicima? Izvoditi javno svoje rituale \u201esamoka\u017enjavanja\u201c? Registrovat se na sudu kao posebna \u201evjerska zajednica\u201c i nakon toga tra\u017eiti svoja zakonska prava, d\u017eamije i obrazovne insitucije? Zapamtimo da na\u0161a dobronamjernost, iskrenost, susretljivost kod \u0161ijskih misionara, koji izme\u0111u ostalog nau\u010davaju da je pretvaranje (tukja) pred sunijama \u010din bogobojaznosti, samo ja\u010da \u017eelju da ustraju u svojim prljavim namjerama.<\/p>\n<p>Po\u0161tovani rejsul-ulema, po\u0161tovani direktore uprave za vjerska pitanja, po\u0161tovana bo\u0161nja\u010dka ulemo krajnje je vrijeme da se problemu \u0161iizma pristupi studiozno, ozbiljno i odgovorno. Za po\u010detak, \u00a0potrebno je oformiti posebnu komisiju od eksperata iz oblasti islamskog akaida i prava, \u010diji bi prevashodni zadatak bio da detaljno ispita djelovanje \u0161ijskog faktora me\u0111u Bo\u0161njacima, a zatim prema Rijasetu IZ uputi konkretne prijedloge za rje\u0161avanje ovog problema, sli\u010dno kako je to ura\u0111eno sa stranim organizacijama ehlisunetske orjentacije. Na kraju, svjesni ste da najve\u0107a odgovornost za pravovremeno i istinito informisanje d\u017eematlija o ovim pitanjima i njihovo pravilno edukovanje, u skladu sa principima ehlisunneta, pa i za \u0161irenje sekta\u0161kih u\u010denja me\u0111u Bo\u0161njacima, pada na va\u0161a ple\u0107a, a ja molim Uzvi\u0161enog Allaha, da vas pomogne u svakom hairli koraku kojeg napravite na tom putu. Amin!<\/p>\n<p>\u00a0Pi\u0161e: Mr. Semir Imamovi\u0107 &#8211; Saff.ba<\/p>\n<p>&nbsp;<\/p>\n","protected":false},"excerpt":{"rendered":"<p>Mr. Semir Imamovi\u0107<\/p>\n","protected":false},"author":83,"featured_media":124569,"comment_status":"open","ping_status":"open","sticky":false,"template":"","format":"standard","meta":{"footnotes":""},"categories":[10196],"tags":[],"class_list":{"0":"post-124568","1":"post","2":"type-post","3":"status-publish","4":"format-standard","5":"has-post-thumbnail","7":"category-iz-pera-nasih-autora"},"yoast_head":"<!-- This site is optimized with the Yoast SEO Premium plugin v23.1 (Yoast SEO v24.9) - https:\/\/yoast.com\/wordpress\/plugins\/seo\/ -->\n<title>Treba li nam se desiti \u201eSudan\u201c, pa da shvatimo ozbiljnost \u0161ijskih prozelitisti\u010dkih namjera u BiH?<\/title>\n<meta name=\"robots\" content=\"index, follow, max-snippet:-1, max-image-preview:large, max-video-preview:-1\" \/>\n<link rel=\"canonical\" href=\"https:\/\/sandzakpress.net\/arhiva\/treba-li-nam-se-desiti-sudan-pa-da-shvatimo-ozbiljnost-sijskih-prozelitistickih-namjera-u-bih\/\" \/>\n<meta property=\"og:locale\" content=\"bs_BA\" \/>\n<meta property=\"og:type\" content=\"article\" \/>\n<meta property=\"og:title\" content=\"Treba li nam se desiti \u201eSudan\u201c, pa da shvatimo ozbiljnost \u0161ijskih prozelitisti\u010dkih namjera u BiH?\" \/>\n<meta property=\"og:description\" content=\"Mr. Semir Imamovi\u0107\" \/>\n<meta property=\"og:url\" content=\"https:\/\/sandzakpress.net\/arhiva\/treba-li-nam-se-desiti-sudan-pa-da-shvatimo-ozbiljnost-sijskih-prozelitistickih-namjera-u-bih\/\" \/>\n<meta property=\"og:site_name\" content=\"Sand\u017eak PRESS\" \/>\n<meta property=\"article:published_time\" content=\"2015-03-12T13:34:00+00:00\" \/>\n<meta property=\"article:modified_time\" content=\"2015-03-12T13:34:01+00:00\" \/>\n<meta property=\"og:image\" content=\"https:\/\/sandzakpress.net\/arhiva\/wp-content\/uploads\/2015\/03\/10422175_976878939003674_5120035318890658314_n-650x433.jpg\" \/>\n\t<meta property=\"og:image:width\" content=\"600\" \/>\n\t<meta property=\"og:image:height\" content=\"399\" \/>\n\t<meta property=\"og:image:type\" content=\"image\/jpeg\" \/>\n<meta name=\"author\" content=\"bosniak\" \/>\n<meta name=\"twitter:card\" content=\"summary_large_image\" \/>\n<meta name=\"twitter:label1\" content=\"Written by\" \/>\n\t<meta name=\"twitter:data1\" content=\"bosniak\" \/>\n\t<meta name=\"twitter:label2\" content=\"Est. reading time\" \/>\n\t<meta name=\"twitter:data2\" content=\"8 minuta\" \/>\n<script type=\"application\/ld+json\" class=\"yoast-schema-graph\">{\"@context\":\"https:\/\/schema.org\",\"@graph\":[{\"@type\":\"Article\",\"@id\":\"https:\/\/sandzakpress.net\/arhiva\/treba-li-nam-se-desiti-sudan-pa-da-shvatimo-ozbiljnost-sijskih-prozelitistickih-namjera-u-bih\/#article\",\"isPartOf\":{\"@id\":\"https:\/\/sandzakpress.net\/arhiva\/treba-li-nam-se-desiti-sudan-pa-da-shvatimo-ozbiljnost-sijskih-prozelitistickih-namjera-u-bih\/\"},\"author\":{\"name\":\"bosniak\",\"@id\":\"https:\/\/sandzakpress.net\/arhiva\/#\/schema\/person\/c8baee722073534b583ea7bdb2e36c02\"},\"headline\":\"Treba li nam se desiti \u201eSudan\u201c, pa da shvatimo ozbiljnost \u0161ijskih prozelitisti\u010dkih namjera u BiH?\",\"datePublished\":\"2015-03-12T13:34:00+00:00\",\"dateModified\":\"2015-03-12T13:34:01+00:00\",\"mainEntityOfPage\":{\"@id\":\"https:\/\/sandzakpress.net\/arhiva\/treba-li-nam-se-desiti-sudan-pa-da-shvatimo-ozbiljnost-sijskih-prozelitistickih-namjera-u-bih\/\"},\"wordCount\":1557,\"commentCount\":12,\"publisher\":{\"@id\":\"https:\/\/sandzakpress.net\/arhiva\/#\/schema\/person\/6e72b67d6e51910a1117b3b483ba20bd\"},\"image\":{\"@id\":\"https:\/\/sandzakpress.net\/arhiva\/treba-li-nam-se-desiti-sudan-pa-da-shvatimo-ozbiljnost-sijskih-prozelitistickih-namjera-u-bih\/#primaryimage\"},\"thumbnailUrl\":\"https:\/\/sandzakpress.net\/arhiva\/wp-content\/uploads\/2015\/03\/10422175_976878939003674_5120035318890658314_n-650x433.jpg\",\"articleSection\":[\"Iz pera na\u0161ih autora\"],\"inLanguage\":\"bs-BA\",\"potentialAction\":[{\"@type\":\"CommentAction\",\"name\":\"Comment\",\"target\":[\"https:\/\/sandzakpress.net\/arhiva\/treba-li-nam-se-desiti-sudan-pa-da-shvatimo-ozbiljnost-sijskih-prozelitistickih-namjera-u-bih\/#respond\"]}]},{\"@type\":\"WebPage\",\"@id\":\"https:\/\/sandzakpress.net\/arhiva\/treba-li-nam-se-desiti-sudan-pa-da-shvatimo-ozbiljnost-sijskih-prozelitistickih-namjera-u-bih\/\",\"url\":\"https:\/\/sandzakpress.net\/arhiva\/treba-li-nam-se-desiti-sudan-pa-da-shvatimo-ozbiljnost-sijskih-prozelitistickih-namjera-u-bih\/\",\"name\":\"Treba li nam se desiti \u201eSudan\u201c, pa da shvatimo ozbiljnost \u0161ijskih prozelitisti\u010dkih namjera u BiH?\",\"isPartOf\":{\"@id\":\"https:\/\/sandzakpress.net\/arhiva\/#website\"},\"primaryImageOfPage\":{\"@id\":\"https:\/\/sandzakpress.net\/arhiva\/treba-li-nam-se-desiti-sudan-pa-da-shvatimo-ozbiljnost-sijskih-prozelitistickih-namjera-u-bih\/#primaryimage\"},\"image\":{\"@id\":\"https:\/\/sandzakpress.net\/arhiva\/treba-li-nam-se-desiti-sudan-pa-da-shvatimo-ozbiljnost-sijskih-prozelitistickih-namjera-u-bih\/#primaryimage\"},\"thumbnailUrl\":\"https:\/\/sandzakpress.net\/arhiva\/wp-content\/uploads\/2015\/03\/10422175_976878939003674_5120035318890658314_n-650x433.jpg\",\"datePublished\":\"2015-03-12T13:34:00+00:00\",\"dateModified\":\"2015-03-12T13:34:01+00:00\",\"breadcrumb\":{\"@id\":\"https:\/\/sandzakpress.net\/arhiva\/treba-li-nam-se-desiti-sudan-pa-da-shvatimo-ozbiljnost-sijskih-prozelitistickih-namjera-u-bih\/#breadcrumb\"},\"inLanguage\":\"bs-BA\",\"potentialAction\":[{\"@type\":\"ReadAction\",\"target\":[\"https:\/\/sandzakpress.net\/arhiva\/treba-li-nam-se-desiti-sudan-pa-da-shvatimo-ozbiljnost-sijskih-prozelitistickih-namjera-u-bih\/\"]}]},{\"@type\":\"ImageObject\",\"inLanguage\":\"bs-BA\",\"@id\":\"https:\/\/sandzakpress.net\/arhiva\/treba-li-nam-se-desiti-sudan-pa-da-shvatimo-ozbiljnost-sijskih-prozelitistickih-namjera-u-bih\/#primaryimage\",\"url\":\"https:\/\/sandzakpress.net\/arhiva\/wp-content\/uploads\/2015\/03\/10422175_976878939003674_5120035318890658314_n-650x433.jpg\",\"contentUrl\":\"https:\/\/sandzakpress.net\/arhiva\/wp-content\/uploads\/2015\/03\/10422175_976878939003674_5120035318890658314_n-650x433.jpg\",\"width\":600,\"height\":399},{\"@type\":\"BreadcrumbList\",\"@id\":\"https:\/\/sandzakpress.net\/arhiva\/treba-li-nam-se-desiti-sudan-pa-da-shvatimo-ozbiljnost-sijskih-prozelitistickih-namjera-u-bih\/#breadcrumb\",\"itemListElement\":[{\"@type\":\"ListItem\",\"position\":1,\"name\":\"Home\",\"item\":\"https:\/\/sandzakpress.net\/arhiva\/\"},{\"@type\":\"ListItem\",\"position\":2,\"name\":\"Treba li nam se desiti \u201eSudan\u201c, pa da shvatimo ozbiljnost \u0161ijskih prozelitisti\u010dkih namjera u BiH?\"}]},{\"@type\":\"WebSite\",\"@id\":\"https:\/\/sandzakpress.net\/arhiva\/#website\",\"url\":\"https:\/\/sandzakpress.net\/arhiva\/\",\"name\":\"Sand\u017eak PRESS\",\"description\":\"Prve elektronske novine u Sand\u017eaku\",\"publisher\":{\"@id\":\"https:\/\/sandzakpress.net\/arhiva\/#\/schema\/person\/6e72b67d6e51910a1117b3b483ba20bd\"},\"potentialAction\":[{\"@type\":\"SearchAction\",\"target\":{\"@type\":\"EntryPoint\",\"urlTemplate\":\"https:\/\/sandzakpress.net\/arhiva\/?s={search_term_string}\"},\"query-input\":{\"@type\":\"PropertyValueSpecification\",\"valueRequired\":true,\"valueName\":\"search_term_string\"}}],\"inLanguage\":\"bs-BA\"},{\"@type\":[\"Person\",\"Organization\"],\"@id\":\"https:\/\/sandzakpress.net\/arhiva\/#\/schema\/person\/6e72b67d6e51910a1117b3b483ba20bd\",\"name\":\"Kul\",\"image\":{\"@type\":\"ImageObject\",\"inLanguage\":\"bs-BA\",\"@id\":\"https:\/\/sandzakpress.net\/arhiva\/#\/schema\/person\/image\/\",\"url\":\"https:\/\/secure.gravatar.com\/avatar\/42263f39aa27ac04c43cab85c280eb2e?s=96&d=mm&r=pg\",\"contentUrl\":\"https:\/\/secure.gravatar.com\/avatar\/42263f39aa27ac04c43cab85c280eb2e?s=96&d=mm&r=pg\",\"caption\":\"Kul\"},\"logo\":{\"@id\":\"https:\/\/sandzakpress.net\/arhiva\/#\/schema\/person\/image\/\"}},{\"@type\":\"Person\",\"@id\":\"https:\/\/sandzakpress.net\/arhiva\/#\/schema\/person\/c8baee722073534b583ea7bdb2e36c02\",\"name\":\"bosniak\",\"image\":{\"@type\":\"ImageObject\",\"inLanguage\":\"bs-BA\",\"@id\":\"https:\/\/sandzakpress.net\/arhiva\/#\/schema\/person\/image\/\",\"url\":\"https:\/\/secure.gravatar.com\/avatar\/a04fd330bfe3a36a72a0ad4a6d89fca7?s=96&d=mm&r=pg\",\"contentUrl\":\"https:\/\/secure.gravatar.com\/avatar\/a04fd330bfe3a36a72a0ad4a6d89fca7?s=96&d=mm&r=pg\",\"caption\":\"bosniak\"},\"url\":\"https:\/\/sandzakpress.net\/arhiva\/author\/bosniak\/\"}]}<\/script>\n<!-- \/ Yoast SEO Premium plugin. -->","yoast_head_json":{"title":"Treba li nam se desiti \u201eSudan\u201c, pa da shvatimo ozbiljnost \u0161ijskih prozelitisti\u010dkih namjera u BiH?","robots":{"index":"index","follow":"follow","max-snippet":"max-snippet:-1","max-image-preview":"max-image-preview:large","max-video-preview":"max-video-preview:-1"},"canonical":"https:\/\/sandzakpress.net\/arhiva\/treba-li-nam-se-desiti-sudan-pa-da-shvatimo-ozbiljnost-sijskih-prozelitistickih-namjera-u-bih\/","og_locale":"bs_BA","og_type":"article","og_title":"Treba li nam se desiti \u201eSudan\u201c, pa da shvatimo ozbiljnost \u0161ijskih prozelitisti\u010dkih namjera u BiH?","og_description":"Mr. Semir Imamovi\u0107","og_url":"https:\/\/sandzakpress.net\/arhiva\/treba-li-nam-se-desiti-sudan-pa-da-shvatimo-ozbiljnost-sijskih-prozelitistickih-namjera-u-bih\/","og_site_name":"Sand\u017eak PRESS","article_published_time":"2015-03-12T13:34:00+00:00","article_modified_time":"2015-03-12T13:34:01+00:00","og_image":[{"width":600,"height":399,"url":"https:\/\/sandzakpress.net\/arhiva\/wp-content\/uploads\/2015\/03\/10422175_976878939003674_5120035318890658314_n-650x433.jpg","type":"image\/jpeg"}],"author":"bosniak","twitter_card":"summary_large_image","twitter_misc":{"Written by":"bosniak","Est. reading time":"8 minuta"},"schema":{"@context":"https:\/\/schema.org","@graph":[{"@type":"Article","@id":"https:\/\/sandzakpress.net\/arhiva\/treba-li-nam-se-desiti-sudan-pa-da-shvatimo-ozbiljnost-sijskih-prozelitistickih-namjera-u-bih\/#article","isPartOf":{"@id":"https:\/\/sandzakpress.net\/arhiva\/treba-li-nam-se-desiti-sudan-pa-da-shvatimo-ozbiljnost-sijskih-prozelitistickih-namjera-u-bih\/"},"author":{"name":"bosniak","@id":"https:\/\/sandzakpress.net\/arhiva\/#\/schema\/person\/c8baee722073534b583ea7bdb2e36c02"},"headline":"Treba li nam se desiti \u201eSudan\u201c, pa da shvatimo ozbiljnost \u0161ijskih prozelitisti\u010dkih namjera u BiH?","datePublished":"2015-03-12T13:34:00+00:00","dateModified":"2015-03-12T13:34:01+00:00","mainEntityOfPage":{"@id":"https:\/\/sandzakpress.net\/arhiva\/treba-li-nam-se-desiti-sudan-pa-da-shvatimo-ozbiljnost-sijskih-prozelitistickih-namjera-u-bih\/"},"wordCount":1557,"commentCount":12,"publisher":{"@id":"https:\/\/sandzakpress.net\/arhiva\/#\/schema\/person\/6e72b67d6e51910a1117b3b483ba20bd"},"image":{"@id":"https:\/\/sandzakpress.net\/arhiva\/treba-li-nam-se-desiti-sudan-pa-da-shvatimo-ozbiljnost-sijskih-prozelitistickih-namjera-u-bih\/#primaryimage"},"thumbnailUrl":"https:\/\/sandzakpress.net\/arhiva\/wp-content\/uploads\/2015\/03\/10422175_976878939003674_5120035318890658314_n-650x433.jpg","articleSection":["Iz pera na\u0161ih autora"],"inLanguage":"bs-BA","potentialAction":[{"@type":"CommentAction","name":"Comment","target":["https:\/\/sandzakpress.net\/arhiva\/treba-li-nam-se-desiti-sudan-pa-da-shvatimo-ozbiljnost-sijskih-prozelitistickih-namjera-u-bih\/#respond"]}]},{"@type":"WebPage","@id":"https:\/\/sandzakpress.net\/arhiva\/treba-li-nam-se-desiti-sudan-pa-da-shvatimo-ozbiljnost-sijskih-prozelitistickih-namjera-u-bih\/","url":"https:\/\/sandzakpress.net\/arhiva\/treba-li-nam-se-desiti-sudan-pa-da-shvatimo-ozbiljnost-sijskih-prozelitistickih-namjera-u-bih\/","name":"Treba li nam se desiti \u201eSudan\u201c, pa da shvatimo ozbiljnost \u0161ijskih prozelitisti\u010dkih namjera u BiH?","isPartOf":{"@id":"https:\/\/sandzakpress.net\/arhiva\/#website"},"primaryImageOfPage":{"@id":"https:\/\/sandzakpress.net\/arhiva\/treba-li-nam-se-desiti-sudan-pa-da-shvatimo-ozbiljnost-sijskih-prozelitistickih-namjera-u-bih\/#primaryimage"},"image":{"@id":"https:\/\/sandzakpress.net\/arhiva\/treba-li-nam-se-desiti-sudan-pa-da-shvatimo-ozbiljnost-sijskih-prozelitistickih-namjera-u-bih\/#primaryimage"},"thumbnailUrl":"https:\/\/sandzakpress.net\/arhiva\/wp-content\/uploads\/2015\/03\/10422175_976878939003674_5120035318890658314_n-650x433.jpg","datePublished":"2015-03-12T13:34:00+00:00","dateModified":"2015-03-12T13:34:01+00:00","breadcrumb":{"@id":"https:\/\/sandzakpress.net\/arhiva\/treba-li-nam-se-desiti-sudan-pa-da-shvatimo-ozbiljnost-sijskih-prozelitistickih-namjera-u-bih\/#breadcrumb"},"inLanguage":"bs-BA","potentialAction":[{"@type":"ReadAction","target":["https:\/\/sandzakpress.net\/arhiva\/treba-li-nam-se-desiti-sudan-pa-da-shvatimo-ozbiljnost-sijskih-prozelitistickih-namjera-u-bih\/"]}]},{"@type":"ImageObject","inLanguage":"bs-BA","@id":"https:\/\/sandzakpress.net\/arhiva\/treba-li-nam-se-desiti-sudan-pa-da-shvatimo-ozbiljnost-sijskih-prozelitistickih-namjera-u-bih\/#primaryimage","url":"https:\/\/sandzakpress.net\/arhiva\/wp-content\/uploads\/2015\/03\/10422175_976878939003674_5120035318890658314_n-650x433.jpg","contentUrl":"https:\/\/sandzakpress.net\/arhiva\/wp-content\/uploads\/2015\/03\/10422175_976878939003674_5120035318890658314_n-650x433.jpg","width":600,"height":399},{"@type":"BreadcrumbList","@id":"https:\/\/sandzakpress.net\/arhiva\/treba-li-nam-se-desiti-sudan-pa-da-shvatimo-ozbiljnost-sijskih-prozelitistickih-namjera-u-bih\/#breadcrumb","itemListElement":[{"@type":"ListItem","position":1,"name":"Home","item":"https:\/\/sandzakpress.net\/arhiva\/"},{"@type":"ListItem","position":2,"name":"Treba li nam se desiti \u201eSudan\u201c, pa da shvatimo ozbiljnost \u0161ijskih prozelitisti\u010dkih namjera u BiH?"}]},{"@type":"WebSite","@id":"https:\/\/sandzakpress.net\/arhiva\/#website","url":"https:\/\/sandzakpress.net\/arhiva\/","name":"Sand\u017eak PRESS","description":"Prve elektronske novine u Sand\u017eaku","publisher":{"@id":"https:\/\/sandzakpress.net\/arhiva\/#\/schema\/person\/6e72b67d6e51910a1117b3b483ba20bd"},"potentialAction":[{"@type":"SearchAction","target":{"@type":"EntryPoint","urlTemplate":"https:\/\/sandzakpress.net\/arhiva\/?s={search_term_string}"},"query-input":{"@type":"PropertyValueSpecification","valueRequired":true,"valueName":"search_term_string"}}],"inLanguage":"bs-BA"},{"@type":["Person","Organization"],"@id":"https:\/\/sandzakpress.net\/arhiva\/#\/schema\/person\/6e72b67d6e51910a1117b3b483ba20bd","name":"Kul","image":{"@type":"ImageObject","inLanguage":"bs-BA","@id":"https:\/\/sandzakpress.net\/arhiva\/#\/schema\/person\/image\/","url":"https:\/\/secure.gravatar.com\/avatar\/42263f39aa27ac04c43cab85c280eb2e?s=96&d=mm&r=pg","contentUrl":"https:\/\/secure.gravatar.com\/avatar\/42263f39aa27ac04c43cab85c280eb2e?s=96&d=mm&r=pg","caption":"Kul"},"logo":{"@id":"https:\/\/sandzakpress.net\/arhiva\/#\/schema\/person\/image\/"}},{"@type":"Person","@id":"https:\/\/sandzakpress.net\/arhiva\/#\/schema\/person\/c8baee722073534b583ea7bdb2e36c02","name":"bosniak","image":{"@type":"ImageObject","inLanguage":"bs-BA","@id":"https:\/\/sandzakpress.net\/arhiva\/#\/schema\/person\/image\/","url":"https:\/\/secure.gravatar.com\/avatar\/a04fd330bfe3a36a72a0ad4a6d89fca7?s=96&d=mm&r=pg","contentUrl":"https:\/\/secure.gravatar.com\/avatar\/a04fd330bfe3a36a72a0ad4a6d89fca7?s=96&d=mm&r=pg","caption":"bosniak"},"url":"https:\/\/sandzakpress.net\/arhiva\/author\/bosniak\/"}]}},"_links":{"self":[{"href":"https:\/\/sandzakpress.net\/arhiva\/wp-json\/wp\/v2\/posts\/124568"}],"collection":[{"href":"https:\/\/sandzakpress.net\/arhiva\/wp-json\/wp\/v2\/posts"}],"about":[{"href":"https:\/\/sandzakpress.net\/arhiva\/wp-json\/wp\/v2\/types\/post"}],"author":[{"embeddable":true,"href":"https:\/\/sandzakpress.net\/arhiva\/wp-json\/wp\/v2\/users\/83"}],"replies":[{"embeddable":true,"href":"https:\/\/sandzakpress.net\/arhiva\/wp-json\/wp\/v2\/comments?post=124568"}],"version-history":[{"count":0,"href":"https:\/\/sandzakpress.net\/arhiva\/wp-json\/wp\/v2\/posts\/124568\/revisions"}],"wp:featuredmedia":[{"embeddable":true,"href":"https:\/\/sandzakpress.net\/arhiva\/wp-json\/wp\/v2\/media\/124569"}],"wp:attachment":[{"href":"https:\/\/sandzakpress.net\/arhiva\/wp-json\/wp\/v2\/media?parent=124568"}],"wp:term":[{"taxonomy":"category","embeddable":true,"href":"https:\/\/sandzakpress.net\/arhiva\/wp-json\/wp\/v2\/categories?post=124568"},{"taxonomy":"post_tag","embeddable":true,"href":"https:\/\/sandzakpress.net\/arhiva\/wp-json\/wp\/v2\/tags?post=124568"}],"curies":[{"name":"wp","href":"https:\/\/api.w.org\/{rel}","templated":true}]}}