{"id":124518,"date":"2015-03-11T22:26:34","date_gmt":"2015-03-11T21:26:34","guid":{"rendered":"https:\/\/sandzakpress.net\/arhiva\/?p=124518"},"modified":"2015-03-11T22:27:16","modified_gmt":"2015-03-11T21:27:16","slug":"pogledajte-kakva-se-skola-kurana-gradi-u-rajcinovicu-u-novom-pazaru","status":"publish","type":"post","link":"https:\/\/sandzakpress.net\/arhiva\/pogledajte-kakva-se-skola-kurana-gradi-u-rajcinovicu-u-novom-pazaru\/","title":{"rendered":"Pogledajte kakva se \u0160kola Kur\u2019ana gradi u Raj\u010dinovi\u0107u u Novom Pazaru"},"content":{"rendered":"<p><img loading=\"lazy\" decoding=\"async\" class=\"entry-thumb\" title=\"skola-Kur-ana\" src=\"http:\/\/saznajemo.net\/wp-content\/uploads\/2015\/03\/skola-Kur-ana.jpg\" alt=\"\" width=\"600\" height=\"445\" \/><\/p>\n<p><strong>Novi Pazar \u2013 U oktobru mjesecu, kamen temeljac za izgradnju \u0160kole Kur\u2019ana u Raj\u010dinovi\u0107u, sve\u010dano polo\u017eio Sand\u017ea\u010dki muftija Muamer ef. Zukorli\u0107.<br \/> <\/strong><br \/> Allahovom voljom i donacijom na\u0161ih ljudi iz dijaspore, postavljena je plo\u010da na zapo\u010detom projektu izgradnje \u0160kole Kur\u2019ana \u010casnog. Sa dolaskom hladnih zimskih dana radovi su prekinuti.<\/p>\n<p>Nastupanjem toplijih dana in sha Allah nastavit \u0107e se zapo\u010deti radovi na izgradnji odjeljenja \u0160kole Kur\u2019ana \u010casnog sa (Islamskim centrom ). Za nastavak zapo\u010detih radova neophodno je obezbijediti jo\u0161 nov\u010danih sredstava. Stoga se ovim putem \u017eelimo obratiti svima onim koji su u mogu\u0107nosti, a \u017eele svoj imetak ugraditi u ovaj hajirli projekat, da se obrate upravi \u0160kole Kur\u2019ana \u010casnog, ili imamu d\u017eamije u Raj\u010dinovi\u0107u Admiru ef. Doljancu.<\/p>\n","protected":false},"excerpt":{"rendered":"<p>Novi Pazar \u2013 U oktobru mjesecu, kamen temeljac za izgradnju \u0160kole Kur\u2019ana u Raj\u010dinovi\u0107u, sve\u010dano polo\u017eio Sand\u017ea\u010dki muftija Muamer ef. Zukorli\u0107. Allahovom voljom i donacijom na\u0161ih ljudi iz dijaspore, postavljena je plo\u010da na zapo\u010detom projektu izgradnje \u0160kole Kur\u2019ana \u010casnog. Sa dolaskom hladnih zimskih dana radovi su prekinuti. Nastupanjem toplijih dana in sha Allah nastavit \u0107e [&hellip;]<\/p>\n","protected":false},"author":83,"featured_media":124519,"comment_status":"open","ping_status":"open","sticky":false,"template":"","format":"standard","meta":{"footnotes":""},"categories":[10507],"tags":[],"class_list":{"0":"post-124518","1":"post","2":"type-post","3":"status-publish","4":"format-standard","5":"has-post-thumbnail","7":"category-notifikacije"},"yoast_head":"<!-- This site is optimized with the Yoast SEO Premium plugin v23.1 (Yoast SEO v24.9) - https:\/\/yoast.com\/wordpress\/plugins\/seo\/ -->\n<title>Pogledajte kakva se \u0160kola Kur\u2019ana gradi u Raj\u010dinovi\u0107u u Novom Pazaru<\/title>\n<meta name=\"robots\" content=\"index, follow, max-snippet:-1, max-image-preview:large, max-video-preview:-1\" \/>\n<link rel=\"canonical\" href=\"https:\/\/sandzakpress.net\/arhiva\/pogledajte-kakva-se-skola-kurana-gradi-u-rajcinovicu-u-novom-pazaru\/\" \/>\n<meta property=\"og:locale\" content=\"bs_BA\" \/>\n<meta property=\"og:type\" content=\"article\" \/>\n<meta property=\"og:title\" content=\"Pogledajte kakva se \u0160kola Kur\u2019ana gradi u Raj\u010dinovi\u0107u u Novom Pazaru\" \/>\n<meta property=\"og:description\" content=\"Novi Pazar \u2013 U oktobru mjesecu, kamen temeljac za izgradnju \u0160kole Kur\u2019ana u Raj\u010dinovi\u0107u, sve\u010dano polo\u017eio Sand\u017ea\u010dki muftija Muamer ef. Zukorli\u0107. Allahovom voljom i donacijom na\u0161ih ljudi iz dijaspore, postavljena je plo\u010da na zapo\u010detom projektu izgradnje \u0160kole Kur\u2019ana \u010casnog. Sa dolaskom hladnih zimskih dana radovi su prekinuti. Nastupanjem toplijih dana in sha Allah nastavit \u0107e [&hellip;]\" \/>\n<meta property=\"og:url\" content=\"https:\/\/sandzakpress.net\/arhiva\/pogledajte-kakva-se-skola-kurana-gradi-u-rajcinovicu-u-novom-pazaru\/\" \/>\n<meta property=\"og:site_name\" content=\"Sand\u017eak PRESS\" \/>\n<meta property=\"article:published_time\" content=\"2015-03-11T21:26:34+00:00\" \/>\n<meta property=\"article:modified_time\" content=\"2015-03-11T21:27:16+00:00\" \/>\n<meta property=\"og:image\" content=\"https:\/\/sandzakpress.net\/arhiva\/wp-content\/uploads\/2015\/03\/skola-Kur-ana.jpg\" \/>\n\t<meta property=\"og:image:width\" content=\"600\" \/>\n\t<meta property=\"og:image:height\" content=\"445\" \/>\n\t<meta property=\"og:image:type\" content=\"image\/jpeg\" \/>\n<meta name=\"author\" content=\"bosniak\" \/>\n<meta name=\"twitter:card\" content=\"summary_large_image\" \/>\n<meta name=\"twitter:label1\" content=\"Written by\" \/>\n\t<meta name=\"twitter:data1\" content=\"bosniak\" \/>\n\t<meta name=\"twitter:label2\" content=\"Est. reading time\" \/>\n\t<meta name=\"twitter:data2\" content=\"1 minuta\" \/>\n<script type=\"application\/ld+json\" class=\"yoast-schema-graph\">{\"@context\":\"https:\/\/schema.org\",\"@graph\":[{\"@type\":\"Article\",\"@id\":\"https:\/\/sandzakpress.net\/arhiva\/pogledajte-kakva-se-skola-kurana-gradi-u-rajcinovicu-u-novom-pazaru\/#article\",\"isPartOf\":{\"@id\":\"https:\/\/sandzakpress.net\/arhiva\/pogledajte-kakva-se-skola-kurana-gradi-u-rajcinovicu-u-novom-pazaru\/\"},\"author\":{\"name\":\"bosniak\",\"@id\":\"https:\/\/sandzakpress.net\/arhiva\/#\/schema\/person\/c8baee722073534b583ea7bdb2e36c02\"},\"headline\":\"Pogledajte kakva se \u0160kola Kur\u2019ana gradi u Raj\u010dinovi\u0107u u Novom Pazaru\",\"datePublished\":\"2015-03-11T21:26:34+00:00\",\"dateModified\":\"2015-03-11T21:27:16+00:00\",\"mainEntityOfPage\":{\"@id\":\"https:\/\/sandzakpress.net\/arhiva\/pogledajte-kakva-se-skola-kurana-gradi-u-rajcinovicu-u-novom-pazaru\/\"},\"wordCount\":146,\"commentCount\":2,\"publisher\":{\"@id\":\"https:\/\/sandzakpress.net\/arhiva\/#\/schema\/person\/6e72b67d6e51910a1117b3b483ba20bd\"},\"image\":{\"@id\":\"https:\/\/sandzakpress.net\/arhiva\/pogledajte-kakva-se-skola-kurana-gradi-u-rajcinovicu-u-novom-pazaru\/#primaryimage\"},\"thumbnailUrl\":\"https:\/\/sandzakpress.net\/arhiva\/wp-content\/uploads\/2015\/03\/skola-Kur-ana.jpg\",\"articleSection\":[\"Notifikacije\"],\"inLanguage\":\"bs-BA\",\"potentialAction\":[{\"@type\":\"CommentAction\",\"name\":\"Comment\",\"target\":[\"https:\/\/sandzakpress.net\/arhiva\/pogledajte-kakva-se-skola-kurana-gradi-u-rajcinovicu-u-novom-pazaru\/#respond\"]}]},{\"@type\":\"WebPage\",\"@id\":\"https:\/\/sandzakpress.net\/arhiva\/pogledajte-kakva-se-skola-kurana-gradi-u-rajcinovicu-u-novom-pazaru\/\",\"url\":\"https:\/\/sandzakpress.net\/arhiva\/pogledajte-kakva-se-skola-kurana-gradi-u-rajcinovicu-u-novom-pazaru\/\",\"name\":\"Pogledajte kakva se \u0160kola Kur\u2019ana gradi u Raj\u010dinovi\u0107u u Novom Pazaru\",\"isPartOf\":{\"@id\":\"https:\/\/sandzakpress.net\/arhiva\/#website\"},\"primaryImageOfPage\":{\"@id\":\"https:\/\/sandzakpress.net\/arhiva\/pogledajte-kakva-se-skola-kurana-gradi-u-rajcinovicu-u-novom-pazaru\/#primaryimage\"},\"image\":{\"@id\":\"https:\/\/sandzakpress.net\/arhiva\/pogledajte-kakva-se-skola-kurana-gradi-u-rajcinovicu-u-novom-pazaru\/#primaryimage\"},\"thumbnailUrl\":\"https:\/\/sandzakpress.net\/arhiva\/wp-content\/uploads\/2015\/03\/skola-Kur-ana.jpg\",\"datePublished\":\"2015-03-11T21:26:34+00:00\",\"dateModified\":\"2015-03-11T21:27:16+00:00\",\"breadcrumb\":{\"@id\":\"https:\/\/sandzakpress.net\/arhiva\/pogledajte-kakva-se-skola-kurana-gradi-u-rajcinovicu-u-novom-pazaru\/#breadcrumb\"},\"inLanguage\":\"bs-BA\",\"potentialAction\":[{\"@type\":\"ReadAction\",\"target\":[\"https:\/\/sandzakpress.net\/arhiva\/pogledajte-kakva-se-skola-kurana-gradi-u-rajcinovicu-u-novom-pazaru\/\"]}]},{\"@type\":\"ImageObject\",\"inLanguage\":\"bs-BA\",\"@id\":\"https:\/\/sandzakpress.net\/arhiva\/pogledajte-kakva-se-skola-kurana-gradi-u-rajcinovicu-u-novom-pazaru\/#primaryimage\",\"url\":\"https:\/\/sandzakpress.net\/arhiva\/wp-content\/uploads\/2015\/03\/skola-Kur-ana.jpg\",\"contentUrl\":\"https:\/\/sandzakpress.net\/arhiva\/wp-content\/uploads\/2015\/03\/skola-Kur-ana.jpg\",\"width\":600,\"height\":445},{\"@type\":\"BreadcrumbList\",\"@id\":\"https:\/\/sandzakpress.net\/arhiva\/pogledajte-kakva-se-skola-kurana-gradi-u-rajcinovicu-u-novom-pazaru\/#breadcrumb\",\"itemListElement\":[{\"@type\":\"ListItem\",\"position\":1,\"name\":\"Home\",\"item\":\"https:\/\/sandzakpress.net\/arhiva\/\"},{\"@type\":\"ListItem\",\"position\":2,\"name\":\"Pogledajte kakva se \u0160kola Kur\u2019ana gradi u Raj\u010dinovi\u0107u u Novom Pazaru\"}]},{\"@type\":\"WebSite\",\"@id\":\"https:\/\/sandzakpress.net\/arhiva\/#website\",\"url\":\"https:\/\/sandzakpress.net\/arhiva\/\",\"name\":\"Sand\u017eak PRESS\",\"description\":\"Prve elektronske novine u Sand\u017eaku\",\"publisher\":{\"@id\":\"https:\/\/sandzakpress.net\/arhiva\/#\/schema\/person\/6e72b67d6e51910a1117b3b483ba20bd\"},\"potentialAction\":[{\"@type\":\"SearchAction\",\"target\":{\"@type\":\"EntryPoint\",\"urlTemplate\":\"https:\/\/sandzakpress.net\/arhiva\/?s={search_term_string}\"},\"query-input\":{\"@type\":\"PropertyValueSpecification\",\"valueRequired\":true,\"valueName\":\"search_term_string\"}}],\"inLanguage\":\"bs-BA\"},{\"@type\":[\"Person\",\"Organization\"],\"@id\":\"https:\/\/sandzakpress.net\/arhiva\/#\/schema\/person\/6e72b67d6e51910a1117b3b483ba20bd\",\"name\":\"Kul\",\"image\":{\"@type\":\"ImageObject\",\"inLanguage\":\"bs-BA\",\"@id\":\"https:\/\/sandzakpress.net\/arhiva\/#\/schema\/person\/image\/\",\"url\":\"https:\/\/secure.gravatar.com\/avatar\/42263f39aa27ac04c43cab85c280eb2e?s=96&d=mm&r=pg\",\"contentUrl\":\"https:\/\/secure.gravatar.com\/avatar\/42263f39aa27ac04c43cab85c280eb2e?s=96&d=mm&r=pg\",\"caption\":\"Kul\"},\"logo\":{\"@id\":\"https:\/\/sandzakpress.net\/arhiva\/#\/schema\/person\/image\/\"}},{\"@type\":\"Person\",\"@id\":\"https:\/\/sandzakpress.net\/arhiva\/#\/schema\/person\/c8baee722073534b583ea7bdb2e36c02\",\"name\":\"bosniak\",\"image\":{\"@type\":\"ImageObject\",\"inLanguage\":\"bs-BA\",\"@id\":\"https:\/\/sandzakpress.net\/arhiva\/#\/schema\/person\/image\/\",\"url\":\"https:\/\/secure.gravatar.com\/avatar\/a04fd330bfe3a36a72a0ad4a6d89fca7?s=96&d=mm&r=pg\",\"contentUrl\":\"https:\/\/secure.gravatar.com\/avatar\/a04fd330bfe3a36a72a0ad4a6d89fca7?s=96&d=mm&r=pg\",\"caption\":\"bosniak\"},\"url\":\"https:\/\/sandzakpress.net\/arhiva\/author\/bosniak\/\"}]}<\/script>\n<!-- \/ Yoast SEO Premium plugin. -->","yoast_head_json":{"title":"Pogledajte kakva se \u0160kola Kur\u2019ana gradi u Raj\u010dinovi\u0107u u Novom Pazaru","robots":{"index":"index","follow":"follow","max-snippet":"max-snippet:-1","max-image-preview":"max-image-preview:large","max-video-preview":"max-video-preview:-1"},"canonical":"https:\/\/sandzakpress.net\/arhiva\/pogledajte-kakva-se-skola-kurana-gradi-u-rajcinovicu-u-novom-pazaru\/","og_locale":"bs_BA","og_type":"article","og_title":"Pogledajte kakva se \u0160kola Kur\u2019ana gradi u Raj\u010dinovi\u0107u u Novom Pazaru","og_description":"Novi Pazar \u2013 U oktobru mjesecu, kamen temeljac za izgradnju \u0160kole Kur\u2019ana u Raj\u010dinovi\u0107u, sve\u010dano polo\u017eio Sand\u017ea\u010dki muftija Muamer ef. Zukorli\u0107. Allahovom voljom i donacijom na\u0161ih ljudi iz dijaspore, postavljena je plo\u010da na zapo\u010detom projektu izgradnje \u0160kole Kur\u2019ana \u010casnog. Sa dolaskom hladnih zimskih dana radovi su prekinuti. Nastupanjem toplijih dana in sha Allah nastavit \u0107e [&hellip;]","og_url":"https:\/\/sandzakpress.net\/arhiva\/pogledajte-kakva-se-skola-kurana-gradi-u-rajcinovicu-u-novom-pazaru\/","og_site_name":"Sand\u017eak PRESS","article_published_time":"2015-03-11T21:26:34+00:00","article_modified_time":"2015-03-11T21:27:16+00:00","og_image":[{"width":600,"height":445,"url":"https:\/\/sandzakpress.net\/arhiva\/wp-content\/uploads\/2015\/03\/skola-Kur-ana.jpg","type":"image\/jpeg"}],"author":"bosniak","twitter_card":"summary_large_image","twitter_misc":{"Written by":"bosniak","Est. reading time":"1 minuta"},"schema":{"@context":"https:\/\/schema.org","@graph":[{"@type":"Article","@id":"https:\/\/sandzakpress.net\/arhiva\/pogledajte-kakva-se-skola-kurana-gradi-u-rajcinovicu-u-novom-pazaru\/#article","isPartOf":{"@id":"https:\/\/sandzakpress.net\/arhiva\/pogledajte-kakva-se-skola-kurana-gradi-u-rajcinovicu-u-novom-pazaru\/"},"author":{"name":"bosniak","@id":"https:\/\/sandzakpress.net\/arhiva\/#\/schema\/person\/c8baee722073534b583ea7bdb2e36c02"},"headline":"Pogledajte kakva se \u0160kola Kur\u2019ana gradi u Raj\u010dinovi\u0107u u Novom Pazaru","datePublished":"2015-03-11T21:26:34+00:00","dateModified":"2015-03-11T21:27:16+00:00","mainEntityOfPage":{"@id":"https:\/\/sandzakpress.net\/arhiva\/pogledajte-kakva-se-skola-kurana-gradi-u-rajcinovicu-u-novom-pazaru\/"},"wordCount":146,"commentCount":2,"publisher":{"@id":"https:\/\/sandzakpress.net\/arhiva\/#\/schema\/person\/6e72b67d6e51910a1117b3b483ba20bd"},"image":{"@id":"https:\/\/sandzakpress.net\/arhiva\/pogledajte-kakva-se-skola-kurana-gradi-u-rajcinovicu-u-novom-pazaru\/#primaryimage"},"thumbnailUrl":"https:\/\/sandzakpress.net\/arhiva\/wp-content\/uploads\/2015\/03\/skola-Kur-ana.jpg","articleSection":["Notifikacije"],"inLanguage":"bs-BA","potentialAction":[{"@type":"CommentAction","name":"Comment","target":["https:\/\/sandzakpress.net\/arhiva\/pogledajte-kakva-se-skola-kurana-gradi-u-rajcinovicu-u-novom-pazaru\/#respond"]}]},{"@type":"WebPage","@id":"https:\/\/sandzakpress.net\/arhiva\/pogledajte-kakva-se-skola-kurana-gradi-u-rajcinovicu-u-novom-pazaru\/","url":"https:\/\/sandzakpress.net\/arhiva\/pogledajte-kakva-se-skola-kurana-gradi-u-rajcinovicu-u-novom-pazaru\/","name":"Pogledajte kakva se \u0160kola Kur\u2019ana gradi u Raj\u010dinovi\u0107u u Novom Pazaru","isPartOf":{"@id":"https:\/\/sandzakpress.net\/arhiva\/#website"},"primaryImageOfPage":{"@id":"https:\/\/sandzakpress.net\/arhiva\/pogledajte-kakva-se-skola-kurana-gradi-u-rajcinovicu-u-novom-pazaru\/#primaryimage"},"image":{"@id":"https:\/\/sandzakpress.net\/arhiva\/pogledajte-kakva-se-skola-kurana-gradi-u-rajcinovicu-u-novom-pazaru\/#primaryimage"},"thumbnailUrl":"https:\/\/sandzakpress.net\/arhiva\/wp-content\/uploads\/2015\/03\/skola-Kur-ana.jpg","datePublished":"2015-03-11T21:26:34+00:00","dateModified":"2015-03-11T21:27:16+00:00","breadcrumb":{"@id":"https:\/\/sandzakpress.net\/arhiva\/pogledajte-kakva-se-skola-kurana-gradi-u-rajcinovicu-u-novom-pazaru\/#breadcrumb"},"inLanguage":"bs-BA","potentialAction":[{"@type":"ReadAction","target":["https:\/\/sandzakpress.net\/arhiva\/pogledajte-kakva-se-skola-kurana-gradi-u-rajcinovicu-u-novom-pazaru\/"]}]},{"@type":"ImageObject","inLanguage":"bs-BA","@id":"https:\/\/sandzakpress.net\/arhiva\/pogledajte-kakva-se-skola-kurana-gradi-u-rajcinovicu-u-novom-pazaru\/#primaryimage","url":"https:\/\/sandzakpress.net\/arhiva\/wp-content\/uploads\/2015\/03\/skola-Kur-ana.jpg","contentUrl":"https:\/\/sandzakpress.net\/arhiva\/wp-content\/uploads\/2015\/03\/skola-Kur-ana.jpg","width":600,"height":445},{"@type":"BreadcrumbList","@id":"https:\/\/sandzakpress.net\/arhiva\/pogledajte-kakva-se-skola-kurana-gradi-u-rajcinovicu-u-novom-pazaru\/#breadcrumb","itemListElement":[{"@type":"ListItem","position":1,"name":"Home","item":"https:\/\/sandzakpress.net\/arhiva\/"},{"@type":"ListItem","position":2,"name":"Pogledajte kakva se \u0160kola Kur\u2019ana gradi u Raj\u010dinovi\u0107u u Novom Pazaru"}]},{"@type":"WebSite","@id":"https:\/\/sandzakpress.net\/arhiva\/#website","url":"https:\/\/sandzakpress.net\/arhiva\/","name":"Sand\u017eak PRESS","description":"Prve elektronske novine u Sand\u017eaku","publisher":{"@id":"https:\/\/sandzakpress.net\/arhiva\/#\/schema\/person\/6e72b67d6e51910a1117b3b483ba20bd"},"potentialAction":[{"@type":"SearchAction","target":{"@type":"EntryPoint","urlTemplate":"https:\/\/sandzakpress.net\/arhiva\/?s={search_term_string}"},"query-input":{"@type":"PropertyValueSpecification","valueRequired":true,"valueName":"search_term_string"}}],"inLanguage":"bs-BA"},{"@type":["Person","Organization"],"@id":"https:\/\/sandzakpress.net\/arhiva\/#\/schema\/person\/6e72b67d6e51910a1117b3b483ba20bd","name":"Kul","image":{"@type":"ImageObject","inLanguage":"bs-BA","@id":"https:\/\/sandzakpress.net\/arhiva\/#\/schema\/person\/image\/","url":"https:\/\/secure.gravatar.com\/avatar\/42263f39aa27ac04c43cab85c280eb2e?s=96&d=mm&r=pg","contentUrl":"https:\/\/secure.gravatar.com\/avatar\/42263f39aa27ac04c43cab85c280eb2e?s=96&d=mm&r=pg","caption":"Kul"},"logo":{"@id":"https:\/\/sandzakpress.net\/arhiva\/#\/schema\/person\/image\/"}},{"@type":"Person","@id":"https:\/\/sandzakpress.net\/arhiva\/#\/schema\/person\/c8baee722073534b583ea7bdb2e36c02","name":"bosniak","image":{"@type":"ImageObject","inLanguage":"bs-BA","@id":"https:\/\/sandzakpress.net\/arhiva\/#\/schema\/person\/image\/","url":"https:\/\/secure.gravatar.com\/avatar\/a04fd330bfe3a36a72a0ad4a6d89fca7?s=96&d=mm&r=pg","contentUrl":"https:\/\/secure.gravatar.com\/avatar\/a04fd330bfe3a36a72a0ad4a6d89fca7?s=96&d=mm&r=pg","caption":"bosniak"},"url":"https:\/\/sandzakpress.net\/arhiva\/author\/bosniak\/"}]}},"_links":{"self":[{"href":"https:\/\/sandzakpress.net\/arhiva\/wp-json\/wp\/v2\/posts\/124518"}],"collection":[{"href":"https:\/\/sandzakpress.net\/arhiva\/wp-json\/wp\/v2\/posts"}],"about":[{"href":"https:\/\/sandzakpress.net\/arhiva\/wp-json\/wp\/v2\/types\/post"}],"author":[{"embeddable":true,"href":"https:\/\/sandzakpress.net\/arhiva\/wp-json\/wp\/v2\/users\/83"}],"replies":[{"embeddable":true,"href":"https:\/\/sandzakpress.net\/arhiva\/wp-json\/wp\/v2\/comments?post=124518"}],"version-history":[{"count":0,"href":"https:\/\/sandzakpress.net\/arhiva\/wp-json\/wp\/v2\/posts\/124518\/revisions"}],"wp:featuredmedia":[{"embeddable":true,"href":"https:\/\/sandzakpress.net\/arhiva\/wp-json\/wp\/v2\/media\/124519"}],"wp:attachment":[{"href":"https:\/\/sandzakpress.net\/arhiva\/wp-json\/wp\/v2\/media?parent=124518"}],"wp:term":[{"taxonomy":"category","embeddable":true,"href":"https:\/\/sandzakpress.net\/arhiva\/wp-json\/wp\/v2\/categories?post=124518"},{"taxonomy":"post_tag","embeddable":true,"href":"https:\/\/sandzakpress.net\/arhiva\/wp-json\/wp\/v2\/tags?post=124518"}],"curies":[{"name":"wp","href":"https:\/\/api.w.org\/{rel}","templated":true}]}}