{"id":124481,"date":"2015-03-11T13:17:43","date_gmt":"2015-03-11T12:17:43","guid":{"rendered":"https:\/\/sandzakpress.net\/arhiva\/?p=124481"},"modified":"2015-03-11T13:17:43","modified_gmt":"2015-03-11T12:17:43","slug":"jubilej-100-godina-islama-u-hrvatskoj","status":"publish","type":"post","link":"https:\/\/sandzakpress.net\/arhiva\/jubilej-100-godina-islama-u-hrvatskoj\/","title":{"rendered":"Jubilej 100 godina islama u Hrvatskoj"},"content":{"rendered":"<p><img decoding=\"async\" src=\"http:\/\/bosniapress.net\/wp-content\/uploads\/2015\/03\/trtbosanski-sastanak-u-saboru-leko-i-hasanovi-razgovarali-39981.jpg\" alt=\"trtbosanski-sastanak-u-saboru-leko-i-hasanovi-razgovarali-39981\" \/><\/p>\n<p><strong>Hrvatska \u00a0\u00a0\u0336 \u00a0 Predsjednik Hrvatskog sabora Josip Leko primio je danas muftiju zagreba\u010dkog Aziza ef. Hasanovi\u0107a s kojim je razgovarao o obilje\u017eavanju 100 godina islama u Hrvatskoj 27. aprila 2016., kada \u0107e jubilej biti obilje\u017een na kulturnom, religijskom, politi\u010dkom i privrednom planu.<\/strong><span id=\"more-134074\"><\/span><\/p>\n<p>Muftija Aziz ef. Hasanovi\u0107 do\u0161ao je u Sabor sa idejom da se sljede\u0107e godine u Hrvatskom saboru obilje\u017ei 100 godina slu\u017ebenog priznanja islama u Hrvatskoj. Muftija je predlo\u017eio da pokrovitelj \u010ditavog doga\u0111anja u Hrvatskom narodnom pozori\u0161tu bude Hrvatski sabor, \u0161to \u0107e Leko predlo\u017eiti Predsjedni\u0161tvu Sabora.<\/p>\n<p>\u201cOd muftije sam dobio puno dobrih vijesti, nakana, da se u Hrvatskoj obilje\u017ei na kulturnom, religijskom, ali i na politi\u010dkom planu sto godina islama u Hrvatskoj. Nadam se da \u0107e proslava i obilje\u017eavanje biti u duhu razumijevanja, tolerancije, ali ne samo u Hrvatskoj nego i u europskim okvirima. Radit \u0107emo na tome\u00a0 da u Hrvatsku do\u0111u vrlo va\u017ene osobe iz Europske unije i svijeta, bilo islamskog ili drugog\u201d, izjavio je Josip Leko nakon sastanka sa muftijom u Saboru.<\/p>\n<p>Muftija Hasanovi\u0107 izjavio je kako je sa predsjednikom Sabora Lekom otvoreno razgovarao na koji na\u010din obilje\u017eiti \u201cjedan ovakav povijesni doga\u0111aj koji se dogodio 27. aprila 1916. u Hrvatskom saboru\u201d. Tog dana je u Saboru islam priznat kao jedna od slu\u017ebenih religija.<\/p>\n<p>U vrijeme priznanja islama, u Hrvatskoj nije bilo ni jednoga muslimanskog vjerskog slu\u017ebenika, osim vojnoga imama, koji je, u Austro-Ugarskoj vojsci zapo\u010deo s vjerskim aktivnostima 15. marta 1915. Vojni imamat nosio je slu\u017ebeni naziv koji je glasio: Carsko kraljevsko imamsko vojno du\u0161obri\u017eni\u0161tvo.<\/p>\n<p>\u201cTo nije samo proslava muslimana u Republici Hrvatskoj, to je proslava cijelog hrvatskog dru\u0161tva, jer samo jedna zemlja se mo\u017ee pohvaliti jednim ovakvim jubilejom, to je Austrija, i upravo Hrvatska. Sljede\u0107e \u0107emo \u010dekati 30 do 50 godina\u201d, poru\u010dio je Hasanovi\u0107.<\/p>\n<p>Muftija je poru\u010dio kako su na sastanku postavili okvire za ovu manifestaciju u Republici Hrvatskoj na politi\u010dkom, vjerskom i gospodarskom planu.<\/p>\n<p>Muftija Hasanovi\u0107 je najavio kako je predvi\u0111en i Halal dan u trajanju od sedam dana gdje bi cijela halal industrija bila prisutna u Hrvatskoj na jubileju.<\/p>\n<p>\u201cU\u010dinit \u0107emo sve da Hrvatska bude prepoznatljiva po otvorenosti i najljep\u0161oj mogu\u0107oj organiziranosti kad je u pitanju obilje\u017eavanje ovog velikog i zna\u010dajnog jubileja\u201d, poru\u010dio je muftija.<\/p>\n<p>Leko je naglasio kvalitetu vrijednosti za koje se zala\u017ee Islamska zajednica u Hrvatskoj kao vrijednosti koje Hrvatska \u017eeli prezentirati svijetu.<\/p>\n<p>(Anadolu Agency)<\/p>\n","protected":false},"excerpt":{"rendered":"<p>Hrvatska \u00a0\u00a0\u0336 \u00a0 Predsjednik Hrvatskog sabora Josip Leko primio je danas muftiju zagreba\u010dkog Aziza ef. Hasanovi\u0107a s kojim je razgovarao o obilje\u017eavanju 100 godina islama u Hrvatskoj 27. aprila 2016., kada \u0107e jubilej biti obilje\u017een na kulturnom, religijskom, politi\u010dkom i privrednom planu. Muftija Aziz ef. Hasanovi\u0107 do\u0161ao je u Sabor sa idejom da se sljede\u0107e [&hellip;]<\/p>\n","protected":false},"author":83,"featured_media":124482,"comment_status":"open","ping_status":"open","sticky":false,"template":"","format":"standard","meta":{"footnotes":""},"categories":[802,10306],"tags":[],"class_list":{"0":"post-124481","1":"post","2":"type-post","3":"status-publish","4":"format-standard","5":"has-post-thumbnail","7":"category-islamska_zajednica","8":"category-hrvatska"},"yoast_head":"<!-- This site is optimized with the Yoast SEO Premium plugin v23.1 (Yoast SEO v24.9) - https:\/\/yoast.com\/wordpress\/plugins\/seo\/ -->\n<title>Jubilej 100 godina islama u Hrvatskoj<\/title>\n<meta name=\"robots\" content=\"index, follow, max-snippet:-1, max-image-preview:large, max-video-preview:-1\" \/>\n<link rel=\"canonical\" href=\"https:\/\/sandzakpress.net\/arhiva\/jubilej-100-godina-islama-u-hrvatskoj\/\" \/>\n<meta property=\"og:locale\" content=\"bs_BA\" \/>\n<meta property=\"og:type\" content=\"article\" \/>\n<meta property=\"og:title\" content=\"Jubilej 100 godina islama u Hrvatskoj\" \/>\n<meta property=\"og:description\" content=\"Hrvatska \u00a0\u00a0\u0336 \u00a0 Predsjednik Hrvatskog sabora Josip Leko primio je danas muftiju zagreba\u010dkog Aziza ef. Hasanovi\u0107a s kojim je razgovarao o obilje\u017eavanju 100 godina islama u Hrvatskoj 27. aprila 2016., kada \u0107e jubilej biti obilje\u017een na kulturnom, religijskom, politi\u010dkom i privrednom planu. Muftija Aziz ef. Hasanovi\u0107 do\u0161ao je u Sabor sa idejom da se sljede\u0107e [&hellip;]\" \/>\n<meta property=\"og:url\" content=\"https:\/\/sandzakpress.net\/arhiva\/jubilej-100-godina-islama-u-hrvatskoj\/\" \/>\n<meta property=\"og:site_name\" content=\"Sand\u017eak PRESS\" \/>\n<meta property=\"article:published_time\" content=\"2015-03-11T12:17:43+00:00\" \/>\n<meta property=\"og:image\" content=\"https:\/\/sandzakpress.net\/arhiva\/wp-content\/uploads\/2015\/03\/trtbosanski-sastanak-u-saboru-leko-i-hasanovi-razgovarali-39981.jpg\" \/>\n\t<meta property=\"og:image:width\" content=\"600\" \/>\n\t<meta property=\"og:image:height\" content=\"390\" \/>\n\t<meta property=\"og:image:type\" content=\"image\/jpeg\" \/>\n<meta name=\"author\" content=\"bosniak\" \/>\n<meta name=\"twitter:card\" content=\"summary_large_image\" \/>\n<meta name=\"twitter:label1\" content=\"Written by\" \/>\n\t<meta name=\"twitter:data1\" content=\"bosniak\" \/>\n\t<meta name=\"twitter:label2\" content=\"Est. reading time\" \/>\n\t<meta name=\"twitter:data2\" content=\"2 minute\" \/>\n<script type=\"application\/ld+json\" class=\"yoast-schema-graph\">{\"@context\":\"https:\/\/schema.org\",\"@graph\":[{\"@type\":\"Article\",\"@id\":\"https:\/\/sandzakpress.net\/arhiva\/jubilej-100-godina-islama-u-hrvatskoj\/#article\",\"isPartOf\":{\"@id\":\"https:\/\/sandzakpress.net\/arhiva\/jubilej-100-godina-islama-u-hrvatskoj\/\"},\"author\":{\"name\":\"bosniak\",\"@id\":\"https:\/\/sandzakpress.net\/arhiva\/#\/schema\/person\/c8baee722073534b583ea7bdb2e36c02\"},\"headline\":\"Jubilej 100 godina islama u Hrvatskoj\",\"datePublished\":\"2015-03-11T12:17:43+00:00\",\"mainEntityOfPage\":{\"@id\":\"https:\/\/sandzakpress.net\/arhiva\/jubilej-100-godina-islama-u-hrvatskoj\/\"},\"wordCount\":419,\"commentCount\":0,\"publisher\":{\"@id\":\"https:\/\/sandzakpress.net\/arhiva\/#\/schema\/person\/6e72b67d6e51910a1117b3b483ba20bd\"},\"image\":{\"@id\":\"https:\/\/sandzakpress.net\/arhiva\/jubilej-100-godina-islama-u-hrvatskoj\/#primaryimage\"},\"thumbnailUrl\":\"https:\/\/sandzakpress.net\/arhiva\/wp-content\/uploads\/2015\/03\/trtbosanski-sastanak-u-saboru-leko-i-hasanovi-razgovarali-39981.jpg\",\"articleSection\":[\"Islamska zajednica\",\"Hrvatska\"],\"inLanguage\":\"bs-BA\",\"potentialAction\":[{\"@type\":\"CommentAction\",\"name\":\"Comment\",\"target\":[\"https:\/\/sandzakpress.net\/arhiva\/jubilej-100-godina-islama-u-hrvatskoj\/#respond\"]}]},{\"@type\":\"WebPage\",\"@id\":\"https:\/\/sandzakpress.net\/arhiva\/jubilej-100-godina-islama-u-hrvatskoj\/\",\"url\":\"https:\/\/sandzakpress.net\/arhiva\/jubilej-100-godina-islama-u-hrvatskoj\/\",\"name\":\"Jubilej 100 godina islama u Hrvatskoj\",\"isPartOf\":{\"@id\":\"https:\/\/sandzakpress.net\/arhiva\/#website\"},\"primaryImageOfPage\":{\"@id\":\"https:\/\/sandzakpress.net\/arhiva\/jubilej-100-godina-islama-u-hrvatskoj\/#primaryimage\"},\"image\":{\"@id\":\"https:\/\/sandzakpress.net\/arhiva\/jubilej-100-godina-islama-u-hrvatskoj\/#primaryimage\"},\"thumbnailUrl\":\"https:\/\/sandzakpress.net\/arhiva\/wp-content\/uploads\/2015\/03\/trtbosanski-sastanak-u-saboru-leko-i-hasanovi-razgovarali-39981.jpg\",\"datePublished\":\"2015-03-11T12:17:43+00:00\",\"breadcrumb\":{\"@id\":\"https:\/\/sandzakpress.net\/arhiva\/jubilej-100-godina-islama-u-hrvatskoj\/#breadcrumb\"},\"inLanguage\":\"bs-BA\",\"potentialAction\":[{\"@type\":\"ReadAction\",\"target\":[\"https:\/\/sandzakpress.net\/arhiva\/jubilej-100-godina-islama-u-hrvatskoj\/\"]}]},{\"@type\":\"ImageObject\",\"inLanguage\":\"bs-BA\",\"@id\":\"https:\/\/sandzakpress.net\/arhiva\/jubilej-100-godina-islama-u-hrvatskoj\/#primaryimage\",\"url\":\"https:\/\/sandzakpress.net\/arhiva\/wp-content\/uploads\/2015\/03\/trtbosanski-sastanak-u-saboru-leko-i-hasanovi-razgovarali-39981.jpg\",\"contentUrl\":\"https:\/\/sandzakpress.net\/arhiva\/wp-content\/uploads\/2015\/03\/trtbosanski-sastanak-u-saboru-leko-i-hasanovi-razgovarali-39981.jpg\",\"width\":600,\"height\":390},{\"@type\":\"BreadcrumbList\",\"@id\":\"https:\/\/sandzakpress.net\/arhiva\/jubilej-100-godina-islama-u-hrvatskoj\/#breadcrumb\",\"itemListElement\":[{\"@type\":\"ListItem\",\"position\":1,\"name\":\"Home\",\"item\":\"https:\/\/sandzakpress.net\/arhiva\/\"},{\"@type\":\"ListItem\",\"position\":2,\"name\":\"Jubilej 100 godina islama u Hrvatskoj\"}]},{\"@type\":\"WebSite\",\"@id\":\"https:\/\/sandzakpress.net\/arhiva\/#website\",\"url\":\"https:\/\/sandzakpress.net\/arhiva\/\",\"name\":\"Sand\u017eak PRESS\",\"description\":\"Prve elektronske novine u Sand\u017eaku\",\"publisher\":{\"@id\":\"https:\/\/sandzakpress.net\/arhiva\/#\/schema\/person\/6e72b67d6e51910a1117b3b483ba20bd\"},\"potentialAction\":[{\"@type\":\"SearchAction\",\"target\":{\"@type\":\"EntryPoint\",\"urlTemplate\":\"https:\/\/sandzakpress.net\/arhiva\/?s={search_term_string}\"},\"query-input\":{\"@type\":\"PropertyValueSpecification\",\"valueRequired\":true,\"valueName\":\"search_term_string\"}}],\"inLanguage\":\"bs-BA\"},{\"@type\":[\"Person\",\"Organization\"],\"@id\":\"https:\/\/sandzakpress.net\/arhiva\/#\/schema\/person\/6e72b67d6e51910a1117b3b483ba20bd\",\"name\":\"Kul\",\"image\":{\"@type\":\"ImageObject\",\"inLanguage\":\"bs-BA\",\"@id\":\"https:\/\/sandzakpress.net\/arhiva\/#\/schema\/person\/image\/\",\"url\":\"https:\/\/secure.gravatar.com\/avatar\/42263f39aa27ac04c43cab85c280eb2e?s=96&d=mm&r=pg\",\"contentUrl\":\"https:\/\/secure.gravatar.com\/avatar\/42263f39aa27ac04c43cab85c280eb2e?s=96&d=mm&r=pg\",\"caption\":\"Kul\"},\"logo\":{\"@id\":\"https:\/\/sandzakpress.net\/arhiva\/#\/schema\/person\/image\/\"}},{\"@type\":\"Person\",\"@id\":\"https:\/\/sandzakpress.net\/arhiva\/#\/schema\/person\/c8baee722073534b583ea7bdb2e36c02\",\"name\":\"bosniak\",\"image\":{\"@type\":\"ImageObject\",\"inLanguage\":\"bs-BA\",\"@id\":\"https:\/\/sandzakpress.net\/arhiva\/#\/schema\/person\/image\/\",\"url\":\"https:\/\/secure.gravatar.com\/avatar\/a04fd330bfe3a36a72a0ad4a6d89fca7?s=96&d=mm&r=pg\",\"contentUrl\":\"https:\/\/secure.gravatar.com\/avatar\/a04fd330bfe3a36a72a0ad4a6d89fca7?s=96&d=mm&r=pg\",\"caption\":\"bosniak\"},\"url\":\"https:\/\/sandzakpress.net\/arhiva\/author\/bosniak\/\"}]}<\/script>\n<!-- \/ Yoast SEO Premium plugin. -->","yoast_head_json":{"title":"Jubilej 100 godina islama u Hrvatskoj","robots":{"index":"index","follow":"follow","max-snippet":"max-snippet:-1","max-image-preview":"max-image-preview:large","max-video-preview":"max-video-preview:-1"},"canonical":"https:\/\/sandzakpress.net\/arhiva\/jubilej-100-godina-islama-u-hrvatskoj\/","og_locale":"bs_BA","og_type":"article","og_title":"Jubilej 100 godina islama u Hrvatskoj","og_description":"Hrvatska \u00a0\u00a0\u0336 \u00a0 Predsjednik Hrvatskog sabora Josip Leko primio je danas muftiju zagreba\u010dkog Aziza ef. Hasanovi\u0107a s kojim je razgovarao o obilje\u017eavanju 100 godina islama u Hrvatskoj 27. aprila 2016., kada \u0107e jubilej biti obilje\u017een na kulturnom, religijskom, politi\u010dkom i privrednom planu. Muftija Aziz ef. Hasanovi\u0107 do\u0161ao je u Sabor sa idejom da se sljede\u0107e [&hellip;]","og_url":"https:\/\/sandzakpress.net\/arhiva\/jubilej-100-godina-islama-u-hrvatskoj\/","og_site_name":"Sand\u017eak PRESS","article_published_time":"2015-03-11T12:17:43+00:00","og_image":[{"width":600,"height":390,"url":"https:\/\/sandzakpress.net\/arhiva\/wp-content\/uploads\/2015\/03\/trtbosanski-sastanak-u-saboru-leko-i-hasanovi-razgovarali-39981.jpg","type":"image\/jpeg"}],"author":"bosniak","twitter_card":"summary_large_image","twitter_misc":{"Written by":"bosniak","Est. reading time":"2 minute"},"schema":{"@context":"https:\/\/schema.org","@graph":[{"@type":"Article","@id":"https:\/\/sandzakpress.net\/arhiva\/jubilej-100-godina-islama-u-hrvatskoj\/#article","isPartOf":{"@id":"https:\/\/sandzakpress.net\/arhiva\/jubilej-100-godina-islama-u-hrvatskoj\/"},"author":{"name":"bosniak","@id":"https:\/\/sandzakpress.net\/arhiva\/#\/schema\/person\/c8baee722073534b583ea7bdb2e36c02"},"headline":"Jubilej 100 godina islama u Hrvatskoj","datePublished":"2015-03-11T12:17:43+00:00","mainEntityOfPage":{"@id":"https:\/\/sandzakpress.net\/arhiva\/jubilej-100-godina-islama-u-hrvatskoj\/"},"wordCount":419,"commentCount":0,"publisher":{"@id":"https:\/\/sandzakpress.net\/arhiva\/#\/schema\/person\/6e72b67d6e51910a1117b3b483ba20bd"},"image":{"@id":"https:\/\/sandzakpress.net\/arhiva\/jubilej-100-godina-islama-u-hrvatskoj\/#primaryimage"},"thumbnailUrl":"https:\/\/sandzakpress.net\/arhiva\/wp-content\/uploads\/2015\/03\/trtbosanski-sastanak-u-saboru-leko-i-hasanovi-razgovarali-39981.jpg","articleSection":["Islamska zajednica","Hrvatska"],"inLanguage":"bs-BA","potentialAction":[{"@type":"CommentAction","name":"Comment","target":["https:\/\/sandzakpress.net\/arhiva\/jubilej-100-godina-islama-u-hrvatskoj\/#respond"]}]},{"@type":"WebPage","@id":"https:\/\/sandzakpress.net\/arhiva\/jubilej-100-godina-islama-u-hrvatskoj\/","url":"https:\/\/sandzakpress.net\/arhiva\/jubilej-100-godina-islama-u-hrvatskoj\/","name":"Jubilej 100 godina islama u Hrvatskoj","isPartOf":{"@id":"https:\/\/sandzakpress.net\/arhiva\/#website"},"primaryImageOfPage":{"@id":"https:\/\/sandzakpress.net\/arhiva\/jubilej-100-godina-islama-u-hrvatskoj\/#primaryimage"},"image":{"@id":"https:\/\/sandzakpress.net\/arhiva\/jubilej-100-godina-islama-u-hrvatskoj\/#primaryimage"},"thumbnailUrl":"https:\/\/sandzakpress.net\/arhiva\/wp-content\/uploads\/2015\/03\/trtbosanski-sastanak-u-saboru-leko-i-hasanovi-razgovarali-39981.jpg","datePublished":"2015-03-11T12:17:43+00:00","breadcrumb":{"@id":"https:\/\/sandzakpress.net\/arhiva\/jubilej-100-godina-islama-u-hrvatskoj\/#breadcrumb"},"inLanguage":"bs-BA","potentialAction":[{"@type":"ReadAction","target":["https:\/\/sandzakpress.net\/arhiva\/jubilej-100-godina-islama-u-hrvatskoj\/"]}]},{"@type":"ImageObject","inLanguage":"bs-BA","@id":"https:\/\/sandzakpress.net\/arhiva\/jubilej-100-godina-islama-u-hrvatskoj\/#primaryimage","url":"https:\/\/sandzakpress.net\/arhiva\/wp-content\/uploads\/2015\/03\/trtbosanski-sastanak-u-saboru-leko-i-hasanovi-razgovarali-39981.jpg","contentUrl":"https:\/\/sandzakpress.net\/arhiva\/wp-content\/uploads\/2015\/03\/trtbosanski-sastanak-u-saboru-leko-i-hasanovi-razgovarali-39981.jpg","width":600,"height":390},{"@type":"BreadcrumbList","@id":"https:\/\/sandzakpress.net\/arhiva\/jubilej-100-godina-islama-u-hrvatskoj\/#breadcrumb","itemListElement":[{"@type":"ListItem","position":1,"name":"Home","item":"https:\/\/sandzakpress.net\/arhiva\/"},{"@type":"ListItem","position":2,"name":"Jubilej 100 godina islama u Hrvatskoj"}]},{"@type":"WebSite","@id":"https:\/\/sandzakpress.net\/arhiva\/#website","url":"https:\/\/sandzakpress.net\/arhiva\/","name":"Sand\u017eak PRESS","description":"Prve elektronske novine u Sand\u017eaku","publisher":{"@id":"https:\/\/sandzakpress.net\/arhiva\/#\/schema\/person\/6e72b67d6e51910a1117b3b483ba20bd"},"potentialAction":[{"@type":"SearchAction","target":{"@type":"EntryPoint","urlTemplate":"https:\/\/sandzakpress.net\/arhiva\/?s={search_term_string}"},"query-input":{"@type":"PropertyValueSpecification","valueRequired":true,"valueName":"search_term_string"}}],"inLanguage":"bs-BA"},{"@type":["Person","Organization"],"@id":"https:\/\/sandzakpress.net\/arhiva\/#\/schema\/person\/6e72b67d6e51910a1117b3b483ba20bd","name":"Kul","image":{"@type":"ImageObject","inLanguage":"bs-BA","@id":"https:\/\/sandzakpress.net\/arhiva\/#\/schema\/person\/image\/","url":"https:\/\/secure.gravatar.com\/avatar\/42263f39aa27ac04c43cab85c280eb2e?s=96&d=mm&r=pg","contentUrl":"https:\/\/secure.gravatar.com\/avatar\/42263f39aa27ac04c43cab85c280eb2e?s=96&d=mm&r=pg","caption":"Kul"},"logo":{"@id":"https:\/\/sandzakpress.net\/arhiva\/#\/schema\/person\/image\/"}},{"@type":"Person","@id":"https:\/\/sandzakpress.net\/arhiva\/#\/schema\/person\/c8baee722073534b583ea7bdb2e36c02","name":"bosniak","image":{"@type":"ImageObject","inLanguage":"bs-BA","@id":"https:\/\/sandzakpress.net\/arhiva\/#\/schema\/person\/image\/","url":"https:\/\/secure.gravatar.com\/avatar\/a04fd330bfe3a36a72a0ad4a6d89fca7?s=96&d=mm&r=pg","contentUrl":"https:\/\/secure.gravatar.com\/avatar\/a04fd330bfe3a36a72a0ad4a6d89fca7?s=96&d=mm&r=pg","caption":"bosniak"},"url":"https:\/\/sandzakpress.net\/arhiva\/author\/bosniak\/"}]}},"_links":{"self":[{"href":"https:\/\/sandzakpress.net\/arhiva\/wp-json\/wp\/v2\/posts\/124481"}],"collection":[{"href":"https:\/\/sandzakpress.net\/arhiva\/wp-json\/wp\/v2\/posts"}],"about":[{"href":"https:\/\/sandzakpress.net\/arhiva\/wp-json\/wp\/v2\/types\/post"}],"author":[{"embeddable":true,"href":"https:\/\/sandzakpress.net\/arhiva\/wp-json\/wp\/v2\/users\/83"}],"replies":[{"embeddable":true,"href":"https:\/\/sandzakpress.net\/arhiva\/wp-json\/wp\/v2\/comments?post=124481"}],"version-history":[{"count":0,"href":"https:\/\/sandzakpress.net\/arhiva\/wp-json\/wp\/v2\/posts\/124481\/revisions"}],"wp:featuredmedia":[{"embeddable":true,"href":"https:\/\/sandzakpress.net\/arhiva\/wp-json\/wp\/v2\/media\/124482"}],"wp:attachment":[{"href":"https:\/\/sandzakpress.net\/arhiva\/wp-json\/wp\/v2\/media?parent=124481"}],"wp:term":[{"taxonomy":"category","embeddable":true,"href":"https:\/\/sandzakpress.net\/arhiva\/wp-json\/wp\/v2\/categories?post=124481"},{"taxonomy":"post_tag","embeddable":true,"href":"https:\/\/sandzakpress.net\/arhiva\/wp-json\/wp\/v2\/tags?post=124481"}],"curies":[{"name":"wp","href":"https:\/\/api.w.org\/{rel}","templated":true}]}}