{"id":124459,"date":"2015-03-11T10:54:45","date_gmt":"2015-03-11T09:54:45","guid":{"rendered":"https:\/\/sandzakpress.net\/arhiva\/?p=124459"},"modified":"2015-03-11T10:54:45","modified_gmt":"2015-03-11T09:54:45","slug":"edin-dzeko-vjerujem-u-plasman-bih-na-euro","status":"publish","type":"post","link":"https:\/\/sandzakpress.net\/arhiva\/edin-dzeko-vjerujem-u-plasman-bih-na-euro\/","title":{"rendered":"Edin D\u017eeko: Vjerujem u plasman BiH na EURO"},"content":{"rendered":"<p><img decoding=\"async\" src=\"http:\/\/www.trt.net.tr\/bosanski\/fotograf\/haberler\/detay\/trtbosanski-edin-deko-za-aa-vjerujem-u-plasman-bih-na-eur-40033.jpg\" alt=\"edin-deko-vjerujem-u-plasman-bih-na-euro\" \/><\/p>\n<p><strong>BiH &#8211; Edin D\u017eeko, kapiten reprezentacije Bosne i Hercegovine i jedan od najboljih fudbalera koje je ova zemlja ikada imala, golgeter o kojem nerijetko u superlativima pri\u010da cijeli svijet u Premier ligi Engleske odnedavno je vlasnik i 50 golova.<\/strong><\/p>\n<p>Pogotkom za Manchester City u me\u010du sa slavim Liverpoolom (1:2) Sarajlija je od 1. marta u\u0161ao u jo\u0161 jedno elitno dru\u0161tvo najja\u010de lige svijeta u kojoj nastupa \u010detvrtu godinu. Na pitanje kakav je osje\u0107aj posti\u0107i 50 golova u Premiershipu, D\u017eeko je u ekskluzivnom razgovoru za Anadolu Agency (AA) odgovorio:<\/p>\n<p>&#8220;Izvrstan. Moj posao je da dajem golove i za mene nije iznena\u0111enje \u0161to sam ih postigao toliko. Tu sam \u010detiri godine i igram stalno, bez nekih velikih povreda, osim ove sezone, kada sam pauzirao gotovo dva mjeseca. Mo\u017eda je moglo biti i vi\u0161e pogodaka, ali ne \u017ealim se. Zadovoljan sam i nastojat \u0107u i u narednim utakmicama da pove\u0107am svoj golgeterski skor, jer 50 golova u Premierhipu veliki je podstrek za dalje.&#8221;<\/p>\n<p>&#8211; Poku\u0161at \u0107emo iznenaditi Barcelonu &#8211;<\/p>\n<p>Manchester City trenutno je drugi na tabeli, sa pet bodova zaostatka za liderom Chelseajem. Ipak, D\u017eeko i njegovi saigra\u010di vjeruju da mogu do nove titule prvaka Engleske.<\/p>\n<p>&#8220;Cilj je uvijek isti &#8211; titule. Zaostali smo za Chelseajem u prvenstvu, ali mislim da razlika nije velika, odnosno nedosti\u017ena. Do kraja je ostalo jo\u0161 mnogo utakmica i spremno \u0107emo \u010dekati njihov eventualni kiks. Pritiskat \u0107emo ih do samog kraja, a nadam se da \u0107emo na kraju i uspjeti odbraniti naslov prvaka, kojeg smo osvojili protekle godine. Kada igra\u0161 u klubu kakav je City, normalno je da svake sezone o\u010dekuje\u0161 borbu za vrh, a tako se mi i pona\u0161amo&#8221;, rekao je D\u017eeko.<\/p>\n<p>Smatra da popularno zvani &#8220;gra\u0111ani&#8221;, i pored poraza u prvoj utakmici ku\u0107i od Barcelone (1:2), nisu izgubili \u0161anse pred revan\u0161 osmine finala Lige prvaka 18. marta na Camp Nou.<\/p>\n<p>&#8220;Prva utakmica nam je bila jako bitna, jer smo poku\u0161ali ne izgubiti na doma\u0107em terenu. Me\u0111utim, nismo bili dobri, pogotovo u prvom dijelu. U nastavku je to izgledalo mnogo bolje &#8211; dali smo gol, napravili nekoliko \u0161ansi i ko zna kako bi se situacija odvijala da nismo dobili crveni karton. U revan\u0161 ulazimo sa tendencijom da poku\u0161amo napraviti \u0161to bolji rezultat i da iznenadimo Barcelonu. Mislim da \u0107e biti neizvjesno do samoga kraja, bez obzira na to \u0161to Barcelona ima prednost nakon prve utakmice. \u017delja nam je odigrati mnogo bolje nego na &#8216;Etihadu&#8217;, a vidjet \u0107emo ho\u0107e li to biti dovoljno za prolaz dalje&#8221;, istakao je D\u017eeko.<\/p>\n<p>&#8211; Sretan sam u Manchester Cityju &#8211;<\/p>\n<p>Proteklih mjeseci brojni mediji diljem svijeta spekulisali su kako &#8220;bosanski dijamant&#8221; napu\u0161ta Manchester City. Spominjali su D\u017eekin povratak u Wolfsburg sa kojim je 2009. godine osvojio titulu prvaka Njema\u010dke. &#8220;Selili&#8221; su ga u Juventus, Milan, Arsenal, Fenerbahce\u2026<\/p>\n<p>&#8220;Tek sam produ\u017eio ugovor sa Manchester Cityjem, \u0161to bi svima trebala biti poruka kada spominju moj odlazak iz Cityja. Nebrojeno puta sam ponovio, a evo mogu i opet &#8211; spekulacije o odlasku sa &#8216;Etihada&#8217; ne komentari\u0161em. Prate me od prvog dana i kada bih reagovao na sve moje spomenute prelaske koji se pojavljuju u medijima, potro\u0161io bih cijeli dan samo na to. Sretan sam u Cityju i fokusiran sam isklju\u010divo na ovaj klub, koji ima sjajne navija\u010de&#8221;, kazao je Anadolu Agency D\u017eeko.<\/p>\n<p>U Wolfsburgu je D\u017eeko svojevremeno &#8220;harao&#8221; u tandemu sa kolegom iz bh. reprezentacije i svojim bliskim prijateljem Zvjezdanom Misimovi\u0107em, koji je prije nekoliko dana, u 32. godini, odlu\u010dio &#8220;kopa\u010dke oka\u010diti o klin&#8221;.<\/p>\n<p>&#8220;Iskreno, iznenadio me je opro\u0161tajem, iako sam pri\u010dao sa njim nekoliko sedmica prije i mo\u017eda mi je \u010dak i nagovijestio da \u0107e re\u0107i zbogom. Rekao mi je da bi se oprostio ukoliko ne do\u0111e neka primamljiva ponuda, ali sam vjerovao da \u0107e do\u0107i. Me\u0111utim, nije i po\u0161tujem njegovu odluku, iako mi je iskreno \u017eao zbog toga i zbog njega i navija\u010da, ali i reprezentacije. Misimovi\u0107 je majstor i jako \u0107e nam nedostajati. Imao je sjajnu karijeru, kakvu imaju samo veliki igra\u010di i te\u0161ko ga je zamijeniti, ne samo kao igra\u010da, ve\u0107 kao i \u010dovjeka. Uostalom, meni je uvijek bio i vi\u0161e od saigra\u010da, bio mi je i ostat \u0107e veliki prijatelj&#8221;, poru\u010dio je D\u017eeko.<\/p>\n<p>&#8211; Sada nam ne trebaju lijepe rije\u010di &#8211;<\/p>\n<p>Predvo\u0111ena novim selektorom Mehmedom Ba\u017edarevi\u0107em fudbalska reprezentacija BiH u kvalifikacijama za EURO 2016 u Andori 28. marta tra\u017eit \u0107e prvu pobjedu. Za najboljeg strijelca bh. nacionalnog tima svih vremena, bez obzira na lo\u0161 start u dosada\u0161nja \u010detiri kola kvalifikacija, apsolutno nema predaje na putu ka \u0161ampionatu u Francuskoj. <\/p>\n<p>&#8220;\u0160anse uvijek postoje. Dat \u0107emo maksimum u svakoj utakmici. Treba i\u0107i od susreta do susreta i fokusirati se samo na ono \u0161to prvo dolazi. U ovom trenutku nam ne trebaju lijepe igre i dopadljiv nogomet, ve\u0107 pobjede. Uvijek bih potpisao tri boda, prije lepr\u0161ave igre, jer se samo pobjedama mo\u017eemo ponovo uklju\u010diti u borbu za odlazak na EURO 2016. Vjerujem da mo\u017eemo oti\u0107i u Francusku, ali to moramo pokazati na terenu i iskreno, s nestrpljenjem \u010dekam okupljanje, kako bih se vidio sa suigra\u010dima, jer mi smo uvijek bili i ostali jedna velika porodica. To je ono \u0161to nas je svo ovo vrijeme i krasilo, a vjerujem da \u0107e se pobjedama i vratiti donekle poljuljano samopouzdanje&#8221;, zaklju\u010dio je u istinskom kapitenskom stilu D\u017eeko. <\/p>\n<p>(Trt)<\/p>\n","protected":false},"excerpt":{"rendered":"<p>BiH &#8211; Edin D\u017eeko, kapiten reprezentacije Bosne i Hercegovine i jedan od najboljih fudbalera koje je ova zemlja ikada imala, golgeter o kojem nerijetko u superlativima pri\u010da cijeli svijet u Premier ligi Engleske odnedavno je vlasnik i 50 golova. Pogotkom za Manchester City u me\u010du sa slavim Liverpoolom (1:2) Sarajlija je od 1. marta u\u0161ao [&hellip;]<\/p>\n","protected":false},"author":83,"featured_media":124460,"comment_status":"open","ping_status":"open","sticky":false,"template":"","format":"standard","meta":{"footnotes":""},"categories":[2860,13,798],"tags":[],"class_list":{"0":"post-124459","1":"post","2":"type-post","3":"status-publish","4":"format-standard","5":"has-post-thumbnail","7":"category-bosna-i-hercegovina-gradovi","8":"category-sport","9":"category-teme"},"yoast_head":"<!-- This site is optimized with the Yoast SEO Premium plugin v23.1 (Yoast SEO v24.9) - https:\/\/yoast.com\/wordpress\/plugins\/seo\/ -->\n<title>Edin D\u017eeko: Vjerujem u plasman BiH na EURO<\/title>\n<meta name=\"robots\" content=\"index, follow, max-snippet:-1, max-image-preview:large, max-video-preview:-1\" \/>\n<link rel=\"canonical\" href=\"https:\/\/sandzakpress.net\/arhiva\/edin-dzeko-vjerujem-u-plasman-bih-na-euro\/\" \/>\n<meta property=\"og:locale\" content=\"bs_BA\" \/>\n<meta property=\"og:type\" content=\"article\" \/>\n<meta property=\"og:title\" content=\"Edin D\u017eeko: Vjerujem u plasman BiH na EURO\" \/>\n<meta property=\"og:description\" content=\"BiH &#8211; Edin D\u017eeko, kapiten reprezentacije Bosne i Hercegovine i jedan od najboljih fudbalera koje je ova zemlja ikada imala, golgeter o kojem nerijetko u superlativima pri\u010da cijeli svijet u Premier ligi Engleske odnedavno je vlasnik i 50 golova. Pogotkom za Manchester City u me\u010du sa slavim Liverpoolom (1:2) Sarajlija je od 1. marta u\u0161ao [&hellip;]\" \/>\n<meta property=\"og:url\" content=\"https:\/\/sandzakpress.net\/arhiva\/edin-dzeko-vjerujem-u-plasman-bih-na-euro\/\" \/>\n<meta property=\"og:site_name\" content=\"Sand\u017eak PRESS\" \/>\n<meta property=\"article:published_time\" content=\"2015-03-11T09:54:45+00:00\" \/>\n<meta property=\"og:image\" content=\"https:\/\/sandzakpress.net\/arhiva\/wp-content\/uploads\/2015\/03\/trtbosanski-edin-deko-za-aa-vjerujem-u-plasman-bih-na-eur-40033.jpg\" \/>\n\t<meta property=\"og:image:width\" content=\"600\" \/>\n\t<meta property=\"og:image:height\" content=\"419\" \/>\n\t<meta property=\"og:image:type\" content=\"image\/jpeg\" \/>\n<meta name=\"author\" content=\"bosniak\" \/>\n<meta name=\"twitter:card\" content=\"summary_large_image\" \/>\n<meta name=\"twitter:label1\" content=\"Written by\" \/>\n\t<meta name=\"twitter:data1\" content=\"bosniak\" \/>\n\t<meta name=\"twitter:label2\" content=\"Est. reading time\" \/>\n\t<meta name=\"twitter:data2\" content=\"5 minuta\" \/>\n<script type=\"application\/ld+json\" class=\"yoast-schema-graph\">{\"@context\":\"https:\/\/schema.org\",\"@graph\":[{\"@type\":\"Article\",\"@id\":\"https:\/\/sandzakpress.net\/arhiva\/edin-dzeko-vjerujem-u-plasman-bih-na-euro\/#article\",\"isPartOf\":{\"@id\":\"https:\/\/sandzakpress.net\/arhiva\/edin-dzeko-vjerujem-u-plasman-bih-na-euro\/\"},\"author\":{\"name\":\"bosniak\",\"@id\":\"https:\/\/sandzakpress.net\/arhiva\/#\/schema\/person\/c8baee722073534b583ea7bdb2e36c02\"},\"headline\":\"Edin D\u017eeko: Vjerujem u plasman BiH na EURO\",\"datePublished\":\"2015-03-11T09:54:45+00:00\",\"mainEntityOfPage\":{\"@id\":\"https:\/\/sandzakpress.net\/arhiva\/edin-dzeko-vjerujem-u-plasman-bih-na-euro\/\"},\"wordCount\":932,\"commentCount\":0,\"publisher\":{\"@id\":\"https:\/\/sandzakpress.net\/arhiva\/#\/schema\/person\/6e72b67d6e51910a1117b3b483ba20bd\"},\"image\":{\"@id\":\"https:\/\/sandzakpress.net\/arhiva\/edin-dzeko-vjerujem-u-plasman-bih-na-euro\/#primaryimage\"},\"thumbnailUrl\":\"https:\/\/sandzakpress.net\/arhiva\/wp-content\/uploads\/2015\/03\/trtbosanski-edin-deko-za-aa-vjerujem-u-plasman-bih-na-eur-40033.jpg\",\"articleSection\":[\"Bosna i Hercegovina\",\"Sport\",\"NAJNOVIJE\"],\"inLanguage\":\"bs-BA\",\"potentialAction\":[{\"@type\":\"CommentAction\",\"name\":\"Comment\",\"target\":[\"https:\/\/sandzakpress.net\/arhiva\/edin-dzeko-vjerujem-u-plasman-bih-na-euro\/#respond\"]}]},{\"@type\":\"WebPage\",\"@id\":\"https:\/\/sandzakpress.net\/arhiva\/edin-dzeko-vjerujem-u-plasman-bih-na-euro\/\",\"url\":\"https:\/\/sandzakpress.net\/arhiva\/edin-dzeko-vjerujem-u-plasman-bih-na-euro\/\",\"name\":\"Edin D\u017eeko: Vjerujem u plasman BiH na EURO\",\"isPartOf\":{\"@id\":\"https:\/\/sandzakpress.net\/arhiva\/#website\"},\"primaryImageOfPage\":{\"@id\":\"https:\/\/sandzakpress.net\/arhiva\/edin-dzeko-vjerujem-u-plasman-bih-na-euro\/#primaryimage\"},\"image\":{\"@id\":\"https:\/\/sandzakpress.net\/arhiva\/edin-dzeko-vjerujem-u-plasman-bih-na-euro\/#primaryimage\"},\"thumbnailUrl\":\"https:\/\/sandzakpress.net\/arhiva\/wp-content\/uploads\/2015\/03\/trtbosanski-edin-deko-za-aa-vjerujem-u-plasman-bih-na-eur-40033.jpg\",\"datePublished\":\"2015-03-11T09:54:45+00:00\",\"breadcrumb\":{\"@id\":\"https:\/\/sandzakpress.net\/arhiva\/edin-dzeko-vjerujem-u-plasman-bih-na-euro\/#breadcrumb\"},\"inLanguage\":\"bs-BA\",\"potentialAction\":[{\"@type\":\"ReadAction\",\"target\":[\"https:\/\/sandzakpress.net\/arhiva\/edin-dzeko-vjerujem-u-plasman-bih-na-euro\/\"]}]},{\"@type\":\"ImageObject\",\"inLanguage\":\"bs-BA\",\"@id\":\"https:\/\/sandzakpress.net\/arhiva\/edin-dzeko-vjerujem-u-plasman-bih-na-euro\/#primaryimage\",\"url\":\"https:\/\/sandzakpress.net\/arhiva\/wp-content\/uploads\/2015\/03\/trtbosanski-edin-deko-za-aa-vjerujem-u-plasman-bih-na-eur-40033.jpg\",\"contentUrl\":\"https:\/\/sandzakpress.net\/arhiva\/wp-content\/uploads\/2015\/03\/trtbosanski-edin-deko-za-aa-vjerujem-u-plasman-bih-na-eur-40033.jpg\",\"width\":600,\"height\":419},{\"@type\":\"BreadcrumbList\",\"@id\":\"https:\/\/sandzakpress.net\/arhiva\/edin-dzeko-vjerujem-u-plasman-bih-na-euro\/#breadcrumb\",\"itemListElement\":[{\"@type\":\"ListItem\",\"position\":1,\"name\":\"Home\",\"item\":\"https:\/\/sandzakpress.net\/arhiva\/\"},{\"@type\":\"ListItem\",\"position\":2,\"name\":\"Edin D\u017eeko: Vjerujem u plasman BiH na EURO\"}]},{\"@type\":\"WebSite\",\"@id\":\"https:\/\/sandzakpress.net\/arhiva\/#website\",\"url\":\"https:\/\/sandzakpress.net\/arhiva\/\",\"name\":\"Sand\u017eak PRESS\",\"description\":\"Prve elektronske novine u Sand\u017eaku\",\"publisher\":{\"@id\":\"https:\/\/sandzakpress.net\/arhiva\/#\/schema\/person\/6e72b67d6e51910a1117b3b483ba20bd\"},\"potentialAction\":[{\"@type\":\"SearchAction\",\"target\":{\"@type\":\"EntryPoint\",\"urlTemplate\":\"https:\/\/sandzakpress.net\/arhiva\/?s={search_term_string}\"},\"query-input\":{\"@type\":\"PropertyValueSpecification\",\"valueRequired\":true,\"valueName\":\"search_term_string\"}}],\"inLanguage\":\"bs-BA\"},{\"@type\":[\"Person\",\"Organization\"],\"@id\":\"https:\/\/sandzakpress.net\/arhiva\/#\/schema\/person\/6e72b67d6e51910a1117b3b483ba20bd\",\"name\":\"Kul\",\"image\":{\"@type\":\"ImageObject\",\"inLanguage\":\"bs-BA\",\"@id\":\"https:\/\/sandzakpress.net\/arhiva\/#\/schema\/person\/image\/\",\"url\":\"https:\/\/secure.gravatar.com\/avatar\/42263f39aa27ac04c43cab85c280eb2e?s=96&d=mm&r=pg\",\"contentUrl\":\"https:\/\/secure.gravatar.com\/avatar\/42263f39aa27ac04c43cab85c280eb2e?s=96&d=mm&r=pg\",\"caption\":\"Kul\"},\"logo\":{\"@id\":\"https:\/\/sandzakpress.net\/arhiva\/#\/schema\/person\/image\/\"}},{\"@type\":\"Person\",\"@id\":\"https:\/\/sandzakpress.net\/arhiva\/#\/schema\/person\/c8baee722073534b583ea7bdb2e36c02\",\"name\":\"bosniak\",\"image\":{\"@type\":\"ImageObject\",\"inLanguage\":\"bs-BA\",\"@id\":\"https:\/\/sandzakpress.net\/arhiva\/#\/schema\/person\/image\/\",\"url\":\"https:\/\/secure.gravatar.com\/avatar\/a04fd330bfe3a36a72a0ad4a6d89fca7?s=96&d=mm&r=pg\",\"contentUrl\":\"https:\/\/secure.gravatar.com\/avatar\/a04fd330bfe3a36a72a0ad4a6d89fca7?s=96&d=mm&r=pg\",\"caption\":\"bosniak\"},\"url\":\"https:\/\/sandzakpress.net\/arhiva\/author\/bosniak\/\"}]}<\/script>\n<!-- \/ Yoast SEO Premium plugin. -->","yoast_head_json":{"title":"Edin D\u017eeko: Vjerujem u plasman BiH na EURO","robots":{"index":"index","follow":"follow","max-snippet":"max-snippet:-1","max-image-preview":"max-image-preview:large","max-video-preview":"max-video-preview:-1"},"canonical":"https:\/\/sandzakpress.net\/arhiva\/edin-dzeko-vjerujem-u-plasman-bih-na-euro\/","og_locale":"bs_BA","og_type":"article","og_title":"Edin D\u017eeko: Vjerujem u plasman BiH na EURO","og_description":"BiH &#8211; Edin D\u017eeko, kapiten reprezentacije Bosne i Hercegovine i jedan od najboljih fudbalera koje je ova zemlja ikada imala, golgeter o kojem nerijetko u superlativima pri\u010da cijeli svijet u Premier ligi Engleske odnedavno je vlasnik i 50 golova. Pogotkom za Manchester City u me\u010du sa slavim Liverpoolom (1:2) Sarajlija je od 1. marta u\u0161ao [&hellip;]","og_url":"https:\/\/sandzakpress.net\/arhiva\/edin-dzeko-vjerujem-u-plasman-bih-na-euro\/","og_site_name":"Sand\u017eak PRESS","article_published_time":"2015-03-11T09:54:45+00:00","og_image":[{"width":600,"height":419,"url":"https:\/\/sandzakpress.net\/arhiva\/wp-content\/uploads\/2015\/03\/trtbosanski-edin-deko-za-aa-vjerujem-u-plasman-bih-na-eur-40033.jpg","type":"image\/jpeg"}],"author":"bosniak","twitter_card":"summary_large_image","twitter_misc":{"Written by":"bosniak","Est. reading time":"5 minuta"},"schema":{"@context":"https:\/\/schema.org","@graph":[{"@type":"Article","@id":"https:\/\/sandzakpress.net\/arhiva\/edin-dzeko-vjerujem-u-plasman-bih-na-euro\/#article","isPartOf":{"@id":"https:\/\/sandzakpress.net\/arhiva\/edin-dzeko-vjerujem-u-plasman-bih-na-euro\/"},"author":{"name":"bosniak","@id":"https:\/\/sandzakpress.net\/arhiva\/#\/schema\/person\/c8baee722073534b583ea7bdb2e36c02"},"headline":"Edin D\u017eeko: Vjerujem u plasman BiH na EURO","datePublished":"2015-03-11T09:54:45+00:00","mainEntityOfPage":{"@id":"https:\/\/sandzakpress.net\/arhiva\/edin-dzeko-vjerujem-u-plasman-bih-na-euro\/"},"wordCount":932,"commentCount":0,"publisher":{"@id":"https:\/\/sandzakpress.net\/arhiva\/#\/schema\/person\/6e72b67d6e51910a1117b3b483ba20bd"},"image":{"@id":"https:\/\/sandzakpress.net\/arhiva\/edin-dzeko-vjerujem-u-plasman-bih-na-euro\/#primaryimage"},"thumbnailUrl":"https:\/\/sandzakpress.net\/arhiva\/wp-content\/uploads\/2015\/03\/trtbosanski-edin-deko-za-aa-vjerujem-u-plasman-bih-na-eur-40033.jpg","articleSection":["Bosna i Hercegovina","Sport","NAJNOVIJE"],"inLanguage":"bs-BA","potentialAction":[{"@type":"CommentAction","name":"Comment","target":["https:\/\/sandzakpress.net\/arhiva\/edin-dzeko-vjerujem-u-plasman-bih-na-euro\/#respond"]}]},{"@type":"WebPage","@id":"https:\/\/sandzakpress.net\/arhiva\/edin-dzeko-vjerujem-u-plasman-bih-na-euro\/","url":"https:\/\/sandzakpress.net\/arhiva\/edin-dzeko-vjerujem-u-plasman-bih-na-euro\/","name":"Edin D\u017eeko: Vjerujem u plasman BiH na EURO","isPartOf":{"@id":"https:\/\/sandzakpress.net\/arhiva\/#website"},"primaryImageOfPage":{"@id":"https:\/\/sandzakpress.net\/arhiva\/edin-dzeko-vjerujem-u-plasman-bih-na-euro\/#primaryimage"},"image":{"@id":"https:\/\/sandzakpress.net\/arhiva\/edin-dzeko-vjerujem-u-plasman-bih-na-euro\/#primaryimage"},"thumbnailUrl":"https:\/\/sandzakpress.net\/arhiva\/wp-content\/uploads\/2015\/03\/trtbosanski-edin-deko-za-aa-vjerujem-u-plasman-bih-na-eur-40033.jpg","datePublished":"2015-03-11T09:54:45+00:00","breadcrumb":{"@id":"https:\/\/sandzakpress.net\/arhiva\/edin-dzeko-vjerujem-u-plasman-bih-na-euro\/#breadcrumb"},"inLanguage":"bs-BA","potentialAction":[{"@type":"ReadAction","target":["https:\/\/sandzakpress.net\/arhiva\/edin-dzeko-vjerujem-u-plasman-bih-na-euro\/"]}]},{"@type":"ImageObject","inLanguage":"bs-BA","@id":"https:\/\/sandzakpress.net\/arhiva\/edin-dzeko-vjerujem-u-plasman-bih-na-euro\/#primaryimage","url":"https:\/\/sandzakpress.net\/arhiva\/wp-content\/uploads\/2015\/03\/trtbosanski-edin-deko-za-aa-vjerujem-u-plasman-bih-na-eur-40033.jpg","contentUrl":"https:\/\/sandzakpress.net\/arhiva\/wp-content\/uploads\/2015\/03\/trtbosanski-edin-deko-za-aa-vjerujem-u-plasman-bih-na-eur-40033.jpg","width":600,"height":419},{"@type":"BreadcrumbList","@id":"https:\/\/sandzakpress.net\/arhiva\/edin-dzeko-vjerujem-u-plasman-bih-na-euro\/#breadcrumb","itemListElement":[{"@type":"ListItem","position":1,"name":"Home","item":"https:\/\/sandzakpress.net\/arhiva\/"},{"@type":"ListItem","position":2,"name":"Edin D\u017eeko: Vjerujem u plasman BiH na EURO"}]},{"@type":"WebSite","@id":"https:\/\/sandzakpress.net\/arhiva\/#website","url":"https:\/\/sandzakpress.net\/arhiva\/","name":"Sand\u017eak PRESS","description":"Prve elektronske novine u Sand\u017eaku","publisher":{"@id":"https:\/\/sandzakpress.net\/arhiva\/#\/schema\/person\/6e72b67d6e51910a1117b3b483ba20bd"},"potentialAction":[{"@type":"SearchAction","target":{"@type":"EntryPoint","urlTemplate":"https:\/\/sandzakpress.net\/arhiva\/?s={search_term_string}"},"query-input":{"@type":"PropertyValueSpecification","valueRequired":true,"valueName":"search_term_string"}}],"inLanguage":"bs-BA"},{"@type":["Person","Organization"],"@id":"https:\/\/sandzakpress.net\/arhiva\/#\/schema\/person\/6e72b67d6e51910a1117b3b483ba20bd","name":"Kul","image":{"@type":"ImageObject","inLanguage":"bs-BA","@id":"https:\/\/sandzakpress.net\/arhiva\/#\/schema\/person\/image\/","url":"https:\/\/secure.gravatar.com\/avatar\/42263f39aa27ac04c43cab85c280eb2e?s=96&d=mm&r=pg","contentUrl":"https:\/\/secure.gravatar.com\/avatar\/42263f39aa27ac04c43cab85c280eb2e?s=96&d=mm&r=pg","caption":"Kul"},"logo":{"@id":"https:\/\/sandzakpress.net\/arhiva\/#\/schema\/person\/image\/"}},{"@type":"Person","@id":"https:\/\/sandzakpress.net\/arhiva\/#\/schema\/person\/c8baee722073534b583ea7bdb2e36c02","name":"bosniak","image":{"@type":"ImageObject","inLanguage":"bs-BA","@id":"https:\/\/sandzakpress.net\/arhiva\/#\/schema\/person\/image\/","url":"https:\/\/secure.gravatar.com\/avatar\/a04fd330bfe3a36a72a0ad4a6d89fca7?s=96&d=mm&r=pg","contentUrl":"https:\/\/secure.gravatar.com\/avatar\/a04fd330bfe3a36a72a0ad4a6d89fca7?s=96&d=mm&r=pg","caption":"bosniak"},"url":"https:\/\/sandzakpress.net\/arhiva\/author\/bosniak\/"}]}},"_links":{"self":[{"href":"https:\/\/sandzakpress.net\/arhiva\/wp-json\/wp\/v2\/posts\/124459"}],"collection":[{"href":"https:\/\/sandzakpress.net\/arhiva\/wp-json\/wp\/v2\/posts"}],"about":[{"href":"https:\/\/sandzakpress.net\/arhiva\/wp-json\/wp\/v2\/types\/post"}],"author":[{"embeddable":true,"href":"https:\/\/sandzakpress.net\/arhiva\/wp-json\/wp\/v2\/users\/83"}],"replies":[{"embeddable":true,"href":"https:\/\/sandzakpress.net\/arhiva\/wp-json\/wp\/v2\/comments?post=124459"}],"version-history":[{"count":0,"href":"https:\/\/sandzakpress.net\/arhiva\/wp-json\/wp\/v2\/posts\/124459\/revisions"}],"wp:featuredmedia":[{"embeddable":true,"href":"https:\/\/sandzakpress.net\/arhiva\/wp-json\/wp\/v2\/media\/124460"}],"wp:attachment":[{"href":"https:\/\/sandzakpress.net\/arhiva\/wp-json\/wp\/v2\/media?parent=124459"}],"wp:term":[{"taxonomy":"category","embeddable":true,"href":"https:\/\/sandzakpress.net\/arhiva\/wp-json\/wp\/v2\/categories?post=124459"},{"taxonomy":"post_tag","embeddable":true,"href":"https:\/\/sandzakpress.net\/arhiva\/wp-json\/wp\/v2\/tags?post=124459"}],"curies":[{"name":"wp","href":"https:\/\/api.w.org\/{rel}","templated":true}]}}